{"id":1060614,"date":"2020-10-10T16:02:55","date_gmt":"2020-10-10T20:02:55","guid":{"rendered":"https:\/\/www.bocskairadio.org\/?p=1060614"},"modified":"2020-10-10T17:00:45","modified_gmt":"2020-10-10T21:00:45","slug":"kristof-deak-captives","status":"publish","type":"post","link":"https:\/\/www.bocskairadio.org\/en\/kristof-deak-captives\/","title":{"rendered":"For the Commemoration of the 1956\u2019 Revolution and Freedom Fight We Present A Film By Kristof Deak: Captives"},"content":{"rendered":"<p><a href=\"https:\/\/www.bocskairadio.org\/deak-kristof-foglyok\/\"><em>(A magyar oldal itt \u00e9rhet\u0151 el)<\/em><\/a><\/p>\n<p>The\u00a0<a href=\"https:\/\/chicago.mfa.gov.hu\/eng\">Consulate General of Hungary in Chicago<\/a> in collaboration with the Bocskai Film Club cordially invites you to commemorate the 1956\u2019 Revolution and Freedom Fight with <strong>Kristof Deak&#8217;s film the Captives<\/strong>. Given the current corona virus situation and encouraging to stay home, the highly successful production can be viewed free of charge in Hungarian and English subtitled versions with the generous support of the <a href=\"https:\/\/nfi.hu\/en\">Hungarian National Film Institute<\/a> (NFI) and the Ministry of Foreign Affairs and Trade, on NFI\u2019s Vimeo channel on <strong>October 25, 2020<\/strong>.<\/p>\n<p>Please fill out the following form to get the access link and password to watch the movie.<\/p>\n<p><strong>ATTENTION! Publishing the password publicly and downloading the movie is the infringement of the copyright! You can easily share this unique opportunity by sharing this page link with your friends.<\/strong><\/p>\n\n<div class=\"film__details\">\n<div class=\"epyt-video-wrapper\">\n<div  id=\"_ytid_38306\"  width=\"696\" height=\"391\"  data-origwidth=\"696\" data-origheight=\"391\" data-facadesrc=\"https:\/\/www.youtube.com\/embed\/0oaNh98onKU?enablejsapi=1&#038;autoplay=0&#038;cc_load_policy=0&#038;cc_lang_pref=&#038;iv_load_policy=1&#038;loop=0&#038;rel=0&#038;fs=1&#038;playsinline=0&#038;autohide=2&#038;theme=dark&#038;color=red&#038;controls=1&#038;disablekb=0&#038;\" class=\"__youtube_prefs__ epyt-facade epyt-is-override  no-lazyload\" data-epautoplay=\"1\" ><img decoding=\"async\" data-spai-excluded=\"true\" class=\"epyt-facade-poster skip-lazy\" loading=\"lazy\"  alt=\"YouTube player\"  src=\"https:\/\/i.ytimg.com\/vi\/0oaNh98onKU\/maxresdefault.jpg\"  \/><button class=\"epyt-facade-play\" aria-label=\"Play\"><svg data-no-lazy=\"1\" height=\"100%\" version=\"1.1\" viewBox=\"0 0 68 48\" width=\"100%\"><path class=\"ytp-large-play-button-bg\" d=\"M66.52,7.74c-0.78-2.93-2.49-5.41-5.42-6.19C55.79,.13,34,0,34,0S12.21,.13,6.9,1.55 C3.97,2.33,2.27,4.81,1.48,7.74C0.06,13.05,0,24,0,24s0.06,10.95,1.48,16.26c0.78,2.93,2.49,5.41,5.42,6.19 C12.21,47.87,34,48,34,48s21.79-0.13,27.1-1.55c2.93-0.78,4.64-3.26,5.42-6.19C67.94,34.95,68,24,68,24S67.94,13.05,66.52,7.74z\" fill=\"#f00\"><\/path><path d=\"M 45,24 27,14 27,34\" fill=\"#fff\"><\/path><\/svg><\/button><\/div>\n<\/div>\n<h2>Captives (Foglyok)<\/h2>\n<p class=\"movie__info\">(2019, feature, HD, color, 87 minutes)<br \/>\ndrama<\/p>\n<p>In 1951 Budapest, the communist secret police shows up at the door of an ordinary family &#8211; but instead of deporting them, the officers move in and lock them up in their own home. And anyone else who comes knocking on the door &#8230; Days go by without any explanation as secrets, lies and paranoia soon begins to unravel the growing number of captives in the apartment.<\/p>\n<p>An incredible but true story from Academy Award winning director Krist\u00f3f De\u00e1k.<\/p>\n<p>&nbsp;<\/p>\n<\/div>\n<div id=\"cast\" class=\"row cast\">\n<div class=\"row cast-line\">\n<div class=\"col-xs-12 col-md-4\">Director<\/div>\n<div class=\"col-xs-12 col-md-8\"><a href=\"https:\/\/nfi.hu\/en\/cast\/kristof-deak\">Krist\u00f3f De\u00e1k<\/a><\/div>\n<\/div>\n<div class=\"row cast-line\">\n<div class=\"col-xs-12 col-md-4\">Screenplay<\/div>\n<div class=\"col-xs-12 col-md-8\"><a href=\"https:\/\/nfi.hu\/en\/cast\/andras-voros\">Andr\u00e1s V\u00f6r\u00f6s<\/a><\/div>\n<\/div>\n<div class=\"row cast-line\">\n<div class=\"col-xs-12 col-md-4\">Director of photography<\/div>\n<div class=\"col-xs-12 col-md-8\"><a href=\"https:\/\/nfi.hu\/en\/cast\/francisco-gozon\">Francisco G\u00f3zon<\/a><\/div>\n<\/div>\n<div class=\"row cast-line\">\n<div class=\"col-xs-12 col-md-4\">Editor<\/div>\n<div class=\"col-xs-12 col-md-8\"><a href=\"https:\/\/nfi.hu\/en\/cast\/mano-csillag\">Man\u00f3 Csillag<\/a><\/div>\n<\/div>\n<div class=\"row cast-line\">\n<div class=\"col-xs-12 col-md-4\">Music<\/div>\n<div class=\"col-xs-12 col-md-8\"><a href=\"https:\/\/nfi.hu\/en\/cast\/adam-balazs\">\u00c1d\u00e1m Bal\u00e1zs<\/a><\/div>\n<\/div>\n<div class=\"row cast-line\">\n<div class=\"col-xs-12 col-md-4\">Sound<\/div>\n<div class=\"col-xs-12 col-md-8\"><a href=\"https:\/\/nfi.hu\/en\/cast\/mate-peterffy\">M\u00e1t\u00e9 P\u00e9terffy<\/a><\/div>\n<\/div>\n<div class=\"row cast-line\">\n<div class=\"col-xs-12 col-md-4\">Visual design<\/div>\n<div class=\"col-xs-12 col-md-8\"><a href=\"https:\/\/nfi.hu\/en\/cast\/gabor-valcz\">G\u00e1bor Valcz<\/a><\/div>\n<\/div>\n<div class=\"row cast-line\">\n<div class=\"col-xs-12 col-md-4\">Costumes<\/div>\n<div class=\"col-xs-12 col-md-8\"><a href=\"https:\/\/nfi.hu\/en\/cast\/judit-sinkovics\">Judit Sinkovics<\/a><\/div>\n<\/div>\n<div class=\"row cast-line\">\n<div class=\"col-xs-12 col-md-4\">Make-up<\/div>\n<div class=\"col-xs-12 col-md-8\"><a href=\"https:\/\/nfi.hu\/en\/cast\/ancsa-krisko\">Ancsa Krisk\u00f3<\/a>,\u00a0<a href=\"https:\/\/nfi.hu\/en\/cast\">Gabriella Vincze<\/a>,\u00a0<a href=\"https:\/\/nfi.hu\/en\/cast\/andrea-banko\">Andrea Bank\u00f3<\/a><\/div>\n<\/div>\n<div class=\"row cast-line\">\n<div class=\"col-xs-12 col-md-4\">Producer<\/div>\n<div class=\"col-xs-12 col-md-8\"><a href=\"https:\/\/nfi.hu\/en\/cast\/laszlo-dreissiger\">L\u00e1szl\u00f3 Dreissiger\u00a0<\/a>,\u00a0<a href=\"https:\/\/nfi.hu\/en\/cast\/gabor-osvath\">G\u00e1bor Osv\u00e1th<\/a><\/div>\n<\/div>\n<div class=\"row cast-line\">\n<div class=\"col-xs-12 col-md-4\">Production company<\/div>\n<div class=\"col-xs-12 col-md-8\"><a href=\"https:\/\/nfi.hu\/en\/cast\/filmfabriq\">Filmfabriq<\/a><\/div>\n<\/div>\n<\/div>\n<div id=\"actors\" class=\"row cast\">\n<p class=\"cast-title\">ACTORS<\/p>\n<div class=\"row cast-line\">\n<div class=\"col-md-12\"><a href=\"https:\/\/nfi.hu\/en\/cast\/eliza-sodro\">Eliza Sodr\u00f3<\/a><\/div>\n<\/div>\n<div class=\"row cast-line\">\n<div class=\"col-md-12\"><a href=\"https:\/\/nfi.hu\/en\/cast\/zsofi-szamosi\">Zs\u00f3fi Szamosi<\/a><\/div>\n<\/div>\n<div class=\"row cast-line\">\n<div class=\"col-md-12\"><a href=\"https:\/\/nfi.hu\/en\/cast\/erno-fekete\">Ern\u0151 Fekete<\/a><\/div>\n<\/div>\n<div class=\"row cast-line\">\n<div class=\"col-md-12\"><a href=\"https:\/\/nfi.hu\/en\/cast\/levente-molnar\">Levente Moln\u00e1r<\/a><\/div>\n<\/div>\n<div class=\"row cast-line\">\n<div class=\"col-md-12\"><a href=\"https:\/\/nfi.hu\/en\/cast\/ferenc-lengyel\">Ferenc Lengyel<\/a><\/div>\n<\/div>\n<div class=\"row cast-line\">\n<div class=\"col-md-12\"><a href=\"https:\/\/nfi.hu\/en\/cast\/gabor-jaszberenyi\">G\u00e1bor J\u00e1szber\u00e9nyi<\/a><\/div>\n<\/div>\n<div class=\"row cast-line\">\n<div class=\"col-md-12\"><a href=\"https:\/\/nfi.hu\/en\/cast\/adam-porogi\">\u00c1d\u00e1m Porogi<\/a><\/div>\n<\/div>\n<div class=\"row cast-line\">\n<div class=\"col-md-12\"><a href=\"https:\/\/nfi.hu\/en\/cast\/emese-vasvari\">Emese Vasv\u00e1ri<\/a><\/div>\n<\/div>\n<div class=\"row cast-line\">\n<div class=\"col-md-12\"><a href=\"https:\/\/nfi.hu\/en\/cast\/gabor-csore\">G\u00e1bor Cs\u0151re<\/a><\/div>\n<\/div>\n<div class=\"row cast-line\">\n<div class=\"col-md-12\"><a href=\"https:\/\/nfi.hu\/en\/cast\/erzsebet-soltesz\">Erzs\u00e9bet Solt\u00e9sz<\/a><\/div>\n<\/div>\n<div class=\"row cast-line\">\n<div class=\"col-md-12\"><a href=\"https:\/\/nfi.hu\/en\/cast\/robert-kardos\">R\u00f3bert Kardos<\/a><\/div>\n<\/div>\n<\/div>\n<div class=\"awards\">\n<p>AWARDS<\/p>\n<p class=\"festival\"><a href=\"https:\/\/nfi.hu\/en\/festival\/hungarian-film-week\">HUNGARIAN FILM AWARDS<\/a>\u00a0&#8211; 2020<\/p>\n<p class=\"award\">Best TV Movie<\/p>\n<p class=\"award\">Best Director\u00a0<a href=\"https:\/\/nfi.hu\/en\/cast\/kristof-deak\">Krist\u00f3f De\u00e1k<\/a><\/p>\n<p class=\"award\">Best Actress\u00a0<a href=\"https:\/\/nfi.hu\/en\/cast\/eliza-sodro\">Eliza Sodr\u00f3<\/a><\/p>\n<p class=\"award\">Best Actor\u00a0<a href=\"https:\/\/nfi.hu\/en\/cast\/erno-fekete\">Ern\u0151 Fekete<\/a><\/p>\n<p class=\"award\">Best Cinematography\u00a0<a href=\"https:\/\/nfi.hu\/en\/cast\/francisco-gozon\">Francisco G\u00f3zon<\/a><\/p>\n<p class=\"award\">Best Set Design\u00a0<a href=\"https:\/\/nfi.hu\/en\/cast\/gabor-valcz\">G\u00e1bor Valcz<\/a><\/p>\n<p class=\"award\">Best Music\u00a0<a href=\"https:\/\/nfi.hu\/en\/cast\/adam-balazs\">\u00c1d\u00e1m Bal\u00e1zs<\/a><\/p>\n<p class=\"award\">Best Sound\u00a0<a href=\"https:\/\/nfi.hu\/en\/cast\/mate-peterffy\">M\u00e1t\u00e9 P\u00e9terffy<\/a><\/p>\n<p class=\"award\">Best Make Up and Hair\u00a0<a href=\"https:\/\/nfi.hu\/en\/cast\/ancsa-krisko\">Ancsa Krisk\u00f3<\/a><\/p>\n<p class=\"award\">Best Make Up and Hair\u00a0<a href=\"https:\/\/nfi.hu\/en\/cast\">Gabriella Vincze<\/a><\/p>\n<p class=\"award\">Best Make Up and Hair\u00a0<a href=\"https:\/\/nfi.hu\/en\/cast\/andrea-banko\">Andrea Bank\u00f3<\/a><\/p>\n<p class=\"award\">Best Costume\u00a0<a href=\"https:\/\/nfi.hu\/en\/cast\/judit-sinkovics\">Judit Sinkovics<\/a><\/p>\n<\/div>\n<div class=\"awards\">\n<p>FESTIVALS<\/p>\n<p class=\"festival\"><a href=\"https:\/\/nfi.hu\/en\/festival\/goa-international-film-festival-of-india\">GOA INTERNATIONAL FILM FESTIVAL OF INDIA<\/a>\u00a0&#8211; 2019<\/p>\n<p class=\"award\">(in competition)<\/p>\n<p class=\"festival\"><a href=\"https:\/\/nfi.hu\/en\/festival\/lagow-international-film-festival\">LAG\u00d3W INTERNATIONAL FILM FESTIVAL<\/a>\u00a0&#8211; 2020<\/p>\n<p class=\"award\">(in competition)<\/p>\n<p class=\"festival\"><a href=\"https:\/\/nfi.hu\/en\/festival\/palic-international-film-festival\">PALIC INTERNATIONAL FILM FESTIVAL<\/a>\u00a0&#8211; 2020<\/p>\n<p class=\"festival\"><a href=\"https:\/\/nfi.hu\/en\/festival\/waterloo-historical-film-festival\">WATERLOO HISTORICAL FILM FESTIVAL<\/a>\u00a0&#8211; 2020<\/p>\n<p class=\"award\">(in competition)<\/p>\n<\/div>\n","protected":false},"excerpt":{"rendered":"<p><a href=\"https:\/\/www.bocskairadio.org\/deak-kristof-foglyok\/\"><em>(A magyar oldal itt \u00e9rhet\u0151 el)<\/em><\/a><\/p>\n<p>The\u00a0<a href=\"https:\/\/chicago.mfa.gov.hu\/eng\">Consulate General of Hungary in Chicago<\/a> in collaboration with the Bocskai Film Club cordially invites you to commemorate the 1956\u2019 Revolution and Freedom Fight with <strong>Kristof Deak&#8217;s film the Captives<\/strong>. Given the current corona virus situation and encouraging to stay home, the highly successful production can be viewed free of charge in Hungarian and English subtitled versions with the generous support of the <a href=\"https:\/\/nfi.hu\/en\">Hungarian National Film Institute<\/a> (NFI) and the Ministry of Foreign Affairs and Trade, on NFI\u2019s Vimeo channel on <strong>October 25, 2020<\/strong>.<\/p>\n<p>Please fill out the following form to get the access link and password to watch the movie.<\/p>\n<p><strong>ATTENTION! Publishing the password publicly and downloading the movie is the infringement of the copyright! You can easily share this unique opportunity by sharing this page link with your friends.<\/strong><\/p>\n[gravityform id=\"432\" title=\"false\" description=\"false\"]\n<div class=\"film__details\">\n<p>https:\/\/youtu.be\/0oaNh98onKU<\/p>\n<h2>Captives (Foglyok)<\/h2>\n<p class=\"movie__info\">(2019, feature, HD, color, 87 minutes)<br \/>\ndrama<\/p>\n<p>In 1951 Budapest, the communist secret police shows up at the door of an ordinary family &#8211; but instead of deporting them, the officers move in and lock them up in their own home. And anyone else who comes knocking on the door &#8230; Days go by without any explanation as secrets, lies and paranoia soon begins to unravel the growing number of captives in the apartment.<\/p>\n<p>An incredible but true story from Academy Award winning director Krist\u00f3f De\u00e1k.<\/p>\n<p>&nbsp;<\/p>\n<\/div>\n<div id=\"cast\" class=\"row cast\">\n<div class=\"row cast-line\">\n<div class=\"col-xs-12 col-md-4\">Director<\/div>\n<div class=\"col-xs-12 col-md-8\"><a href=\"https:\/\/nfi.hu\/en\/cast\/kristof-deak\">Krist\u00f3f De\u00e1k<\/a><\/div>\n<\/div>\n<div class=\"row cast-line\">\n<div class=\"col-xs-12 col-md-4\">Screenplay<\/div>\n<div class=\"col-xs-12 col-md-8\"><a href=\"https:\/\/nfi.hu\/en\/cast\/andras-voros\">Andr\u00e1s V\u00f6r\u00f6s<\/a><\/div>\n<\/div>\n<div class=\"row cast-line\">\n<div class=\"col-xs-12 col-md-4\">Director of photography<\/div>\n<div class=\"col-xs-12 col-md-8\"><a href=\"https:\/\/nfi.hu\/en\/cast\/francisco-gozon\">Francisco G\u00f3zon<\/a><\/div>\n<\/div>\n<div class=\"row cast-line\">\n<div class=\"col-xs-12 col-md-4\">Editor<\/div>\n<div class=\"col-xs-12 col-md-8\"><a href=\"https:\/\/nfi.hu\/en\/cast\/mano-csillag\">Man\u00f3 Csillag<\/a><\/div>\n<\/div>\n<div class=\"row cast-line\">\n<div class=\"col-xs-12 col-md-4\">Music<\/div>\n<div class=\"col-xs-12 col-md-8\"><a href=\"https:\/\/nfi.hu\/en\/cast\/adam-balazs\">\u00c1d\u00e1m Bal\u00e1zs<\/a><\/div>\n<\/div>\n<div class=\"row cast-line\">\n<div class=\"col-xs-12 col-md-4\">Sound<\/div>\n<div class=\"col-xs-12 col-md-8\"><a href=\"https:\/\/nfi.hu\/en\/cast\/mate-peterffy\">M\u00e1t\u00e9 P\u00e9terffy<\/a><\/div>\n<\/div>\n<div class=\"row cast-line\">\n<div class=\"col-xs-12 col-md-4\">Visual design<\/div>\n<div class=\"col-xs-12 col-md-8\"><a href=\"https:\/\/nfi.hu\/en\/cast\/gabor-valcz\">G\u00e1bor Valcz<\/a><\/div>\n<\/div>\n<div class=\"row cast-line\">\n<div class=\"col-xs-12 col-md-4\">Costumes<\/div>\n<div class=\"col-xs-12 col-md-8\"><a href=\"https:\/\/nfi.hu\/en\/cast\/judit-sinkovics\">Judit Sinkovics<\/a><\/div>\n<\/div>\n<div class=\"row cast-line\">\n<div class=\"col-xs-12 col-md-4\">Make-up<\/div>\n<div class=\"col-xs-12 col-md-8\"><a href=\"https:\/\/nfi.hu\/en\/cast\/ancsa-krisko\">Ancsa Krisk\u00f3<\/a>,\u00a0<a href=\"https:\/\/nfi.hu\/en\/cast\">Gabriella Vincze<\/a>,\u00a0<a href=\"https:\/\/nfi.hu\/en\/cast\/andrea-banko\">Andrea Bank\u00f3<\/a><\/div>\n<\/div>\n<div class=\"row cast-line\">\n<div class=\"col-xs-12 col-md-4\">Producer<\/div>\n<div class=\"col-xs-12 col-md-8\"><a href=\"https:\/\/nfi.hu\/en\/cast\/laszlo-dreissiger\">L\u00e1szl\u00f3 Dreissiger\u00a0<\/a>,\u00a0<a href=\"https:\/\/nfi.hu\/en\/cast\/gabor-osvath\">G\u00e1bor Osv\u00e1th<\/a><\/div>\n<\/div>\n<div class=\"row cast-line\">\n<div class=\"col-xs-12 col-md-4\">Production company<\/div>\n<div class=\"col-xs-12 col-md-8\"><a href=\"https:\/\/nfi.hu\/en\/cast\/filmfabriq\">Filmfabriq<\/a><\/div>\n<\/div>\n<\/div>\n<div id=\"actors\" class=\"row cast\">\n<p class=\"cast-title\">ACTORS<\/p>\n<div class=\"row cast-line\">\n<div class=\"col-md-12\"><a href=\"https:\/\/nfi.hu\/en\/cast\/eliza-sodro\">Eliza Sodr\u00f3<\/a><\/div>\n<\/div>\n<div class=\"row cast-line\">\n<div class=\"col-md-12\"><a href=\"https:\/\/nfi.hu\/en\/cast\/zsofi-szamosi\">Zs\u00f3fi Szamosi<\/a><\/div>\n<\/div>\n<div class=\"row cast-line\">\n<div class=\"col-md-12\"><a href=\"https:\/\/nfi.hu\/en\/cast\/erno-fekete\">Ern\u0151 Fekete<\/a><\/div>\n<\/div>\n<div class=\"row cast-line\">\n<div class=\"col-md-12\"><a href=\"https:\/\/nfi.hu\/en\/cast\/levente-molnar\">Levente Moln\u00e1r<\/a><\/div>\n<\/div>\n<div class=\"row cast-line\">\n<div class=\"col-md-12\"><a href=\"https:\/\/nfi.hu\/en\/cast\/ferenc-lengyel\">Ferenc Lengyel<\/a><\/div>\n<\/div>\n<div class=\"row cast-line\">\n<div class=\"col-md-12\"><a href=\"https:\/\/nfi.hu\/en\/cast\/gabor-jaszberenyi\">G\u00e1bor J\u00e1szber\u00e9nyi<\/a><\/div>\n<\/div>\n<div class=\"row cast-line\">\n<div class=\"col-md-12\"><a href=\"https:\/\/nfi.hu\/en\/cast\/adam-porogi\">\u00c1d\u00e1m Porogi<\/a><\/div>\n<\/div>\n<div class=\"row cast-line\">\n<div class=\"col-md-12\"><a href=\"https:\/\/nfi.hu\/en\/cast\/emese-vasvari\">Emese Vasv\u00e1ri<\/a><\/div>\n<\/div>\n<div class=\"row cast-line\">\n<div class=\"col-md-12\"><a href=\"https:\/\/nfi.hu\/en\/cast\/gabor-csore\">G\u00e1bor Cs\u0151re<\/a><\/div>\n<\/div>\n<div class=\"row cast-line\">\n<div class=\"col-md-12\"><a href=\"https:\/\/nfi.hu\/en\/cast\/erzsebet-soltesz\">Erzs\u00e9bet Solt\u00e9sz<\/a><\/div>\n<\/div>\n<div class=\"row cast-line\">\n<div class=\"col-md-12\"><a href=\"https:\/\/nfi.hu\/en\/cast\/robert-kardos\">R\u00f3bert Kardos<\/a><\/div>\n<\/div>\n<\/div>\n<div class=\"awards\">\n<p>AWARDS<\/p>\n<p class=\"festival\"><a href=\"https:\/\/nfi.hu\/en\/festival\/hungarian-film-week\">HUNGARIAN FILM AWARDS<\/a>\u00a0&#8211; 2020<\/p>\n<p class=\"award\">Best TV Movie<\/p>\n<p class=\"award\">Best Director\u00a0<a href=\"https:\/\/nfi.hu\/en\/cast\/kristof-deak\">Krist\u00f3f De\u00e1k<\/a><\/p>\n<p class=\"award\">Best Actress\u00a0<a href=\"https:\/\/nfi.hu\/en\/cast\/eliza-sodro\">Eliza Sodr\u00f3<\/a><\/p>\n<p class=\"award\">Best Actor\u00a0<a href=\"https:\/\/nfi.hu\/en\/cast\/erno-fekete\">Ern\u0151 Fekete<\/a><\/p>\n<p class=\"award\">Best Cinematography\u00a0<a href=\"https:\/\/nfi.hu\/en\/cast\/francisco-gozon\">Francisco G\u00f3zon<\/a><\/p>\n<p class=\"award\">Best Set Design\u00a0<a href=\"https:\/\/nfi.hu\/en\/cast\/gabor-valcz\">G\u00e1bor Valcz<\/a><\/p>\n<p class=\"award\">Best Music\u00a0<a href=\"https:\/\/nfi.hu\/en\/cast\/adam-balazs\">\u00c1d\u00e1m Bal\u00e1zs<\/a><\/p>\n<p class=\"award\">Best Sound\u00a0<a href=\"https:\/\/nfi.hu\/en\/cast\/mate-peterffy\">M\u00e1t\u00e9 P\u00e9terffy<\/a><\/p>\n<p class=\"award\">Best Make Up and Hair\u00a0<a href=\"https:\/\/nfi.hu\/en\/cast\/ancsa-krisko\">Ancsa Krisk\u00f3<\/a><\/p>\n<p class=\"award\">Best Make Up and Hair\u00a0<a href=\"https:\/\/nfi.hu\/en\/cast\">Gabriella Vincze<\/a><\/p>\n<p class=\"award\">Best Make Up and Hair\u00a0<a href=\"https:\/\/nfi.hu\/en\/cast\/andrea-banko\">Andrea Bank\u00f3<\/a><\/p>\n<p class=\"award\">Best Costume\u00a0<a href=\"https:\/\/nfi.hu\/en\/cast\/judit-sinkovics\">Judit Sinkovics<\/a><\/p>\n<\/div>\n<div class=\"awards\">\n<p>FESTIVALS<\/p>\n<p class=\"festival\"><a href=\"https:\/\/nfi.hu\/en\/festival\/goa-international-film-festival-of-india\">GOA INTERNATIONAL FILM FESTIVAL OF INDIA<\/a>\u00a0&#8211; 2019<\/p>\n<p class=\"award\">(in competition)<\/p>\n<p class=\"festival\"><a href=\"https:\/\/nfi.hu\/en\/festival\/lagow-international-film-festival\">LAG\u00d3W INTERNATIONAL FILM FESTIVAL<\/a>\u00a0&#8211; 2020<\/p>\n<p class=\"award\">(in competition)<\/p>\n<p class=\"festival\"><a href=\"https:\/\/nfi.hu\/en\/festival\/palic-international-film-festival\">PALIC INTERNATIONAL FILM FESTIVAL<\/a>\u00a0&#8211; 2020<\/p>\n<p class=\"festival\"><a href=\"https:\/\/nfi.hu\/en\/festival\/waterloo-historical-film-festival\">WATERLOO HISTORICAL FILM FESTIVAL<\/a>\u00a0&#8211; 2020<\/p>\n<p class=\"award\">(in competition)<\/p>\n<\/div>\n","protected":false},"author":1,"featured_media":1060612,"comment_status":"open","ping_status":"open","sticky":false,"template":"","format":"standard","meta":{"footnotes":""},"categories":[166],"tags":[],"class_list":["post-1060614","post","type-post","status-publish","format-standard","has-post-thumbnail","category-news"],"yoast_head":"<!-- This site is optimized with the Yoast SEO plugin v27.5 - https:\/\/yoast.com\/product\/yoast-seo-wordpress\/ -->\n<title>For the Commemoration of the 1956\u2019 Revolution and Freedom Fight We Present A Film By Kristof Deak: Captives &#8211; Bocskai R\u00e1di\u00f3<\/title>\n<meta name=\"robots\" content=\"index, follow, max-snippet:-1, max-image-preview:large, max-video-preview:-1\" \/>\n<link rel=\"canonical\" href=\"https:\/\/www.bocskairadio.org\/en\/kristof-deak-captives\/\" \/>\n<meta property=\"og:locale\" content=\"en_US\" \/>\n<meta property=\"og:type\" content=\"article\" \/>\n<meta property=\"og:title\" content=\"For the Commemoration of the 1956\u2019 Revolution and Freedom Fight We Present A Film By Kristof Deak: Captives &#8211; Bocskai R\u00e1di\u00f3\" \/>\n<meta property=\"og:description\" content=\"(A magyar oldal itt \u00e9rhet\u0151 el)  The\u00a0Consulate General of Hungary in Chicago in collaboration with the Bocskai Film Club cordially invites you to commemorate the 1956\u2019 Revolution and Freedom Fight with Kristof Deak&#039;s film the Captives. Given the current corona virus situation and encouraging to stay home, the highly successful production can be viewed free of charge in Hungarian and English subtitled versions with the generous support of the Hungarian National Film Institute (NFI) and the Ministry of Foreign Affairs and Trade, on NFI\u2019s Vimeo channel on October 25, 2020.  Please fill out the following form to get the access link and password to watch the movie.  ATTENTION! Publishing the password publicly and downloading the movie is the infringement of the copyright! You can easily share this unique opportunity by sharing this page link with your friends.     https:\/\/youtu.be\/0oaNh98onKU Captives (Foglyok) (2019, feature, HD, color, 87 minutes) drama In 1951 Budapest, the communist secret police shows up at the door of an ordinary family - but instead of deporting them, the officers move in and lock them up in their own home. And anyone else who comes knocking on the door ... Days go by without any explanation as secrets, lies and paranoia soon begins to unravel the growing number of captives in the apartment.  An incredible but true story from Academy Award winning director Krist\u00f3f De\u00e1k.  &nbsp;     Director Krist\u00f3f De\u00e1k   Screenplay Andr\u00e1s V\u00f6r\u00f6s   Director of photography Francisco G\u00f3zon   Editor Man\u00f3 Csillag   Music \u00c1d\u00e1m Bal\u00e1zs   Sound M\u00e1t\u00e9 P\u00e9terffy   Visual design G\u00e1bor Valcz   Costumes Judit Sinkovics   Make-up Ancsa Krisk\u00f3,\u00a0Gabriella Vincze,\u00a0Andrea Bank\u00f3   Producer L\u00e1szl\u00f3 Dreissiger\u00a0,\u00a0G\u00e1bor Osv\u00e1th   Production company Filmfabriq    ACTORS   Eliza Sodr\u00f3   Zs\u00f3fi Szamosi   Ern\u0151 Fekete   Levente Moln\u00e1r   Ferenc Lengyel   G\u00e1bor J\u00e1szber\u00e9nyi   \u00c1d\u00e1m Porogi   Emese Vasv\u00e1ri   G\u00e1bor Cs\u0151re   Erzs\u00e9bet Solt\u00e9sz   R\u00f3bert Kardos     AWARDS HUNGARIAN FILM AWARDS\u00a0- 2020 Best TV Movie Best Director\u00a0Krist\u00f3f De\u00e1k Best Actress\u00a0Eliza Sodr\u00f3 Best Actor\u00a0Ern\u0151 Fekete Best Cinematography\u00a0Francisco G\u00f3zon Best Set Design\u00a0G\u00e1bor Valcz Best Music\u00a0\u00c1d\u00e1m Bal\u00e1zs Best Sound\u00a0M\u00e1t\u00e9 P\u00e9terffy Best Make Up and Hair\u00a0Ancsa Krisk\u00f3 Best Make Up and Hair\u00a0Gabriella Vincze Best Make Up and Hair\u00a0Andrea Bank\u00f3 Best Costume\u00a0Judit Sinkovics     FESTIVALS GOA INTERNATIONAL FILM FESTIVAL OF INDIA\u00a0- 2019 (in competition) LAG\u00d3W INTERNATIONAL FILM FESTIVAL\u00a0- 2020 (in competition) PALIC INTERNATIONAL FILM FESTIVAL\u00a0- 2020 WATERLOO HISTORICAL FILM FESTIVAL\u00a0- 2020 (in competition)\" \/>\n<meta property=\"og:url\" content=\"https:\/\/www.bocskairadio.org\/en\/kristof-deak-captives\/\" \/>\n<meta property=\"og:site_name\" content=\"Bocskai R\u00e1di\u00f3\" \/>\n<meta property=\"article:publisher\" content=\"https:\/\/www.facebook.com\/BocskaiRadio\" \/>\n<meta property=\"article:author\" content=\"https:\/\/www.facebook.com\/molnarzsolt74\" \/>\n<meta property=\"article:published_time\" content=\"2020-10-10T20:02:55+00:00\" \/>\n<meta property=\"article:modified_time\" content=\"2020-10-10T21:00:45+00:00\" \/>\n<meta property=\"og:image\" content=\"https:\/\/www.bocskairadio.org\/wp-content\/uploads\/2020\/10\/BR-Foglyok.jpg\" \/>\n\t<meta property=\"og:image:width\" content=\"1200\" \/>\n\t<meta property=\"og:image:height\" content=\"628\" \/>\n\t<meta property=\"og:image:type\" content=\"image\/jpeg\" \/>\n<meta name=\"author\" content=\"Moln\u00e1r Zsolt\" \/>\n<meta name=\"twitter:card\" content=\"summary_large_image\" \/>\n<meta name=\"twitter:image\" content=\"https:\/\/www.bocskairadio.org\/wp-content\/uploads\/2020\/10\/BR-Foglyok.jpg\" \/>\n<meta name=\"twitter:creator\" content=\"@molnarzsolt74\" \/>\n<meta name=\"twitter:site\" content=\"@BocskaiRadio\" \/>\n<script type=\"application\/ld+json\" class=\"yoast-schema-graph\">{\"@context\":\"https:\\\/\\\/schema.org\",\"@graph\":[{\"@type\":\"Article\",\"@id\":\"https:\\\/\\\/www.bocskairadio.org\\\/en\\\/kristof-deak-captives\\\/#article\",\"isPartOf\":{\"@id\":\"https:\\\/\\\/www.bocskairadio.org\\\/en\\\/kristof-deak-captives\\\/\"},\"author\":{\"name\":\"Moln\u00e1r Zsolt\",\"@id\":\"https:\\\/\\\/www.bocskairadio.org\\\/en\\\/#\\\/schema\\\/person\\\/87e31754469cf7717bee741efa6897cc\"},\"headline\":\"For the Commemoration of the 1956\u2019 Revolution and Freedom Fight We Present A Film By Kristof Deak: Captives\",\"datePublished\":\"2020-10-10T20:02:55+00:00\",\"dateModified\":\"2020-10-10T21:00:45+00:00\",\"mainEntityOfPage\":{\"@id\":\"https:\\\/\\\/www.bocskairadio.org\\\/en\\\/kristof-deak-captives\\\/\"},\"wordCount\":443,\"commentCount\":0,\"publisher\":{\"@id\":\"https:\\\/\\\/www.bocskairadio.org\\\/en\\\/#organization\"},\"image\":{\"@id\":\"https:\\\/\\\/www.bocskairadio.org\\\/en\\\/kristof-deak-captives\\\/#primaryimage\"},\"thumbnailUrl\":\"https:\\\/\\\/www.bocskairadio.org\\\/wp-content\\\/uploads\\\/2020\\\/10\\\/BR-Foglyok.jpg\",\"articleSection\":[\"News\"],\"inLanguage\":\"en-US\",\"potentialAction\":[{\"@type\":\"CommentAction\",\"name\":\"Comment\",\"target\":[\"https:\\\/\\\/www.bocskairadio.org\\\/en\\\/kristof-deak-captives\\\/#respond\"]}]},{\"@type\":\"WebPage\",\"@id\":\"https:\\\/\\\/www.bocskairadio.org\\\/en\\\/kristof-deak-captives\\\/\",\"url\":\"https:\\\/\\\/www.bocskairadio.org\\\/en\\\/kristof-deak-captives\\\/\",\"name\":\"For the Commemoration of the 1956\u2019 Revolution and Freedom Fight We Present A Film By Kristof Deak: Captives &#8211; Bocskai R\u00e1di\u00f3\",\"isPartOf\":{\"@id\":\"https:\\\/\\\/www.bocskairadio.org\\\/en\\\/#website\"},\"primaryImageOfPage\":{\"@id\":\"https:\\\/\\\/www.bocskairadio.org\\\/en\\\/kristof-deak-captives\\\/#primaryimage\"},\"image\":{\"@id\":\"https:\\\/\\\/www.bocskairadio.org\\\/en\\\/kristof-deak-captives\\\/#primaryimage\"},\"thumbnailUrl\":\"https:\\\/\\\/www.bocskairadio.org\\\/wp-content\\\/uploads\\\/2020\\\/10\\\/BR-Foglyok.jpg\",\"datePublished\":\"2020-10-10T20:02:55+00:00\",\"dateModified\":\"2020-10-10T21:00:45+00:00\",\"inLanguage\":\"en-US\",\"potentialAction\":[{\"@type\":\"ReadAction\",\"target\":[\"https:\\\/\\\/www.bocskairadio.org\\\/en\\\/kristof-deak-captives\\\/\"]}]},{\"@type\":\"ImageObject\",\"inLanguage\":\"en-US\",\"@id\":\"https:\\\/\\\/www.bocskairadio.org\\\/en\\\/kristof-deak-captives\\\/#primaryimage\",\"url\":\"https:\\\/\\\/www.bocskairadio.org\\\/wp-content\\\/uploads\\\/2020\\\/10\\\/BR-Foglyok.jpg\",\"contentUrl\":\"https:\\\/\\\/www.bocskairadio.org\\\/wp-content\\\/uploads\\\/2020\\\/10\\\/BR-Foglyok.jpg\",\"width\":1200,\"height\":628},{\"@type\":\"WebSite\",\"@id\":\"https:\\\/\\\/www.bocskairadio.org\\\/en\\\/#website\",\"url\":\"https:\\\/\\\/www.bocskairadio.org\\\/en\\\/\",\"name\":\"Bocskai R\u00e1di\u00f3\",\"description\":\"The Voice of Cleveland Hungarians\",\"publisher\":{\"@id\":\"https:\\\/\\\/www.bocskairadio.org\\\/en\\\/#organization\"},\"potentialAction\":[{\"@type\":\"SearchAction\",\"target\":{\"@type\":\"EntryPoint\",\"urlTemplate\":\"https:\\\/\\\/www.bocskairadio.org\\\/en\\\/?s={search_term_string}\"},\"query-input\":{\"@type\":\"PropertyValueSpecification\",\"valueRequired\":true,\"valueName\":\"search_term_string\"}}],\"inLanguage\":\"en-US\"},{\"@type\":\"Organization\",\"@id\":\"https:\\\/\\\/www.bocskairadio.org\\\/en\\\/#organization\",\"name\":\"Bocskai R\u00e1di\u00f3\",\"url\":\"https:\\\/\\\/www.bocskairadio.org\\\/en\\\/\",\"logo\":{\"@type\":\"ImageObject\",\"inLanguage\":\"en-US\",\"@id\":\"https:\\\/\\\/www.bocskairadio.org\\\/en\\\/#\\\/schema\\\/logo\\\/image\\\/\",\"url\":\"https:\\\/\\\/www.bocskairadio.org\\\/wp-content\\\/uploads\\\/2016\\\/11\\\/var3_basic.jpg\",\"contentUrl\":\"https:\\\/\\\/www.bocskairadio.org\\\/wp-content\\\/uploads\\\/2016\\\/11\\\/var3_basic.jpg\",\"width\":500,\"height\":500,\"caption\":\"Bocskai R\u00e1di\u00f3\"},\"image\":{\"@id\":\"https:\\\/\\\/www.bocskairadio.org\\\/en\\\/#\\\/schema\\\/logo\\\/image\\\/\"},\"sameAs\":[\"https:\\\/\\\/www.facebook.com\\\/BocskaiRadio\",\"https:\\\/\\\/x.com\\\/BocskaiRadio\",\"https:\\\/\\\/www.instagram.com\\\/bocskairadio\\\/\",\"https:\\\/\\\/www.youtube.com\\\/user\\\/bocskairadio\",\"https:\\\/\\\/hu.wikipedia.org\\\/wiki\\\/Bocskai_R\u00e1di\u00f3\"]},{\"@type\":\"Person\",\"@id\":\"https:\\\/\\\/www.bocskairadio.org\\\/en\\\/#\\\/schema\\\/person\\\/87e31754469cf7717bee741efa6897cc\",\"name\":\"Moln\u00e1r Zsolt\",\"image\":{\"@type\":\"ImageObject\",\"inLanguage\":\"en-US\",\"@id\":\"https:\\\/\\\/secure.gravatar.com\\\/avatar\\\/83a59b11c342f6b991be83bbceb12cf01e7717d1a76894e47cd4b36d625c9986?s=96&d=mm&r=g\",\"url\":\"https:\\\/\\\/secure.gravatar.com\\\/avatar\\\/83a59b11c342f6b991be83bbceb12cf01e7717d1a76894e47cd4b36d625c9986?s=96&d=mm&r=g\",\"contentUrl\":\"https:\\\/\\\/secure.gravatar.com\\\/avatar\\\/83a59b11c342f6b991be83bbceb12cf01e7717d1a76894e47cd4b36d625c9986?s=96&d=mm&r=g\",\"caption\":\"Moln\u00e1r Zsolt\"},\"description\":\"2012 nyar\u00e1t\u00f3l technikai seg\u00edt\u0151je a Bocskai R\u00e1di\u00f3nak, ahol 2013 m\u00e1rcius\u00e1t\u00f3l adminisztrat\u00edv \u00e9s technikai vezet\u0151je is. Fel\u00e1ll\u00edtotta \u00e9s \u00fczemelteti a Bocskai R\u00e1di\u00f3 honlapj\u00e1t, ami jelenleg a legl\u00e1togatottabb a clevelandi magyar honlapok k\u00f6z\u00fcl. A r\u00e1di\u00f3 hallgat\u00f3inak hetente internetes h\u00edrlevelet k\u00fcld ki aktu\u00e1lis h\u00edrekkel \u00e9s inform\u00e1ci\u00f3kkal.\",\"sameAs\":[\"https:\\\/\\\/www.zsoltmolnar.com\",\"https:\\\/\\\/www.facebook.com\\\/molnarzsolt74\",\"https:\\\/\\\/x.com\\\/molnarzsolt74\"],\"url\":\"https:\\\/\\\/www.bocskairadio.org\\\/en\\\/author\\\/zsoltmolnar\\\/\"}]}<\/script>\n<!-- \/ Yoast SEO plugin. -->","yoast_head_json":{"title":"For the Commemoration of the 1956\u2019 Revolution and Freedom Fight We Present A Film By Kristof Deak: Captives &#8211; Bocskai R\u00e1di\u00f3","robots":{"index":"index","follow":"follow","max-snippet":"max-snippet:-1","max-image-preview":"max-image-preview:large","max-video-preview":"max-video-preview:-1"},"canonical":"https:\/\/www.bocskairadio.org\/en\/kristof-deak-captives\/","og_locale":"en_US","og_type":"article","og_title":"For the Commemoration of the 1956\u2019 Revolution and Freedom Fight We Present A Film By Kristof Deak: Captives &#8211; Bocskai R\u00e1di\u00f3","og_description":"(A magyar oldal itt \u00e9rhet\u0151 el)  The\u00a0Consulate General of Hungary in Chicago in collaboration with the Bocskai Film Club cordially invites you to commemorate the 1956\u2019 Revolution and Freedom Fight with Kristof Deak's film the Captives. Given the current corona virus situation and encouraging to stay home, the highly successful production can be viewed free of charge in Hungarian and English subtitled versions with the generous support of the Hungarian National Film Institute (NFI) and the Ministry of Foreign Affairs and Trade, on NFI\u2019s Vimeo channel on October 25, 2020.  Please fill out the following form to get the access link and password to watch the movie.  ATTENTION! Publishing the password publicly and downloading the movie is the infringement of the copyright! You can easily share this unique opportunity by sharing this page link with your friends.     https:\/\/youtu.be\/0oaNh98onKU Captives (Foglyok) (2019, feature, HD, color, 87 minutes) drama In 1951 Budapest, the communist secret police shows up at the door of an ordinary family - but instead of deporting them, the officers move in and lock them up in their own home. And anyone else who comes knocking on the door ... Days go by without any explanation as secrets, lies and paranoia soon begins to unravel the growing number of captives in the apartment.  An incredible but true story from Academy Award winning director Krist\u00f3f De\u00e1k.  &nbsp;     Director Krist\u00f3f De\u00e1k   Screenplay Andr\u00e1s V\u00f6r\u00f6s   Director of photography Francisco G\u00f3zon   Editor Man\u00f3 Csillag   Music \u00c1d\u00e1m Bal\u00e1zs   Sound M\u00e1t\u00e9 P\u00e9terffy   Visual design G\u00e1bor Valcz   Costumes Judit Sinkovics   Make-up Ancsa Krisk\u00f3,\u00a0Gabriella Vincze,\u00a0Andrea Bank\u00f3   Producer L\u00e1szl\u00f3 Dreissiger\u00a0,\u00a0G\u00e1bor Osv\u00e1th   Production company Filmfabriq    ACTORS   Eliza Sodr\u00f3   Zs\u00f3fi Szamosi   Ern\u0151 Fekete   Levente Moln\u00e1r   Ferenc Lengyel   G\u00e1bor J\u00e1szber\u00e9nyi   \u00c1d\u00e1m Porogi   Emese Vasv\u00e1ri   G\u00e1bor Cs\u0151re   Erzs\u00e9bet Solt\u00e9sz   R\u00f3bert Kardos     AWARDS HUNGARIAN FILM AWARDS\u00a0- 2020 Best TV Movie Best Director\u00a0Krist\u00f3f De\u00e1k Best Actress\u00a0Eliza Sodr\u00f3 Best Actor\u00a0Ern\u0151 Fekete Best Cinematography\u00a0Francisco G\u00f3zon Best Set Design\u00a0G\u00e1bor Valcz Best Music\u00a0\u00c1d\u00e1m Bal\u00e1zs Best Sound\u00a0M\u00e1t\u00e9 P\u00e9terffy Best Make Up and Hair\u00a0Ancsa Krisk\u00f3 Best Make Up and Hair\u00a0Gabriella Vincze Best Make Up and Hair\u00a0Andrea Bank\u00f3 Best Costume\u00a0Judit Sinkovics     FESTIVALS GOA INTERNATIONAL FILM FESTIVAL OF INDIA\u00a0- 2019 (in competition) LAG\u00d3W INTERNATIONAL FILM FESTIVAL\u00a0- 2020 (in competition) PALIC INTERNATIONAL FILM FESTIVAL\u00a0- 2020 WATERLOO HISTORICAL FILM FESTIVAL\u00a0- 2020 (in competition)","og_url":"https:\/\/www.bocskairadio.org\/en\/kristof-deak-captives\/","og_site_name":"Bocskai R\u00e1di\u00f3","article_publisher":"https:\/\/www.facebook.com\/BocskaiRadio","article_author":"https:\/\/www.facebook.com\/molnarzsolt74","article_published_time":"2020-10-10T20:02:55+00:00","article_modified_time":"2020-10-10T21:00:45+00:00","og_image":[{"width":1200,"height":628,"url":"https:\/\/www.bocskairadio.org\/wp-content\/uploads\/2020\/10\/BR-Foglyok.jpg","type":"image\/jpeg"}],"author":"Moln\u00e1r Zsolt","twitter_card":"summary_large_image","twitter_image":"https:\/\/www.bocskairadio.org\/wp-content\/uploads\/2020\/10\/BR-Foglyok.jpg","twitter_creator":"@molnarzsolt74","twitter_site":"@BocskaiRadio","schema":{"@context":"https:\/\/schema.org","@graph":[{"@type":"Article","@id":"https:\/\/www.bocskairadio.org\/en\/kristof-deak-captives\/#article","isPartOf":{"@id":"https:\/\/www.bocskairadio.org\/en\/kristof-deak-captives\/"},"author":{"name":"Moln\u00e1r Zsolt","@id":"https:\/\/www.bocskairadio.org\/en\/#\/schema\/person\/87e31754469cf7717bee741efa6897cc"},"headline":"For the Commemoration of the 1956\u2019 Revolution and Freedom Fight We Present A Film By Kristof Deak: Captives","datePublished":"2020-10-10T20:02:55+00:00","dateModified":"2020-10-10T21:00:45+00:00","mainEntityOfPage":{"@id":"https:\/\/www.bocskairadio.org\/en\/kristof-deak-captives\/"},"wordCount":443,"commentCount":0,"publisher":{"@id":"https:\/\/www.bocskairadio.org\/en\/#organization"},"image":{"@id":"https:\/\/www.bocskairadio.org\/en\/kristof-deak-captives\/#primaryimage"},"thumbnailUrl":"https:\/\/www.bocskairadio.org\/wp-content\/uploads\/2020\/10\/BR-Foglyok.jpg","articleSection":["News"],"inLanguage":"en-US","potentialAction":[{"@type":"CommentAction","name":"Comment","target":["https:\/\/www.bocskairadio.org\/en\/kristof-deak-captives\/#respond"]}]},{"@type":"WebPage","@id":"https:\/\/www.bocskairadio.org\/en\/kristof-deak-captives\/","url":"https:\/\/www.bocskairadio.org\/en\/kristof-deak-captives\/","name":"For the Commemoration of the 1956\u2019 Revolution and Freedom Fight We Present A Film By Kristof Deak: Captives &#8211; Bocskai R\u00e1di\u00f3","isPartOf":{"@id":"https:\/\/www.bocskairadio.org\/en\/#website"},"primaryImageOfPage":{"@id":"https:\/\/www.bocskairadio.org\/en\/kristof-deak-captives\/#primaryimage"},"image":{"@id":"https:\/\/www.bocskairadio.org\/en\/kristof-deak-captives\/#primaryimage"},"thumbnailUrl":"https:\/\/www.bocskairadio.org\/wp-content\/uploads\/2020\/10\/BR-Foglyok.jpg","datePublished":"2020-10-10T20:02:55+00:00","dateModified":"2020-10-10T21:00:45+00:00","inLanguage":"en-US","potentialAction":[{"@type":"ReadAction","target":["https:\/\/www.bocskairadio.org\/en\/kristof-deak-captives\/"]}]},{"@type":"ImageObject","inLanguage":"en-US","@id":"https:\/\/www.bocskairadio.org\/en\/kristof-deak-captives\/#primaryimage","url":"https:\/\/www.bocskairadio.org\/wp-content\/uploads\/2020\/10\/BR-Foglyok.jpg","contentUrl":"https:\/\/www.bocskairadio.org\/wp-content\/uploads\/2020\/10\/BR-Foglyok.jpg","width":1200,"height":628},{"@type":"WebSite","@id":"https:\/\/www.bocskairadio.org\/en\/#website","url":"https:\/\/www.bocskairadio.org\/en\/","name":"Bocskai R\u00e1di\u00f3","description":"The Voice of Cleveland Hungarians","publisher":{"@id":"https:\/\/www.bocskairadio.org\/en\/#organization"},"potentialAction":[{"@type":"SearchAction","target":{"@type":"EntryPoint","urlTemplate":"https:\/\/www.bocskairadio.org\/en\/?s={search_term_string}"},"query-input":{"@type":"PropertyValueSpecification","valueRequired":true,"valueName":"search_term_string"}}],"inLanguage":"en-US"},{"@type":"Organization","@id":"https:\/\/www.bocskairadio.org\/en\/#organization","name":"Bocskai R\u00e1di\u00f3","url":"https:\/\/www.bocskairadio.org\/en\/","logo":{"@type":"ImageObject","inLanguage":"en-US","@id":"https:\/\/www.bocskairadio.org\/en\/#\/schema\/logo\/image\/","url":"https:\/\/www.bocskairadio.org\/wp-content\/uploads\/2016\/11\/var3_basic.jpg","contentUrl":"https:\/\/www.bocskairadio.org\/wp-content\/uploads\/2016\/11\/var3_basic.jpg","width":500,"height":500,"caption":"Bocskai R\u00e1di\u00f3"},"image":{"@id":"https:\/\/www.bocskairadio.org\/en\/#\/schema\/logo\/image\/"},"sameAs":["https:\/\/www.facebook.com\/BocskaiRadio","https:\/\/x.com\/BocskaiRadio","https:\/\/www.instagram.com\/bocskairadio\/","https:\/\/www.youtube.com\/user\/bocskairadio","https:\/\/hu.wikipedia.org\/wiki\/Bocskai_R\u00e1di\u00f3"]},{"@type":"Person","@id":"https:\/\/www.bocskairadio.org\/en\/#\/schema\/person\/87e31754469cf7717bee741efa6897cc","name":"Moln\u00e1r Zsolt","image":{"@type":"ImageObject","inLanguage":"en-US","@id":"https:\/\/secure.gravatar.com\/avatar\/83a59b11c342f6b991be83bbceb12cf01e7717d1a76894e47cd4b36d625c9986?s=96&d=mm&r=g","url":"https:\/\/secure.gravatar.com\/avatar\/83a59b11c342f6b991be83bbceb12cf01e7717d1a76894e47cd4b36d625c9986?s=96&d=mm&r=g","contentUrl":"https:\/\/secure.gravatar.com\/avatar\/83a59b11c342f6b991be83bbceb12cf01e7717d1a76894e47cd4b36d625c9986?s=96&d=mm&r=g","caption":"Moln\u00e1r Zsolt"},"description":"2012 nyar\u00e1t\u00f3l technikai seg\u00edt\u0151je a Bocskai R\u00e1di\u00f3nak, ahol 2013 m\u00e1rcius\u00e1t\u00f3l adminisztrat\u00edv \u00e9s technikai vezet\u0151je is. Fel\u00e1ll\u00edtotta \u00e9s \u00fczemelteti a Bocskai R\u00e1di\u00f3 honlapj\u00e1t, ami jelenleg a legl\u00e1togatottabb a clevelandi magyar honlapok k\u00f6z\u00fcl. A r\u00e1di\u00f3 hallgat\u00f3inak hetente internetes h\u00edrlevelet k\u00fcld ki aktu\u00e1lis h\u00edrekkel \u00e9s inform\u00e1ci\u00f3kkal.","sameAs":["https:\/\/www.zsoltmolnar.com","https:\/\/www.facebook.com\/molnarzsolt74","https:\/\/x.com\/molnarzsolt74"],"url":"https:\/\/www.bocskairadio.org\/en\/author\/zsoltmolnar\/"}]}},"_links":{"self":[{"href":"https:\/\/www.bocskairadio.org\/en\/wp-json\/wp\/v2\/posts\/1060614","targetHints":{"allow":["GET"]}}],"collection":[{"href":"https:\/\/www.bocskairadio.org\/en\/wp-json\/wp\/v2\/posts"}],"about":[{"href":"https:\/\/www.bocskairadio.org\/en\/wp-json\/wp\/v2\/types\/post"}],"author":[{"embeddable":true,"href":"https:\/\/www.bocskairadio.org\/en\/wp-json\/wp\/v2\/users\/1"}],"replies":[{"embeddable":true,"href":"https:\/\/www.bocskairadio.org\/en\/wp-json\/wp\/v2\/comments?post=1060614"}],"version-history":[{"count":0,"href":"https:\/\/www.bocskairadio.org\/en\/wp-json\/wp\/v2\/posts\/1060614\/revisions"}],"wp:featuredmedia":[{"embeddable":true,"href":"https:\/\/www.bocskairadio.org\/en\/wp-json\/wp\/v2\/media\/1060612"}],"wp:attachment":[{"href":"https:\/\/www.bocskairadio.org\/en\/wp-json\/wp\/v2\/media?parent=1060614"}],"wp:term":[{"taxonomy":"category","embeddable":true,"href":"https:\/\/www.bocskairadio.org\/en\/wp-json\/wp\/v2\/categories?post=1060614"},{"taxonomy":"post_tag","embeddable":true,"href":"https:\/\/www.bocskairadio.org\/en\/wp-json\/wp\/v2\/tags?post=1060614"}],"curies":[{"name":"wp","href":"https:\/\/api.w.org\/{rel}","templated":true}]}}