{"id":1061332,"date":"2020-11-10T05:44:04","date_gmt":"2020-11-10T10:44:04","guid":{"rendered":"https:\/\/www.bocskairadio.org\/?p=1061332"},"modified":"2020-11-10T05:44:04","modified_gmt":"2020-11-10T10:44:04","slug":"famous-figures-get-behind-the-szekler-initiative","status":"publish","type":"post","link":"https:\/\/www.bocskairadio.org\/en\/famous-figures-get-behind-the-szekler-initiative\/","title":{"rendered":"Famous figures get behind the Szekler Initiative"},"content":{"rendered":"<div><strong>The teams from \u00cdrdal\u00e1.hu and Gerilla.hu already have plans for the continuation of the Szekler\u2019s European Citizen\u2019s Initiative as they wait for Brussels\u2019 approval to continue the campaign. The team expects to concentrate on five countries which will hopefully bring the Szekler\u2019s initiative to fruition; the campaign has already begun preparations. The Szekler Initiative seeks to bring special attention from the EU to national, ethnic, cultural, religious, and linguistic minorities.\u00a0<\/strong><\/div>\n<div><\/div>\n<p><!--more--><\/p>\n<p>While the workforce behind <a href=\"https:\/\/irdala.hu\/\" target=\"_blank\" rel=\"noopener noreferrer\">\u00cdrdal\u00e1.hu<\/a> and <a href=\"https:\/\/gerilla.hu\/\" target=\"_blank\" rel=\"noopener noreferrer\">Gerilla.hu<\/a> take a short break after their months-long campaign, they\u2019ve already begun preparing for the future and examining what has been done so far.<\/p>\n<blockquote><p><i>L\u00e1szl\u00f3 Pesty, Campaign Manager, told Magyar Nemzet: it has occurred to him that if the initiative were to fail it would be best to resign\u2014but he will stay on given the encouragement from the political sphere and financial support.<\/i><\/p><\/blockquote>\n<p>As we <a href=\"https:\/\/magyarnemzet.hu\/belfold\/a-szekelyek-ugye-nem-ert-celba-de-az-alairasgyujtes-folytatodhat-8922323\/?fbclid=IwAR19w7jpWnrd9s4YT0qK3ekFZuwbx47Dwu18DssZ5gGyxa0L_NaAWeZl8HM\">wrote<\/a>, though tens of thousands of signatures support the Szekler petition and two new countries managed to reach the threshold (Croatia and Lithuania) the petition is still not yet valid. The reason being is that a sufficient number of signatures from two more countries\u2014aside from Croatia, Lithuania, Hungary, Romania, and Slovakia \u2013 are still needed to validate the initiative.<\/p>\n<div id=\"attachment_8927462\" class=\"wp-caption alignnone size-medium wp-image-8927462 ewebResponsiveImage ewebCol-xs-12 ewebCol-sm-12 ewebCol-md-12 ewebCol-lg-12\"><img class=\"size-medium wp-image-8927462 ewebResponsiveImage ewebCol-xs-12 ewebCol-sm-12 ewebCol-md-12 ewebCol-lg-12\" sizes=\"(max-width: 980px) calc( (100vw * 0.86) \/ 12 * 12), (max-width: 1360px) calc( (100vw * 0.86 * 0.68) \/ 12 * 12), 746px\" srcset=\"https:\/\/magyarnemzet.hu\/wp-content\/uploads\/2020\/11\/+otf\/275w\/49254651238025021883757061545814313649723083212715o.jpg 275w, https:\/\/magyarnemzet.hu\/wp-content\/uploads\/2020\/11\/+otf\/311w\/49254651238025021883757061545814313649723083212715o.jpg 311w, https:\/\/magyarnemzet.hu\/wp-content\/uploads\/2020\/11\/+otf\/324w\/49254651238025021883757061545814313649723083212715o.jpg 324w, https:\/\/magyarnemzet.hu\/wp-content\/uploads\/2020\/11\/+otf\/691w\/49254651238025021883757061545814313649723083212715o.jpg 691w, https:\/\/magyarnemzet.hu\/wp-content\/uploads\/2020\/11\/+otf\/839w\/49254651238025021883757061545814313649723083212715o.jpg 839w, https:\/\/magyarnemzet.hu\/wp-content\/uploads\/2020\/11\/+otf\/587w\/49254651238025021883757061545814313649723083212715o.jpg 587w, https:\/\/magyarnemzet.hu\/wp-content\/uploads\/2020\/11\/+otf\/746w\/49254651238025021883757061545814313649723083212715o.jpg 746w\" alt=\"\" aria-describedby=\"caption-attachment-8927462\" \/><\/p>\n<p id=\"caption-attachment-8927462\" class=\"wp-caption-text\">The campaign may continue and the \u00cdrdal\u00e1.hu team is sure that they can achieve success<br \/>\nFot\u00f3: Facebook\/\u00cdrdal\u00e1.hu<\/p>\n<\/div>\n<p>L\u00e1szl\u00f3 Pesty explained that during the second round of the campaign\u2019s closing period which ended on November 7, the campaign focused on a handful of countries: Croatia, Slovenia, Spain, Lithuania, Belgium, Sweden, Latvia, Estonia, Ireland, Austria, Italy and Poland. \u201eItaly and Poland were the first countries to drop out from among our targets because, despite collaboration with large-scale social movements, labor unions and the former boxer Dariusz Michalczewski, these connections didn\u2019t achieve the mobilization we were hoping for\u201d described the campaign manager. He added that they intended to collaborate with a painter in Ireland with over 300,000 followers on social media, but in the end, it didn\u2019t work out.<\/p>\n<blockquote><p><i>They expected to be able to arouse sympathy among the Irish given the situation in Northern Ireland, but it didn\u2019t bring the desired results.<\/i><\/p><\/blockquote>\n<p>According to him, they worked closely with Austria\u2019s local Hungarian communities and organizations, but they weren\u2019t able to sufficiently mobilize this country either. \u201cIn the next round of cuts, Estonia and Latvia fell out. The intimidated Russian minority in Estonia didn\u2019t dare to work together with us; in Latvia however, the failure is somewhat inexplicable. One thing\u2019s for sure: when YouTube blocked our video campaign in the Baltics our fate was sealed. Regardless of our quick switch to the Russian VK platform within only three hours, it wasn\u2019t enough\u201d stated L\u00e1szl\u00f3 Pesty.<\/p>\n<blockquote><p><i>In the final period our campaigning team focused on Croatia, Lithuania, Slovenia, Spain, Belgium, and Sweden\u2014finding success with the first two countries.<\/i><\/p><\/blockquote>\n<p>\u201eIn Sweden the local Hungarian diaspora and the Sami minority helped out the campaign, and both contributed a lot to the cause. We began working together with Swedish swimmer Sarah Sj\u00f6str\u00f6m \u2013 one-time Olympic, seven-time World, and ten-time European swimming champion \u2013 but in the end, we weren\u2019t able to bring our collaboration to fruition\u201d emphasized Pesty. He also elaborated on the Spanish situation: they cooperated with Basque and Catalan labor unions as well as with Carles Puigdemont\u2019s party, the European Democratic Party of Catalonia, yet it was a big drawback that they couldn\u2019t personally campaign with the hugely popular Catalan politician. The campaign manager believes this would\u2019ve been quite successful.<\/p>\n<div id=\"attachment_8931326\" class=\"wp-caption alignnone size-medium wp-image-8931326 ewebResponsiveImage ewebCol-xs-12 ewebCol-sm-12 ewebCol-md-12 ewebCol-lg-12\"><img class=\"size-medium wp-image-8931326 ewebResponsiveImage ewebCol-xs-12 ewebCol-sm-12 ewebCol-md-12 ewebCol-lg-12\" sizes=\"(max-width: 980px) calc( (100vw * 0.86) \/ 12 * 12), (max-width: 1360px) calc( (100vw * 0.86 * 0.68) \/ 12 * 12), 746px\" srcset=\"https:\/\/magyarnemzet.hu\/wp-content\/uploads\/2020\/11\/+otf\/275w\/5002449KEPA20141208001.jpg 275w, https:\/\/magyarnemzet.hu\/wp-content\/uploads\/2020\/11\/+otf\/311w\/5002449KEPA20141208001.jpg 311w, https:\/\/magyarnemzet.hu\/wp-content\/uploads\/2020\/11\/+otf\/324w\/5002449KEPA20141208001.jpg 324w, https:\/\/magyarnemzet.hu\/wp-content\/uploads\/2020\/11\/+otf\/691w\/5002449KEPA20141208001.jpg 691w, https:\/\/magyarnemzet.hu\/wp-content\/uploads\/2020\/11\/+otf\/839w\/5002449KEPA20141208001.jpg 839w, https:\/\/magyarnemzet.hu\/wp-content\/uploads\/2020\/11\/+otf\/587w\/5002449KEPA20141208001.jpg 587w, https:\/\/magyarnemzet.hu\/wp-content\/uploads\/2020\/11\/+otf\/746w\/5002449KEPA20141208001.jpg 746w\" alt=\"\" aria-describedby=\"caption-attachment-8931326\" \/><\/p>\n<p id=\"caption-attachment-8931326\" class=\"wp-caption-text\">Katinka Hossz\u00fa has already helped immensely in the Szekler\u2019s situation, Sarah Sj\u00f6str\u00f6m (middle) may bring success in Sweden<br \/>\nFot\u00f3: MTI\/EPA<\/p>\n<\/div>\n<p>L\u00e1szl\u00f3 Pesty said, in connection with the potential extension of the petition\u2019s deadline: we will focus on those five countries (Slovenia, Spain, Belgium, Sweden and Latvia) and there is nothing else to do than complete the work that we couldn\u2019t finish in the second round due to time constraints. He is sure that if Sarah Sj\u00f6str\u00f6m and Carles Puigdemon join the campaign, this will, in and of itself, get the last two countries and thereby bring success to the Szekler Petition.<\/p>\n<blockquote><p><i>Though the signatures deadline ended on Saturday at midnight, information consistently suggests that the initiative may be continued. <\/i><\/p><\/blockquote>\n<p>They expect that Brussels will again postpone the deadline which will most likely be pushed back three months to February 7th; the next few months will be essential to obtain the remaining two countries so that the initiative reaches the lawful thresholds. This is also hinted at by the fact that the incoming signatures counter on the main website has not yet stopped \u2013 this is what happened on May 7th at the end of the first round. The Szekler petition can be supported at this very moment; many are taking advantage of this opportunity as signatures continue to accumulate.<\/p>\n<p>The stakes of the initiative lie in one of the European Union\u2019s largest funding structures, that cohesion policy should give priority to regions that are distinguished from the surrounding area by nationality, ethnicity, culture, religion, and language.<\/p>\n<p>(<a href=\"https:\/\/magyarnemzet.hu\/in-english\/famous-figures-get-behind-the-szekler-initiative-8931269\/\">Magyar Nemzet<\/a>)<\/p>\n","protected":false},"excerpt":{"rendered":"<div><strong>The teams from \u00cdrdal\u00e1.hu and Gerilla.hu already have plans for the continuation of the Szekler\u2019s European Citizen\u2019s Initiative as they wait for Brussels\u2019 approval to continue the campaign. The team expects to concentrate on five countries which will hopefully bring the Szekler\u2019s initiative to fruition; the campaign has already begun preparations. The Szekler Initiative seeks to bring special attention from the EU to national, ethnic, cultural, religious, and linguistic minorities.\u00a0<\/strong><\/div>\n<div><\/div>\n<div class=\"more-link-wrap\"> <a href=\"https:\/\/www.bocskairadio.org\/en\/famous-figures-get-behind-the-szekler-initiative\/\" class=\"more-link\"><span aria-label=\"Continue reading Famous figures get behind the Szekler Initiative\">(more&hellip;)<\/span><\/a><\/div>\n","protected":false},"author":33,"featured_media":1061317,"comment_status":"open","ping_status":"open","sticky":false,"template":"","format":"standard","meta":{"footnotes":""},"categories":[166],"tags":[],"class_list":["post-1061332","post","type-post","status-publish","format-standard","has-post-thumbnail","category-news"],"yoast_head":"<!-- This site is optimized with the Yoast SEO plugin v27.5 - https:\/\/yoast.com\/product\/yoast-seo-wordpress\/ -->\n<title>Famous figures get behind the Szekler Initiative &#8211; Bocskai R\u00e1di\u00f3<\/title>\n<meta name=\"robots\" content=\"index, follow, max-snippet:-1, max-image-preview:large, max-video-preview:-1\" \/>\n<link rel=\"canonical\" href=\"https:\/\/www.bocskairadio.org\/en\/famous-figures-get-behind-the-szekler-initiative\/\" \/>\n<meta property=\"og:locale\" content=\"en_US\" \/>\n<meta property=\"og:type\" content=\"article\" \/>\n<meta property=\"og:title\" content=\"Famous figures get behind the Szekler Initiative &#8211; Bocskai R\u00e1di\u00f3\" \/>\n<meta property=\"og:description\" content=\"The teams from \u00cdrdal\u00e1.hu and Gerilla.hu already have plans for the continuation of the Szekler\u2019s European Citizen\u2019s Initiative as they wait for Brussels\u2019 approval to continue the campaign. The team expects to concentrate on five countries which will hopefully bring the Szekler\u2019s initiative to fruition; the campaign has already begun preparations. The Szekler Initiative seeks to bring special attention from the EU to national, ethnic, cultural, religious, and linguistic minorities.\u00a0   (more&hellip;)\" \/>\n<meta property=\"og:url\" content=\"https:\/\/www.bocskairadio.org\/en\/famous-figures-get-behind-the-szekler-initiative\/\" \/>\n<meta property=\"og:site_name\" content=\"Bocskai R\u00e1di\u00f3\" \/>\n<meta property=\"article:publisher\" content=\"https:\/\/www.facebook.com\/BocskaiRadio\" \/>\n<meta property=\"article:published_time\" content=\"2020-11-10T10:44:04+00:00\" \/>\n<meta property=\"og:image\" content=\"https:\/\/www.bocskairadio.org\/wp-content\/uploads\/2020\/11\/signiteuropecom-molino.jpg\" \/>\n\t<meta property=\"og:image:width\" content=\"1280\" \/>\n\t<meta property=\"og:image:height\" content=\"720\" \/>\n\t<meta property=\"og:image:type\" content=\"image\/jpeg\" \/>\n<meta name=\"author\" content=\"Bocskai R\u00e1di\u00f3 Sajt\u00f3figyel\u0151\" \/>\n<meta name=\"twitter:card\" content=\"summary_large_image\" \/>\n<meta name=\"twitter:creator\" content=\"@BocskaiRadio\" \/>\n<meta name=\"twitter:site\" content=\"@BocskaiRadio\" \/>\n<script type=\"application\/ld+json\" class=\"yoast-schema-graph\">{\"@context\":\"https:\\\/\\\/schema.org\",\"@graph\":[{\"@type\":\"Article\",\"@id\":\"https:\\\/\\\/www.bocskairadio.org\\\/en\\\/famous-figures-get-behind-the-szekler-initiative\\\/#article\",\"isPartOf\":{\"@id\":\"https:\\\/\\\/www.bocskairadio.org\\\/en\\\/famous-figures-get-behind-the-szekler-initiative\\\/\"},\"author\":{\"name\":\"Bocskai R\u00e1di\u00f3 Sajt\u00f3figyel\u0151\",\"@id\":\"https:\\\/\\\/www.bocskairadio.org\\\/en\\\/#\\\/schema\\\/person\\\/315c6a7157660526a98013de468aea9b\"},\"headline\":\"Famous figures get behind the Szekler Initiative\",\"datePublished\":\"2020-11-10T10:44:04+00:00\",\"mainEntityOfPage\":{\"@id\":\"https:\\\/\\\/www.bocskairadio.org\\\/en\\\/famous-figures-get-behind-the-szekler-initiative\\\/\"},\"wordCount\":876,\"commentCount\":0,\"publisher\":{\"@id\":\"https:\\\/\\\/www.bocskairadio.org\\\/en\\\/#organization\"},\"image\":{\"@id\":\"https:\\\/\\\/www.bocskairadio.org\\\/en\\\/famous-figures-get-behind-the-szekler-initiative\\\/#primaryimage\"},\"thumbnailUrl\":\"https:\\\/\\\/www.bocskairadio.org\\\/wp-content\\\/uploads\\\/2020\\\/11\\\/signiteuropecom-molino.jpg\",\"articleSection\":[\"News\"],\"inLanguage\":\"en-US\",\"potentialAction\":[{\"@type\":\"CommentAction\",\"name\":\"Comment\",\"target\":[\"https:\\\/\\\/www.bocskairadio.org\\\/en\\\/famous-figures-get-behind-the-szekler-initiative\\\/#respond\"]}]},{\"@type\":\"WebPage\",\"@id\":\"https:\\\/\\\/www.bocskairadio.org\\\/en\\\/famous-figures-get-behind-the-szekler-initiative\\\/\",\"url\":\"https:\\\/\\\/www.bocskairadio.org\\\/en\\\/famous-figures-get-behind-the-szekler-initiative\\\/\",\"name\":\"Famous figures get behind the Szekler Initiative &#8211; Bocskai R\u00e1di\u00f3\",\"isPartOf\":{\"@id\":\"https:\\\/\\\/www.bocskairadio.org\\\/en\\\/#website\"},\"primaryImageOfPage\":{\"@id\":\"https:\\\/\\\/www.bocskairadio.org\\\/en\\\/famous-figures-get-behind-the-szekler-initiative\\\/#primaryimage\"},\"image\":{\"@id\":\"https:\\\/\\\/www.bocskairadio.org\\\/en\\\/famous-figures-get-behind-the-szekler-initiative\\\/#primaryimage\"},\"thumbnailUrl\":\"https:\\\/\\\/www.bocskairadio.org\\\/wp-content\\\/uploads\\\/2020\\\/11\\\/signiteuropecom-molino.jpg\",\"datePublished\":\"2020-11-10T10:44:04+00:00\",\"inLanguage\":\"en-US\",\"potentialAction\":[{\"@type\":\"ReadAction\",\"target\":[\"https:\\\/\\\/www.bocskairadio.org\\\/en\\\/famous-figures-get-behind-the-szekler-initiative\\\/\"]}]},{\"@type\":\"ImageObject\",\"inLanguage\":\"en-US\",\"@id\":\"https:\\\/\\\/www.bocskairadio.org\\\/en\\\/famous-figures-get-behind-the-szekler-initiative\\\/#primaryimage\",\"url\":\"https:\\\/\\\/www.bocskairadio.org\\\/wp-content\\\/uploads\\\/2020\\\/11\\\/signiteuropecom-molino.jpg\",\"contentUrl\":\"https:\\\/\\\/www.bocskairadio.org\\\/wp-content\\\/uploads\\\/2020\\\/11\\\/signiteuropecom-molino.jpg\",\"width\":1280,\"height\":720},{\"@type\":\"WebSite\",\"@id\":\"https:\\\/\\\/www.bocskairadio.org\\\/en\\\/#website\",\"url\":\"https:\\\/\\\/www.bocskairadio.org\\\/en\\\/\",\"name\":\"Bocskai R\u00e1di\u00f3\",\"description\":\"The Voice of Cleveland Hungarians\",\"publisher\":{\"@id\":\"https:\\\/\\\/www.bocskairadio.org\\\/en\\\/#organization\"},\"potentialAction\":[{\"@type\":\"SearchAction\",\"target\":{\"@type\":\"EntryPoint\",\"urlTemplate\":\"https:\\\/\\\/www.bocskairadio.org\\\/en\\\/?s={search_term_string}\"},\"query-input\":{\"@type\":\"PropertyValueSpecification\",\"valueRequired\":true,\"valueName\":\"search_term_string\"}}],\"inLanguage\":\"en-US\"},{\"@type\":\"Organization\",\"@id\":\"https:\\\/\\\/www.bocskairadio.org\\\/en\\\/#organization\",\"name\":\"Bocskai R\u00e1di\u00f3\",\"url\":\"https:\\\/\\\/www.bocskairadio.org\\\/en\\\/\",\"logo\":{\"@type\":\"ImageObject\",\"inLanguage\":\"en-US\",\"@id\":\"https:\\\/\\\/www.bocskairadio.org\\\/en\\\/#\\\/schema\\\/logo\\\/image\\\/\",\"url\":\"https:\\\/\\\/www.bocskairadio.org\\\/wp-content\\\/uploads\\\/2016\\\/11\\\/var3_basic.jpg\",\"contentUrl\":\"https:\\\/\\\/www.bocskairadio.org\\\/wp-content\\\/uploads\\\/2016\\\/11\\\/var3_basic.jpg\",\"width\":500,\"height\":500,\"caption\":\"Bocskai R\u00e1di\u00f3\"},\"image\":{\"@id\":\"https:\\\/\\\/www.bocskairadio.org\\\/en\\\/#\\\/schema\\\/logo\\\/image\\\/\"},\"sameAs\":[\"https:\\\/\\\/www.facebook.com\\\/BocskaiRadio\",\"https:\\\/\\\/x.com\\\/BocskaiRadio\",\"https:\\\/\\\/www.instagram.com\\\/bocskairadio\\\/\",\"https:\\\/\\\/www.youtube.com\\\/user\\\/bocskairadio\",\"https:\\\/\\\/hu.wikipedia.org\\\/wiki\\\/Bocskai_R\u00e1di\u00f3\"]},{\"@type\":\"Person\",\"@id\":\"https:\\\/\\\/www.bocskairadio.org\\\/en\\\/#\\\/schema\\\/person\\\/315c6a7157660526a98013de468aea9b\",\"name\":\"Bocskai R\u00e1di\u00f3 Sajt\u00f3figyel\u0151\",\"image\":{\"@type\":\"ImageObject\",\"inLanguage\":\"en-US\",\"@id\":\"https:\\\/\\\/secure.gravatar.com\\\/avatar\\\/172f6f7512ad482be66da86e5fa9a1801ba4dfc3c51d3e9bc67bb6e90cdacea8?s=96&d=mm&r=g\",\"url\":\"https:\\\/\\\/secure.gravatar.com\\\/avatar\\\/172f6f7512ad482be66da86e5fa9a1801ba4dfc3c51d3e9bc67bb6e90cdacea8?s=96&d=mm&r=g\",\"contentUrl\":\"https:\\\/\\\/secure.gravatar.com\\\/avatar\\\/172f6f7512ad482be66da86e5fa9a1801ba4dfc3c51d3e9bc67bb6e90cdacea8?s=96&d=mm&r=g\",\"caption\":\"Bocskai R\u00e1di\u00f3 Sajt\u00f3figyel\u0151\"},\"sameAs\":[\"https:\\\/\\\/www.bocskairadio.org\"],\"url\":\"https:\\\/\\\/www.bocskairadio.org\\\/en\\\/author\\\/sajtofigyelo\\\/\"}]}<\/script>\n<!-- \/ Yoast SEO plugin. -->","yoast_head_json":{"title":"Famous figures get behind the Szekler Initiative &#8211; Bocskai R\u00e1di\u00f3","robots":{"index":"index","follow":"follow","max-snippet":"max-snippet:-1","max-image-preview":"max-image-preview:large","max-video-preview":"max-video-preview:-1"},"canonical":"https:\/\/www.bocskairadio.org\/en\/famous-figures-get-behind-the-szekler-initiative\/","og_locale":"en_US","og_type":"article","og_title":"Famous figures get behind the Szekler Initiative &#8211; Bocskai R\u00e1di\u00f3","og_description":"The teams from \u00cdrdal\u00e1.hu and Gerilla.hu already have plans for the continuation of the Szekler\u2019s European Citizen\u2019s Initiative as they wait for Brussels\u2019 approval to continue the campaign. The team expects to concentrate on five countries which will hopefully bring the Szekler\u2019s initiative to fruition; the campaign has already begun preparations. The Szekler Initiative seeks to bring special attention from the EU to national, ethnic, cultural, religious, and linguistic minorities.\u00a0   (more&hellip;)","og_url":"https:\/\/www.bocskairadio.org\/en\/famous-figures-get-behind-the-szekler-initiative\/","og_site_name":"Bocskai R\u00e1di\u00f3","article_publisher":"https:\/\/www.facebook.com\/BocskaiRadio","article_published_time":"2020-11-10T10:44:04+00:00","og_image":[{"width":1280,"height":720,"url":"https:\/\/www.bocskairadio.org\/wp-content\/uploads\/2020\/11\/signiteuropecom-molino.jpg","type":"image\/jpeg"}],"author":"Bocskai R\u00e1di\u00f3 Sajt\u00f3figyel\u0151","twitter_card":"summary_large_image","twitter_creator":"@BocskaiRadio","twitter_site":"@BocskaiRadio","schema":{"@context":"https:\/\/schema.org","@graph":[{"@type":"Article","@id":"https:\/\/www.bocskairadio.org\/en\/famous-figures-get-behind-the-szekler-initiative\/#article","isPartOf":{"@id":"https:\/\/www.bocskairadio.org\/en\/famous-figures-get-behind-the-szekler-initiative\/"},"author":{"name":"Bocskai R\u00e1di\u00f3 Sajt\u00f3figyel\u0151","@id":"https:\/\/www.bocskairadio.org\/en\/#\/schema\/person\/315c6a7157660526a98013de468aea9b"},"headline":"Famous figures get behind the Szekler Initiative","datePublished":"2020-11-10T10:44:04+00:00","mainEntityOfPage":{"@id":"https:\/\/www.bocskairadio.org\/en\/famous-figures-get-behind-the-szekler-initiative\/"},"wordCount":876,"commentCount":0,"publisher":{"@id":"https:\/\/www.bocskairadio.org\/en\/#organization"},"image":{"@id":"https:\/\/www.bocskairadio.org\/en\/famous-figures-get-behind-the-szekler-initiative\/#primaryimage"},"thumbnailUrl":"https:\/\/www.bocskairadio.org\/wp-content\/uploads\/2020\/11\/signiteuropecom-molino.jpg","articleSection":["News"],"inLanguage":"en-US","potentialAction":[{"@type":"CommentAction","name":"Comment","target":["https:\/\/www.bocskairadio.org\/en\/famous-figures-get-behind-the-szekler-initiative\/#respond"]}]},{"@type":"WebPage","@id":"https:\/\/www.bocskairadio.org\/en\/famous-figures-get-behind-the-szekler-initiative\/","url":"https:\/\/www.bocskairadio.org\/en\/famous-figures-get-behind-the-szekler-initiative\/","name":"Famous figures get behind the Szekler Initiative &#8211; Bocskai R\u00e1di\u00f3","isPartOf":{"@id":"https:\/\/www.bocskairadio.org\/en\/#website"},"primaryImageOfPage":{"@id":"https:\/\/www.bocskairadio.org\/en\/famous-figures-get-behind-the-szekler-initiative\/#primaryimage"},"image":{"@id":"https:\/\/www.bocskairadio.org\/en\/famous-figures-get-behind-the-szekler-initiative\/#primaryimage"},"thumbnailUrl":"https:\/\/www.bocskairadio.org\/wp-content\/uploads\/2020\/11\/signiteuropecom-molino.jpg","datePublished":"2020-11-10T10:44:04+00:00","inLanguage":"en-US","potentialAction":[{"@type":"ReadAction","target":["https:\/\/www.bocskairadio.org\/en\/famous-figures-get-behind-the-szekler-initiative\/"]}]},{"@type":"ImageObject","inLanguage":"en-US","@id":"https:\/\/www.bocskairadio.org\/en\/famous-figures-get-behind-the-szekler-initiative\/#primaryimage","url":"https:\/\/www.bocskairadio.org\/wp-content\/uploads\/2020\/11\/signiteuropecom-molino.jpg","contentUrl":"https:\/\/www.bocskairadio.org\/wp-content\/uploads\/2020\/11\/signiteuropecom-molino.jpg","width":1280,"height":720},{"@type":"WebSite","@id":"https:\/\/www.bocskairadio.org\/en\/#website","url":"https:\/\/www.bocskairadio.org\/en\/","name":"Bocskai R\u00e1di\u00f3","description":"The Voice of Cleveland Hungarians","publisher":{"@id":"https:\/\/www.bocskairadio.org\/en\/#organization"},"potentialAction":[{"@type":"SearchAction","target":{"@type":"EntryPoint","urlTemplate":"https:\/\/www.bocskairadio.org\/en\/?s={search_term_string}"},"query-input":{"@type":"PropertyValueSpecification","valueRequired":true,"valueName":"search_term_string"}}],"inLanguage":"en-US"},{"@type":"Organization","@id":"https:\/\/www.bocskairadio.org\/en\/#organization","name":"Bocskai R\u00e1di\u00f3","url":"https:\/\/www.bocskairadio.org\/en\/","logo":{"@type":"ImageObject","inLanguage":"en-US","@id":"https:\/\/www.bocskairadio.org\/en\/#\/schema\/logo\/image\/","url":"https:\/\/www.bocskairadio.org\/wp-content\/uploads\/2016\/11\/var3_basic.jpg","contentUrl":"https:\/\/www.bocskairadio.org\/wp-content\/uploads\/2016\/11\/var3_basic.jpg","width":500,"height":500,"caption":"Bocskai R\u00e1di\u00f3"},"image":{"@id":"https:\/\/www.bocskairadio.org\/en\/#\/schema\/logo\/image\/"},"sameAs":["https:\/\/www.facebook.com\/BocskaiRadio","https:\/\/x.com\/BocskaiRadio","https:\/\/www.instagram.com\/bocskairadio\/","https:\/\/www.youtube.com\/user\/bocskairadio","https:\/\/hu.wikipedia.org\/wiki\/Bocskai_R\u00e1di\u00f3"]},{"@type":"Person","@id":"https:\/\/www.bocskairadio.org\/en\/#\/schema\/person\/315c6a7157660526a98013de468aea9b","name":"Bocskai R\u00e1di\u00f3 Sajt\u00f3figyel\u0151","image":{"@type":"ImageObject","inLanguage":"en-US","@id":"https:\/\/secure.gravatar.com\/avatar\/172f6f7512ad482be66da86e5fa9a1801ba4dfc3c51d3e9bc67bb6e90cdacea8?s=96&d=mm&r=g","url":"https:\/\/secure.gravatar.com\/avatar\/172f6f7512ad482be66da86e5fa9a1801ba4dfc3c51d3e9bc67bb6e90cdacea8?s=96&d=mm&r=g","contentUrl":"https:\/\/secure.gravatar.com\/avatar\/172f6f7512ad482be66da86e5fa9a1801ba4dfc3c51d3e9bc67bb6e90cdacea8?s=96&d=mm&r=g","caption":"Bocskai R\u00e1di\u00f3 Sajt\u00f3figyel\u0151"},"sameAs":["https:\/\/www.bocskairadio.org"],"url":"https:\/\/www.bocskairadio.org\/en\/author\/sajtofigyelo\/"}]}},"_links":{"self":[{"href":"https:\/\/www.bocskairadio.org\/en\/wp-json\/wp\/v2\/posts\/1061332","targetHints":{"allow":["GET"]}}],"collection":[{"href":"https:\/\/www.bocskairadio.org\/en\/wp-json\/wp\/v2\/posts"}],"about":[{"href":"https:\/\/www.bocskairadio.org\/en\/wp-json\/wp\/v2\/types\/post"}],"author":[{"embeddable":true,"href":"https:\/\/www.bocskairadio.org\/en\/wp-json\/wp\/v2\/users\/33"}],"replies":[{"embeddable":true,"href":"https:\/\/www.bocskairadio.org\/en\/wp-json\/wp\/v2\/comments?post=1061332"}],"version-history":[{"count":0,"href":"https:\/\/www.bocskairadio.org\/en\/wp-json\/wp\/v2\/posts\/1061332\/revisions"}],"wp:featuredmedia":[{"embeddable":true,"href":"https:\/\/www.bocskairadio.org\/en\/wp-json\/wp\/v2\/media\/1061317"}],"wp:attachment":[{"href":"https:\/\/www.bocskairadio.org\/en\/wp-json\/wp\/v2\/media?parent=1061332"}],"wp:term":[{"taxonomy":"category","embeddable":true,"href":"https:\/\/www.bocskairadio.org\/en\/wp-json\/wp\/v2\/categories?post=1061332"},{"taxonomy":"post_tag","embeddable":true,"href":"https:\/\/www.bocskairadio.org\/en\/wp-json\/wp\/v2\/tags?post=1061332"}],"curies":[{"name":"wp","href":"https:\/\/api.w.org\/{rel}","templated":true}]}}