{"id":1066396,"date":"2021-05-06T16:52:03","date_gmt":"2021-05-06T20:52:03","guid":{"rendered":"https:\/\/www.bocskairadio.org\/?p=1066396"},"modified":"2021-05-06T16:52:03","modified_gmt":"2021-05-06T20:52:03","slug":"orban-liberal-democracy-has-become-liberal-non-democracy","status":"publish","type":"post","link":"https:\/\/www.bocskairadio.org\/en\/orban-liberal-democracy-has-become-liberal-non-democracy\/","title":{"rendered":"Orb\u00e1n: Liberal Democracy Has Become &#8216;Liberal Non-Democracy&#8217;"},"content":{"rendered":"<p><strong>The concept of liberal democracy has ceased to exist and has become \u201cliberal non-democracy\u201d, Prime Minister Viktor Orb\u00e1n said in an <a href=\"https:\/\/www.postoj.sk\/78144\/dnes-uz-neexistuje-liberalna-demokracia-s-liberalmi-vediem-zapas-o-slobodu\" target=\"_blank\" rel=\"noopener noreferrer\">interview<\/a> to Slovak news portal postoj.sk late on Wednesday.<\/strong><\/p>\n<p><!--more--><\/p>\n<p>In the interview, the prime minister discussed issues such as the future of the European Union and central Europe, migration and Covid-19 vaccines.<\/p>\n<p>Asked about the \u201cbuilding of an illiberal country\u201d, Orb\u00e1n said that the concept of liberal democracy had ceased to exist and had been replaced by \u201cliberal non-democracy\u201d. This form of governance, he said, \u201cincludes liberalism, but doesn\u2019t include democracy\u201d. Liberals, he said, strived for a hegemony of opinion, which they aimed to achieve through the use of political correctness by \u201cstigmatising conservatives and Christian Democrats and sidelining them\u201d.<\/p>\n<blockquote><p>\u201cI\u2019m fighting liberals for freedom,\u201d<\/p><\/blockquote>\n<p>Orb\u00e1n said.<\/p>\n<blockquote><p>\u201cWhereas I\u2019m on the side of freedom, they\u2019re on the side of the hegemony of opinion.\u201d<\/p><\/blockquote>\n<p>Concerning his ruling Fidesz party\u2019s <a href=\"https:\/\/hungarytoday.hu\/fidesz-orban-quits-epp-european-peoples-party\/\" target=\"_blank\" rel=\"noopener noreferrer\">recent departure<\/a> from the European People\u2019s Party (EPP) and their future goals in European politics, Orb\u00e1n said Fidesz wanted to \u201cchange Brussels\u201d. In its current form, Brussels is not capable of addressing people\u2019s problems, he said. Orb\u00e1n said this had been proven by both the migration crisis and the 2008 financial crisis.<\/p>\n<blockquote><p>\u201cWe wanted to change Brussels together with the EPP, but they weren\u2019t prepared to do it,\u201d<\/p><\/blockquote>\n<p>Orb\u00e1n said.<\/p>\n<blockquote><p>\u201cNow we have to establish a new political community that can influence Brussels.\u201d<\/p><\/blockquote>\n<p>As regards the differences between Hungary and Germany\u2019s positions on migration, the prime minister said Germany believed that when native Germans who \u201care beginning to leave Christian values behind\u201d begin \u201cmixing with \u2026 Muslim migrants\u201d, they would create a new society. He said he disagreed with this view, arguing that migration would lead to the emergence of parallel societies and the problems that came with it. \u201cI don\u2019t wish this on my own country,\u201d he said.<\/p>\n<p>Responding to a question in connection with EU institutions, Orb\u00e1n said \u201cthere are components in the European Union that would need to be strengthened\u201d, adding that the opposite was true as regards the European Parliament. The EP, he said, \u201cis playing a particularly harmful role to the extent that it uses parties as the basis of European politics\u201d, and, Orb\u00e1n added, the European left \u201cis using it [the EP] to attack the sovereignty of nation states\u201d.<\/p>\n<blockquote><p>The question is not whether to say \u2018yes\u2019 or \u2018no\u2019 to the EU, but rather what kind of EU it is we want\u201d<\/p><\/blockquote>\n<p>Asked about the EU\u2019s future, Orb\u00e1n said it was certain that no unified European people would be formed on the continent by 2030. \u201cThere will still be Hungarians, Slovaks, Germans and French living here, as there will also be nations and states that will be cooperating, the form of which they will certainly figure out,\u201d he said. \u201cBut it is, however, a question whether the post-Christian and post-national societies will be able to build a stable western Europe.\u201d On this note, the prime minister said he was \u201cmore firmly convinced about the future of central Europe\u201d.<\/p>\n<blockquote><p>\u201cI strongly believe that our children will live much better than us,\u201d<\/p><\/blockquote>\n<p>he said.<\/p>\n<blockquote><p>\u201cAnd we are going to live a great central European renaissance in terms of the economy, demography, security policy and culture.\u201d<\/p><\/blockquote>\n<p>In the interview Orb\u00e1n also discussed the EU\u2019s policy towards Russia, calling it simple to the effect that it is defined around \u201csaying \u2018yes\u2019 or \u2018no&#8217;\u201d. \u201cBut we in this regard need to pursue a policy that is more subtle; one that understands that Russia is a very powerful state, a state that also respects power,\u201d Orb\u00e1n said.<\/p>\n<p>Asked about Hungary\u2019s policy on Covid-19 vaccines, Orb\u00e1n said it had been clear as early as last spring that demand for the jabs would exceed supply. Since Hungary has good relations with both Russia and China, the government had enquired ahead of time as to whether they would be able to supply vaccines to Hungary. The Russian and Chinese vaccines in use in Hungary today had to be approved by the Hungarian authorities, he noted. Orb\u00e1n added that Hungary is helping Slovakia with the assessment of the Russian Sputnik V vaccine.<\/p>\n<p>(<a href=\"https:\/\/hungarytoday.hu\/orban-liberal-democracy-liberalism-eu-epp-migration\/\">Hungary Today<\/a>)<\/p>\n","protected":false},"excerpt":{"rendered":"<p><strong>The concept of liberal democracy has ceased to exist and has become \u201cliberal non-democracy\u201d, Prime Minister Viktor Orb\u00e1n said in an <a href=\"https:\/\/www.postoj.sk\/78144\/dnes-uz-neexistuje-liberalna-demokracia-s-liberalmi-vediem-zapas-o-slobodu\" target=\"_blank\" rel=\"noopener noreferrer\">interview<\/a> to Slovak news portal postoj.sk late on Wednesday.<\/strong><\/p>\n<div class=\"more-link-wrap\"> <a href=\"https:\/\/www.bocskairadio.org\/en\/orban-liberal-democracy-has-become-liberal-non-democracy\/\" class=\"more-link\"><span aria-label=\"Continue reading Orb\u00e1n: Liberal Democracy Has Become &#8216;Liberal Non-Democracy&#8217;\">(more&hellip;)<\/span><\/a><\/div>\n","protected":false},"author":33,"featured_media":1066397,"comment_status":"open","ping_status":"open","sticky":false,"template":"","format":"standard","meta":{"footnotes":""},"categories":[166],"tags":[],"class_list":["post-1066396","post","type-post","status-publish","format-standard","has-post-thumbnail","category-news"],"yoast_head":"<!-- This site is optimized with the Yoast SEO plugin v27.5 - https:\/\/yoast.com\/product\/yoast-seo-wordpress\/ -->\n<title>Orb\u00e1n: Liberal Democracy Has Become &#039;Liberal Non-Democracy&#039; &#8211; Bocskai R\u00e1di\u00f3<\/title>\n<meta name=\"robots\" content=\"index, follow, max-snippet:-1, max-image-preview:large, max-video-preview:-1\" \/>\n<link rel=\"canonical\" href=\"https:\/\/www.bocskairadio.org\/en\/orban-liberal-democracy-has-become-liberal-non-democracy\/\" \/>\n<meta property=\"og:locale\" content=\"en_US\" \/>\n<meta property=\"og:type\" content=\"article\" \/>\n<meta property=\"og:title\" content=\"Orb\u00e1n: Liberal Democracy Has Become &#039;Liberal Non-Democracy&#039; &#8211; Bocskai R\u00e1di\u00f3\" \/>\n<meta property=\"og:description\" content=\"The concept of liberal democracy has ceased to exist and has become \u201cliberal non-democracy\u201d, Prime Minister Viktor Orb\u00e1n said in an interview to Slovak news portal postoj.sk late on Wednesday.   (more&hellip;)\" \/>\n<meta property=\"og:url\" content=\"https:\/\/www.bocskairadio.org\/en\/orban-liberal-democracy-has-become-liberal-non-democracy\/\" \/>\n<meta property=\"og:site_name\" content=\"Bocskai R\u00e1di\u00f3\" \/>\n<meta property=\"article:publisher\" content=\"https:\/\/www.facebook.com\/BocskaiRadio\" \/>\n<meta property=\"article:published_time\" content=\"2021-05-06T20:52:03+00:00\" \/>\n<meta property=\"og:image\" content=\"https:\/\/cdn.bocskairadio.org\/wp-content\/uploads\/2021\/05\/06165254\/orban-vikor-interju-szlovak-ujsagirok.jpg\" \/>\n\t<meta property=\"og:image:width\" content=\"1746\" \/>\n\t<meta property=\"og:image:height\" content=\"1164\" \/>\n\t<meta property=\"og:image:type\" content=\"image\/jpeg\" \/>\n<meta name=\"author\" content=\"Bocskai R\u00e1di\u00f3 Sajt\u00f3figyel\u0151\" \/>\n<meta name=\"twitter:card\" content=\"summary_large_image\" \/>\n<meta name=\"twitter:creator\" content=\"@BocskaiRadio\" \/>\n<meta name=\"twitter:site\" content=\"@BocskaiRadio\" \/>\n<script type=\"application\/ld+json\" class=\"yoast-schema-graph\">{\"@context\":\"https:\\\/\\\/schema.org\",\"@graph\":[{\"@type\":\"Article\",\"@id\":\"https:\\\/\\\/www.bocskairadio.org\\\/en\\\/orban-liberal-democracy-has-become-liberal-non-democracy\\\/#article\",\"isPartOf\":{\"@id\":\"https:\\\/\\\/www.bocskairadio.org\\\/en\\\/orban-liberal-democracy-has-become-liberal-non-democracy\\\/\"},\"author\":{\"name\":\"Bocskai R\u00e1di\u00f3 Sajt\u00f3figyel\u0151\",\"@id\":\"https:\\\/\\\/www.bocskairadio.org\\\/en\\\/#\\\/schema\\\/person\\\/315c6a7157660526a98013de468aea9b\"},\"headline\":\"Orb\u00e1n: Liberal Democracy Has Become &#8216;Liberal Non-Democracy&#8217;\",\"datePublished\":\"2021-05-06T20:52:03+00:00\",\"mainEntityOfPage\":{\"@id\":\"https:\\\/\\\/www.bocskairadio.org\\\/en\\\/orban-liberal-democracy-has-become-liberal-non-democracy\\\/\"},\"wordCount\":721,\"commentCount\":0,\"publisher\":{\"@id\":\"https:\\\/\\\/www.bocskairadio.org\\\/en\\\/#organization\"},\"image\":{\"@id\":\"https:\\\/\\\/www.bocskairadio.org\\\/en\\\/orban-liberal-democracy-has-become-liberal-non-democracy\\\/#primaryimage\"},\"thumbnailUrl\":\"https:\\\/\\\/www.bocskairadio.org\\\/wp-content\\\/uploads\\\/2021\\\/05\\\/orban-vikor-interju-szlovak-ujsagirok.jpg\",\"articleSection\":[\"News\"],\"inLanguage\":\"en-US\",\"potentialAction\":[{\"@type\":\"CommentAction\",\"name\":\"Comment\",\"target\":[\"https:\\\/\\\/www.bocskairadio.org\\\/en\\\/orban-liberal-democracy-has-become-liberal-non-democracy\\\/#respond\"]}]},{\"@type\":\"WebPage\",\"@id\":\"https:\\\/\\\/www.bocskairadio.org\\\/en\\\/orban-liberal-democracy-has-become-liberal-non-democracy\\\/\",\"url\":\"https:\\\/\\\/www.bocskairadio.org\\\/en\\\/orban-liberal-democracy-has-become-liberal-non-democracy\\\/\",\"name\":\"Orb\u00e1n: Liberal Democracy Has Become 'Liberal Non-Democracy' &#8211; Bocskai R\u00e1di\u00f3\",\"isPartOf\":{\"@id\":\"https:\\\/\\\/www.bocskairadio.org\\\/en\\\/#website\"},\"primaryImageOfPage\":{\"@id\":\"https:\\\/\\\/www.bocskairadio.org\\\/en\\\/orban-liberal-democracy-has-become-liberal-non-democracy\\\/#primaryimage\"},\"image\":{\"@id\":\"https:\\\/\\\/www.bocskairadio.org\\\/en\\\/orban-liberal-democracy-has-become-liberal-non-democracy\\\/#primaryimage\"},\"thumbnailUrl\":\"https:\\\/\\\/www.bocskairadio.org\\\/wp-content\\\/uploads\\\/2021\\\/05\\\/orban-vikor-interju-szlovak-ujsagirok.jpg\",\"datePublished\":\"2021-05-06T20:52:03+00:00\",\"inLanguage\":\"en-US\",\"potentialAction\":[{\"@type\":\"ReadAction\",\"target\":[\"https:\\\/\\\/www.bocskairadio.org\\\/en\\\/orban-liberal-democracy-has-become-liberal-non-democracy\\\/\"]}]},{\"@type\":\"ImageObject\",\"inLanguage\":\"en-US\",\"@id\":\"https:\\\/\\\/www.bocskairadio.org\\\/en\\\/orban-liberal-democracy-has-become-liberal-non-democracy\\\/#primaryimage\",\"url\":\"https:\\\/\\\/www.bocskairadio.org\\\/wp-content\\\/uploads\\\/2021\\\/05\\\/orban-vikor-interju-szlovak-ujsagirok.jpg\",\"contentUrl\":\"https:\\\/\\\/www.bocskairadio.org\\\/wp-content\\\/uploads\\\/2021\\\/05\\\/orban-vikor-interju-szlovak-ujsagirok.jpg\",\"width\":1746,\"height\":1164},{\"@type\":\"WebSite\",\"@id\":\"https:\\\/\\\/www.bocskairadio.org\\\/en\\\/#website\",\"url\":\"https:\\\/\\\/www.bocskairadio.org\\\/en\\\/\",\"name\":\"Bocskai R\u00e1di\u00f3\",\"description\":\"The Voice of Cleveland Hungarians\",\"publisher\":{\"@id\":\"https:\\\/\\\/www.bocskairadio.org\\\/en\\\/#organization\"},\"potentialAction\":[{\"@type\":\"SearchAction\",\"target\":{\"@type\":\"EntryPoint\",\"urlTemplate\":\"https:\\\/\\\/www.bocskairadio.org\\\/en\\\/?s={search_term_string}\"},\"query-input\":{\"@type\":\"PropertyValueSpecification\",\"valueRequired\":true,\"valueName\":\"search_term_string\"}}],\"inLanguage\":\"en-US\"},{\"@type\":\"Organization\",\"@id\":\"https:\\\/\\\/www.bocskairadio.org\\\/en\\\/#organization\",\"name\":\"Bocskai R\u00e1di\u00f3\",\"url\":\"https:\\\/\\\/www.bocskairadio.org\\\/en\\\/\",\"logo\":{\"@type\":\"ImageObject\",\"inLanguage\":\"en-US\",\"@id\":\"https:\\\/\\\/www.bocskairadio.org\\\/en\\\/#\\\/schema\\\/logo\\\/image\\\/\",\"url\":\"https:\\\/\\\/www.bocskairadio.org\\\/wp-content\\\/uploads\\\/2016\\\/11\\\/var3_basic.jpg\",\"contentUrl\":\"https:\\\/\\\/www.bocskairadio.org\\\/wp-content\\\/uploads\\\/2016\\\/11\\\/var3_basic.jpg\",\"width\":500,\"height\":500,\"caption\":\"Bocskai R\u00e1di\u00f3\"},\"image\":{\"@id\":\"https:\\\/\\\/www.bocskairadio.org\\\/en\\\/#\\\/schema\\\/logo\\\/image\\\/\"},\"sameAs\":[\"https:\\\/\\\/www.facebook.com\\\/BocskaiRadio\",\"https:\\\/\\\/x.com\\\/BocskaiRadio\",\"https:\\\/\\\/www.instagram.com\\\/bocskairadio\\\/\",\"https:\\\/\\\/www.youtube.com\\\/user\\\/bocskairadio\",\"https:\\\/\\\/hu.wikipedia.org\\\/wiki\\\/Bocskai_R\u00e1di\u00f3\"]},{\"@type\":\"Person\",\"@id\":\"https:\\\/\\\/www.bocskairadio.org\\\/en\\\/#\\\/schema\\\/person\\\/315c6a7157660526a98013de468aea9b\",\"name\":\"Bocskai R\u00e1di\u00f3 Sajt\u00f3figyel\u0151\",\"image\":{\"@type\":\"ImageObject\",\"inLanguage\":\"en-US\",\"@id\":\"https:\\\/\\\/secure.gravatar.com\\\/avatar\\\/172f6f7512ad482be66da86e5fa9a1801ba4dfc3c51d3e9bc67bb6e90cdacea8?s=96&d=mm&r=g\",\"url\":\"https:\\\/\\\/secure.gravatar.com\\\/avatar\\\/172f6f7512ad482be66da86e5fa9a1801ba4dfc3c51d3e9bc67bb6e90cdacea8?s=96&d=mm&r=g\",\"contentUrl\":\"https:\\\/\\\/secure.gravatar.com\\\/avatar\\\/172f6f7512ad482be66da86e5fa9a1801ba4dfc3c51d3e9bc67bb6e90cdacea8?s=96&d=mm&r=g\",\"caption\":\"Bocskai R\u00e1di\u00f3 Sajt\u00f3figyel\u0151\"},\"sameAs\":[\"https:\\\/\\\/www.bocskairadio.org\"],\"url\":\"https:\\\/\\\/www.bocskairadio.org\\\/en\\\/author\\\/sajtofigyelo\\\/\"}]}<\/script>\n<!-- \/ Yoast SEO plugin. -->","yoast_head_json":{"title":"Orb\u00e1n: Liberal Democracy Has Become 'Liberal Non-Democracy' &#8211; Bocskai R\u00e1di\u00f3","robots":{"index":"index","follow":"follow","max-snippet":"max-snippet:-1","max-image-preview":"max-image-preview:large","max-video-preview":"max-video-preview:-1"},"canonical":"https:\/\/www.bocskairadio.org\/en\/orban-liberal-democracy-has-become-liberal-non-democracy\/","og_locale":"en_US","og_type":"article","og_title":"Orb\u00e1n: Liberal Democracy Has Become 'Liberal Non-Democracy' &#8211; Bocskai R\u00e1di\u00f3","og_description":"The concept of liberal democracy has ceased to exist and has become \u201cliberal non-democracy\u201d, Prime Minister Viktor Orb\u00e1n said in an interview to Slovak news portal postoj.sk late on Wednesday.   (more&hellip;)","og_url":"https:\/\/www.bocskairadio.org\/en\/orban-liberal-democracy-has-become-liberal-non-democracy\/","og_site_name":"Bocskai R\u00e1di\u00f3","article_publisher":"https:\/\/www.facebook.com\/BocskaiRadio","article_published_time":"2021-05-06T20:52:03+00:00","og_image":[{"width":1746,"height":1164,"url":"https:\/\/cdn.bocskairadio.org\/wp-content\/uploads\/2021\/05\/06165254\/orban-vikor-interju-szlovak-ujsagirok.jpg","type":"image\/jpeg"}],"author":"Bocskai R\u00e1di\u00f3 Sajt\u00f3figyel\u0151","twitter_card":"summary_large_image","twitter_creator":"@BocskaiRadio","twitter_site":"@BocskaiRadio","schema":{"@context":"https:\/\/schema.org","@graph":[{"@type":"Article","@id":"https:\/\/www.bocskairadio.org\/en\/orban-liberal-democracy-has-become-liberal-non-democracy\/#article","isPartOf":{"@id":"https:\/\/www.bocskairadio.org\/en\/orban-liberal-democracy-has-become-liberal-non-democracy\/"},"author":{"name":"Bocskai R\u00e1di\u00f3 Sajt\u00f3figyel\u0151","@id":"https:\/\/www.bocskairadio.org\/en\/#\/schema\/person\/315c6a7157660526a98013de468aea9b"},"headline":"Orb\u00e1n: Liberal Democracy Has Become &#8216;Liberal Non-Democracy&#8217;","datePublished":"2021-05-06T20:52:03+00:00","mainEntityOfPage":{"@id":"https:\/\/www.bocskairadio.org\/en\/orban-liberal-democracy-has-become-liberal-non-democracy\/"},"wordCount":721,"commentCount":0,"publisher":{"@id":"https:\/\/www.bocskairadio.org\/en\/#organization"},"image":{"@id":"https:\/\/www.bocskairadio.org\/en\/orban-liberal-democracy-has-become-liberal-non-democracy\/#primaryimage"},"thumbnailUrl":"https:\/\/www.bocskairadio.org\/wp-content\/uploads\/2021\/05\/orban-vikor-interju-szlovak-ujsagirok.jpg","articleSection":["News"],"inLanguage":"en-US","potentialAction":[{"@type":"CommentAction","name":"Comment","target":["https:\/\/www.bocskairadio.org\/en\/orban-liberal-democracy-has-become-liberal-non-democracy\/#respond"]}]},{"@type":"WebPage","@id":"https:\/\/www.bocskairadio.org\/en\/orban-liberal-democracy-has-become-liberal-non-democracy\/","url":"https:\/\/www.bocskairadio.org\/en\/orban-liberal-democracy-has-become-liberal-non-democracy\/","name":"Orb\u00e1n: Liberal Democracy Has Become 'Liberal Non-Democracy' &#8211; Bocskai R\u00e1di\u00f3","isPartOf":{"@id":"https:\/\/www.bocskairadio.org\/en\/#website"},"primaryImageOfPage":{"@id":"https:\/\/www.bocskairadio.org\/en\/orban-liberal-democracy-has-become-liberal-non-democracy\/#primaryimage"},"image":{"@id":"https:\/\/www.bocskairadio.org\/en\/orban-liberal-democracy-has-become-liberal-non-democracy\/#primaryimage"},"thumbnailUrl":"https:\/\/www.bocskairadio.org\/wp-content\/uploads\/2021\/05\/orban-vikor-interju-szlovak-ujsagirok.jpg","datePublished":"2021-05-06T20:52:03+00:00","inLanguage":"en-US","potentialAction":[{"@type":"ReadAction","target":["https:\/\/www.bocskairadio.org\/en\/orban-liberal-democracy-has-become-liberal-non-democracy\/"]}]},{"@type":"ImageObject","inLanguage":"en-US","@id":"https:\/\/www.bocskairadio.org\/en\/orban-liberal-democracy-has-become-liberal-non-democracy\/#primaryimage","url":"https:\/\/www.bocskairadio.org\/wp-content\/uploads\/2021\/05\/orban-vikor-interju-szlovak-ujsagirok.jpg","contentUrl":"https:\/\/www.bocskairadio.org\/wp-content\/uploads\/2021\/05\/orban-vikor-interju-szlovak-ujsagirok.jpg","width":1746,"height":1164},{"@type":"WebSite","@id":"https:\/\/www.bocskairadio.org\/en\/#website","url":"https:\/\/www.bocskairadio.org\/en\/","name":"Bocskai R\u00e1di\u00f3","description":"The Voice of Cleveland Hungarians","publisher":{"@id":"https:\/\/www.bocskairadio.org\/en\/#organization"},"potentialAction":[{"@type":"SearchAction","target":{"@type":"EntryPoint","urlTemplate":"https:\/\/www.bocskairadio.org\/en\/?s={search_term_string}"},"query-input":{"@type":"PropertyValueSpecification","valueRequired":true,"valueName":"search_term_string"}}],"inLanguage":"en-US"},{"@type":"Organization","@id":"https:\/\/www.bocskairadio.org\/en\/#organization","name":"Bocskai R\u00e1di\u00f3","url":"https:\/\/www.bocskairadio.org\/en\/","logo":{"@type":"ImageObject","inLanguage":"en-US","@id":"https:\/\/www.bocskairadio.org\/en\/#\/schema\/logo\/image\/","url":"https:\/\/www.bocskairadio.org\/wp-content\/uploads\/2016\/11\/var3_basic.jpg","contentUrl":"https:\/\/www.bocskairadio.org\/wp-content\/uploads\/2016\/11\/var3_basic.jpg","width":500,"height":500,"caption":"Bocskai R\u00e1di\u00f3"},"image":{"@id":"https:\/\/www.bocskairadio.org\/en\/#\/schema\/logo\/image\/"},"sameAs":["https:\/\/www.facebook.com\/BocskaiRadio","https:\/\/x.com\/BocskaiRadio","https:\/\/www.instagram.com\/bocskairadio\/","https:\/\/www.youtube.com\/user\/bocskairadio","https:\/\/hu.wikipedia.org\/wiki\/Bocskai_R\u00e1di\u00f3"]},{"@type":"Person","@id":"https:\/\/www.bocskairadio.org\/en\/#\/schema\/person\/315c6a7157660526a98013de468aea9b","name":"Bocskai R\u00e1di\u00f3 Sajt\u00f3figyel\u0151","image":{"@type":"ImageObject","inLanguage":"en-US","@id":"https:\/\/secure.gravatar.com\/avatar\/172f6f7512ad482be66da86e5fa9a1801ba4dfc3c51d3e9bc67bb6e90cdacea8?s=96&d=mm&r=g","url":"https:\/\/secure.gravatar.com\/avatar\/172f6f7512ad482be66da86e5fa9a1801ba4dfc3c51d3e9bc67bb6e90cdacea8?s=96&d=mm&r=g","contentUrl":"https:\/\/secure.gravatar.com\/avatar\/172f6f7512ad482be66da86e5fa9a1801ba4dfc3c51d3e9bc67bb6e90cdacea8?s=96&d=mm&r=g","caption":"Bocskai R\u00e1di\u00f3 Sajt\u00f3figyel\u0151"},"sameAs":["https:\/\/www.bocskairadio.org"],"url":"https:\/\/www.bocskairadio.org\/en\/author\/sajtofigyelo\/"}]}},"_links":{"self":[{"href":"https:\/\/www.bocskairadio.org\/en\/wp-json\/wp\/v2\/posts\/1066396","targetHints":{"allow":["GET"]}}],"collection":[{"href":"https:\/\/www.bocskairadio.org\/en\/wp-json\/wp\/v2\/posts"}],"about":[{"href":"https:\/\/www.bocskairadio.org\/en\/wp-json\/wp\/v2\/types\/post"}],"author":[{"embeddable":true,"href":"https:\/\/www.bocskairadio.org\/en\/wp-json\/wp\/v2\/users\/33"}],"replies":[{"embeddable":true,"href":"https:\/\/www.bocskairadio.org\/en\/wp-json\/wp\/v2\/comments?post=1066396"}],"version-history":[{"count":0,"href":"https:\/\/www.bocskairadio.org\/en\/wp-json\/wp\/v2\/posts\/1066396\/revisions"}],"wp:featuredmedia":[{"embeddable":true,"href":"https:\/\/www.bocskairadio.org\/en\/wp-json\/wp\/v2\/media\/1066397"}],"wp:attachment":[{"href":"https:\/\/www.bocskairadio.org\/en\/wp-json\/wp\/v2\/media?parent=1066396"}],"wp:term":[{"taxonomy":"category","embeddable":true,"href":"https:\/\/www.bocskairadio.org\/en\/wp-json\/wp\/v2\/categories?post=1066396"},{"taxonomy":"post_tag","embeddable":true,"href":"https:\/\/www.bocskairadio.org\/en\/wp-json\/wp\/v2\/tags?post=1066396"}],"curies":[{"name":"wp","href":"https:\/\/api.w.org\/{rel}","templated":true}]}}