{"id":1066494,"date":"2021-05-08T23:34:54","date_gmt":"2021-05-09T03:34:54","guid":{"rendered":"https:\/\/www.bocskairadio.org\/?p=1066494"},"modified":"2021-05-08T23:44:21","modified_gmt":"2021-05-09T03:44:21","slug":"the-bocskai-film-club-will-present-balan-a-film-by-bela-bagota-on-may-16-2021","status":"publish","type":"post","link":"https:\/\/www.bocskairadio.org\/en\/the-bocskai-film-club-will-present-balan-a-film-by-bela-bagota-on-may-16-2021\/","title":{"rendered":"The Bocskai Film Club Will Present Balan a film by B\u00e9la Bagota on May 16, 2021"},"content":{"rendered":"<p><a href=\"https:\/\/www.bocskairadio.org\/bemutatjuk-bagota-bela-valan-az-angyalok-volgye-cimu-filmjet-2021-majus-16-an\/\"><em>(A magyar oldal itt \u00e9rhet\u0151 el)<\/em><\/a><\/p>\n<p style=\"text-align: justify;\">The\u00a0<a href=\"https:\/\/chicago.mfa.gov.hu\/eng\">Consulate General of Hungary in Chicago<\/a>\u00a0in collaboration with the <a href=\"https:\/\/mbk.org\/en\/\">Hungarian Communion of Friends (MBK)<\/a> and the Bocskai Film Club cordially invites you to watch <a href=\"https:\/\/nfi.hu\/en\/film\/valan\">B\u00e9la Bagota&#8217;s film: Valan<\/a>. Given the current corona virus situation the highly successful production can be viewed free of charge in Hungarian with English subtitle with the generous support of the <a href=\"https:\/\/nfi.hu\/en\">Hungarian National Film Institute<\/a>\u00a0(NFI) and the Ministry of Foreign Affairs and Trade, on NFI\u2019s Vimeo channel on\u00a0<strong>May 16, 2021<\/strong>.<\/p>\n<p style=\"text-align: justify;\"><strong>On the same day, on May 16<sup>th<\/sup> at 7pm (EST) <\/strong>[6pm CST \u00e9s 4pm PST] <strong>a Zoom meeting will be held to discuss about the film. The discussion will be in Hungarian and it will be moderated by Dr. Peter Kovalszki president of the Hungarian Communion of Friends.<\/strong><\/p>\n<p style=\"text-align: justify;\">Please fill out the following form to get the access link and password to watch the movie and participate in the Zoom meeting.<\/p>\n<p style=\"text-align: justify;\"><strong>ATTENTION! Publishing the password publicly and downloading the movie is copyright infringement! You can easily share this unique opportunity by sharing the link to this page with your friends.<\/strong><\/p>\n\n<div class=\"epyt-video-wrapper\">\n<div  id=\"_ytid_38283\"  width=\"696\" height=\"391\"  data-origwidth=\"696\" data-origheight=\"391\" data-facadesrc=\"https:\/\/www.youtube.com\/embed\/q_j6ahK5uSY?enablejsapi=1&#038;autoplay=0&#038;cc_load_policy=0&#038;cc_lang_pref=&#038;iv_load_policy=1&#038;loop=0&#038;rel=0&#038;fs=1&#038;playsinline=0&#038;autohide=2&#038;theme=dark&#038;color=red&#038;controls=1&#038;disablekb=0&#038;\" class=\"__youtube_prefs__ epyt-facade epyt-is-override  no-lazyload\" data-epautoplay=\"1\" ><img decoding=\"async\" data-spai-excluded=\"true\" class=\"epyt-facade-poster skip-lazy\" loading=\"lazy\"  alt=\"YouTube player\"  src=\"https:\/\/i.ytimg.com\/vi\/q_j6ahK5uSY\/maxresdefault.jpg\"  \/><button class=\"epyt-facade-play\" aria-label=\"Play\"><svg data-no-lazy=\"1\" height=\"100%\" version=\"1.1\" viewBox=\"0 0 68 48\" width=\"100%\"><path class=\"ytp-large-play-button-bg\" d=\"M66.52,7.74c-0.78-2.93-2.49-5.41-5.42-6.19C55.79,.13,34,0,34,0S12.21,.13,6.9,1.55 C3.97,2.33,2.27,4.81,1.48,7.74C0.06,13.05,0,24,0,24s0.06,10.95,1.48,16.26c0.78,2.93,2.49,5.41,5.42,6.19 C12.21,47.87,34,48,34,48s21.79-0.13,27.1-1.55c2.93-0.78,4.64-3.26,5.42-6.19C67.94,34.95,68,24,68,24S67.94,13.05,66.52,7.74z\" fill=\"#f00\"><\/path><path d=\"M 45,24 27,14 27,34\" fill=\"#fff\"><\/path><\/svg><\/button><\/div>\n<\/div>\n<div class=\"film__details\">\n<h2>Valan (Valan)<\/h2>\n<p class=\"movie__info\">(2019, feature, color, 97 minutes, DolbyDigital)<br \/>\nthriller<\/p>\n<p style=\"text-align: justify;\">P\u00e9ter investigates a sex-trafficking ring as a big city cop in Brasov. He has dedicated his life to finding women who have disappeared, and he sees his sister Juli in every girl he saves. Juli disappeared twenty-two years ago in their hometown, Valan, in the ensuing chaos of the Romanian Revolution of 1989.<\/p>\n<p style=\"text-align: justify;\">P\u00e9ter has to return to the Transylvanian mining town after receiving a phone call that the body of his sister might have been found among the pines on a snow-capped mountain. His personal investigation in Valan not only forces him to confront a crime rate that is stifling the town, but it also takes him back to the labyrinth of the past where he must face his own demons.<\/p>\n<\/div>\n<div id=\"cast\" class=\"row cast\">\n<div class=\"row cast-line\">\n<div class=\"col-xs-12 col-md-4\">Director<\/div>\n<div class=\"col-xs-12 col-md-8\"><a href=\"https:\/\/nfi.hu\/en\/cast\/bela-bagota\">B\u00e9la Bagota<\/a><\/div>\n<\/div>\n<div class=\"row cast-line\">\n<div class=\"col-xs-12 col-md-4\">Screenplay<\/div>\n<div class=\"col-xs-12 col-md-8\"><a href=\"https:\/\/nfi.hu\/en\/cast\/bela-bagota\">B\u00e9la Bagota<\/a><\/div>\n<\/div>\n<div class=\"row cast-line\">\n<div class=\"col-xs-12 col-md-4\">Director of photography<\/div>\n<div class=\"col-xs-12 col-md-8\"><a href=\"https:\/\/nfi.hu\/en\/cast\/daniel-garas\">D\u00e1niel Garas<\/a><\/div>\n<\/div>\n<div class=\"row cast-line\">\n<div class=\"col-xs-12 col-md-4\">Editor<\/div>\n<div class=\"col-xs-12 col-md-8\"><a href=\"https:\/\/nfi.hu\/en\/cast\/karoly-szalai\">K\u00e1roly Szalai<\/a><\/div>\n<\/div>\n<div class=\"row cast-line\">\n<div class=\"col-xs-12 col-md-4\">Music<\/div>\n<div class=\"col-xs-12 col-md-8\"><a href=\"https:\/\/nfi.hu\/en\/cast\/albert-markos\">Albert M\u00e1rkos<\/a><\/div>\n<\/div>\n<div class=\"row cast-line\">\n<div class=\"col-xs-12 col-md-4\">Producer<\/div>\n<div class=\"col-xs-12 col-md-8\"><a href=\"https:\/\/nfi.hu\/en\/cast\/laszlo-kantor\">L\u00e1szl\u00f3 K\u00e1ntor<\/a><\/div>\n<\/div>\n<div class=\"row cast-line\">\n<div class=\"col-xs-12 col-md-4\">Production company<\/div>\n<div class=\"col-xs-12 col-md-8\"><a href=\"https:\/\/nfi.hu\/en\/cast\/matrix-film\">Matrix Film<\/a><\/div>\n<\/div>\n<\/div>\n<div id=\"actors\" class=\"row cast\">\n<p class=\"cast-title\">ACTORS<\/p>\n<div class=\"row cast-line\">\n<div class=\"col-md-12\"><a href=\"https:\/\/nfi.hu\/en\/cast\/csaba-krisztik\">Csaba Krisztik<\/a><\/div>\n<\/div>\n<div class=\"row cast-line\">\n<div class=\"col-md-12\"><a href=\"https:\/\/nfi.hu\/en\/cast\/andras-hathazi\">Andr\u00e1s Hath\u00e1zi<\/a><\/div>\n<\/div>\n<div class=\"row cast-line\">\n<div class=\"col-md-12\"><a href=\"https:\/\/nfi.hu\/en\/cast\/emoke-pal\">Em\u0151ke P\u00e1l<\/a><\/div>\n<\/div>\n<div class=\"row cast-line\">\n<div class=\"col-md-12\"><a href=\"https:\/\/nfi.hu\/en\/cast\/julia-nyako\">J\u00falia Nyak\u00f3<\/a><\/div>\n<\/div>\n<div class=\"row cast-line\">\n<div class=\"col-md-12\"><a href=\"https:\/\/nfi.hu\/en\/cast\/laszlo-matray\">L\u00e1szl\u00f3 M\u00e1tray<\/a><\/div>\n<\/div>\n<\/div>\n<div class=\"awards\">\n<p>AWARDS<\/p>\n<p class=\"festival\"><a href=\"https:\/\/nfi.hu\/en\/festival\/porto-fantasporto\">PORTO FANTASPORTO<\/a>\u00a0&#8211; 2020<\/p>\n<p class=\"award\">Best Director\u00a0<a href=\"https:\/\/nfi.hu\/en\/cast\/bela-bagota\">B\u00e9la Bagota<\/a><\/p>\n<p class=\"award\">Best Screenplay\u00a0<a href=\"https:\/\/nfi.hu\/en\/cast\/bela-bagota\">B\u00e9la Bagota<\/a><\/p>\n<p class=\"festival\"><a href=\"https:\/\/nfi.hu\/en\/festival\/hungarian-film-week\">HUNGARIAN FILM AWARDS<\/a>\u00a0&#8211; 2020<\/p>\n<p class=\"award\">Best Cinematography\u00a0<a href=\"https:\/\/nfi.hu\/en\/cast\/daniel-garas\">D\u00e1niel Garas<\/a><\/p>\n<p class=\"festival\"><a href=\"https:\/\/nfi.hu\/en\/festival\/parma-music-film-festival\">PARMA MUSIC FILM FESTIVAL<\/a>\u00a0&#8211; 2020<\/p>\n<p class=\"award\">Best Screenplay<\/p>\n<\/div>\n<div class=\"awards\">\n<p>FESTIVALS<\/p>\n<p class=\"festival\"><a href=\"https:\/\/nfi.hu\/en\/festival\/warsaw-international-film-festival\">WARSAW INTERNATIONAL FILM FESTIVAL<\/a>\u00a0&#8211; 2019<\/p>\n<p class=\"festival\"><a href=\"https:\/\/nfi.hu\/en\/festival\/lagow-international-film-festival\">LAG\u00d3W INTERNATIONAL FILM FESTIVAL<\/a>\u00a0&#8211; 2027<\/p>\n<p class=\"award\">(in competition)<\/p>\n<p class=\"festival\"><a href=\"https:\/\/nfi.hu\/en\/festival\/sao-paulo-cinefantasy\">S\u0102O PAULO CINEFANTASY<\/a>\u00a0&#8211; 2020<\/p>\n<p class=\"award\">(in competition)<\/p>\n<p class=\"festival\"><a href=\"https:\/\/nfi.hu\/en\/festival\/palic-international-film-festival\">PALIC INTERNATIONAL FILM FESTIVAL<\/a>\u00a0&#8211; 2020<\/p>\n<p class=\"award\">(in competition)<\/p>\n<p class=\"festival\"><a href=\"https:\/\/nfi.hu\/en\/festival\/british-academy-of-film-and-television-arts-bafta\">BRITISH ACADEMY OF FILM AND TELEVISION ARTS (BAFTA)<\/a><\/p>\n<p>Source: <a href=\"https:\/\/nfi.hu\/en\/film\/valan\">nfi.hu<\/a><\/p>\n<\/div>\n","protected":false},"excerpt":{"rendered":"<p><a href=\"https:\/\/www.bocskairadio.org\/bemutatjuk-bagota-bela-valan-az-angyalok-volgye-cimu-filmjet-2021-majus-16-an\/\"><em>(A magyar oldal itt \u00e9rhet\u0151 el)<\/em><\/a><\/p>\n<p style=\"text-align: justify;\">The\u00a0<a href=\"https:\/\/chicago.mfa.gov.hu\/eng\">Consulate General of Hungary in Chicago<\/a>\u00a0in collaboration with the <a href=\"https:\/\/mbk.org\/en\/\">Hungarian Communion of Friends (MBK)<\/a> and the Bocskai Film Club cordially invites you to watch <a href=\"https:\/\/nfi.hu\/en\/film\/valan\">B\u00e9la Bagota&#8217;s film: Valan<\/a>. Given the current corona virus situation the highly successful production can be viewed free of charge in Hungarian with English subtitle with the generous support of the <a href=\"https:\/\/nfi.hu\/en\">Hungarian National Film Institute<\/a>\u00a0(NFI) and the Ministry of Foreign Affairs and Trade, on NFI\u2019s Vimeo channel on\u00a0<strong>May 16, 2021<\/strong>.<\/p>\n<p style=\"text-align: justify;\"><strong>On the same day, on May 16<sup>th<\/sup> at 7pm (EST) <\/strong>[6pm CST \u00e9s 4pm PST] <strong>a Zoom meeting will be held to discuss about the film. The discussion will be in Hungarian and it will be moderated by Dr. Peter Kovalszki president of the Hungarian Communion of Friends.<\/strong><\/p>\n<p style=\"text-align: justify;\">Please fill out the following form to get the access link and password to watch the movie and participate in the Zoom meeting.<\/p>\n<p style=\"text-align: justify;\"><strong>ATTENTION! Publishing the password publicly and downloading the movie is copyright infringement! You can easily share this unique opportunity by sharing the link to this page with your friends.<\/strong><\/p>\n[gravityform id=\"467\" title=\"false\" description=\"false\"]\n<p>https:\/\/youtu.be\/q_j6ahK5uSY<\/p>\n<div class=\"film__details\">\n<h2>Valan (Valan)<\/h2>\n<p class=\"movie__info\">(2019, feature, color, 97 minutes, DolbyDigital)<br \/>\nthriller<\/p>\n<p style=\"text-align: justify;\">P\u00e9ter investigates a sex-trafficking ring as a big city cop in Brasov. He has dedicated his life to finding women who have disappeared, and he sees his sister Juli in every girl he saves. Juli disappeared twenty-two years ago in their hometown, Valan, in the ensuing chaos of the Romanian Revolution of 1989.<\/p>\n<p style=\"text-align: justify;\">P\u00e9ter has to return to the Transylvanian mining town after receiving a phone call that the body of his sister might have been found among the pines on a snow-capped mountain. His personal investigation in Valan not only forces him to confront a crime rate that is stifling the town, but it also takes him back to the labyrinth of the past where he must face his own demons.<\/p>\n<\/div>\n<div id=\"cast\" class=\"row cast\">\n<div class=\"row cast-line\">\n<div class=\"col-xs-12 col-md-4\">Director<\/div>\n<div class=\"col-xs-12 col-md-8\"><a href=\"https:\/\/nfi.hu\/en\/cast\/bela-bagota\">B\u00e9la Bagota<\/a><\/div>\n<\/div>\n<div class=\"row cast-line\">\n<div class=\"col-xs-12 col-md-4\">Screenplay<\/div>\n<div class=\"col-xs-12 col-md-8\"><a href=\"https:\/\/nfi.hu\/en\/cast\/bela-bagota\">B\u00e9la Bagota<\/a><\/div>\n<\/div>\n<div class=\"row cast-line\">\n<div class=\"col-xs-12 col-md-4\">Director of photography<\/div>\n<div class=\"col-xs-12 col-md-8\"><a href=\"https:\/\/nfi.hu\/en\/cast\/daniel-garas\">D\u00e1niel Garas<\/a><\/div>\n<\/div>\n<div class=\"row cast-line\">\n<div class=\"col-xs-12 col-md-4\">Editor<\/div>\n<div class=\"col-xs-12 col-md-8\"><a href=\"https:\/\/nfi.hu\/en\/cast\/karoly-szalai\">K\u00e1roly Szalai<\/a><\/div>\n<\/div>\n<div class=\"row cast-line\">\n<div class=\"col-xs-12 col-md-4\">Music<\/div>\n<div class=\"col-xs-12 col-md-8\"><a href=\"https:\/\/nfi.hu\/en\/cast\/albert-markos\">Albert M\u00e1rkos<\/a><\/div>\n<\/div>\n<div class=\"row cast-line\">\n<div class=\"col-xs-12 col-md-4\">Producer<\/div>\n<div class=\"col-xs-12 col-md-8\"><a href=\"https:\/\/nfi.hu\/en\/cast\/laszlo-kantor\">L\u00e1szl\u00f3 K\u00e1ntor<\/a><\/div>\n<\/div>\n<div class=\"row cast-line\">\n<div class=\"col-xs-12 col-md-4\">Production company<\/div>\n<div class=\"col-xs-12 col-md-8\"><a href=\"https:\/\/nfi.hu\/en\/cast\/matrix-film\">Matrix Film<\/a><\/div>\n<\/div>\n<\/div>\n<div id=\"actors\" class=\"row cast\">\n<p class=\"cast-title\">ACTORS<\/p>\n<div class=\"row cast-line\">\n<div class=\"col-md-12\"><a href=\"https:\/\/nfi.hu\/en\/cast\/csaba-krisztik\">Csaba Krisztik<\/a><\/div>\n<\/div>\n<div class=\"row cast-line\">\n<div class=\"col-md-12\"><a href=\"https:\/\/nfi.hu\/en\/cast\/andras-hathazi\">Andr\u00e1s Hath\u00e1zi<\/a><\/div>\n<\/div>\n<div class=\"row cast-line\">\n<div class=\"col-md-12\"><a href=\"https:\/\/nfi.hu\/en\/cast\/emoke-pal\">Em\u0151ke P\u00e1l<\/a><\/div>\n<\/div>\n<div class=\"row cast-line\">\n<div class=\"col-md-12\"><a href=\"https:\/\/nfi.hu\/en\/cast\/julia-nyako\">J\u00falia Nyak\u00f3<\/a><\/div>\n<\/div>\n<div class=\"row cast-line\">\n<div class=\"col-md-12\"><a href=\"https:\/\/nfi.hu\/en\/cast\/laszlo-matray\">L\u00e1szl\u00f3 M\u00e1tray<\/a><\/div>\n<\/div>\n<\/div>\n<div class=\"awards\">\n<p>AWARDS<\/p>\n<p class=\"festival\"><a href=\"https:\/\/nfi.hu\/en\/festival\/porto-fantasporto\">PORTO FANTASPORTO<\/a>\u00a0&#8211; 2020<\/p>\n<p class=\"award\">Best Director\u00a0<a href=\"https:\/\/nfi.hu\/en\/cast\/bela-bagota\">B\u00e9la Bagota<\/a><\/p>\n<p class=\"award\">Best Screenplay\u00a0<a href=\"https:\/\/nfi.hu\/en\/cast\/bela-bagota\">B\u00e9la Bagota<\/a><\/p>\n<p class=\"festival\"><a href=\"https:\/\/nfi.hu\/en\/festival\/hungarian-film-week\">HUNGARIAN FILM AWARDS<\/a>\u00a0&#8211; 2020<\/p>\n<p class=\"award\">Best Cinematography\u00a0<a href=\"https:\/\/nfi.hu\/en\/cast\/daniel-garas\">D\u00e1niel Garas<\/a><\/p>\n<p class=\"festival\"><a href=\"https:\/\/nfi.hu\/en\/festival\/parma-music-film-festival\">PARMA MUSIC FILM FESTIVAL<\/a>\u00a0&#8211; 2020<\/p>\n<p class=\"award\">Best Screenplay<\/p>\n<\/div>\n<div class=\"awards\">\n<p>FESTIVALS<\/p>\n<p class=\"festival\"><a href=\"https:\/\/nfi.hu\/en\/festival\/warsaw-international-film-festival\">WARSAW INTERNATIONAL FILM FESTIVAL<\/a>\u00a0&#8211; 2019<\/p>\n<p class=\"festival\"><a href=\"https:\/\/nfi.hu\/en\/festival\/lagow-international-film-festival\">LAG\u00d3W INTERNATIONAL FILM FESTIVAL<\/a>\u00a0&#8211; 2027<\/p>\n<p class=\"award\">(in competition)<\/p>\n<p class=\"festival\"><a href=\"https:\/\/nfi.hu\/en\/festival\/sao-paulo-cinefantasy\">S\u0102O PAULO CINEFANTASY<\/a>\u00a0&#8211; 2020<\/p>\n<p class=\"award\">(in competition)<\/p>\n<p class=\"festival\"><a href=\"https:\/\/nfi.hu\/en\/festival\/palic-international-film-festival\">PALIC INTERNATIONAL FILM FESTIVAL<\/a>\u00a0&#8211; 2020<\/p>\n<p class=\"award\">(in competition)<\/p>\n<p class=\"festival\"><a href=\"https:\/\/nfi.hu\/en\/festival\/british-academy-of-film-and-television-arts-bafta\">BRITISH ACADEMY OF FILM AND TELEVISION ARTS (BAFTA)<\/a><\/p>\n<p>Source: <a href=\"https:\/\/nfi.hu\/en\/film\/valan\">nfi.hu<\/a><\/p>\n<\/div>\n","protected":false},"author":1,"featured_media":1066487,"comment_status":"open","ping_status":"open","sticky":false,"template":"","format":"video","meta":{"footnotes":""},"categories":[],"tags":[],"class_list":["post-1066494","post","type-post","status-publish","format-video","has-post-thumbnail","post_format-post-format-video"],"yoast_head":"<!-- This site is optimized with the Yoast SEO plugin v27.5 - https:\/\/yoast.com\/product\/yoast-seo-wordpress\/ -->\n<title>The Bocskai Film Club Will Present Balan a film by B\u00e9la Bagota on May 16, 2021 &#8211; Bocskai R\u00e1di\u00f3<\/title>\n<meta name=\"robots\" content=\"index, follow, max-snippet:-1, max-image-preview:large, max-video-preview:-1\" \/>\n<link rel=\"canonical\" href=\"https:\/\/www.bocskairadio.org\/en\/the-bocskai-film-club-will-present-balan-a-film-by-bela-bagota-on-may-16-2021\/\" \/>\n<meta property=\"og:locale\" content=\"en_US\" \/>\n<meta property=\"og:type\" content=\"article\" \/>\n<meta property=\"og:title\" content=\"The Bocskai Film Club Will Present Balan a film by B\u00e9la Bagota on May 16, 2021 &#8211; Bocskai R\u00e1di\u00f3\" \/>\n<meta property=\"og:description\" content=\"(A magyar oldal itt \u00e9rhet\u0151 el) The\u00a0Consulate General of Hungary in Chicago\u00a0in collaboration with the Hungarian Communion of Friends (MBK) and the Bocskai Film Club cordially invites you to watch B\u00e9la Bagota&#039;s film: Valan. Given the current corona virus situation the highly successful production can be viewed free of charge in Hungarian with English subtitle with the generous support of the Hungarian National Film Institute\u00a0(NFI) and the Ministry of Foreign Affairs and Trade, on NFI\u2019s Vimeo channel on\u00a0May 16, 2021. On the same day, on May 16th at 7pm (EST) [6pm CST \u00e9s 4pm PST] a Zoom meeting will be held to discuss about the film. The discussion will be in Hungarian and it will be moderated by Dr. Peter Kovalszki president of the Hungarian Communion of Friends. Please fill out the following form to get the access link and password to watch the movie and participate in the Zoom meeting. ATTENTION! Publishing the password publicly and downloading the movie is copyright infringement! You can easily share this unique opportunity by sharing the link to this page with your friends.   https:\/\/youtu.be\/q_j6ahK5uSY  Valan (Valan) (2019, feature, color, 97 minutes, DolbyDigital) thriller P\u00e9ter investigates a sex-trafficking ring as a big city cop in Brasov. He has dedicated his life to finding women who have disappeared, and he sees his sister Juli in every girl he saves. Juli disappeared twenty-two years ago in their hometown, Valan, in the ensuing chaos of the Romanian Revolution of 1989. P\u00e9ter has to return to the Transylvanian mining town after receiving a phone call that the body of his sister might have been found among the pines on a snow-capped mountain. His personal investigation in Valan not only forces him to confront a crime rate that is stifling the town, but it also takes him back to the labyrinth of the past where he must face his own demons.     Director B\u00e9la Bagota   Screenplay B\u00e9la Bagota   Director of photography D\u00e1niel Garas   Editor K\u00e1roly Szalai   Music Albert M\u00e1rkos   Producer L\u00e1szl\u00f3 K\u00e1ntor   Production company Matrix Film    ACTORS   Csaba Krisztik   Andr\u00e1s Hath\u00e1zi   Em\u0151ke P\u00e1l   J\u00falia Nyak\u00f3   L\u00e1szl\u00f3 M\u00e1tray     AWARDS PORTO FANTASPORTO\u00a0- 2020 Best Director\u00a0B\u00e9la Bagota Best Screenplay\u00a0B\u00e9la Bagota HUNGARIAN FILM AWARDS\u00a0- 2020 Best Cinematography\u00a0D\u00e1niel Garas PARMA MUSIC FILM FESTIVAL\u00a0- 2020 Best Screenplay     FESTIVALS WARSAW INTERNATIONAL FILM FESTIVAL\u00a0- 2019 LAG\u00d3W INTERNATIONAL FILM FESTIVAL\u00a0- 2027 (in competition) S\u0102O PAULO CINEFANTASY\u00a0- 2020 (in competition) PALIC INTERNATIONAL FILM FESTIVAL\u00a0- 2020 (in competition) BRITISH ACADEMY OF FILM AND TELEVISION ARTS (BAFTA) Source: nfi.hu\" \/>\n<meta property=\"og:url\" content=\"https:\/\/www.bocskairadio.org\/en\/the-bocskai-film-club-will-present-balan-a-film-by-bela-bagota-on-may-16-2021\/\" \/>\n<meta property=\"og:site_name\" content=\"Bocskai R\u00e1di\u00f3\" \/>\n<meta property=\"article:publisher\" content=\"https:\/\/www.facebook.com\/BocskaiRadio\" \/>\n<meta property=\"article:author\" content=\"https:\/\/www.facebook.com\/molnarzsolt74\" \/>\n<meta property=\"article:published_time\" content=\"2021-05-09T03:34:54+00:00\" \/>\n<meta property=\"article:modified_time\" content=\"2021-05-09T03:44:21+00:00\" \/>\n<meta property=\"og:image\" content=\"https:\/\/www.bocskairadio.org\/wp-content\/uploads\/2021\/05\/Valan-BFK.jpg\" \/>\n\t<meta property=\"og:image:width\" content=\"1640\" \/>\n\t<meta property=\"og:image:height\" content=\"720\" \/>\n\t<meta property=\"og:image:type\" content=\"image\/jpeg\" \/>\n<meta name=\"author\" content=\"Moln\u00e1r Zsolt\" \/>\n<meta name=\"twitter:card\" content=\"summary_large_image\" \/>\n<meta name=\"twitter:image\" content=\"https:\/\/www.bocskairadio.org\/wp-content\/uploads\/2021\/05\/Valan-BFK.jpg\" \/>\n<meta name=\"twitter:creator\" content=\"@molnarzsolt74\" \/>\n<meta name=\"twitter:site\" content=\"@BocskaiRadio\" \/>\n<script type=\"application\/ld+json\" class=\"yoast-schema-graph\">{\"@context\":\"https:\\\/\\\/schema.org\",\"@graph\":[{\"@type\":\"Article\",\"@id\":\"https:\\\/\\\/www.bocskairadio.org\\\/en\\\/the-bocskai-film-club-will-present-balan-a-film-by-bela-bagota-on-may-16-2021\\\/#article\",\"isPartOf\":{\"@id\":\"https:\\\/\\\/www.bocskairadio.org\\\/en\\\/the-bocskai-film-club-will-present-balan-a-film-by-bela-bagota-on-may-16-2021\\\/\"},\"author\":{\"name\":\"Moln\u00e1r Zsolt\",\"@id\":\"https:\\\/\\\/www.bocskairadio.org\\\/en\\\/#\\\/schema\\\/person\\\/87e31754469cf7717bee741efa6897cc\"},\"headline\":\"The Bocskai Film Club Will Present Balan a film by B\u00e9la Bagota on May 16, 2021\",\"datePublished\":\"2021-05-09T03:34:54+00:00\",\"dateModified\":\"2021-05-09T03:44:21+00:00\",\"mainEntityOfPage\":{\"@id\":\"https:\\\/\\\/www.bocskairadio.org\\\/en\\\/the-bocskai-film-club-will-present-balan-a-film-by-bela-bagota-on-may-16-2021\\\/\"},\"wordCount\":461,\"commentCount\":0,\"publisher\":{\"@id\":\"https:\\\/\\\/www.bocskairadio.org\\\/en\\\/#organization\"},\"image\":{\"@id\":\"https:\\\/\\\/www.bocskairadio.org\\\/en\\\/the-bocskai-film-club-will-present-balan-a-film-by-bela-bagota-on-may-16-2021\\\/#primaryimage\"},\"thumbnailUrl\":\"https:\\\/\\\/www.bocskairadio.org\\\/wp-content\\\/uploads\\\/2021\\\/05\\\/Valan-BFK.jpg\",\"inLanguage\":\"en-US\",\"potentialAction\":[{\"@type\":\"CommentAction\",\"name\":\"Comment\",\"target\":[\"https:\\\/\\\/www.bocskairadio.org\\\/en\\\/the-bocskai-film-club-will-present-balan-a-film-by-bela-bagota-on-may-16-2021\\\/#respond\"]}]},{\"@type\":\"WebPage\",\"@id\":\"https:\\\/\\\/www.bocskairadio.org\\\/en\\\/the-bocskai-film-club-will-present-balan-a-film-by-bela-bagota-on-may-16-2021\\\/\",\"url\":\"https:\\\/\\\/www.bocskairadio.org\\\/en\\\/the-bocskai-film-club-will-present-balan-a-film-by-bela-bagota-on-may-16-2021\\\/\",\"name\":\"The Bocskai Film Club Will Present Balan a film by B\u00e9la Bagota on May 16, 2021 &#8211; Bocskai R\u00e1di\u00f3\",\"isPartOf\":{\"@id\":\"https:\\\/\\\/www.bocskairadio.org\\\/en\\\/#website\"},\"primaryImageOfPage\":{\"@id\":\"https:\\\/\\\/www.bocskairadio.org\\\/en\\\/the-bocskai-film-club-will-present-balan-a-film-by-bela-bagota-on-may-16-2021\\\/#primaryimage\"},\"image\":{\"@id\":\"https:\\\/\\\/www.bocskairadio.org\\\/en\\\/the-bocskai-film-club-will-present-balan-a-film-by-bela-bagota-on-may-16-2021\\\/#primaryimage\"},\"thumbnailUrl\":\"https:\\\/\\\/www.bocskairadio.org\\\/wp-content\\\/uploads\\\/2021\\\/05\\\/Valan-BFK.jpg\",\"datePublished\":\"2021-05-09T03:34:54+00:00\",\"dateModified\":\"2021-05-09T03:44:21+00:00\",\"inLanguage\":\"en-US\",\"potentialAction\":[{\"@type\":\"ReadAction\",\"target\":[\"https:\\\/\\\/www.bocskairadio.org\\\/en\\\/the-bocskai-film-club-will-present-balan-a-film-by-bela-bagota-on-may-16-2021\\\/\"]}]},{\"@type\":\"ImageObject\",\"inLanguage\":\"en-US\",\"@id\":\"https:\\\/\\\/www.bocskairadio.org\\\/en\\\/the-bocskai-film-club-will-present-balan-a-film-by-bela-bagota-on-may-16-2021\\\/#primaryimage\",\"url\":\"https:\\\/\\\/www.bocskairadio.org\\\/wp-content\\\/uploads\\\/2021\\\/05\\\/Valan-BFK.jpg\",\"contentUrl\":\"https:\\\/\\\/www.bocskairadio.org\\\/wp-content\\\/uploads\\\/2021\\\/05\\\/Valan-BFK.jpg\",\"width\":1640,\"height\":720},{\"@type\":\"WebSite\",\"@id\":\"https:\\\/\\\/www.bocskairadio.org\\\/en\\\/#website\",\"url\":\"https:\\\/\\\/www.bocskairadio.org\\\/en\\\/\",\"name\":\"Bocskai R\u00e1di\u00f3\",\"description\":\"The Voice of Cleveland Hungarians\",\"publisher\":{\"@id\":\"https:\\\/\\\/www.bocskairadio.org\\\/en\\\/#organization\"},\"potentialAction\":[{\"@type\":\"SearchAction\",\"target\":{\"@type\":\"EntryPoint\",\"urlTemplate\":\"https:\\\/\\\/www.bocskairadio.org\\\/en\\\/?s={search_term_string}\"},\"query-input\":{\"@type\":\"PropertyValueSpecification\",\"valueRequired\":true,\"valueName\":\"search_term_string\"}}],\"inLanguage\":\"en-US\"},{\"@type\":\"Organization\",\"@id\":\"https:\\\/\\\/www.bocskairadio.org\\\/en\\\/#organization\",\"name\":\"Bocskai R\u00e1di\u00f3\",\"url\":\"https:\\\/\\\/www.bocskairadio.org\\\/en\\\/\",\"logo\":{\"@type\":\"ImageObject\",\"inLanguage\":\"en-US\",\"@id\":\"https:\\\/\\\/www.bocskairadio.org\\\/en\\\/#\\\/schema\\\/logo\\\/image\\\/\",\"url\":\"https:\\\/\\\/www.bocskairadio.org\\\/wp-content\\\/uploads\\\/2016\\\/11\\\/var3_basic.jpg\",\"contentUrl\":\"https:\\\/\\\/www.bocskairadio.org\\\/wp-content\\\/uploads\\\/2016\\\/11\\\/var3_basic.jpg\",\"width\":500,\"height\":500,\"caption\":\"Bocskai R\u00e1di\u00f3\"},\"image\":{\"@id\":\"https:\\\/\\\/www.bocskairadio.org\\\/en\\\/#\\\/schema\\\/logo\\\/image\\\/\"},\"sameAs\":[\"https:\\\/\\\/www.facebook.com\\\/BocskaiRadio\",\"https:\\\/\\\/x.com\\\/BocskaiRadio\",\"https:\\\/\\\/www.instagram.com\\\/bocskairadio\\\/\",\"https:\\\/\\\/www.youtube.com\\\/user\\\/bocskairadio\",\"https:\\\/\\\/hu.wikipedia.org\\\/wiki\\\/Bocskai_R\u00e1di\u00f3\"]},{\"@type\":\"Person\",\"@id\":\"https:\\\/\\\/www.bocskairadio.org\\\/en\\\/#\\\/schema\\\/person\\\/87e31754469cf7717bee741efa6897cc\",\"name\":\"Moln\u00e1r Zsolt\",\"image\":{\"@type\":\"ImageObject\",\"inLanguage\":\"en-US\",\"@id\":\"https:\\\/\\\/secure.gravatar.com\\\/avatar\\\/83a59b11c342f6b991be83bbceb12cf01e7717d1a76894e47cd4b36d625c9986?s=96&d=mm&r=g\",\"url\":\"https:\\\/\\\/secure.gravatar.com\\\/avatar\\\/83a59b11c342f6b991be83bbceb12cf01e7717d1a76894e47cd4b36d625c9986?s=96&d=mm&r=g\",\"contentUrl\":\"https:\\\/\\\/secure.gravatar.com\\\/avatar\\\/83a59b11c342f6b991be83bbceb12cf01e7717d1a76894e47cd4b36d625c9986?s=96&d=mm&r=g\",\"caption\":\"Moln\u00e1r Zsolt\"},\"description\":\"2012 nyar\u00e1t\u00f3l technikai seg\u00edt\u0151je a Bocskai R\u00e1di\u00f3nak, ahol 2013 m\u00e1rcius\u00e1t\u00f3l adminisztrat\u00edv \u00e9s technikai vezet\u0151je is. Fel\u00e1ll\u00edtotta \u00e9s \u00fczemelteti a Bocskai R\u00e1di\u00f3 honlapj\u00e1t, ami jelenleg a legl\u00e1togatottabb a clevelandi magyar honlapok k\u00f6z\u00fcl. A r\u00e1di\u00f3 hallgat\u00f3inak hetente internetes h\u00edrlevelet k\u00fcld ki aktu\u00e1lis h\u00edrekkel \u00e9s inform\u00e1ci\u00f3kkal.\",\"sameAs\":[\"https:\\\/\\\/www.zsoltmolnar.com\",\"https:\\\/\\\/www.facebook.com\\\/molnarzsolt74\",\"https:\\\/\\\/x.com\\\/molnarzsolt74\"],\"url\":\"https:\\\/\\\/www.bocskairadio.org\\\/en\\\/author\\\/zsoltmolnar\\\/\"}]}<\/script>\n<!-- \/ Yoast SEO plugin. -->","yoast_head_json":{"title":"The Bocskai Film Club Will Present Balan a film by B\u00e9la Bagota on May 16, 2021 &#8211; Bocskai R\u00e1di\u00f3","robots":{"index":"index","follow":"follow","max-snippet":"max-snippet:-1","max-image-preview":"max-image-preview:large","max-video-preview":"max-video-preview:-1"},"canonical":"https:\/\/www.bocskairadio.org\/en\/the-bocskai-film-club-will-present-balan-a-film-by-bela-bagota-on-may-16-2021\/","og_locale":"en_US","og_type":"article","og_title":"The Bocskai Film Club Will Present Balan a film by B\u00e9la Bagota on May 16, 2021 &#8211; Bocskai R\u00e1di\u00f3","og_description":"(A magyar oldal itt \u00e9rhet\u0151 el) The\u00a0Consulate General of Hungary in Chicago\u00a0in collaboration with the Hungarian Communion of Friends (MBK) and the Bocskai Film Club cordially invites you to watch B\u00e9la Bagota's film: Valan. Given the current corona virus situation the highly successful production can be viewed free of charge in Hungarian with English subtitle with the generous support of the Hungarian National Film Institute\u00a0(NFI) and the Ministry of Foreign Affairs and Trade, on NFI\u2019s Vimeo channel on\u00a0May 16, 2021. On the same day, on May 16th at 7pm (EST) [6pm CST \u00e9s 4pm PST] a Zoom meeting will be held to discuss about the film. The discussion will be in Hungarian and it will be moderated by Dr. Peter Kovalszki president of the Hungarian Communion of Friends. Please fill out the following form to get the access link and password to watch the movie and participate in the Zoom meeting. ATTENTION! Publishing the password publicly and downloading the movie is copyright infringement! You can easily share this unique opportunity by sharing the link to this page with your friends.   https:\/\/youtu.be\/q_j6ahK5uSY  Valan (Valan) (2019, feature, color, 97 minutes, DolbyDigital) thriller P\u00e9ter investigates a sex-trafficking ring as a big city cop in Brasov. He has dedicated his life to finding women who have disappeared, and he sees his sister Juli in every girl he saves. Juli disappeared twenty-two years ago in their hometown, Valan, in the ensuing chaos of the Romanian Revolution of 1989. P\u00e9ter has to return to the Transylvanian mining town after receiving a phone call that the body of his sister might have been found among the pines on a snow-capped mountain. His personal investigation in Valan not only forces him to confront a crime rate that is stifling the town, but it also takes him back to the labyrinth of the past where he must face his own demons.     Director B\u00e9la Bagota   Screenplay B\u00e9la Bagota   Director of photography D\u00e1niel Garas   Editor K\u00e1roly Szalai   Music Albert M\u00e1rkos   Producer L\u00e1szl\u00f3 K\u00e1ntor   Production company Matrix Film    ACTORS   Csaba Krisztik   Andr\u00e1s Hath\u00e1zi   Em\u0151ke P\u00e1l   J\u00falia Nyak\u00f3   L\u00e1szl\u00f3 M\u00e1tray     AWARDS PORTO FANTASPORTO\u00a0- 2020 Best Director\u00a0B\u00e9la Bagota Best Screenplay\u00a0B\u00e9la Bagota HUNGARIAN FILM AWARDS\u00a0- 2020 Best Cinematography\u00a0D\u00e1niel Garas PARMA MUSIC FILM FESTIVAL\u00a0- 2020 Best Screenplay     FESTIVALS WARSAW INTERNATIONAL FILM FESTIVAL\u00a0- 2019 LAG\u00d3W INTERNATIONAL FILM FESTIVAL\u00a0- 2027 (in competition) S\u0102O PAULO CINEFANTASY\u00a0- 2020 (in competition) PALIC INTERNATIONAL FILM FESTIVAL\u00a0- 2020 (in competition) BRITISH ACADEMY OF FILM AND TELEVISION ARTS (BAFTA) Source: nfi.hu","og_url":"https:\/\/www.bocskairadio.org\/en\/the-bocskai-film-club-will-present-balan-a-film-by-bela-bagota-on-may-16-2021\/","og_site_name":"Bocskai R\u00e1di\u00f3","article_publisher":"https:\/\/www.facebook.com\/BocskaiRadio","article_author":"https:\/\/www.facebook.com\/molnarzsolt74","article_published_time":"2021-05-09T03:34:54+00:00","article_modified_time":"2021-05-09T03:44:21+00:00","og_image":[{"width":1640,"height":720,"url":"https:\/\/www.bocskairadio.org\/wp-content\/uploads\/2021\/05\/Valan-BFK.jpg","type":"image\/jpeg"}],"author":"Moln\u00e1r Zsolt","twitter_card":"summary_large_image","twitter_image":"https:\/\/www.bocskairadio.org\/wp-content\/uploads\/2021\/05\/Valan-BFK.jpg","twitter_creator":"@molnarzsolt74","twitter_site":"@BocskaiRadio","schema":{"@context":"https:\/\/schema.org","@graph":[{"@type":"Article","@id":"https:\/\/www.bocskairadio.org\/en\/the-bocskai-film-club-will-present-balan-a-film-by-bela-bagota-on-may-16-2021\/#article","isPartOf":{"@id":"https:\/\/www.bocskairadio.org\/en\/the-bocskai-film-club-will-present-balan-a-film-by-bela-bagota-on-may-16-2021\/"},"author":{"name":"Moln\u00e1r Zsolt","@id":"https:\/\/www.bocskairadio.org\/en\/#\/schema\/person\/87e31754469cf7717bee741efa6897cc"},"headline":"The Bocskai Film Club Will Present Balan a film by B\u00e9la Bagota on May 16, 2021","datePublished":"2021-05-09T03:34:54+00:00","dateModified":"2021-05-09T03:44:21+00:00","mainEntityOfPage":{"@id":"https:\/\/www.bocskairadio.org\/en\/the-bocskai-film-club-will-present-balan-a-film-by-bela-bagota-on-may-16-2021\/"},"wordCount":461,"commentCount":0,"publisher":{"@id":"https:\/\/www.bocskairadio.org\/en\/#organization"},"image":{"@id":"https:\/\/www.bocskairadio.org\/en\/the-bocskai-film-club-will-present-balan-a-film-by-bela-bagota-on-may-16-2021\/#primaryimage"},"thumbnailUrl":"https:\/\/www.bocskairadio.org\/wp-content\/uploads\/2021\/05\/Valan-BFK.jpg","inLanguage":"en-US","potentialAction":[{"@type":"CommentAction","name":"Comment","target":["https:\/\/www.bocskairadio.org\/en\/the-bocskai-film-club-will-present-balan-a-film-by-bela-bagota-on-may-16-2021\/#respond"]}]},{"@type":"WebPage","@id":"https:\/\/www.bocskairadio.org\/en\/the-bocskai-film-club-will-present-balan-a-film-by-bela-bagota-on-may-16-2021\/","url":"https:\/\/www.bocskairadio.org\/en\/the-bocskai-film-club-will-present-balan-a-film-by-bela-bagota-on-may-16-2021\/","name":"The Bocskai Film Club Will Present Balan a film by B\u00e9la Bagota on May 16, 2021 &#8211; Bocskai R\u00e1di\u00f3","isPartOf":{"@id":"https:\/\/www.bocskairadio.org\/en\/#website"},"primaryImageOfPage":{"@id":"https:\/\/www.bocskairadio.org\/en\/the-bocskai-film-club-will-present-balan-a-film-by-bela-bagota-on-may-16-2021\/#primaryimage"},"image":{"@id":"https:\/\/www.bocskairadio.org\/en\/the-bocskai-film-club-will-present-balan-a-film-by-bela-bagota-on-may-16-2021\/#primaryimage"},"thumbnailUrl":"https:\/\/www.bocskairadio.org\/wp-content\/uploads\/2021\/05\/Valan-BFK.jpg","datePublished":"2021-05-09T03:34:54+00:00","dateModified":"2021-05-09T03:44:21+00:00","inLanguage":"en-US","potentialAction":[{"@type":"ReadAction","target":["https:\/\/www.bocskairadio.org\/en\/the-bocskai-film-club-will-present-balan-a-film-by-bela-bagota-on-may-16-2021\/"]}]},{"@type":"ImageObject","inLanguage":"en-US","@id":"https:\/\/www.bocskairadio.org\/en\/the-bocskai-film-club-will-present-balan-a-film-by-bela-bagota-on-may-16-2021\/#primaryimage","url":"https:\/\/www.bocskairadio.org\/wp-content\/uploads\/2021\/05\/Valan-BFK.jpg","contentUrl":"https:\/\/www.bocskairadio.org\/wp-content\/uploads\/2021\/05\/Valan-BFK.jpg","width":1640,"height":720},{"@type":"WebSite","@id":"https:\/\/www.bocskairadio.org\/en\/#website","url":"https:\/\/www.bocskairadio.org\/en\/","name":"Bocskai R\u00e1di\u00f3","description":"The Voice of Cleveland Hungarians","publisher":{"@id":"https:\/\/www.bocskairadio.org\/en\/#organization"},"potentialAction":[{"@type":"SearchAction","target":{"@type":"EntryPoint","urlTemplate":"https:\/\/www.bocskairadio.org\/en\/?s={search_term_string}"},"query-input":{"@type":"PropertyValueSpecification","valueRequired":true,"valueName":"search_term_string"}}],"inLanguage":"en-US"},{"@type":"Organization","@id":"https:\/\/www.bocskairadio.org\/en\/#organization","name":"Bocskai R\u00e1di\u00f3","url":"https:\/\/www.bocskairadio.org\/en\/","logo":{"@type":"ImageObject","inLanguage":"en-US","@id":"https:\/\/www.bocskairadio.org\/en\/#\/schema\/logo\/image\/","url":"https:\/\/www.bocskairadio.org\/wp-content\/uploads\/2016\/11\/var3_basic.jpg","contentUrl":"https:\/\/www.bocskairadio.org\/wp-content\/uploads\/2016\/11\/var3_basic.jpg","width":500,"height":500,"caption":"Bocskai R\u00e1di\u00f3"},"image":{"@id":"https:\/\/www.bocskairadio.org\/en\/#\/schema\/logo\/image\/"},"sameAs":["https:\/\/www.facebook.com\/BocskaiRadio","https:\/\/x.com\/BocskaiRadio","https:\/\/www.instagram.com\/bocskairadio\/","https:\/\/www.youtube.com\/user\/bocskairadio","https:\/\/hu.wikipedia.org\/wiki\/Bocskai_R\u00e1di\u00f3"]},{"@type":"Person","@id":"https:\/\/www.bocskairadio.org\/en\/#\/schema\/person\/87e31754469cf7717bee741efa6897cc","name":"Moln\u00e1r Zsolt","image":{"@type":"ImageObject","inLanguage":"en-US","@id":"https:\/\/secure.gravatar.com\/avatar\/83a59b11c342f6b991be83bbceb12cf01e7717d1a76894e47cd4b36d625c9986?s=96&d=mm&r=g","url":"https:\/\/secure.gravatar.com\/avatar\/83a59b11c342f6b991be83bbceb12cf01e7717d1a76894e47cd4b36d625c9986?s=96&d=mm&r=g","contentUrl":"https:\/\/secure.gravatar.com\/avatar\/83a59b11c342f6b991be83bbceb12cf01e7717d1a76894e47cd4b36d625c9986?s=96&d=mm&r=g","caption":"Moln\u00e1r Zsolt"},"description":"2012 nyar\u00e1t\u00f3l technikai seg\u00edt\u0151je a Bocskai R\u00e1di\u00f3nak, ahol 2013 m\u00e1rcius\u00e1t\u00f3l adminisztrat\u00edv \u00e9s technikai vezet\u0151je is. Fel\u00e1ll\u00edtotta \u00e9s \u00fczemelteti a Bocskai R\u00e1di\u00f3 honlapj\u00e1t, ami jelenleg a legl\u00e1togatottabb a clevelandi magyar honlapok k\u00f6z\u00fcl. A r\u00e1di\u00f3 hallgat\u00f3inak hetente internetes h\u00edrlevelet k\u00fcld ki aktu\u00e1lis h\u00edrekkel \u00e9s inform\u00e1ci\u00f3kkal.","sameAs":["https:\/\/www.zsoltmolnar.com","https:\/\/www.facebook.com\/molnarzsolt74","https:\/\/x.com\/molnarzsolt74"],"url":"https:\/\/www.bocskairadio.org\/en\/author\/zsoltmolnar\/"}]}},"_links":{"self":[{"href":"https:\/\/www.bocskairadio.org\/en\/wp-json\/wp\/v2\/posts\/1066494","targetHints":{"allow":["GET"]}}],"collection":[{"href":"https:\/\/www.bocskairadio.org\/en\/wp-json\/wp\/v2\/posts"}],"about":[{"href":"https:\/\/www.bocskairadio.org\/en\/wp-json\/wp\/v2\/types\/post"}],"author":[{"embeddable":true,"href":"https:\/\/www.bocskairadio.org\/en\/wp-json\/wp\/v2\/users\/1"}],"replies":[{"embeddable":true,"href":"https:\/\/www.bocskairadio.org\/en\/wp-json\/wp\/v2\/comments?post=1066494"}],"version-history":[{"count":0,"href":"https:\/\/www.bocskairadio.org\/en\/wp-json\/wp\/v2\/posts\/1066494\/revisions"}],"wp:featuredmedia":[{"embeddable":true,"href":"https:\/\/www.bocskairadio.org\/en\/wp-json\/wp\/v2\/media\/1066487"}],"wp:attachment":[{"href":"https:\/\/www.bocskairadio.org\/en\/wp-json\/wp\/v2\/media?parent=1066494"}],"wp:term":[{"taxonomy":"category","embeddable":true,"href":"https:\/\/www.bocskairadio.org\/en\/wp-json\/wp\/v2\/categories?post=1066494"},{"taxonomy":"post_tag","embeddable":true,"href":"https:\/\/www.bocskairadio.org\/en\/wp-json\/wp\/v2\/tags?post=1066494"}],"curies":[{"name":"wp","href":"https:\/\/api.w.org\/{rel}","templated":true}]}}