{"id":1090414,"date":"2023-12-29T12:25:58","date_gmt":"2023-12-29T17:25:58","guid":{"rendered":"https:\/\/www.bocskairadio.org\/?p=1090414"},"modified":"2023-12-29T12:22:32","modified_gmt":"2023-12-29T17:22:32","slug":"i-feel-obliged-to-carry-on-what-i-have-inherited-a-conversation-with-dr-gabriella-nadas-ormay-executive-president-of-the-hungarian-association-of-cleveland","status":"publish","type":"post","link":"https:\/\/www.bocskairadio.org\/en\/i-feel-obliged-to-carry-on-what-i-have-inherited-a-conversation-with-dr-gabriella-nadas-ormay-executive-president-of-the-hungarian-association-of-cleveland\/","title":{"rendered":"\u2018I feel obliged to carry on what I have inherited\u2019 \u2014 A Conversation with Dr Gabriella N\u00e1das Ormay, Executive President of the Hungarian Association of Cleveland"},"content":{"rendered":"<p><em>Source: <a href=\"https:\/\/www.hungarianconservative.com\/articles\/diaspora\/hungarian-association_cleveland_toronto_diaspora_transylvania_reformed-church_gabriella-nadas\/\">hungarianconservative.com<\/a><\/em><\/p>\n<p class=\"has-drop-cap has-medium-font-size\" style=\"text-align: justify;\"><strong>The <a href=\"https:\/\/www.hungarianconservative.com\/articles\/diaspora\/hungarian-congress_cleveland_presentations_awards_hungarian-american-community\/\">62nd Hungarian Congress<\/a>\u00a0organized by the Hungarian Association of Cleveland offered a diverse and valuable programme of scientific, economic and literary presentations as well as cultural experiences. Executive president Gabriella Ormay N\u00e1das explained: the annual event and the organization itself were part of her husband\u2019s (dr. J\u00e1nos N\u00e1das) family legacy; but she also inherited a family legacy of her own: commitment to the Hungarian diaspora in North America as well as the support of the Hungarian Reformed Church\u2019s Collegiates in Transylvania.\u00a0<\/strong><\/p>\n<p style=\"text-align: justify;\">***<\/p>\n<p class=\"has-drop-cap\" style=\"text-align: justify;\"><strong>Please tell us first about your family, so that our readers may get a better idea of your legacies.<\/strong><\/p>\n<p style=\"text-align: justify;\">My parents immigrated from the \u00c9rmell\u00e9k region (Transylvania, now part of Romania) and were so-called 1945 refugees. My mother, Gabriella Ormay (nee Kiss), was a volunteer nurse during World War II; she left the country with the retreating German-Hungarian army and never returned. My father, Dr. J\u00f3zsef Ormay was a bomber pilot whose squadron surrendered to American forces in Austria. My parents married in England and emigrated to Canada; I was born there. My brother and I grew up on the Niagara Peninsula. Very few Hungarians lived there, but my father was often invited to speak at local Hungarian national commemorations, so we never questioned our Hungarian roots. When I moved with my family to Toronto to attend University of Toronto School of Pharmacy, my family became active in the Hungarian community. My mother taught Hungarian at Helicon Hungarian School and succeeded in getting these language courses accredited by the Province of Ontario. My father also served as the president of the Hungarian House for two years. My parents had an ingrained sense of duty to serve the Hungarian community. I think they were able to instill those emotions in us. I became a scout leader, joined the Helicon Youth Association, of which I later became president. The Helicon Association was founded by Canadians of Hungarian descent aiming to promote and disseminate Hungarian national heritage, culture, history and traditions in Toronto. Its golden age was in the \u201860s, but when I got there in the \u201870s, the youth association was still strong.<\/p>\n<figure class=\"wp-block-image size-large\" style=\"text-align: justify;\">\n<p><figure id=\"attachment_21012\" aria-describedby=\"caption-attachment-21012\" style=\"width: 1024px\" class=\"wp-caption alignnone\"><img loading=\"lazy\" decoding=\"async\" class=\"wp-image-21012\" src=\"https:\/\/www.hungarianconservative.com\/wp-content\/uploads\/2023\/12\/1970-Muvesz-allva-baloldalt-Hamvas-Jozsef-Toronto-5.-balrol-Dr.-Somogyi-Ferenc-masodik-jobbrol-Dr.-Nadas-Janos-ulve-kozepen-Szeleczky-Zita-1024x730.jpg\" sizes=\"auto, (max-width: 1024px) 100vw, 1024px\" srcset=\"https:\/\/www.hungarianconservative.com\/wp-content\/uploads\/2023\/12\/1970-Muvesz-allva-baloldalt-Hamvas-Jozsef-Toronto-5.-balrol-Dr.-Somogyi-Ferenc-masodik-jobbrol-Dr.-Nadas-Janos-ulve-kozepen-Szeleczky-Zita-1024x730.jpg 1024w, https:\/\/www.hungarianconservative.com\/wp-content\/uploads\/2023\/12\/1970-Muvesz-allva-baloldalt-Hamvas-Jozsef-Toronto-5.-balrol-Dr.-Somogyi-Ferenc-masodik-jobbrol-Dr.-Nadas-Janos-ulve-kozepen-Szeleczky-Zita-300x214.jpg 300w, https:\/\/www.hungarianconservative.com\/wp-content\/uploads\/2023\/12\/1970-Muvesz-allva-baloldalt-Hamvas-Jozsef-Toronto-5.-balrol-Dr.-Somogyi-Ferenc-masodik-jobbrol-Dr.-Nadas-Janos-ulve-kozepen-Szeleczky-Zita-768x547.jpg 768w, https:\/\/www.hungarianconservative.com\/wp-content\/uploads\/2023\/12\/1970-Muvesz-allva-baloldalt-Hamvas-Jozsef-Toronto-5.-balrol-Dr.-Somogyi-Ferenc-masodik-jobbrol-Dr.-Nadas-Janos-ulve-kozepen-Szeleczky-Zita-1536x1094.jpg 1536w, https:\/\/www.hungarianconservative.com\/wp-content\/uploads\/2023\/12\/1970-Muvesz-allva-baloldalt-Hamvas-Jozsef-Toronto-5.-balrol-Dr.-Somogyi-Ferenc-masodik-jobbrol-Dr.-Nadas-Janos-ulve-kozepen-Szeleczky-Zita-2048x1459.jpg 2048w, https:\/\/www.hungarianconservative.com\/wp-content\/uploads\/2023\/12\/1970-Muvesz-allva-baloldalt-Hamvas-Jozsef-Toronto-5.-balrol-Dr.-Somogyi-Ferenc-masodik-jobbrol-Dr.-Nadas-Janos-ulve-kozepen-Szeleczky-Zita-scaled.jpg 1920w\" alt=\"\" width=\"1024\" height=\"730\" \/><figcaption id=\"caption-attachment-21012\" class=\"wp-caption-text\">An evening of art from 1970. Standing: first from the left J\u00f3zsef Hamvas (Toronto), fifth from the left Dr. Ferenc Somogyi, second from the right Dr. J\u00e1nos N\u00e1das; sitting in the middle is renowned interwar actress, \u00e9migr\u00e9 Zita Szeleczky. PHOTO: Courtesy of the N\u00e1das family<\/figcaption><\/figure><\/figure>\n<p style=\"text-align: justify;\">We met every two weeks on Fridays to listen to lectures and then socialize. Later, our group of about twenty friends took over the organization of the annual Helicon Ball, of which I became the president in 1980. It was an elegant event, a representation of our community to the outside world, attended by many Canadian politicians. I must also mention that I have been a member of the Hungarian Scout Organization in Exteris as a squad and patrol leader in Toronto, a troop leader in Cleveland and a member of the leadership training program. This scouting background was instrumental in maintaining my Hungarian heritage.<\/p>\n<p style=\"text-align: justify;\"><strong>What about your husband\u2019s family?<\/strong><\/p>\n<p style=\"text-align: justify;\">My father-in-law\u2019s family originated in Kecskem\u00e9t, Hungary, then lived in Kolozsv\u00e1r (today Cluj, Romania) and were forced to return to Hungary after WWI.\u00a0 The three siblings, J\u00e1nos, Gyula and R\u00f3zsa completed their doctoral degrees at the University of Economics in Budapest, and had promising careers until 1945 when they escaped to Austria from the incoming Soviet troops. Dr. J\u00e1nos N\u00e1das had already lived a very active community life back in Hungary: he represented the Hungarian youth at the Kossuth pilgrimage to the USA in 1928; he was the president of the Youth Association of the University of Economics and President of the National Association of Hungarian University Students. He was the editor and owner of the weekly newspaper\u00a0<em>Igaz Sz\u00f3<\/em>\u00a0in \u00dajpest, secretary of the Hungarian Press Chamber, and national secretary general of the Party of Hungarian Life. My father-in-law dr. Gyula N\u00e1das was a financial advisor in the Ministry of Finance and Dr. R\u00f3zsa N\u00e1das was the head librarian of the Chamber of Commerce and Industry in Hungary. Dr. J\u00e1nos Nad\u00e1s founded the Hungarian Association already in 1948 in the displaced persons camp in Austria, and then again in 1950 in Cleveland. He was joined by his siblings in the organization work, Dr. R\u00f3zsa N\u00e1das was mainly in charge of the administration, Dr. N\u00e1das Gyula organized the exhibits.<\/p>\n<figure class=\"wp-block-image size-large\" style=\"text-align: justify;\">\n<p><figure id=\"attachment_21017\" aria-describedby=\"caption-attachment-21017\" style=\"width: 1024px\" class=\"wp-caption alignnone\"><img loading=\"lazy\" decoding=\"async\" class=\"wp-image-21017\" src=\"https:\/\/www.hungarianconservative.com\/wp-content\/uploads\/2023\/12\/1984-Magyar-Kongresszus-Hamvas-Jozsef-Toronto-Tollas-Tibor-Munchen-Gyallai-Papp-Domonkos-Toronto-Dr.-Nadas-Janos-a-podiumnal-1024x669.jpg\" sizes=\"auto, (max-width: 1024px) 100vw, 1024px\" srcset=\"https:\/\/www.hungarianconservative.com\/wp-content\/uploads\/2023\/12\/1984-Magyar-Kongresszus-Hamvas-Jozsef-Toronto-Tollas-Tibor-Munchen-Gyallai-Papp-Domonkos-Toronto-Dr.-Nadas-Janos-a-podiumnal-1024x669.jpg 1024w, https:\/\/www.hungarianconservative.com\/wp-content\/uploads\/2023\/12\/1984-Magyar-Kongresszus-Hamvas-Jozsef-Toronto-Tollas-Tibor-Munchen-Gyallai-Papp-Domonkos-Toronto-Dr.-Nadas-Janos-a-podiumnal-300x196.jpg 300w, https:\/\/www.hungarianconservative.com\/wp-content\/uploads\/2023\/12\/1984-Magyar-Kongresszus-Hamvas-Jozsef-Toronto-Tollas-Tibor-Munchen-Gyallai-Papp-Domonkos-Toronto-Dr.-Nadas-Janos-a-podiumnal-768x502.jpg 768w, https:\/\/www.hungarianconservative.com\/wp-content\/uploads\/2023\/12\/1984-Magyar-Kongresszus-Hamvas-Jozsef-Toronto-Tollas-Tibor-Munchen-Gyallai-Papp-Domonkos-Toronto-Dr.-Nadas-Janos-a-podiumnal-1536x1004.jpg 1536w, https:\/\/www.hungarianconservative.com\/wp-content\/uploads\/2023\/12\/1984-Magyar-Kongresszus-Hamvas-Jozsef-Toronto-Tollas-Tibor-Munchen-Gyallai-Papp-Domonkos-Toronto-Dr.-Nadas-Janos-a-podiumnal-2048x1339.jpg 2048w, https:\/\/www.hungarianconservative.com\/wp-content\/uploads\/2023\/12\/1984-Magyar-Kongresszus-Hamvas-Jozsef-Toronto-Tollas-Tibor-Munchen-Gyallai-Papp-Domonkos-Toronto-Dr.-Nadas-Janos-a-podiumnal-scaled.jpg 1920w\" alt=\"\" width=\"1024\" height=\"669\" \/><figcaption id=\"caption-attachment-21017\" class=\"wp-caption-text\">J\u00f3zsef Hamvas (Toronto, standing, C), to his right: Tibor Tollas (M\u00fcnchen), Domonkos Papp Gyallai (Toronto), and Dr. J\u00e1nos N\u00e1das at the podium. PHOTO: Courtesy of the N\u00e1das family<\/figcaption><\/figure><\/figure>\n<p style=\"text-align: justify;\"><strong>How did the two of you meet?<\/strong><\/p>\n<p style=\"text-align: justify;\">When I attended the Hungarian Congress in 1980, I met Dr. Gyula N\u00e1das\u2019s son J\u00e1nos. He was born in Innsbruck, Austria, in a refugee camp, came to America as a small child, got involved in the Hungarian community in Cleveland, taking advantages of all it had to offer: he had Hungarian fencing, swimming and violin instructors and was a member of the local Hungarian scout troop. Thanks to his Hungarian coaches, in 1970, he won the NCAA (National Collegiate Athletic Association) fencing championship in \u00e9p\u00e9e and that partially opened the door to his acceptance at Duke medical school. Once he got his degree in psychiatry in Chicago he did do some scouting and helped his family with the Hungarian Association\u2019s Congress. We got married in 1981, which is how I moved to the USA and became part of the extended N\u00e1das family. We lived in Indiana initially, very far from the Hungarian communities and my Toronto-based parents, so we moved closer, to about an hour south of Cleveland, and thus we were able to get involved in the local Cleveland Hungarian community.<\/p>\n<p style=\"text-align: justify;\"><strong>What was the original purpose of the institution?<\/strong><\/p>\n<p style=\"text-align: justify;\">Their call was \u2018to invite all Hungarians to join the Hungarian fraternal community, to cultivate Hungarian culture, to improve their own destiny, to promote the great Hungarian goals\u2019. They wanted to provide a home where at least once a week, on Sunday afternoons and evenings, \u201e all Hungarian individuals and families, especially new immigrants, could meet in an intimate and relaxed atmosphere, at minimal cost\u201d. Social events were regularly organized (chess, bridge and tarot clubs, social and dance evenings), as well as a series of free university lectures featuring Hungarian emigrant speakers who were experts in their fields. Literary and artistic evenings, commemorations and anniversaries were also organized. The organization, although conservative in its values, was non-political. However, if there was a need to protest the Communist regime, for example in \u201856, they spoke out, and organized protests. For example, in December 1956, President Dr. J\u00e1nos N\u00e1das and General Secretary Alad\u00e1r Burgy\u00e1n sent a letter to American decision-makers calling attention to the oppression of the Hungarian freedom fight. In addition, they focused on preserving the Hungarian identity of the youth: not only in encouraging parents to support the Hungarian scout movement, but also organized a special language school. In 1961, under the leadership of dr. Ferenc Somogyi a two-year \u2018Hungarian Studies Academy\u2019, was established. The success of the academy prompted the administration of the Western Reserve University Cleveland College to start a Hungarian cultural history course in Hungarian, also taught by dr. Ferenc Somogyi.<\/p>\n<p style=\"text-align: justify;\"><strong>Why were the Hungarian Meetings necessary?<\/strong><\/p>\n<p style=\"text-align: justify;\">Hungary lost a significant part of its educated middle class at the end of World War II. The Hungarian intellectuals, who had made friends in refugee camps in Austria, were scattered all over the world, and when dr. J\u00e1nos N\u00e1das, dr. B\u00e9la B\u00e9ldy and dr. Ferenc Somogyi decided to organize a Hungarian Congress in 1960, participants came from not only America, but Australia, Argentina, Brazil, Venezuela, and Canada to attend.\u00a0 Here individuals could freely discuss the challenges that the Hungarian immigrant community was facing. Over the years, its literary and artistic evenings, elegant banquets and Hungarian balls have become major events with a nationwide importance.<\/p>\n<figure class=\"wp-block-image size-large\" style=\"text-align: justify;\">\n<p><figure id=\"attachment_21019\" aria-describedby=\"caption-attachment-21019\" style=\"width: 1024px\" class=\"wp-caption alignnone\"><img loading=\"lazy\" decoding=\"async\" class=\"wp-image-21019\" src=\"https:\/\/www.hungarianconservative.com\/wp-content\/uploads\/2023\/12\/Nadascsalad-Magyar-Bal-2001-1024x686.jpg\" sizes=\"auto, (max-width: 1024px) 100vw, 1024px\" srcset=\"https:\/\/www.hungarianconservative.com\/wp-content\/uploads\/2023\/12\/Nadascsalad-Magyar-Bal-2001-1024x686.jpg 1024w, https:\/\/www.hungarianconservative.com\/wp-content\/uploads\/2023\/12\/Nadascsalad-Magyar-Bal-2001-300x201.jpg 300w, https:\/\/www.hungarianconservative.com\/wp-content\/uploads\/2023\/12\/Nadascsalad-Magyar-Bal-2001-768x514.jpg 768w, https:\/\/www.hungarianconservative.com\/wp-content\/uploads\/2023\/12\/Nadascsalad-Magyar-Bal-2001.jpg 1183w\" alt=\"\" width=\"1024\" height=\"686\" \/><figcaption id=\"caption-attachment-21019\" class=\"wp-caption-text\">The N\u00e1das family at the Hungarian Ball in 2001. PHOTO: Courtesy of the N\u00e1das family<\/figcaption><\/figure><\/figure>\n<p style=\"text-align: justify;\"><strong>How and why was \u00c1rp\u00e1d Academy founded?<\/strong><\/p>\n<p style=\"text-align: justify;\">In 1962, the Hungarian Association announced an annual competition and established annual awards to reward the most outstanding intellectual achievements. Gold, silver and bronze medals and certificates of honor named after \u00c1rp\u00e1d, the first head of the confederation of Magyar tribes in the 10th century, were awarded. The first gold \u00c1rp\u00e1d medal was a stylized copy of the Hungarian Golden Bull, drawing attention to the historical fact that the publication of this Hungarian constitutional charter of freedom in 1222 followed only seven years after the publication of the English Magna Carta. The establishment of the \u00c1rp\u00e1d Academy was decided in 1965, to group together the winning competitors. Their aim was to search for, enumerate, professionally evaluate, preserve and promote the recognition of outstanding works of Hungarian authors, artists, researchers and professionals living in the Diaspora. Dr. Ferenc Somogyi, was the first general secretary and his legacy today is carried on by his son L\u00e9l Somogyi.<\/p>\n<p style=\"text-align: justify;\"><strong>And how did you end up on the board of the Hungarian Association?<\/strong><\/p>\n<p style=\"text-align: justify;\">My involvement started only in the late 1990s when members of the previous generation passed away or were no longer able to carry on organizing the events because of their age. There was a functioning Board, which slowly grew to encompass a younger generation including people whose parents belonged to the Hungarian Association, such as the current vice-president dr. M\u00e1rta Pereszl\u00e9nyi, L\u00e9l Somogyi or my sister-in-law, Panni N\u00e1das Lud\u00e1nyi. Dr. Gyula N\u00e1das took over the Presidency of the Hungarian Association in 1992 after Dr. John N\u00e1das died. His son, my husband Dr. John N\u00e1das took over the organization in 2004 as President. Currently we focus on organizing the Hungarian Congress, the meeting of the \u00c1rp\u00e1d Academy and the Hungarian Ball every November. The Hungarian Community in Cleveland is very strong with many monthly meetings including lectures and exhibits by the Cleveland Hungarian Heritage Museum, Hungarian National commemoration by the United Hungarian Societies, and there are several Hungarian church and Hungarian scouting programs. Our yearly meeting further strengthens the community offerings.<\/p>\n<p style=\"text-align: justify;\"><strong>How has the Hungarian Association adapted to a changing world?<\/strong><\/p>\n<p style=\"text-align: justify;\">This is a difficult issue. The people for whom these meetings were an integral part of their life have passed away. One challenge we face is that the event is on Thanksgiving weekend, which is a family holiday in the USA, and many of our members travel out of state to be with their families. On the other hand that is when a lot of college students come home, and the Congress gives them a chance to get together. This year, family values was our main theme, and for the first time, we introduced a family program with children\u2019s games. This brought in the thirty- to forty-year-olds, who brought their children and while the children were playing, they could talk to each other or attend presentations. Ilona Gulden and J\u00e1nos Szab\u00f3, organized a folk dance for families. We also had a puppet show re-enacting the folk customs of the Bethlehem Story. One of our legacies was debutante balls. At this moment being a debutante is not trendy, but the atmosphere of times long past was recreated by the Hungarian Scout Ensemble performance of the traditional Palot\u00e1s Court dance. We are trying to recruit younger people as organizers; for instance, my husband\u2019s niece, Krisztina N\u00e1das, joined us recently as treasurer. Her daughter R\u00e9ka and her sister-in-law T\u00edmea N\u00e1das gave lectures. The whole N\u00e1das family participated at the Ball. Kata Nagy N\u00e1das is planning to put together a Hungarian evening show performance for next year. Every year young Ferenc Somogyi, L\u00e9l Somogyi\u2019s son, helps with the IT. But it is not enough to have one or two families help; this is not a family organization. We would like as many people as possible to come, we need people of all ages. This needs to be a community affair.<\/p>\n<p style=\"text-align: justify;\"><strong>Let\u2019s also talk about your other family heritage, the reformed (Calvinist) colleges in Transylvania.<\/strong><\/p>\n<p style=\"text-align: justify;\">After the change of regime, in 1990, I was asked by my mother\u2019s cousin Dr. K\u00e1lm\u00e1n Csiha, Bishop of The Reformed Church of Transylvania to be the administrator of the Calvin Synod\u2019s mission to support the schools of the Reformed Church in Transylvania.<\/p>\n<figure class=\"wp-block-image size-large\" style=\"text-align: justify;\">\n<p><figure id=\"attachment_21018\" aria-describedby=\"caption-attachment-21018\" style=\"width: 1024px\" class=\"wp-caption alignnone\"><img loading=\"lazy\" decoding=\"async\" class=\"wp-image-21018\" src=\"https:\/\/www.hungarianconservative.com\/wp-content\/uploads\/2023\/12\/Nadas-Gabriella-Csiha-Kalman-1990-1024x704.jpg\" sizes=\"auto, (max-width: 1024px) 100vw, 1024px\" srcset=\"https:\/\/www.hungarianconservative.com\/wp-content\/uploads\/2023\/12\/Nadas-Gabriella-Csiha-Kalman-1990-1024x704.jpg 1024w, https:\/\/www.hungarianconservative.com\/wp-content\/uploads\/2023\/12\/Nadas-Gabriella-Csiha-Kalman-1990-300x206.jpg 300w, https:\/\/www.hungarianconservative.com\/wp-content\/uploads\/2023\/12\/Nadas-Gabriella-Csiha-Kalman-1990-768x528.jpg 768w, https:\/\/www.hungarianconservative.com\/wp-content\/uploads\/2023\/12\/Nadas-Gabriella-Csiha-Kalman-1990-1536x1056.jpg 1536w, https:\/\/www.hungarianconservative.com\/wp-content\/uploads\/2023\/12\/Nadas-Gabriella-Csiha-Kalman-1990.jpg 1620w\" alt=\"\" width=\"1024\" height=\"704\" \/><figcaption id=\"caption-attachment-21018\" class=\"wp-caption-text\">Gabriella N\u00e1das standing next to Bishop K\u00e1lm\u00e1n Csiha. PHOTO: Courtesy of the N\u00e1das family<\/figcaption><\/figure><\/figure>\n<p style=\"text-align: justify;\">Our first fundraiser was for the construction of the dormitory of the Reformed Church Kolozsv\u00e1r Boarding School which became the Diaconate building. Then we started the symbolic godparent program to financially support the students attending the school. The donations supported the building of the Diaconate building in Marosv\u00e1s\u00e1rhely (T\u00e2rgu Mure\u0219, Romania), the refurbishing of the Bolyai School in Marosv\u00e1s\u00e1rhely, and the building of the gym in the Sz\u00e9kelyudvarhely (Odorheiu Secuiesc) Collegiate. Today we support four Reformed Church schools in Transylvania, with donations for school upkeep and student support. In total, more than two and a half million dollars have been donated to these institutions all from Hungarians living in the Diaspora. Initially we supported ten students; today we support 130.<\/p>\n<figure class=\"wp-block-image size-large\" style=\"text-align: justify;\">\n<p><figure id=\"attachment_21021\" aria-describedby=\"caption-attachment-21021\" style=\"width: 768px\" class=\"wp-caption alignnone\"><img loading=\"lazy\" decoding=\"async\" class=\"wp-image-21021\" src=\"https:\/\/www.hungarianconservative.com\/wp-content\/uploads\/2023\/12\/Kovacs-Tibor-iskolalelkesz-Nadas-Gabriella-Szekely-Arpad-Kolozsvari-Ref.-Kollegium-igazgatoja-2015-10-11-768x1024.jpg\" sizes=\"auto, (max-width: 768px) 100vw, 768px\" srcset=\"https:\/\/www.hungarianconservative.com\/wp-content\/uploads\/2023\/12\/Kovacs-Tibor-iskolalelkesz-Nadas-Gabriella-Szekely-Arpad-Kolozsvari-Ref.-Kollegium-igazgatoja-2015-10-11-768x1024.jpg 768w, https:\/\/www.hungarianconservative.com\/wp-content\/uploads\/2023\/12\/Kovacs-Tibor-iskolalelkesz-Nadas-Gabriella-Szekely-Arpad-Kolozsvari-Ref.-Kollegium-igazgatoja-2015-10-11-225x300.jpg 225w, https:\/\/www.hungarianconservative.com\/wp-content\/uploads\/2023\/12\/Kovacs-Tibor-iskolalelkesz-Nadas-Gabriella-Szekely-Arpad-Kolozsvari-Ref.-Kollegium-igazgatoja-2015-10-11-1152x1536.jpg 1152w, https:\/\/www.hungarianconservative.com\/wp-content\/uploads\/2023\/12\/Kovacs-Tibor-iskolalelkesz-Nadas-Gabriella-Szekely-Arpad-Kolozsvari-Ref.-Kollegium-igazgatoja-2015-10-11-1536x2048.jpg 1536w, https:\/\/www.hungarianconservative.com\/wp-content\/uploads\/2023\/12\/Kovacs-Tibor-iskolalelkesz-Nadas-Gabriella-Szekely-Arpad-Kolozsvari-Ref.-Kollegium-igazgatoja-2015-10-11-scaled.jpg 1440w\" alt=\"\" width=\"768\" height=\"1024\" \/><figcaption id=\"caption-attachment-21021\" class=\"wp-caption-text\">School pastor Tibor Kov\u00e1cs (L), Gabriella N\u00e1das and \u00c1rp\u00e1d Sz\u00e9kely, the principal of the Reformed Church Collegiate. PHOTO: Courtesy of the N\u00e1das family<\/figcaption><\/figure><\/figure>\n<p style=\"text-align: justify;\"><strong>Are you coordinating all this? Why did you take it on?<\/strong><\/p>\n<p style=\"text-align: justify;\">Transylvanians have always been dear to my family. When Bishop Csiha was put in a Romanian prison for political reasons after 1956, my grandmother went into mourning. As a child, I did not understand what was happening, I just felt that it was something very serious. The fate of the Hungarian minority in Transylvania is something that has stayed with me for my entire life. I think many people in my generation are still emotionally very much attached to Transylvania. I do coordinate the Calvin\u2019s Synod School mission, but I have had help and support from several individuals. Edith Lauer, my friend, was well versed in fundraising and provided much needed guidance. Rev. B\u00e9la Szigethy, who lived on the West Coast, and Rev. S\u00e1ndor Babos, the only missionary of the Reformed Church, were my spiritual supporters, but they both passed away long ago.\u00a0 My job currently is meticulous background work: keeping in touch with our donors through newsletters, following up regularly, thanking them personally for their donations, commemorating deceased donors, etc. Thus, the whole donor community is like a circle of friends working together for a common cause. Some donate $100, others $150,000, depending on how much money they can afford and how emotionally attached they are to the cause. Those who pass away usually leave us larger legacy donations. Sadly, no new donors have stepped into their shoes, so this year there were only twenty-seven donors, but still $118,000 was collected, which is a large amount. I hope the next North American Reformed Church Calvin Synod bishop will support the mission, like our current Bishop, Rev. Dr. Csaba Krasznai does. Fortunately, the Hungarian government is supporting the Transylvanian churches and their institutions, so I no longer have the feeling that their financial fate depends solely on this mission.<\/p>\n<p><em>Source: <a href=\"https:\/\/www.hungarianconservative.com\/articles\/diaspora\/hungarian-association_cleveland_toronto_diaspora_transylvania_reformed-church_gabriella-nadas\/\">hungarianconservative.com<\/a><\/em><\/p>\n","protected":false},"excerpt":{"rendered":"<p><em>Source: <a href=\"https:\/\/www.hungarianconservative.com\/articles\/diaspora\/hungarian-association_cleveland_toronto_diaspora_transylvania_reformed-church_gabriella-nadas\/\">hungarianconservative.com<\/a><\/em><\/p>\n<p class=\"has-drop-cap has-medium-font-size\" style=\"text-align: justify;\"><strong>The <a href=\"https:\/\/www.hungarianconservative.com\/articles\/diaspora\/hungarian-congress_cleveland_presentations_awards_hungarian-american-community\/\">62nd Hungarian Congress<\/a>\u00a0organized by the Hungarian Association of Cleveland offered a diverse and valuable programme of scientific, economic and literary presentations as well as cultural experiences. Executive president Gabriella Ormay N\u00e1das explained: the annual event and the organization itself were part of her husband\u2019s (dr. J\u00e1nos N\u00e1das) family legacy; but she also inherited a family legacy of her own: commitment to the Hungarian diaspora in North America as well as the support of the Hungarian Reformed Church\u2019s Collegiates in Transylvania.\u00a0<\/strong><\/p>\n<p style=\"text-align: justify;\">***<\/p>\n<p class=\"has-drop-cap\" style=\"text-align: justify;\"><strong>Please tell us first about your family, so that our readers may get a better idea of your legacies.<\/strong><\/p>\n<p style=\"text-align: justify;\">My parents immigrated from the \u00c9rmell\u00e9k region (Transylvania, now part of Romania) and were so-called 1945 refugees. My mother, Gabriella Ormay (nee Kiss), was a volunteer nurse during World War II; she left the country with the retreating German-Hungarian army and never returned. My father, Dr. J\u00f3zsef Ormay was a bomber pilot whose squadron surrendered to American forces in Austria. My parents married in England and emigrated to Canada; I was born there. My brother and I grew up on the Niagara Peninsula. Very few Hungarians lived there, but my father was often invited to speak at local Hungarian national commemorations, so we never questioned our Hungarian roots. When I moved with my family to Toronto to attend University of Toronto School of Pharmacy, my family became active in the Hungarian community. My mother taught Hungarian at Helicon Hungarian School and succeeded in getting these language courses accredited by the Province of Ontario. My father also served as the president of the Hungarian House for two years. My parents had an ingrained sense of duty to serve the Hungarian community. I think they were able to instill those emotions in us. I became a scout leader, joined the Helicon Youth Association, of which I later became president. The Helicon Association was founded by Canadians of Hungarian descent aiming to promote and disseminate Hungarian national heritage, culture, history and traditions in Toronto. Its golden age was in the \u201860s, but when I got there in the \u201870s, the youth association was still strong.<\/p>\n<figure class=\"wp-block-image size-large\" style=\"text-align: justify;\">\n<p>[caption id=\"attachment_21012\" align=\"alignnone\" width=\"1024\"]<img loading=\"lazy\" decoding=\"async\" class=\"wp-image-21012\" src=\"https:\/\/www.hungarianconservative.com\/wp-content\/uploads\/2023\/12\/1970-Muvesz-allva-baloldalt-Hamvas-Jozsef-Toronto-5.-balrol-Dr.-Somogyi-Ferenc-masodik-jobbrol-Dr.-Nadas-Janos-ulve-kozepen-Szeleczky-Zita-1024x730.jpg\" sizes=\"auto, (max-width: 1024px) 100vw, 1024px\" srcset=\"https:\/\/www.hungarianconservative.com\/wp-content\/uploads\/2023\/12\/1970-Muvesz-allva-baloldalt-Hamvas-Jozsef-Toronto-5.-balrol-Dr.-Somogyi-Ferenc-masodik-jobbrol-Dr.-Nadas-Janos-ulve-kozepen-Szeleczky-Zita-1024x730.jpg 1024w, https:\/\/www.hungarianconservative.com\/wp-content\/uploads\/2023\/12\/1970-Muvesz-allva-baloldalt-Hamvas-Jozsef-Toronto-5.-balrol-Dr.-Somogyi-Ferenc-masodik-jobbrol-Dr.-Nadas-Janos-ulve-kozepen-Szeleczky-Zita-300x214.jpg 300w, https:\/\/www.hungarianconservative.com\/wp-content\/uploads\/2023\/12\/1970-Muvesz-allva-baloldalt-Hamvas-Jozsef-Toronto-5.-balrol-Dr.-Somogyi-Ferenc-masodik-jobbrol-Dr.-Nadas-Janos-ulve-kozepen-Szeleczky-Zita-768x547.jpg 768w, https:\/\/www.hungarianconservative.com\/wp-content\/uploads\/2023\/12\/1970-Muvesz-allva-baloldalt-Hamvas-Jozsef-Toronto-5.-balrol-Dr.-Somogyi-Ferenc-masodik-jobbrol-Dr.-Nadas-Janos-ulve-kozepen-Szeleczky-Zita-1536x1094.jpg 1536w, https:\/\/www.hungarianconservative.com\/wp-content\/uploads\/2023\/12\/1970-Muvesz-allva-baloldalt-Hamvas-Jozsef-Toronto-5.-balrol-Dr.-Somogyi-Ferenc-masodik-jobbrol-Dr.-Nadas-Janos-ulve-kozepen-Szeleczky-Zita-2048x1459.jpg 2048w, https:\/\/www.hungarianconservative.com\/wp-content\/uploads\/2023\/12\/1970-Muvesz-allva-baloldalt-Hamvas-Jozsef-Toronto-5.-balrol-Dr.-Somogyi-Ferenc-masodik-jobbrol-Dr.-Nadas-Janos-ulve-kozepen-Szeleczky-Zita-scaled.jpg 1920w\" alt=\"\" width=\"1024\" height=\"730\" \/> An evening of art from 1970. Standing: first from the left J\u00f3zsef Hamvas (Toronto), fifth from the left Dr. Ferenc Somogyi, second from the right Dr. J\u00e1nos N\u00e1das; sitting in the middle is renowned interwar actress, \u00e9migr\u00e9 Zita Szeleczky. PHOTO: Courtesy of the N\u00e1das family[\/caption]<\/figure>\n<p style=\"text-align: justify;\">We met every two weeks on Fridays to listen to lectures and then socialize. Later, our group of about twenty friends took over the organization of the annual Helicon Ball, of which I became the president in 1980. It was an elegant event, a representation of our community to the outside world, attended by many Canadian politicians. I must also mention that I have been a member of the Hungarian Scout Organization in Exteris as a squad and patrol leader in Toronto, a troop leader in Cleveland and a member of the leadership training program. This scouting background was instrumental in maintaining my Hungarian heritage.<\/p>\n<p style=\"text-align: justify;\"><strong>What about your husband\u2019s family?<\/strong><\/p>\n<p style=\"text-align: justify;\">My father-in-law\u2019s family originated in Kecskem\u00e9t, Hungary, then lived in Kolozsv\u00e1r (today Cluj, Romania) and were forced to return to Hungary after WWI.\u00a0 The three siblings, J\u00e1nos, Gyula and R\u00f3zsa completed their doctoral degrees at the University of Economics in Budapest, and had promising careers until 1945 when they escaped to Austria from the incoming Soviet troops. Dr. J\u00e1nos N\u00e1das had already lived a very active community life back in Hungary: he represented the Hungarian youth at the Kossuth pilgrimage to the USA in 1928; he was the president of the Youth Association of the University of Economics and President of the National Association of Hungarian University Students. He was the editor and owner of the weekly newspaper\u00a0<em>Igaz Sz\u00f3<\/em>\u00a0in \u00dajpest, secretary of the Hungarian Press Chamber, and national secretary general of the Party of Hungarian Life. My father-in-law dr. Gyula N\u00e1das was a financial advisor in the Ministry of Finance and Dr. R\u00f3zsa N\u00e1das was the head librarian of the Chamber of Commerce and Industry in Hungary. Dr. J\u00e1nos Nad\u00e1s founded the Hungarian Association already in 1948 in the displaced persons camp in Austria, and then again in 1950 in Cleveland. He was joined by his siblings in the organization work, Dr. R\u00f3zsa N\u00e1das was mainly in charge of the administration, Dr. N\u00e1das Gyula organized the exhibits.<\/p>\n<figure class=\"wp-block-image size-large\" style=\"text-align: justify;\">\n<p>[caption id=\"attachment_21017\" align=\"alignnone\" width=\"1024\"]<img loading=\"lazy\" decoding=\"async\" class=\"wp-image-21017\" src=\"https:\/\/www.hungarianconservative.com\/wp-content\/uploads\/2023\/12\/1984-Magyar-Kongresszus-Hamvas-Jozsef-Toronto-Tollas-Tibor-Munchen-Gyallai-Papp-Domonkos-Toronto-Dr.-Nadas-Janos-a-podiumnal-1024x669.jpg\" sizes=\"auto, (max-width: 1024px) 100vw, 1024px\" srcset=\"https:\/\/www.hungarianconservative.com\/wp-content\/uploads\/2023\/12\/1984-Magyar-Kongresszus-Hamvas-Jozsef-Toronto-Tollas-Tibor-Munchen-Gyallai-Papp-Domonkos-Toronto-Dr.-Nadas-Janos-a-podiumnal-1024x669.jpg 1024w, https:\/\/www.hungarianconservative.com\/wp-content\/uploads\/2023\/12\/1984-Magyar-Kongresszus-Hamvas-Jozsef-Toronto-Tollas-Tibor-Munchen-Gyallai-Papp-Domonkos-Toronto-Dr.-Nadas-Janos-a-podiumnal-300x196.jpg 300w, https:\/\/www.hungarianconservative.com\/wp-content\/uploads\/2023\/12\/1984-Magyar-Kongresszus-Hamvas-Jozsef-Toronto-Tollas-Tibor-Munchen-Gyallai-Papp-Domonkos-Toronto-Dr.-Nadas-Janos-a-podiumnal-768x502.jpg 768w, https:\/\/www.hungarianconservative.com\/wp-content\/uploads\/2023\/12\/1984-Magyar-Kongresszus-Hamvas-Jozsef-Toronto-Tollas-Tibor-Munchen-Gyallai-Papp-Domonkos-Toronto-Dr.-Nadas-Janos-a-podiumnal-1536x1004.jpg 1536w, https:\/\/www.hungarianconservative.com\/wp-content\/uploads\/2023\/12\/1984-Magyar-Kongresszus-Hamvas-Jozsef-Toronto-Tollas-Tibor-Munchen-Gyallai-Papp-Domonkos-Toronto-Dr.-Nadas-Janos-a-podiumnal-2048x1339.jpg 2048w, https:\/\/www.hungarianconservative.com\/wp-content\/uploads\/2023\/12\/1984-Magyar-Kongresszus-Hamvas-Jozsef-Toronto-Tollas-Tibor-Munchen-Gyallai-Papp-Domonkos-Toronto-Dr.-Nadas-Janos-a-podiumnal-scaled.jpg 1920w\" alt=\"\" width=\"1024\" height=\"669\" \/> J\u00f3zsef Hamvas (Toronto, standing, C), to his right: Tibor Tollas (M\u00fcnchen), Domonkos Papp Gyallai (Toronto), and Dr. J\u00e1nos N\u00e1das at the podium. PHOTO: Courtesy of the N\u00e1das family[\/caption]<\/figure>\n<p style=\"text-align: justify;\"><strong>How did the two of you meet?<\/strong><\/p>\n<p style=\"text-align: justify;\">When I attended the Hungarian Congress in 1980, I met Dr. Gyula N\u00e1das\u2019s son J\u00e1nos. He was born in Innsbruck, Austria, in a refugee camp, came to America as a small child, got involved in the Hungarian community in Cleveland, taking advantages of all it had to offer: he had Hungarian fencing, swimming and violin instructors and was a member of the local Hungarian scout troop. Thanks to his Hungarian coaches, in 1970, he won the NCAA (National Collegiate Athletic Association) fencing championship in \u00e9p\u00e9e and that partially opened the door to his acceptance at Duke medical school. Once he got his degree in psychiatry in Chicago he did do some scouting and helped his family with the Hungarian Association\u2019s Congress. We got married in 1981, which is how I moved to the USA and became part of the extended N\u00e1das family. We lived in Indiana initially, very far from the Hungarian communities and my Toronto-based parents, so we moved closer, to about an hour south of Cleveland, and thus we were able to get involved in the local Cleveland Hungarian community.<\/p>\n<p style=\"text-align: justify;\"><strong>What was the original purpose of the institution?<\/strong><\/p>\n<p style=\"text-align: justify;\">Their call was \u2018to invite all Hungarians to join the Hungarian fraternal community, to cultivate Hungarian culture, to improve their own destiny, to promote the great Hungarian goals\u2019. They wanted to provide a home where at least once a week, on Sunday afternoons and evenings, \u201e all Hungarian individuals and families, especially new immigrants, could meet in an intimate and relaxed atmosphere, at minimal cost\u201d. Social events were regularly organized (chess, bridge and tarot clubs, social and dance evenings), as well as a series of free university lectures featuring Hungarian emigrant speakers who were experts in their fields. Literary and artistic evenings, commemorations and anniversaries were also organized. The organization, although conservative in its values, was non-political. However, if there was a need to protest the Communist regime, for example in \u201856, they spoke out, and organized protests. For example, in December 1956, President Dr. J\u00e1nos N\u00e1das and General Secretary Alad\u00e1r Burgy\u00e1n sent a letter to American decision-makers calling attention to the oppression of the Hungarian freedom fight. In addition, they focused on preserving the Hungarian identity of the youth: not only in encouraging parents to support the Hungarian scout movement, but also organized a special language school. In 1961, under the leadership of dr. Ferenc Somogyi a two-year \u2018Hungarian Studies Academy\u2019, was established. The success of the academy prompted the administration of the Western Reserve University Cleveland College to start a Hungarian cultural history course in Hungarian, also taught by dr. Ferenc Somogyi.<\/p>\n<p style=\"text-align: justify;\"><strong>Why were the Hungarian Meetings necessary?<\/strong><\/p>\n<p style=\"text-align: justify;\">Hungary lost a significant part of its educated middle class at the end of World War II. The Hungarian intellectuals, who had made friends in refugee camps in Austria, were scattered all over the world, and when dr. J\u00e1nos N\u00e1das, dr. B\u00e9la B\u00e9ldy and dr. Ferenc Somogyi decided to organize a Hungarian Congress in 1960, participants came from not only America, but Australia, Argentina, Brazil, Venezuela, and Canada to attend.\u00a0 Here individuals could freely discuss the challenges that the Hungarian immigrant community was facing. Over the years, its literary and artistic evenings, elegant banquets and Hungarian balls have become major events with a nationwide importance.<\/p>\n<figure class=\"wp-block-image size-large\" style=\"text-align: justify;\">\n<p>[caption id=\"attachment_21019\" align=\"alignnone\" width=\"1024\"]<img loading=\"lazy\" decoding=\"async\" class=\"wp-image-21019\" src=\"https:\/\/www.hungarianconservative.com\/wp-content\/uploads\/2023\/12\/Nadascsalad-Magyar-Bal-2001-1024x686.jpg\" sizes=\"auto, (max-width: 1024px) 100vw, 1024px\" srcset=\"https:\/\/www.hungarianconservative.com\/wp-content\/uploads\/2023\/12\/Nadascsalad-Magyar-Bal-2001-1024x686.jpg 1024w, https:\/\/www.hungarianconservative.com\/wp-content\/uploads\/2023\/12\/Nadascsalad-Magyar-Bal-2001-300x201.jpg 300w, https:\/\/www.hungarianconservative.com\/wp-content\/uploads\/2023\/12\/Nadascsalad-Magyar-Bal-2001-768x514.jpg 768w, https:\/\/www.hungarianconservative.com\/wp-content\/uploads\/2023\/12\/Nadascsalad-Magyar-Bal-2001.jpg 1183w\" alt=\"\" width=\"1024\" height=\"686\" \/> The N\u00e1das family at the Hungarian Ball in 2001. PHOTO: Courtesy of the N\u00e1das family[\/caption]<\/figure>\n<p style=\"text-align: justify;\"><strong>How and why was \u00c1rp\u00e1d Academy founded?<\/strong><\/p>\n<p style=\"text-align: justify;\">In 1962, the Hungarian Association announced an annual competition and established annual awards to reward the most outstanding intellectual achievements. Gold, silver and bronze medals and certificates of honor named after \u00c1rp\u00e1d, the first head of the confederation of Magyar tribes in the 10th century, were awarded. The first gold \u00c1rp\u00e1d medal was a stylized copy of the Hungarian Golden Bull, drawing attention to the historical fact that the publication of this Hungarian constitutional charter of freedom in 1222 followed only seven years after the publication of the English Magna Carta. The establishment of the \u00c1rp\u00e1d Academy was decided in 1965, to group together the winning competitors. Their aim was to search for, enumerate, professionally evaluate, preserve and promote the recognition of outstanding works of Hungarian authors, artists, researchers and professionals living in the Diaspora. Dr. Ferenc Somogyi, was the first general secretary and his legacy today is carried on by his son L\u00e9l Somogyi.<\/p>\n<p style=\"text-align: justify;\"><strong>And how did you end up on the board of the Hungarian Association?<\/strong><\/p>\n<p style=\"text-align: justify;\">My involvement started only in the late 1990s when members of the previous generation passed away or were no longer able to carry on organizing the events because of their age. There was a functioning Board, which slowly grew to encompass a younger generation including people whose parents belonged to the Hungarian Association, such as the current vice-president dr. M\u00e1rta Pereszl\u00e9nyi, L\u00e9l Somogyi or my sister-in-law, Panni N\u00e1das Lud\u00e1nyi. Dr. Gyula N\u00e1das took over the Presidency of the Hungarian Association in 1992 after Dr. John N\u00e1das died. His son, my husband Dr. John N\u00e1das took over the organization in 2004 as President. Currently we focus on organizing the Hungarian Congress, the meeting of the \u00c1rp\u00e1d Academy and the Hungarian Ball every November. The Hungarian Community in Cleveland is very strong with many monthly meetings including lectures and exhibits by the Cleveland Hungarian Heritage Museum, Hungarian National commemoration by the United Hungarian Societies, and there are several Hungarian church and Hungarian scouting programs. Our yearly meeting further strengthens the community offerings.<\/p>\n<p style=\"text-align: justify;\"><strong>How has the Hungarian Association adapted to a changing world?<\/strong><\/p>\n<p style=\"text-align: justify;\">This is a difficult issue. The people for whom these meetings were an integral part of their life have passed away. One challenge we face is that the event is on Thanksgiving weekend, which is a family holiday in the USA, and many of our members travel out of state to be with their families. On the other hand that is when a lot of college students come home, and the Congress gives them a chance to get together. This year, family values was our main theme, and for the first time, we introduced a family program with children\u2019s games. This brought in the thirty- to forty-year-olds, who brought their children and while the children were playing, they could talk to each other or attend presentations. Ilona Gulden and J\u00e1nos Szab\u00f3, organized a folk dance for families. We also had a puppet show re-enacting the folk customs of the Bethlehem Story. One of our legacies was debutante balls. At this moment being a debutante is not trendy, but the atmosphere of times long past was recreated by the Hungarian Scout Ensemble performance of the traditional Palot\u00e1s Court dance. We are trying to recruit younger people as organizers; for instance, my husband\u2019s niece, Krisztina N\u00e1das, joined us recently as treasurer. Her daughter R\u00e9ka and her sister-in-law T\u00edmea N\u00e1das gave lectures. The whole N\u00e1das family participated at the Ball. Kata Nagy N\u00e1das is planning to put together a Hungarian evening show performance for next year. Every year young Ferenc Somogyi, L\u00e9l Somogyi\u2019s son, helps with the IT. But it is not enough to have one or two families help; this is not a family organization. We would like as many people as possible to come, we need people of all ages. This needs to be a community affair.<\/p>\n<p style=\"text-align: justify;\"><strong>Let\u2019s also talk about your other family heritage, the reformed (Calvinist) colleges in Transylvania.<\/strong><\/p>\n<p style=\"text-align: justify;\">After the change of regime, in 1990, I was asked by my mother\u2019s cousin Dr. K\u00e1lm\u00e1n Csiha, Bishop of The Reformed Church of Transylvania to be the administrator of the Calvin Synod\u2019s mission to support the schools of the Reformed Church in Transylvania.<\/p>\n<figure class=\"wp-block-image size-large\" style=\"text-align: justify;\">\n<p>[caption id=\"attachment_21018\" align=\"alignnone\" width=\"1024\"]<img loading=\"lazy\" decoding=\"async\" class=\"wp-image-21018\" src=\"https:\/\/www.hungarianconservative.com\/wp-content\/uploads\/2023\/12\/Nadas-Gabriella-Csiha-Kalman-1990-1024x704.jpg\" sizes=\"auto, (max-width: 1024px) 100vw, 1024px\" srcset=\"https:\/\/www.hungarianconservative.com\/wp-content\/uploads\/2023\/12\/Nadas-Gabriella-Csiha-Kalman-1990-1024x704.jpg 1024w, https:\/\/www.hungarianconservative.com\/wp-content\/uploads\/2023\/12\/Nadas-Gabriella-Csiha-Kalman-1990-300x206.jpg 300w, https:\/\/www.hungarianconservative.com\/wp-content\/uploads\/2023\/12\/Nadas-Gabriella-Csiha-Kalman-1990-768x528.jpg 768w, https:\/\/www.hungarianconservative.com\/wp-content\/uploads\/2023\/12\/Nadas-Gabriella-Csiha-Kalman-1990-1536x1056.jpg 1536w, https:\/\/www.hungarianconservative.com\/wp-content\/uploads\/2023\/12\/Nadas-Gabriella-Csiha-Kalman-1990.jpg 1620w\" alt=\"\" width=\"1024\" height=\"704\" \/> Gabriella N\u00e1das standing next to Bishop K\u00e1lm\u00e1n Csiha. PHOTO: Courtesy of the N\u00e1das family[\/caption]<\/figure>\n<p style=\"text-align: justify;\">Our first fundraiser was for the construction of the dormitory of the Reformed Church Kolozsv\u00e1r Boarding School which became the Diaconate building. Then we started the symbolic godparent program to financially support the students attending the school. The donations supported the building of the Diaconate building in Marosv\u00e1s\u00e1rhely (T\u00e2rgu Mure\u0219, Romania), the refurbishing of the Bolyai School in Marosv\u00e1s\u00e1rhely, and the building of the gym in the Sz\u00e9kelyudvarhely (Odorheiu Secuiesc) Collegiate. Today we support four Reformed Church schools in Transylvania, with donations for school upkeep and student support. In total, more than two and a half million dollars have been donated to these institutions all from Hungarians living in the Diaspora. Initially we supported ten students; today we support 130.<\/p>\n<figure class=\"wp-block-image size-large\" style=\"text-align: justify;\">\n<p>[caption id=\"attachment_21021\" align=\"alignnone\" width=\"768\"]<img loading=\"lazy\" decoding=\"async\" class=\"wp-image-21021\" src=\"https:\/\/www.hungarianconservative.com\/wp-content\/uploads\/2023\/12\/Kovacs-Tibor-iskolalelkesz-Nadas-Gabriella-Szekely-Arpad-Kolozsvari-Ref.-Kollegium-igazgatoja-2015-10-11-768x1024.jpg\" sizes=\"auto, (max-width: 768px) 100vw, 768px\" srcset=\"https:\/\/www.hungarianconservative.com\/wp-content\/uploads\/2023\/12\/Kovacs-Tibor-iskolalelkesz-Nadas-Gabriella-Szekely-Arpad-Kolozsvari-Ref.-Kollegium-igazgatoja-2015-10-11-768x1024.jpg 768w, https:\/\/www.hungarianconservative.com\/wp-content\/uploads\/2023\/12\/Kovacs-Tibor-iskolalelkesz-Nadas-Gabriella-Szekely-Arpad-Kolozsvari-Ref.-Kollegium-igazgatoja-2015-10-11-225x300.jpg 225w, https:\/\/www.hungarianconservative.com\/wp-content\/uploads\/2023\/12\/Kovacs-Tibor-iskolalelkesz-Nadas-Gabriella-Szekely-Arpad-Kolozsvari-Ref.-Kollegium-igazgatoja-2015-10-11-1152x1536.jpg 1152w, https:\/\/www.hungarianconservative.com\/wp-content\/uploads\/2023\/12\/Kovacs-Tibor-iskolalelkesz-Nadas-Gabriella-Szekely-Arpad-Kolozsvari-Ref.-Kollegium-igazgatoja-2015-10-11-1536x2048.jpg 1536w, https:\/\/www.hungarianconservative.com\/wp-content\/uploads\/2023\/12\/Kovacs-Tibor-iskolalelkesz-Nadas-Gabriella-Szekely-Arpad-Kolozsvari-Ref.-Kollegium-igazgatoja-2015-10-11-scaled.jpg 1440w\" alt=\"\" width=\"768\" height=\"1024\" \/> School pastor Tibor Kov\u00e1cs (L), Gabriella N\u00e1das and \u00c1rp\u00e1d Sz\u00e9kely, the principal of the Reformed Church Collegiate. PHOTO: Courtesy of the N\u00e1das family[\/caption]<\/figure>\n<p style=\"text-align: justify;\"><strong>Are you coordinating all this? Why did you take it on?<\/strong><\/p>\n<p style=\"text-align: justify;\">Transylvanians have always been dear to my family. When Bishop Csiha was put in a Romanian prison for political reasons after 1956, my grandmother went into mourning. As a child, I did not understand what was happening, I just felt that it was something very serious. The fate of the Hungarian minority in Transylvania is something that has stayed with me for my entire life. I think many people in my generation are still emotionally very much attached to Transylvania. I do coordinate the Calvin\u2019s Synod School mission, but I have had help and support from several individuals. Edith Lauer, my friend, was well versed in fundraising and provided much needed guidance. Rev. B\u00e9la Szigethy, who lived on the West Coast, and Rev. S\u00e1ndor Babos, the only missionary of the Reformed Church, were my spiritual supporters, but they both passed away long ago.\u00a0 My job currently is meticulous background work: keeping in touch with our donors through newsletters, following up regularly, thanking them personally for their donations, commemorating deceased donors, etc. Thus, the whole donor community is like a circle of friends working together for a common cause. Some donate $100, others $150,000, depending on how much money they can afford and how emotionally attached they are to the cause. Those who pass away usually leave us larger legacy donations. Sadly, no new donors have stepped into their shoes, so this year there were only twenty-seven donors, but still $118,000 was collected, which is a large amount. I hope the next North American Reformed Church Calvin Synod bishop will support the mission, like our current Bishop, Rev. Dr. Csaba Krasznai does. Fortunately, the Hungarian government is supporting the Transylvanian churches and their institutions, so I no longer have the feeling that their financial fate depends solely on this mission.<\/p>\n<p><em>Source: <a href=\"https:\/\/www.hungarianconservative.com\/articles\/diaspora\/hungarian-association_cleveland_toronto_diaspora_transylvania_reformed-church_gabriella-nadas\/\">hungarianconservative.com<\/a><\/em><\/p>\n","protected":false},"author":43,"featured_media":1090410,"comment_status":"open","ping_status":"open","sticky":false,"template":"","format":"standard","meta":{"footnotes":""},"categories":[196],"tags":[],"class_list":["post-1090414","post","type-post","status-publish","format-standard","has-post-thumbnail","category-local-events-and-news"],"yoast_head":"<!-- This site is optimized with the Yoast SEO plugin v27.4 - https:\/\/yoast.com\/product\/yoast-seo-wordpress\/ -->\n<title>\u2018I feel obliged to carry on what I have inherited\u2019 \u2014 A Conversation with Dr Gabriella N\u00e1das Ormay, Executive President of the Hungarian Association of Cleveland &#8211; Bocskai R\u00e1di\u00f3<\/title>\n<meta name=\"robots\" content=\"index, follow, max-snippet:-1, max-image-preview:large, max-video-preview:-1\" \/>\n<link rel=\"canonical\" href=\"https:\/\/www.bocskairadio.org\/en\/i-feel-obliged-to-carry-on-what-i-have-inherited-a-conversation-with-dr-gabriella-nadas-ormay-executive-president-of-the-hungarian-association-of-cleveland\/\" \/>\n<meta property=\"og:locale\" content=\"en_US\" \/>\n<meta property=\"og:type\" content=\"article\" \/>\n<meta property=\"og:title\" content=\"\u2018I feel obliged to carry on what I have inherited\u2019 \u2014 A Conversation with Dr Gabriella N\u00e1das Ormay, Executive President of the Hungarian Association of Cleveland &#8211; Bocskai R\u00e1di\u00f3\" \/>\n<meta property=\"og:description\" content=\"Source: hungarianconservative.com The 62nd Hungarian Congress\u00a0organized by the Hungarian Association of Cleveland offered a diverse and valuable programme of scientific, economic and literary presentations as well as cultural experiences. Executive president Gabriella Ormay N\u00e1das explained: the annual event and the organization itself were part of her husband\u2019s (dr. J\u00e1nos N\u00e1das) family legacy; but she also inherited a family legacy of her own: commitment to the Hungarian diaspora in North America as well as the support of the Hungarian Reformed Church\u2019s Collegiates in Transylvania.\u00a0 *** Please tell us first about your family, so that our readers may get a better idea of your legacies. My parents immigrated from the \u00c9rmell\u00e9k region (Transylvania, now part of Romania) and were so-called 1945 refugees. My mother, Gabriella Ormay (nee Kiss), was a volunteer nurse during World War II; she left the country with the retreating German-Hungarian army and never returned. My father, Dr. J\u00f3zsef Ormay was a bomber pilot whose squadron surrendered to American forces in Austria. My parents married in England and emigrated to Canada; I was born there. My brother and I grew up on the Niagara Peninsula. Very few Hungarians lived there, but my father was often invited to speak at local Hungarian national commemorations, so we never questioned our Hungarian roots. When I moved with my family to Toronto to attend University of Toronto School of Pharmacy, my family became active in the Hungarian community. My mother taught Hungarian at Helicon Hungarian School and succeeded in getting these language courses accredited by the Province of Ontario. My father also served as the president of the Hungarian House for two years. My parents had an ingrained sense of duty to serve the Hungarian community. I think they were able to instill those emotions in us. I became a scout leader, joined the Helicon Youth Association, of which I later became president. The Helicon Association was founded by Canadians of Hungarian descent aiming to promote and disseminate Hungarian national heritage, culture, history and traditions in Toronto. Its golden age was in the \u201860s, but when I got there in the \u201870s, the youth association was still strong.     We met every two weeks on Fridays to listen to lectures and then socialize. Later, our group of about twenty friends took over the organization of the annual Helicon Ball, of which I became the president in 1980. It was an elegant event, a representation of our community to the outside world, attended by many Canadian politicians. I must also mention that I have been a member of the Hungarian Scout Organization in Exteris as a squad and patrol leader in Toronto, a troop leader in Cleveland and a member of the leadership training program. This scouting background was instrumental in maintaining my Hungarian heritage. What about your husband\u2019s family? My father-in-law\u2019s family originated in Kecskem\u00e9t, Hungary, then lived in Kolozsv\u00e1r (today Cluj, Romania) and were forced to return to Hungary after WWI.\u00a0 The three siblings, J\u00e1nos, Gyula and R\u00f3zsa completed their doctoral degrees at the University of Economics in Budapest, and had promising careers until 1945 when they escaped to Austria from the incoming Soviet troops. Dr. J\u00e1nos N\u00e1das had already lived a very active community life back in Hungary: he represented the Hungarian youth at the Kossuth pilgrimage to the USA in 1928; he was the president of the Youth Association of the University of Economics and President of the National Association of Hungarian University Students. He was the editor and owner of the weekly newspaper\u00a0Igaz Sz\u00f3\u00a0in \u00dajpest, secretary of the Hungarian Press Chamber, and national secretary general of the Party of Hungarian Life. My father-in-law dr. Gyula N\u00e1das was a financial advisor in the Ministry of Finance and Dr. R\u00f3zsa N\u00e1das was the head librarian of the Chamber of Commerce and Industry in Hungary. Dr. J\u00e1nos Nad\u00e1s founded the Hungarian Association already in 1948 in the displaced persons camp in Austria, and then again in 1950 in Cleveland. He was joined by his siblings in the organization work, Dr. R\u00f3zsa N\u00e1das was mainly in charge of the administration, Dr. N\u00e1das Gyula organized the exhibits.     How did the two of you meet? When I attended the Hungarian Congress in 1980, I met Dr. Gyula N\u00e1das\u2019s son J\u00e1nos. He was born in Innsbruck, Austria, in a refugee camp, came to America as a small child, got involved in the Hungarian community in Cleveland, taking advantages of all it had to offer: he had Hungarian fencing, swimming and violin instructors and was a member of the local Hungarian scout troop. Thanks to his Hungarian coaches, in 1970, he won the NCAA (National Collegiate Athletic Association) fencing championship in \u00e9p\u00e9e and that partially opened the door to his acceptance at Duke medical school. Once he got his degree in psychiatry in Chicago he did do some scouting and helped his family with the Hungarian Association\u2019s Congress. We got married in 1981, which is how I moved to the USA and became part of the extended N\u00e1das family. We lived in Indiana initially, very far from the Hungarian communities and my Toronto-based parents, so we moved closer, to about an hour south of Cleveland, and thus we were able to get involved in the local Cleveland Hungarian community. What was the original purpose of the institution? Their call was \u2018to invite all Hungarians to join the Hungarian fraternal community, to cultivate Hungarian culture, to improve their own destiny, to promote the great Hungarian goals\u2019. They wanted to provide a home where at least once a week, on Sunday afternoons and evenings, \u201e all Hungarian individuals and families, especially new immigrants, could meet in an intimate and relaxed atmosphere, at minimal cost\u201d. Social events were regularly organized (chess, bridge and tarot clubs, social and dance evenings), as well as a series of free university lectures featuring Hungarian emigrant speakers who were experts in their fields. Literary and artistic evenings, commemorations and anniversaries were also organized. The organization, although conservative in its values, was non-political. However, if there was a need to protest the Communist regime, for example in \u201856, they spoke out, and organized protests. For example, in December 1956, President Dr. J\u00e1nos N\u00e1das and General Secretary Alad\u00e1r Burgy\u00e1n sent a letter to American decision-makers calling attention to the oppression of the Hungarian freedom fight. In addition, they focused on preserving the Hungarian identity of the youth: not only in encouraging parents to support the Hungarian scout movement, but also organized a special language school. In 1961, under the leadership of dr. Ferenc Somogyi a two-year \u2018Hungarian Studies Academy\u2019, was established. The success of the academy prompted the administration of the Western Reserve University Cleveland College to start a Hungarian cultural history course in Hungarian, also taught by dr. Ferenc Somogyi. Why were the Hungarian Meetings necessary? Hungary lost a significant part of its educated middle class at the end of World War II. The Hungarian intellectuals, who had made friends in refugee camps in Austria, were scattered all over the world, and when dr. J\u00e1nos N\u00e1das, dr. B\u00e9la B\u00e9ldy and dr. Ferenc Somogyi decided to organize a Hungarian Congress in 1960, participants came from not only America, but Australia, Argentina, Brazil, Venezuela, and Canada to attend.\u00a0 Here individuals could freely discuss the challenges that the Hungarian immigrant community was facing. Over the years, its literary and artistic evenings, elegant banquets and Hungarian balls have become major events with a nationwide importance.     How and why was \u00c1rp\u00e1d Academy founded? In 1962, the Hungarian Association announced an annual competition and established annual awards to reward the most outstanding intellectual achievements. Gold, silver and bronze medals and certificates of honor named after \u00c1rp\u00e1d, the first head of the confederation of Magyar tribes in the 10th century, were awarded. The first gold \u00c1rp\u00e1d medal was a stylized copy of the Hungarian Golden Bull, drawing attention to the historical fact that the publication of this Hungarian constitutional charter of freedom in 1222 followed only seven years after the publication of the English Magna Carta. The establishment of the \u00c1rp\u00e1d Academy was decided in 1965, to group together the winning competitors. Their aim was to search for, enumerate, professionally evaluate, preserve and promote the recognition of outstanding works of Hungarian authors, artists, researchers and professionals living in the Diaspora. Dr. Ferenc Somogyi, was the first general secretary and his legacy today is carried on by his son L\u00e9l Somogyi. And how did you end up on the board of the Hungarian Association? My involvement started only in the late 1990s when members of the previous generation passed away or were no longer able to carry on organizing the events because of their age. There was a functioning Board, which slowly grew to encompass a younger generation including people whose parents belonged to the Hungarian Association, such as the current vice-president dr. M\u00e1rta Pereszl\u00e9nyi, L\u00e9l Somogyi or my sister-in-law, Panni N\u00e1das Lud\u00e1nyi. Dr. Gyula N\u00e1das took over the Presidency of the Hungarian Association in 1992 after Dr. John N\u00e1das died. His son, my husband Dr. John N\u00e1das took over the organization in 2004 as President. Currently we focus on organizing the Hungarian Congress, the meeting of the \u00c1rp\u00e1d Academy and the Hungarian Ball every November. The Hungarian Community in Cleveland is very strong with many monthly meetings including lectures and exhibits by the Cleveland Hungarian Heritage Museum, Hungarian National commemoration by the United Hungarian Societies, and there are several Hungarian church and Hungarian scouting programs. Our yearly meeting further strengthens the community offerings. How has the Hungarian Association adapted to a changing world? This is a difficult issue. The people for whom these meetings were an integral part of their life have passed away. One challenge we face is that the event is on Thanksgiving weekend, which is a family holiday in the USA, and many of our members travel out of state to be with their families. On the other hand that is when a lot of college students come home, and the Congress gives them a chance to get together. This year, family values was our main theme, and for the first time, we introduced a family program with children\u2019s games. This brought in the thirty- to forty-year-olds, who brought their children and while the children were playing, they could talk to each other or attend presentations. Ilona Gulden and J\u00e1nos Szab\u00f3, organized a folk dance for families. We also had a puppet show re-enacting the folk customs of the Bethlehem Story. One of our legacies was debutante balls. At this moment being a debutante is not trendy, but the atmosphere of times long past was recreated by the Hungarian Scout Ensemble performance of the traditional Palot\u00e1s Court dance. We are trying to recruit younger people as organizers; for instance, my husband\u2019s niece, Krisztina N\u00e1das, joined us recently as treasurer. Her daughter R\u00e9ka and her sister-in-law T\u00edmea N\u00e1das gave lectures. The whole N\u00e1das family participated at the Ball. Kata Nagy N\u00e1das is planning to put together a Hungarian evening show performance for next year. Every year young Ferenc Somogyi, L\u00e9l Somogyi\u2019s son, helps with the IT. But it is not enough to have one or two families help; this is not a family organization. We would like as many people as possible to come, we need people of all ages. This needs to be a community affair. Let\u2019s also talk about your other family heritage, the reformed (Calvinist) colleges in Transylvania. After the change of regime, in 1990, I was asked by my mother\u2019s cousin Dr. K\u00e1lm\u00e1n Csiha, Bishop of The Reformed Church of Transylvania to be the administrator of the Calvin Synod\u2019s mission to support the schools of the Reformed Church in Transylvania.     Our first fundraiser was for the construction of the dormitory of the Reformed Church Kolozsv\u00e1r Boarding School which became the Diaconate building. Then we started the symbolic godparent program to financially support the students attending the school. The donations supported the building of the Diaconate building in Marosv\u00e1s\u00e1rhely (T\u00e2rgu Mure\u0219, Romania), the refurbishing of the Bolyai School in Marosv\u00e1s\u00e1rhely, and the building of the gym in the Sz\u00e9kelyudvarhely (Odorheiu Secuiesc) Collegiate. Today we support four Reformed Church schools in Transylvania, with donations for school upkeep and student support. In total, more than two and a half million dollars have been donated to these institutions all from Hungarians living in the Diaspora. Initially we supported ten students; today we support 130.     Are you coordinating all this? Why did you take it on? Transylvanians have always been dear to my family. When Bishop Csiha was put in a Romanian prison for political reasons after 1956, my grandmother went into mourning. As a child, I did not understand what was happening, I just felt that it was something very serious. The fate of the Hungarian minority in Transylvania is something that has stayed with me for my entire life. I think many people in my generation are still emotionally very much attached to Transylvania. I do coordinate the Calvin\u2019s Synod School mission, but I have had help and support from several individuals. Edith Lauer, my friend, was well versed in fundraising and provided much needed guidance. Rev. B\u00e9la Szigethy, who lived on the West Coast, and Rev. S\u00e1ndor Babos, the only missionary of the Reformed Church, were my spiritual supporters, but they both passed away long ago.\u00a0 My job currently is meticulous background work: keeping in touch with our donors through newsletters, following up regularly, thanking them personally for their donations, commemorating deceased donors, etc. Thus, the whole donor community is like a circle of friends working together for a common cause. Some donate $100, others $150,000, depending on how much money they can afford and how emotionally attached they are to the cause. Those who pass away usually leave us larger legacy donations. Sadly, no new donors have stepped into their shoes, so this year there were only twenty-seven donors, but still $118,000 was collected, which is a large amount. I hope the next North American Reformed Church Calvin Synod bishop will support the mission, like our current Bishop, Rev. Dr. Csaba Krasznai does. Fortunately, the Hungarian government is supporting the Transylvanian churches and their institutions, so I no longer have the feeling that their financial fate depends solely on this mission. Source: hungarianconservative.com\" \/>\n<meta property=\"og:url\" content=\"https:\/\/www.bocskairadio.org\/en\/i-feel-obliged-to-carry-on-what-i-have-inherited-a-conversation-with-dr-gabriella-nadas-ormay-executive-president-of-the-hungarian-association-of-cleveland\/\" \/>\n<meta property=\"og:site_name\" content=\"Bocskai R\u00e1di\u00f3\" \/>\n<meta property=\"article:publisher\" content=\"https:\/\/www.facebook.com\/BocskaiRadio\" \/>\n<meta property=\"article:published_time\" content=\"2023-12-29T17:25:58+00:00\" \/>\n<meta property=\"og:image\" content=\"https:\/\/cdn.bocskairadio.org\/wp-content\/uploads\/2023\/12\/29121238\/2023-11-25-22.24.22.m2ts.00_00_04_29.Still001-1.jpg\" \/>\n\t<meta property=\"og:image:width\" content=\"1920\" \/>\n\t<meta property=\"og:image:height\" content=\"1080\" \/>\n\t<meta property=\"og:image:type\" content=\"image\/jpeg\" \/>\n<meta name=\"author\" content=\"Antal-Ferencz Ildik\u00f3\" \/>\n<meta name=\"twitter:card\" content=\"summary_large_image\" \/>\n<meta name=\"twitter:creator\" content=\"@BocskaiRadio\" \/>\n<meta name=\"twitter:site\" content=\"@BocskaiRadio\" \/>\n<script type=\"application\/ld+json\" class=\"yoast-schema-graph\">{\"@context\":\"https:\\\/\\\/schema.org\",\"@graph\":[{\"@type\":\"Article\",\"@id\":\"https:\\\/\\\/www.bocskairadio.org\\\/en\\\/i-feel-obliged-to-carry-on-what-i-have-inherited-a-conversation-with-dr-gabriella-nadas-ormay-executive-president-of-the-hungarian-association-of-cleveland\\\/#article\",\"isPartOf\":{\"@id\":\"https:\\\/\\\/www.bocskairadio.org\\\/en\\\/i-feel-obliged-to-carry-on-what-i-have-inherited-a-conversation-with-dr-gabriella-nadas-ormay-executive-president-of-the-hungarian-association-of-cleveland\\\/\"},\"author\":{\"name\":\"Antal-Ferencz Ildik\u00f3\",\"@id\":\"https:\\\/\\\/www.bocskairadio.org\\\/en\\\/#\\\/schema\\\/person\\\/b977d92bd338306ce1cd1b7e0e2815bc\"},\"headline\":\"\u2018I feel obliged to carry on what I have inherited\u2019 \u2014 A Conversation with Dr Gabriella N\u00e1das Ormay, Executive President of the Hungarian Association of Cleveland\",\"datePublished\":\"2023-12-29T17:25:58+00:00\",\"mainEntityOfPage\":{\"@id\":\"https:\\\/\\\/www.bocskairadio.org\\\/en\\\/i-feel-obliged-to-carry-on-what-i-have-inherited-a-conversation-with-dr-gabriella-nadas-ormay-executive-president-of-the-hungarian-association-of-cleveland\\\/\"},\"wordCount\":2635,\"commentCount\":0,\"publisher\":{\"@id\":\"https:\\\/\\\/www.bocskairadio.org\\\/en\\\/#organization\"},\"image\":{\"@id\":\"https:\\\/\\\/www.bocskairadio.org\\\/en\\\/i-feel-obliged-to-carry-on-what-i-have-inherited-a-conversation-with-dr-gabriella-nadas-ormay-executive-president-of-the-hungarian-association-of-cleveland\\\/#primaryimage\"},\"thumbnailUrl\":\"https:\\\/\\\/www.bocskairadio.org\\\/wp-content\\\/uploads\\\/2023\\\/12\\\/2023-11-25-22.24.22.m2ts.00_00_04_29.Still001-1.jpg\",\"articleSection\":[\"Local events and news\"],\"inLanguage\":\"en-US\",\"potentialAction\":[{\"@type\":\"CommentAction\",\"name\":\"Comment\",\"target\":[\"https:\\\/\\\/www.bocskairadio.org\\\/en\\\/i-feel-obliged-to-carry-on-what-i-have-inherited-a-conversation-with-dr-gabriella-nadas-ormay-executive-president-of-the-hungarian-association-of-cleveland\\\/#respond\"]}]},{\"@type\":\"WebPage\",\"@id\":\"https:\\\/\\\/www.bocskairadio.org\\\/en\\\/i-feel-obliged-to-carry-on-what-i-have-inherited-a-conversation-with-dr-gabriella-nadas-ormay-executive-president-of-the-hungarian-association-of-cleveland\\\/\",\"url\":\"https:\\\/\\\/www.bocskairadio.org\\\/en\\\/i-feel-obliged-to-carry-on-what-i-have-inherited-a-conversation-with-dr-gabriella-nadas-ormay-executive-president-of-the-hungarian-association-of-cleveland\\\/\",\"name\":\"\u2018I feel obliged to carry on what I have inherited\u2019 \u2014 A Conversation with Dr Gabriella N\u00e1das Ormay, Executive President of the Hungarian Association of Cleveland &#8211; Bocskai R\u00e1di\u00f3\",\"isPartOf\":{\"@id\":\"https:\\\/\\\/www.bocskairadio.org\\\/en\\\/#website\"},\"primaryImageOfPage\":{\"@id\":\"https:\\\/\\\/www.bocskairadio.org\\\/en\\\/i-feel-obliged-to-carry-on-what-i-have-inherited-a-conversation-with-dr-gabriella-nadas-ormay-executive-president-of-the-hungarian-association-of-cleveland\\\/#primaryimage\"},\"image\":{\"@id\":\"https:\\\/\\\/www.bocskairadio.org\\\/en\\\/i-feel-obliged-to-carry-on-what-i-have-inherited-a-conversation-with-dr-gabriella-nadas-ormay-executive-president-of-the-hungarian-association-of-cleveland\\\/#primaryimage\"},\"thumbnailUrl\":\"https:\\\/\\\/www.bocskairadio.org\\\/wp-content\\\/uploads\\\/2023\\\/12\\\/2023-11-25-22.24.22.m2ts.00_00_04_29.Still001-1.jpg\",\"datePublished\":\"2023-12-29T17:25:58+00:00\",\"inLanguage\":\"en-US\",\"potentialAction\":[{\"@type\":\"ReadAction\",\"target\":[\"https:\\\/\\\/www.bocskairadio.org\\\/en\\\/i-feel-obliged-to-carry-on-what-i-have-inherited-a-conversation-with-dr-gabriella-nadas-ormay-executive-president-of-the-hungarian-association-of-cleveland\\\/\"]}]},{\"@type\":\"ImageObject\",\"inLanguage\":\"en-US\",\"@id\":\"https:\\\/\\\/www.bocskairadio.org\\\/en\\\/i-feel-obliged-to-carry-on-what-i-have-inherited-a-conversation-with-dr-gabriella-nadas-ormay-executive-president-of-the-hungarian-association-of-cleveland\\\/#primaryimage\",\"url\":\"https:\\\/\\\/www.bocskairadio.org\\\/wp-content\\\/uploads\\\/2023\\\/12\\\/2023-11-25-22.24.22.m2ts.00_00_04_29.Still001-1.jpg\",\"contentUrl\":\"https:\\\/\\\/www.bocskairadio.org\\\/wp-content\\\/uploads\\\/2023\\\/12\\\/2023-11-25-22.24.22.m2ts.00_00_04_29.Still001-1.jpg\",\"width\":1920,\"height\":1080},{\"@type\":\"WebSite\",\"@id\":\"https:\\\/\\\/www.bocskairadio.org\\\/en\\\/#website\",\"url\":\"https:\\\/\\\/www.bocskairadio.org\\\/en\\\/\",\"name\":\"Bocskai R\u00e1di\u00f3\",\"description\":\"The Voice of Cleveland Hungarians\",\"publisher\":{\"@id\":\"https:\\\/\\\/www.bocskairadio.org\\\/en\\\/#organization\"},\"potentialAction\":[{\"@type\":\"SearchAction\",\"target\":{\"@type\":\"EntryPoint\",\"urlTemplate\":\"https:\\\/\\\/www.bocskairadio.org\\\/en\\\/?s={search_term_string}\"},\"query-input\":{\"@type\":\"PropertyValueSpecification\",\"valueRequired\":true,\"valueName\":\"search_term_string\"}}],\"inLanguage\":\"en-US\"},{\"@type\":\"Organization\",\"@id\":\"https:\\\/\\\/www.bocskairadio.org\\\/en\\\/#organization\",\"name\":\"Bocskai R\u00e1di\u00f3\",\"url\":\"https:\\\/\\\/www.bocskairadio.org\\\/en\\\/\",\"logo\":{\"@type\":\"ImageObject\",\"inLanguage\":\"en-US\",\"@id\":\"https:\\\/\\\/www.bocskairadio.org\\\/en\\\/#\\\/schema\\\/logo\\\/image\\\/\",\"url\":\"https:\\\/\\\/www.bocskairadio.org\\\/wp-content\\\/uploads\\\/2016\\\/11\\\/var3_basic.jpg\",\"contentUrl\":\"https:\\\/\\\/www.bocskairadio.org\\\/wp-content\\\/uploads\\\/2016\\\/11\\\/var3_basic.jpg\",\"width\":500,\"height\":500,\"caption\":\"Bocskai R\u00e1di\u00f3\"},\"image\":{\"@id\":\"https:\\\/\\\/www.bocskairadio.org\\\/en\\\/#\\\/schema\\\/logo\\\/image\\\/\"},\"sameAs\":[\"https:\\\/\\\/www.facebook.com\\\/BocskaiRadio\",\"https:\\\/\\\/x.com\\\/BocskaiRadio\",\"https:\\\/\\\/www.instagram.com\\\/bocskairadio\\\/\",\"https:\\\/\\\/www.youtube.com\\\/user\\\/bocskairadio\",\"https:\\\/\\\/hu.wikipedia.org\\\/wiki\\\/Bocskai_R\u00e1di\u00f3\"]},{\"@type\":\"Person\",\"@id\":\"https:\\\/\\\/www.bocskairadio.org\\\/en\\\/#\\\/schema\\\/person\\\/b977d92bd338306ce1cd1b7e0e2815bc\",\"name\":\"Antal-Ferencz Ildik\u00f3\",\"image\":{\"@type\":\"ImageObject\",\"inLanguage\":\"en-US\",\"@id\":\"https:\\\/\\\/www.bocskairadio.org\\\/wp-content\\\/uploads\\\/2023\\\/02\\\/Ildiko-Antal-Ferenc-150x150.jpg\",\"url\":\"https:\\\/\\\/www.bocskairadio.org\\\/wp-content\\\/uploads\\\/2023\\\/02\\\/Ildiko-Antal-Ferenc-150x150.jpg\",\"contentUrl\":\"https:\\\/\\\/www.bocskairadio.org\\\/wp-content\\\/uploads\\\/2023\\\/02\\\/Ildiko-Antal-Ferenc-150x150.jpg\",\"caption\":\"Antal-Ferencz Ildik\u00f3\"},\"description\":\"Erd\u00e9lyben n\u0151ttem fel, Budapesten j\u00e1rtam egyetemre, el\u0151sz\u00f6r k\u00f6zgazd\u00e1szk\u00e9nt dolgoztam, majd h\u00e1rom gyermekem sz\u00fclet\u00e9se ut\u00e1n, 2016 \u00f3ta \u00fajs\u00e1g\u00edr\u00f3k\u00e9nt. 2022. j\u00falius \u00e9s 2025. augusztus k\u00f6z\u00f6tt csal\u00e1dommal Amerik\u00e1ban (New Jersey \u00e1llamban) \u00e9lt\u00fcnk. Ezalatt k\u00fcls\u0151s munkat\u00e1rsk\u00e9nt seg\u00edtettem a Bocskai R\u00e1di\u00f3 munk\u00e1j\u00e1t, ill. szabad\u00fasz\u00f3 \u00fajs\u00e1g\u00edr\u00f3k\u00e9nt diaszp\u00f3ra t\u00e9m\u00e1j\u00fa cikkeket \u00edrtam magyarorsz\u00e1gi \u00fajs\u00e1gok sz\u00e1m\u00e1ra, amelyeket a Bocskai R\u00e1di\u00f3 is \u00e1tvett. Ut\u00f3bbi munk\u00e1t hazat\u00e9rve is folytatom, el\u0151bbit pedig majd akkor, amikor terveink szerint nyaranta visszat\u00e9r\u00fcnk Amerik\u00e1ba.\",\"url\":\"https:\\\/\\\/www.bocskairadio.org\\\/en\\\/author\\\/ildikoantalferencz\\\/\"}]}<\/script>\n<!-- \/ Yoast SEO plugin. -->","yoast_head_json":{"title":"\u2018I feel obliged to carry on what I have inherited\u2019 \u2014 A Conversation with Dr Gabriella N\u00e1das Ormay, Executive President of the Hungarian Association of Cleveland &#8211; Bocskai R\u00e1di\u00f3","robots":{"index":"index","follow":"follow","max-snippet":"max-snippet:-1","max-image-preview":"max-image-preview:large","max-video-preview":"max-video-preview:-1"},"canonical":"https:\/\/www.bocskairadio.org\/en\/i-feel-obliged-to-carry-on-what-i-have-inherited-a-conversation-with-dr-gabriella-nadas-ormay-executive-president-of-the-hungarian-association-of-cleveland\/","og_locale":"en_US","og_type":"article","og_title":"\u2018I feel obliged to carry on what I have inherited\u2019 \u2014 A Conversation with Dr Gabriella N\u00e1das Ormay, Executive President of the Hungarian Association of Cleveland &#8211; Bocskai R\u00e1di\u00f3","og_description":"Source: hungarianconservative.com The 62nd Hungarian Congress\u00a0organized by the Hungarian Association of Cleveland offered a diverse and valuable programme of scientific, economic and literary presentations as well as cultural experiences. Executive president Gabriella Ormay N\u00e1das explained: the annual event and the organization itself were part of her husband\u2019s (dr. J\u00e1nos N\u00e1das) family legacy; but she also inherited a family legacy of her own: commitment to the Hungarian diaspora in North America as well as the support of the Hungarian Reformed Church\u2019s Collegiates in Transylvania.\u00a0 *** Please tell us first about your family, so that our readers may get a better idea of your legacies. My parents immigrated from the \u00c9rmell\u00e9k region (Transylvania, now part of Romania) and were so-called 1945 refugees. My mother, Gabriella Ormay (nee Kiss), was a volunteer nurse during World War II; she left the country with the retreating German-Hungarian army and never returned. My father, Dr. J\u00f3zsef Ormay was a bomber pilot whose squadron surrendered to American forces in Austria. My parents married in England and emigrated to Canada; I was born there. My brother and I grew up on the Niagara Peninsula. Very few Hungarians lived there, but my father was often invited to speak at local Hungarian national commemorations, so we never questioned our Hungarian roots. When I moved with my family to Toronto to attend University of Toronto School of Pharmacy, my family became active in the Hungarian community. My mother taught Hungarian at Helicon Hungarian School and succeeded in getting these language courses accredited by the Province of Ontario. My father also served as the president of the Hungarian House for two years. My parents had an ingrained sense of duty to serve the Hungarian community. I think they were able to instill those emotions in us. I became a scout leader, joined the Helicon Youth Association, of which I later became president. The Helicon Association was founded by Canadians of Hungarian descent aiming to promote and disseminate Hungarian national heritage, culture, history and traditions in Toronto. Its golden age was in the \u201860s, but when I got there in the \u201870s, the youth association was still strong.     We met every two weeks on Fridays to listen to lectures and then socialize. Later, our group of about twenty friends took over the organization of the annual Helicon Ball, of which I became the president in 1980. It was an elegant event, a representation of our community to the outside world, attended by many Canadian politicians. I must also mention that I have been a member of the Hungarian Scout Organization in Exteris as a squad and patrol leader in Toronto, a troop leader in Cleveland and a member of the leadership training program. This scouting background was instrumental in maintaining my Hungarian heritage. What about your husband\u2019s family? My father-in-law\u2019s family originated in Kecskem\u00e9t, Hungary, then lived in Kolozsv\u00e1r (today Cluj, Romania) and were forced to return to Hungary after WWI.\u00a0 The three siblings, J\u00e1nos, Gyula and R\u00f3zsa completed their doctoral degrees at the University of Economics in Budapest, and had promising careers until 1945 when they escaped to Austria from the incoming Soviet troops. Dr. J\u00e1nos N\u00e1das had already lived a very active community life back in Hungary: he represented the Hungarian youth at the Kossuth pilgrimage to the USA in 1928; he was the president of the Youth Association of the University of Economics and President of the National Association of Hungarian University Students. He was the editor and owner of the weekly newspaper\u00a0Igaz Sz\u00f3\u00a0in \u00dajpest, secretary of the Hungarian Press Chamber, and national secretary general of the Party of Hungarian Life. My father-in-law dr. Gyula N\u00e1das was a financial advisor in the Ministry of Finance and Dr. R\u00f3zsa N\u00e1das was the head librarian of the Chamber of Commerce and Industry in Hungary. Dr. J\u00e1nos Nad\u00e1s founded the Hungarian Association already in 1948 in the displaced persons camp in Austria, and then again in 1950 in Cleveland. He was joined by his siblings in the organization work, Dr. R\u00f3zsa N\u00e1das was mainly in charge of the administration, Dr. N\u00e1das Gyula organized the exhibits.     How did the two of you meet? When I attended the Hungarian Congress in 1980, I met Dr. Gyula N\u00e1das\u2019s son J\u00e1nos. He was born in Innsbruck, Austria, in a refugee camp, came to America as a small child, got involved in the Hungarian community in Cleveland, taking advantages of all it had to offer: he had Hungarian fencing, swimming and violin instructors and was a member of the local Hungarian scout troop. Thanks to his Hungarian coaches, in 1970, he won the NCAA (National Collegiate Athletic Association) fencing championship in \u00e9p\u00e9e and that partially opened the door to his acceptance at Duke medical school. Once he got his degree in psychiatry in Chicago he did do some scouting and helped his family with the Hungarian Association\u2019s Congress. We got married in 1981, which is how I moved to the USA and became part of the extended N\u00e1das family. We lived in Indiana initially, very far from the Hungarian communities and my Toronto-based parents, so we moved closer, to about an hour south of Cleveland, and thus we were able to get involved in the local Cleveland Hungarian community. What was the original purpose of the institution? Their call was \u2018to invite all Hungarians to join the Hungarian fraternal community, to cultivate Hungarian culture, to improve their own destiny, to promote the great Hungarian goals\u2019. They wanted to provide a home where at least once a week, on Sunday afternoons and evenings, \u201e all Hungarian individuals and families, especially new immigrants, could meet in an intimate and relaxed atmosphere, at minimal cost\u201d. Social events were regularly organized (chess, bridge and tarot clubs, social and dance evenings), as well as a series of free university lectures featuring Hungarian emigrant speakers who were experts in their fields. Literary and artistic evenings, commemorations and anniversaries were also organized. The organization, although conservative in its values, was non-political. However, if there was a need to protest the Communist regime, for example in \u201856, they spoke out, and organized protests. For example, in December 1956, President Dr. J\u00e1nos N\u00e1das and General Secretary Alad\u00e1r Burgy\u00e1n sent a letter to American decision-makers calling attention to the oppression of the Hungarian freedom fight. In addition, they focused on preserving the Hungarian identity of the youth: not only in encouraging parents to support the Hungarian scout movement, but also organized a special language school. In 1961, under the leadership of dr. Ferenc Somogyi a two-year \u2018Hungarian Studies Academy\u2019, was established. The success of the academy prompted the administration of the Western Reserve University Cleveland College to start a Hungarian cultural history course in Hungarian, also taught by dr. Ferenc Somogyi. Why were the Hungarian Meetings necessary? Hungary lost a significant part of its educated middle class at the end of World War II. The Hungarian intellectuals, who had made friends in refugee camps in Austria, were scattered all over the world, and when dr. J\u00e1nos N\u00e1das, dr. B\u00e9la B\u00e9ldy and dr. Ferenc Somogyi decided to organize a Hungarian Congress in 1960, participants came from not only America, but Australia, Argentina, Brazil, Venezuela, and Canada to attend.\u00a0 Here individuals could freely discuss the challenges that the Hungarian immigrant community was facing. Over the years, its literary and artistic evenings, elegant banquets and Hungarian balls have become major events with a nationwide importance.     How and why was \u00c1rp\u00e1d Academy founded? In 1962, the Hungarian Association announced an annual competition and established annual awards to reward the most outstanding intellectual achievements. Gold, silver and bronze medals and certificates of honor named after \u00c1rp\u00e1d, the first head of the confederation of Magyar tribes in the 10th century, were awarded. The first gold \u00c1rp\u00e1d medal was a stylized copy of the Hungarian Golden Bull, drawing attention to the historical fact that the publication of this Hungarian constitutional charter of freedom in 1222 followed only seven years after the publication of the English Magna Carta. The establishment of the \u00c1rp\u00e1d Academy was decided in 1965, to group together the winning competitors. Their aim was to search for, enumerate, professionally evaluate, preserve and promote the recognition of outstanding works of Hungarian authors, artists, researchers and professionals living in the Diaspora. Dr. Ferenc Somogyi, was the first general secretary and his legacy today is carried on by his son L\u00e9l Somogyi. And how did you end up on the board of the Hungarian Association? My involvement started only in the late 1990s when members of the previous generation passed away or were no longer able to carry on organizing the events because of their age. There was a functioning Board, which slowly grew to encompass a younger generation including people whose parents belonged to the Hungarian Association, such as the current vice-president dr. M\u00e1rta Pereszl\u00e9nyi, L\u00e9l Somogyi or my sister-in-law, Panni N\u00e1das Lud\u00e1nyi. Dr. Gyula N\u00e1das took over the Presidency of the Hungarian Association in 1992 after Dr. John N\u00e1das died. His son, my husband Dr. John N\u00e1das took over the organization in 2004 as President. Currently we focus on organizing the Hungarian Congress, the meeting of the \u00c1rp\u00e1d Academy and the Hungarian Ball every November. The Hungarian Community in Cleveland is very strong with many monthly meetings including lectures and exhibits by the Cleveland Hungarian Heritage Museum, Hungarian National commemoration by the United Hungarian Societies, and there are several Hungarian church and Hungarian scouting programs. Our yearly meeting further strengthens the community offerings. How has the Hungarian Association adapted to a changing world? This is a difficult issue. The people for whom these meetings were an integral part of their life have passed away. One challenge we face is that the event is on Thanksgiving weekend, which is a family holiday in the USA, and many of our members travel out of state to be with their families. On the other hand that is when a lot of college students come home, and the Congress gives them a chance to get together. This year, family values was our main theme, and for the first time, we introduced a family program with children\u2019s games. This brought in the thirty- to forty-year-olds, who brought their children and while the children were playing, they could talk to each other or attend presentations. Ilona Gulden and J\u00e1nos Szab\u00f3, organized a folk dance for families. We also had a puppet show re-enacting the folk customs of the Bethlehem Story. One of our legacies was debutante balls. At this moment being a debutante is not trendy, but the atmosphere of times long past was recreated by the Hungarian Scout Ensemble performance of the traditional Palot\u00e1s Court dance. We are trying to recruit younger people as organizers; for instance, my husband\u2019s niece, Krisztina N\u00e1das, joined us recently as treasurer. Her daughter R\u00e9ka and her sister-in-law T\u00edmea N\u00e1das gave lectures. The whole N\u00e1das family participated at the Ball. Kata Nagy N\u00e1das is planning to put together a Hungarian evening show performance for next year. Every year young Ferenc Somogyi, L\u00e9l Somogyi\u2019s son, helps with the IT. But it is not enough to have one or two families help; this is not a family organization. We would like as many people as possible to come, we need people of all ages. This needs to be a community affair. Let\u2019s also talk about your other family heritage, the reformed (Calvinist) colleges in Transylvania. After the change of regime, in 1990, I was asked by my mother\u2019s cousin Dr. K\u00e1lm\u00e1n Csiha, Bishop of The Reformed Church of Transylvania to be the administrator of the Calvin Synod\u2019s mission to support the schools of the Reformed Church in Transylvania.     Our first fundraiser was for the construction of the dormitory of the Reformed Church Kolozsv\u00e1r Boarding School which became the Diaconate building. Then we started the symbolic godparent program to financially support the students attending the school. The donations supported the building of the Diaconate building in Marosv\u00e1s\u00e1rhely (T\u00e2rgu Mure\u0219, Romania), the refurbishing of the Bolyai School in Marosv\u00e1s\u00e1rhely, and the building of the gym in the Sz\u00e9kelyudvarhely (Odorheiu Secuiesc) Collegiate. Today we support four Reformed Church schools in Transylvania, with donations for school upkeep and student support. In total, more than two and a half million dollars have been donated to these institutions all from Hungarians living in the Diaspora. Initially we supported ten students; today we support 130.     Are you coordinating all this? Why did you take it on? Transylvanians have always been dear to my family. When Bishop Csiha was put in a Romanian prison for political reasons after 1956, my grandmother went into mourning. As a child, I did not understand what was happening, I just felt that it was something very serious. The fate of the Hungarian minority in Transylvania is something that has stayed with me for my entire life. I think many people in my generation are still emotionally very much attached to Transylvania. I do coordinate the Calvin\u2019s Synod School mission, but I have had help and support from several individuals. Edith Lauer, my friend, was well versed in fundraising and provided much needed guidance. Rev. B\u00e9la Szigethy, who lived on the West Coast, and Rev. S\u00e1ndor Babos, the only missionary of the Reformed Church, were my spiritual supporters, but they both passed away long ago.\u00a0 My job currently is meticulous background work: keeping in touch with our donors through newsletters, following up regularly, thanking them personally for their donations, commemorating deceased donors, etc. Thus, the whole donor community is like a circle of friends working together for a common cause. Some donate $100, others $150,000, depending on how much money they can afford and how emotionally attached they are to the cause. Those who pass away usually leave us larger legacy donations. Sadly, no new donors have stepped into their shoes, so this year there were only twenty-seven donors, but still $118,000 was collected, which is a large amount. I hope the next North American Reformed Church Calvin Synod bishop will support the mission, like our current Bishop, Rev. Dr. Csaba Krasznai does. Fortunately, the Hungarian government is supporting the Transylvanian churches and their institutions, so I no longer have the feeling that their financial fate depends solely on this mission. Source: hungarianconservative.com","og_url":"https:\/\/www.bocskairadio.org\/en\/i-feel-obliged-to-carry-on-what-i-have-inherited-a-conversation-with-dr-gabriella-nadas-ormay-executive-president-of-the-hungarian-association-of-cleveland\/","og_site_name":"Bocskai R\u00e1di\u00f3","article_publisher":"https:\/\/www.facebook.com\/BocskaiRadio","article_published_time":"2023-12-29T17:25:58+00:00","og_image":[{"width":1920,"height":1080,"url":"https:\/\/cdn.bocskairadio.org\/wp-content\/uploads\/2023\/12\/29121238\/2023-11-25-22.24.22.m2ts.00_00_04_29.Still001-1.jpg","type":"image\/jpeg"}],"author":"Antal-Ferencz Ildik\u00f3","twitter_card":"summary_large_image","twitter_creator":"@BocskaiRadio","twitter_site":"@BocskaiRadio","schema":{"@context":"https:\/\/schema.org","@graph":[{"@type":"Article","@id":"https:\/\/www.bocskairadio.org\/en\/i-feel-obliged-to-carry-on-what-i-have-inherited-a-conversation-with-dr-gabriella-nadas-ormay-executive-president-of-the-hungarian-association-of-cleveland\/#article","isPartOf":{"@id":"https:\/\/www.bocskairadio.org\/en\/i-feel-obliged-to-carry-on-what-i-have-inherited-a-conversation-with-dr-gabriella-nadas-ormay-executive-president-of-the-hungarian-association-of-cleveland\/"},"author":{"name":"Antal-Ferencz Ildik\u00f3","@id":"https:\/\/www.bocskairadio.org\/en\/#\/schema\/person\/b977d92bd338306ce1cd1b7e0e2815bc"},"headline":"\u2018I feel obliged to carry on what I have inherited\u2019 \u2014 A Conversation with Dr Gabriella N\u00e1das Ormay, Executive President of the Hungarian Association of Cleveland","datePublished":"2023-12-29T17:25:58+00:00","mainEntityOfPage":{"@id":"https:\/\/www.bocskairadio.org\/en\/i-feel-obliged-to-carry-on-what-i-have-inherited-a-conversation-with-dr-gabriella-nadas-ormay-executive-president-of-the-hungarian-association-of-cleveland\/"},"wordCount":2635,"commentCount":0,"publisher":{"@id":"https:\/\/www.bocskairadio.org\/en\/#organization"},"image":{"@id":"https:\/\/www.bocskairadio.org\/en\/i-feel-obliged-to-carry-on-what-i-have-inherited-a-conversation-with-dr-gabriella-nadas-ormay-executive-president-of-the-hungarian-association-of-cleveland\/#primaryimage"},"thumbnailUrl":"https:\/\/www.bocskairadio.org\/wp-content\/uploads\/2023\/12\/2023-11-25-22.24.22.m2ts.00_00_04_29.Still001-1.jpg","articleSection":["Local events and news"],"inLanguage":"en-US","potentialAction":[{"@type":"CommentAction","name":"Comment","target":["https:\/\/www.bocskairadio.org\/en\/i-feel-obliged-to-carry-on-what-i-have-inherited-a-conversation-with-dr-gabriella-nadas-ormay-executive-president-of-the-hungarian-association-of-cleveland\/#respond"]}]},{"@type":"WebPage","@id":"https:\/\/www.bocskairadio.org\/en\/i-feel-obliged-to-carry-on-what-i-have-inherited-a-conversation-with-dr-gabriella-nadas-ormay-executive-president-of-the-hungarian-association-of-cleveland\/","url":"https:\/\/www.bocskairadio.org\/en\/i-feel-obliged-to-carry-on-what-i-have-inherited-a-conversation-with-dr-gabriella-nadas-ormay-executive-president-of-the-hungarian-association-of-cleveland\/","name":"\u2018I feel obliged to carry on what I have inherited\u2019 \u2014 A Conversation with Dr Gabriella N\u00e1das Ormay, Executive President of the Hungarian Association of Cleveland &#8211; Bocskai R\u00e1di\u00f3","isPartOf":{"@id":"https:\/\/www.bocskairadio.org\/en\/#website"},"primaryImageOfPage":{"@id":"https:\/\/www.bocskairadio.org\/en\/i-feel-obliged-to-carry-on-what-i-have-inherited-a-conversation-with-dr-gabriella-nadas-ormay-executive-president-of-the-hungarian-association-of-cleveland\/#primaryimage"},"image":{"@id":"https:\/\/www.bocskairadio.org\/en\/i-feel-obliged-to-carry-on-what-i-have-inherited-a-conversation-with-dr-gabriella-nadas-ormay-executive-president-of-the-hungarian-association-of-cleveland\/#primaryimage"},"thumbnailUrl":"https:\/\/www.bocskairadio.org\/wp-content\/uploads\/2023\/12\/2023-11-25-22.24.22.m2ts.00_00_04_29.Still001-1.jpg","datePublished":"2023-12-29T17:25:58+00:00","inLanguage":"en-US","potentialAction":[{"@type":"ReadAction","target":["https:\/\/www.bocskairadio.org\/en\/i-feel-obliged-to-carry-on-what-i-have-inherited-a-conversation-with-dr-gabriella-nadas-ormay-executive-president-of-the-hungarian-association-of-cleveland\/"]}]},{"@type":"ImageObject","inLanguage":"en-US","@id":"https:\/\/www.bocskairadio.org\/en\/i-feel-obliged-to-carry-on-what-i-have-inherited-a-conversation-with-dr-gabriella-nadas-ormay-executive-president-of-the-hungarian-association-of-cleveland\/#primaryimage","url":"https:\/\/www.bocskairadio.org\/wp-content\/uploads\/2023\/12\/2023-11-25-22.24.22.m2ts.00_00_04_29.Still001-1.jpg","contentUrl":"https:\/\/www.bocskairadio.org\/wp-content\/uploads\/2023\/12\/2023-11-25-22.24.22.m2ts.00_00_04_29.Still001-1.jpg","width":1920,"height":1080},{"@type":"WebSite","@id":"https:\/\/www.bocskairadio.org\/en\/#website","url":"https:\/\/www.bocskairadio.org\/en\/","name":"Bocskai R\u00e1di\u00f3","description":"The Voice of Cleveland Hungarians","publisher":{"@id":"https:\/\/www.bocskairadio.org\/en\/#organization"},"potentialAction":[{"@type":"SearchAction","target":{"@type":"EntryPoint","urlTemplate":"https:\/\/www.bocskairadio.org\/en\/?s={search_term_string}"},"query-input":{"@type":"PropertyValueSpecification","valueRequired":true,"valueName":"search_term_string"}}],"inLanguage":"en-US"},{"@type":"Organization","@id":"https:\/\/www.bocskairadio.org\/en\/#organization","name":"Bocskai R\u00e1di\u00f3","url":"https:\/\/www.bocskairadio.org\/en\/","logo":{"@type":"ImageObject","inLanguage":"en-US","@id":"https:\/\/www.bocskairadio.org\/en\/#\/schema\/logo\/image\/","url":"https:\/\/www.bocskairadio.org\/wp-content\/uploads\/2016\/11\/var3_basic.jpg","contentUrl":"https:\/\/www.bocskairadio.org\/wp-content\/uploads\/2016\/11\/var3_basic.jpg","width":500,"height":500,"caption":"Bocskai R\u00e1di\u00f3"},"image":{"@id":"https:\/\/www.bocskairadio.org\/en\/#\/schema\/logo\/image\/"},"sameAs":["https:\/\/www.facebook.com\/BocskaiRadio","https:\/\/x.com\/BocskaiRadio","https:\/\/www.instagram.com\/bocskairadio\/","https:\/\/www.youtube.com\/user\/bocskairadio","https:\/\/hu.wikipedia.org\/wiki\/Bocskai_R\u00e1di\u00f3"]},{"@type":"Person","@id":"https:\/\/www.bocskairadio.org\/en\/#\/schema\/person\/b977d92bd338306ce1cd1b7e0e2815bc","name":"Antal-Ferencz Ildik\u00f3","image":{"@type":"ImageObject","inLanguage":"en-US","@id":"https:\/\/www.bocskairadio.org\/wp-content\/uploads\/2023\/02\/Ildiko-Antal-Ferenc-150x150.jpg","url":"https:\/\/www.bocskairadio.org\/wp-content\/uploads\/2023\/02\/Ildiko-Antal-Ferenc-150x150.jpg","contentUrl":"https:\/\/www.bocskairadio.org\/wp-content\/uploads\/2023\/02\/Ildiko-Antal-Ferenc-150x150.jpg","caption":"Antal-Ferencz Ildik\u00f3"},"description":"Erd\u00e9lyben n\u0151ttem fel, Budapesten j\u00e1rtam egyetemre, el\u0151sz\u00f6r k\u00f6zgazd\u00e1szk\u00e9nt dolgoztam, majd h\u00e1rom gyermekem sz\u00fclet\u00e9se ut\u00e1n, 2016 \u00f3ta \u00fajs\u00e1g\u00edr\u00f3k\u00e9nt. 2022. j\u00falius \u00e9s 2025. augusztus k\u00f6z\u00f6tt csal\u00e1dommal Amerik\u00e1ban (New Jersey \u00e1llamban) \u00e9lt\u00fcnk. Ezalatt k\u00fcls\u0151s munkat\u00e1rsk\u00e9nt seg\u00edtettem a Bocskai R\u00e1di\u00f3 munk\u00e1j\u00e1t, ill. szabad\u00fasz\u00f3 \u00fajs\u00e1g\u00edr\u00f3k\u00e9nt diaszp\u00f3ra t\u00e9m\u00e1j\u00fa cikkeket \u00edrtam magyarorsz\u00e1gi \u00fajs\u00e1gok sz\u00e1m\u00e1ra, amelyeket a Bocskai R\u00e1di\u00f3 is \u00e1tvett. Ut\u00f3bbi munk\u00e1t hazat\u00e9rve is folytatom, el\u0151bbit pedig majd akkor, amikor terveink szerint nyaranta visszat\u00e9r\u00fcnk Amerik\u00e1ba.","url":"https:\/\/www.bocskairadio.org\/en\/author\/ildikoantalferencz\/"}]}},"_links":{"self":[{"href":"https:\/\/www.bocskairadio.org\/en\/wp-json\/wp\/v2\/posts\/1090414","targetHints":{"allow":["GET"]}}],"collection":[{"href":"https:\/\/www.bocskairadio.org\/en\/wp-json\/wp\/v2\/posts"}],"about":[{"href":"https:\/\/www.bocskairadio.org\/en\/wp-json\/wp\/v2\/types\/post"}],"author":[{"embeddable":true,"href":"https:\/\/www.bocskairadio.org\/en\/wp-json\/wp\/v2\/users\/43"}],"replies":[{"embeddable":true,"href":"https:\/\/www.bocskairadio.org\/en\/wp-json\/wp\/v2\/comments?post=1090414"}],"version-history":[{"count":1,"href":"https:\/\/www.bocskairadio.org\/en\/wp-json\/wp\/v2\/posts\/1090414\/revisions"}],"predecessor-version":[{"id":1090415,"href":"https:\/\/www.bocskairadio.org\/en\/wp-json\/wp\/v2\/posts\/1090414\/revisions\/1090415"}],"wp:featuredmedia":[{"embeddable":true,"href":"https:\/\/www.bocskairadio.org\/en\/wp-json\/wp\/v2\/media\/1090410"}],"wp:attachment":[{"href":"https:\/\/www.bocskairadio.org\/en\/wp-json\/wp\/v2\/media?parent=1090414"}],"wp:term":[{"taxonomy":"category","embeddable":true,"href":"https:\/\/www.bocskairadio.org\/en\/wp-json\/wp\/v2\/categories?post=1090414"},{"taxonomy":"post_tag","embeddable":true,"href":"https:\/\/www.bocskairadio.org\/en\/wp-json\/wp\/v2\/tags?post=1090414"}],"curies":[{"name":"wp","href":"https:\/\/api.w.org\/{rel}","templated":true}]}}