{"id":1091028,"date":"2024-01-19T16:24:03","date_gmt":"2024-01-19T21:24:03","guid":{"rendered":"https:\/\/www.bocskairadio.org\/?p=1091028"},"modified":"2024-01-19T16:30:51","modified_gmt":"2024-01-19T21:30:51","slug":"all-about-the-levkoviches-another-hungarian-movie-success-overseas","status":"publish","type":"post","link":"https:\/\/www.bocskairadio.org\/en\/all-about-the-levkoviches-another-hungarian-movie-success-overseas\/","title":{"rendered":"All About the Levkoviches \u2014 Another Hungarian Movie Success Overseas"},"content":{"rendered":"<p>Source: <a href=\"https:\/\/www.hungarianconservative.com\/articles\/diaspora\/all-about-the-levkoviches_new-hungarian-movie_new-york-jewish-film-festival\/\">hungarianconservative.com<\/a><\/p>\n<p class=\"has-drop-cap has-medium-font-size\" style=\"text-align: justify;\"><strong>After the successful global release at the Palm Springs International Film Festival in California, the screening of \u00c1d\u00e1m Breier\u2019s new movie, <em>All About the Levkoviches<\/em>\u00a0was also a sell-out in New York. The \u2018dramedy\u2019 will also be screened at the Miami Jewish Film Festival before being launched in cinemas across Hungary on 22 February. At the screening at Lincoln Center\u2019s iconic Walter Reade Theater as part of the New York Jewish Film Festival, the director was accompanied by co-screenwriter B\u00e1lint Csaba, producer Andrea Ausztrics and one of the lead actors, Tam\u00e1s Szab\u00f3 Kimmel, who also took part in a short public discussion afterwards.<\/strong><\/p>\n<p style=\"text-align: justify;\">Tickets were already sold out days before the screening in New York, and there was a long line of people at the box office an hour before the movie went on the silver screen, hoping to get in in the last minute.<\/p>\n<figure class=\"wp-block-image size-large\" style=\"text-align: justify;\">\n<p><figure id=\"attachment_21836\" aria-describedby=\"caption-attachment-21836\" style=\"width: 1024px\" class=\"wp-caption alignnone\"><img loading=\"lazy\" decoding=\"async\" class=\" td-modal-image wp-image-21836\" src=\"https:\/\/www.hungarianconservative.com\/wp-content\/uploads\/2024\/01\/NYScreening_credit_AFI-1024x768.jpg\" sizes=\"auto, (max-width: 1024px) 100vw, 1024px\" srcset=\"https:\/\/www.hungarianconservative.com\/wp-content\/uploads\/2024\/01\/NYScreening_credit_AFI-1024x768.jpg 1024w, https:\/\/www.hungarianconservative.com\/wp-content\/uploads\/2024\/01\/NYScreening_credit_AFI-300x225.jpg 300w, https:\/\/www.hungarianconservative.com\/wp-content\/uploads\/2024\/01\/NYScreening_credit_AFI-768x576.jpg 768w, https:\/\/www.hungarianconservative.com\/wp-content\/uploads\/2024\/01\/NYScreening_credit_AFI-1536x1152.jpg 1536w, https:\/\/www.hungarianconservative.com\/wp-content\/uploads\/2024\/01\/NYScreening_credit_AFI-2048x1536.jpg 2048w, https:\/\/www.hungarianconservative.com\/wp-content\/uploads\/2024\/01\/NYScreening_credit_AFI-scaled.jpg 1920w\" alt=\"\" width=\"1024\" height=\"768\" \/><figcaption id=\"caption-attachment-21836\" class=\"wp-caption-text\">PHOTO: Ildik\u00f3 Antal-Ferencz<\/figcaption><\/figure><\/figure>\n<p style=\"text-align: justify;\">Since I arrived half an hour early, I had time to chat with the couple sitting next to me. The wife, with a Polish-Russian Jewish heritage, has been attending this two-week mega-film festival for 30 years, and her Colombian-born husband has been accompanying her for the past 24 years (since the time they met), supporting his wife in preserving her Jewish culture this way, too. The talkative man took the opportunity to ask the Hungarian journalist sitting next to him (i.e. me) about not only her life in the US, but also the situation of Jews living in Hungary, especially in light of the current war in Gaza. I was happy to tell him that, regardless of the war, one of the largest Jewish communities in Europe can practice its faith and live its culture undisturbed. I also mentioned to him that the synagogue complex of the Doh\u00e1ny Street Synagogue in Budapest, built in the 1850s, is the largest synagogue in Europe and the second largest in the world. So the movie, which was shown in Hungarian and Hebrew with English subtitles, had not even started, but I could already (or rather again) feel like a \u2018cultural ambassador\u2019 of Hungary and, after seeing the movie\u00a0<a href=\"https:\/\/www.hungarianconservative.com\/articles\/diaspora\/semmelweis_world-premiere_new-york_kael_csak_hungarian-talent-nobel-prizes_saviours-of-lives\/\">Semmelweis<\/a>\u00a0in the fall, once again be proud that so many people overseas were curious about a Hungarian cinema.<\/p>\n<p style=\"text-align: justify;\">I did not know much about the movie before the screening, beyond the official press releases. The plot follows big-hearted but stubborn boxing coach Tam\u00e1s Lefkovics (Zolt\u00e1n Bezer\u00e9di) in Budapest and his son, Iv\u00e1n (Tam\u00e1s Szab\u00f3 Kimmel) who fled to Israel at some unspecified point in the past to escape from the permanent conflict with his father. He has started a family there as an Orthodox Jew, keeping in touch only with his mother (\u00c1gnes M\u00e1hr) and he has not spoken to his father for years. When his mother dies unexpectedly, he returns to Budapest with his six-year-old son Ariel (Leo Gagel) for the shiva (a week of mourning in the family home) in accordance with Jewish traditions. However, his father does not observe Jewish traditions at all; thus the conflict is inevitable, as two worlds are pitted against each other through the two men, with the family\u2019s future at stake.<\/p>\n<figure class=\"wp-block-image size-large\" style=\"text-align: justify;\">\n<p><figure id=\"attachment_21837\" aria-describedby=\"caption-attachment-21837\" style=\"width: 1024px\" class=\"wp-caption alignnone\"><img loading=\"lazy\" decoding=\"async\" class=\"wp-image-21837\" src=\"https:\/\/www.hungarianconservative.com\/wp-content\/uploads\/2024\/01\/ALL-ABOUT-THE-LEVKOVICHES_Press-Image-Credit_NYJewishFilmFestival-2-1024x576.jpg\" sizes=\"auto, (max-width: 1024px) 100vw, 1024px\" srcset=\"https:\/\/www.hungarianconservative.com\/wp-content\/uploads\/2024\/01\/ALL-ABOUT-THE-LEVKOVICHES_Press-Image-Credit_NYJewishFilmFestival-2-1024x576.jpg 1024w, https:\/\/www.hungarianconservative.com\/wp-content\/uploads\/2024\/01\/ALL-ABOUT-THE-LEVKOVICHES_Press-Image-Credit_NYJewishFilmFestival-2-300x169.jpg 300w, https:\/\/www.hungarianconservative.com\/wp-content\/uploads\/2024\/01\/ALL-ABOUT-THE-LEVKOVICHES_Press-Image-Credit_NYJewishFilmFestival-2-768x432.jpg 768w, https:\/\/www.hungarianconservative.com\/wp-content\/uploads\/2024\/01\/ALL-ABOUT-THE-LEVKOVICHES_Press-Image-Credit_NYJewishFilmFestival-2-1536x864.jpg 1536w, https:\/\/www.hungarianconservative.com\/wp-content\/uploads\/2024\/01\/ALL-ABOUT-THE-LEVKOVICHES_Press-Image-Credit_NYJewishFilmFestival-2.jpg 1920w\" alt=\"\" width=\"1024\" height=\"576\" \/><figcaption id=\"caption-attachment-21837\" class=\"wp-caption-text\">Photo credit: New York Jewish Film Festival<\/figcaption><\/figure><\/figure>\n<p style=\"text-align: justify;\">I was curious to see what the first-time director brought out of this\u00a0 intricate plot, and not only was I not disappointed, but I felt very proud being part of the audience, who reacted with laughter and tears,\u00a0and was delighted to receive congratulations afterwards from the couple sitting next to me, and then passing them on to the director and the main actor. The couple next to me even declared that they had seen lots of good movies at the New York Jewish Film Festival over the past thirty years including this year, but this one was outstanding. The moderator leading the post-screening discussion also spoke only in superlatives about the movie, so one thing is for sure: after California, it was a hit with the audience in New York, too, and will most probably be in Miami and, I am quite sure, it will be a success also in Hungary.<\/p>\n<figure class=\"wp-block-image size-large\" style=\"text-align: justify;\">\n<p><figure id=\"attachment_21839\" aria-describedby=\"caption-attachment-21839\" style=\"width: 1024px\" class=\"wp-caption alignnone\"><img loading=\"lazy\" decoding=\"async\" class=\" td-modal-image wp-image-21839\" src=\"https:\/\/www.hungarianconservative.com\/wp-content\/uploads\/2024\/01\/BreierAdam_AFI_SzaboKimmelTamas_credit_AFI-1024x768.jpg\" sizes=\"auto, (max-width: 1024px) 100vw, 1024px\" srcset=\"https:\/\/www.hungarianconservative.com\/wp-content\/uploads\/2024\/01\/BreierAdam_AFI_SzaboKimmelTamas_credit_AFI-1024x768.jpg 1024w, https:\/\/www.hungarianconservative.com\/wp-content\/uploads\/2024\/01\/BreierAdam_AFI_SzaboKimmelTamas_credit_AFI-300x225.jpg 300w, https:\/\/www.hungarianconservative.com\/wp-content\/uploads\/2024\/01\/BreierAdam_AFI_SzaboKimmelTamas_credit_AFI-768x576.jpg 768w, https:\/\/www.hungarianconservative.com\/wp-content\/uploads\/2024\/01\/BreierAdam_AFI_SzaboKimmelTamas_credit_AFI-1536x1152.jpg 1536w, https:\/\/www.hungarianconservative.com\/wp-content\/uploads\/2024\/01\/BreierAdam_AFI_SzaboKimmelTamas_credit_AFI-2048x1536.jpg 2048w, https:\/\/www.hungarianconservative.com\/wp-content\/uploads\/2024\/01\/BreierAdam_AFI_SzaboKimmelTamas_credit_AFI-scaled.jpg 1920w\" alt=\"\" width=\"1024\" height=\"768\" \/><figcaption id=\"caption-attachment-21839\" class=\"wp-caption-text\">\u00c1d\u00e1m Breier, Ildik\u00f3 Antal-Ferencz and Tam\u00e1s Szab\u00f3-Kimmel (L-R) Photo credit: Ildik\u00f3 Antal-Ferencz<\/figcaption><\/figure><\/figure>\n<p style=\"text-align: justify;\">Why is that? When we hear that this is the first movie for both the director and the co-screenwriter, we try not to set the bar too high, but \u2014as the lead actor told the director upon watching the first cut for the first time\u2014it does not feel like a first for either of them. As \u00c1d\u00e1m Breier revealed at the post-screening public discussion, he had an explicit ambition to make a movie about Jews living in Hungary, but for a long time he could not find the right story until he turned to his own family\u2019s stories. B\u00e1lint Csaba, who was asked to co-screenwrite, did the same, adding some of his own Jewish family experience. But Jewish background was not a factor in the adult actors\u2019 casting, and Tam\u00e1s Szab\u00f3 Kimmel, in response to a question, revealed that he is not of Jewish origin. Forming his character was a pure acting achievement on his part; which also had a physical aspect, beyond the beard: before the shooting he was asked to stop exercising, eat and drink a lot more to look \u2019authentic\u2019 for the role. However, the third main character, the six-year-old boy, came from the local Hungarian Jewish community. The director revealed that after it became clear that the budget of the movie based on funding from the Hungarian Film Institute\u2019s Incubator Programme (and some Hungarian Jewish community support) would not allow for the casting of a child actor from Israel, he approached Jewish communities in Hungary looking for a boy who could speak both Hebrew and Hungarian\u2014that is how he found Leo. As he explained, even the experienced adult actors needed some rehearsal\u2014unlike the boy, surprisingly, except for those ghostly scenes he did not understand at first.<\/p>\n<figure class=\"wp-block-image size-large\" style=\"text-align: justify;\">\n<p><figure id=\"attachment_21838\" aria-describedby=\"caption-attachment-21838\" style=\"width: 1024px\" class=\"wp-caption alignnone\"><img loading=\"lazy\" decoding=\"async\" class=\" td-modal-image wp-image-21838\" src=\"https:\/\/www.hungarianconservative.com\/wp-content\/uploads\/2024\/01\/ALL-ABOUT-THE-LEVKOVICHES_Press-Image-Credit_NYJewishFilmFestival-1-1024x576.jpg\" sizes=\"auto, (max-width: 1024px) 100vw, 1024px\" srcset=\"https:\/\/www.hungarianconservative.com\/wp-content\/uploads\/2024\/01\/ALL-ABOUT-THE-LEVKOVICHES_Press-Image-Credit_NYJewishFilmFestival-1-1024x576.jpg 1024w, https:\/\/www.hungarianconservative.com\/wp-content\/uploads\/2024\/01\/ALL-ABOUT-THE-LEVKOVICHES_Press-Image-Credit_NYJewishFilmFestival-1-300x169.jpg 300w, https:\/\/www.hungarianconservative.com\/wp-content\/uploads\/2024\/01\/ALL-ABOUT-THE-LEVKOVICHES_Press-Image-Credit_NYJewishFilmFestival-1-768x432.jpg 768w, https:\/\/www.hungarianconservative.com\/wp-content\/uploads\/2024\/01\/ALL-ABOUT-THE-LEVKOVICHES_Press-Image-Credit_NYJewishFilmFestival-1-1536x864.jpg 1536w, https:\/\/www.hungarianconservative.com\/wp-content\/uploads\/2024\/01\/ALL-ABOUT-THE-LEVKOVICHES_Press-Image-Credit_NYJewishFilmFestival-1-2048x1152.jpg 2048w, https:\/\/www.hungarianconservative.com\/wp-content\/uploads\/2024\/01\/ALL-ABOUT-THE-LEVKOVICHES_Press-Image-Credit_NYJewishFilmFestival-1-scaled.jpg 1920w\" alt=\"\" width=\"1024\" height=\"576\" \/><figcaption id=\"caption-attachment-21838\" class=\"wp-caption-text\">Photo credit: New York Jewish Film Festival<\/figcaption><\/figure><\/figure>\n<p style=\"text-align: justify;\">In any case, these difficulties cannot be sensed in the movie, where, in addition to the two male protagonists, who are extremely talented and very convincing (also with their facial expressions in close-up camera shots), the little boy is also excellent throughout, not only with his bilingualism, but also with his equally talkative facial features. The result is a touching, humorous and charming family movie\u00a0where we have the opportunity to look at serious, multi-layered family conflicts, the mourning process experienced in different ways by the actors and several Orthodox Jewish customs (especially but not only those related to mourning), with equal weight from both (father-son, non-Orthodox-Orthodox) perspectives. One can sympathize with both sides and therefore cheer them wholeheartedly to finally address the grievances that have accumulated over the years and were unaddressed until this point. These take place sometimes in the form of yelling angrily at each other, and sometimes through tense or even peaceful discussions. After a week of mourning (and an unexpected visit at a children\u2019s hospital), there is finally reconciliation\u2014so that life can go on with its usual everyday, but no longer insulting, arguments. Two generations and two cultures collide, painfully yet humorously, and with the conviction\u2014perhaps naive to many, but very much welcomed by me\u2014that the time spent together and the discussions, in spite of all the pain caused, can heal (almost) all the wounds we have inflicted on each other in the past.<\/p>\n<p style=\"text-align: justify;\">The action takes place in our time, yet we have the feeling that we are seeing late-Communist Hungary. The main setting is a suburban, crumbling-walled, \u201870s-\u201980s-style apartment block and its shabby courtyard. For a moment, the Geod\u00e9zia Zrt.\u2019s building at Bosny\u00e1k Square appears, we see the tram of the Grand Boulevard and the building of a hospital (probably Heim P\u00e1l Childrens\u2019 Hospital) and its garishly coloured plastic-chair corridor. Strangely enough, the celebration of the Sabbath (which the grandfather eventually attends and he even wears a kippah\u2014as he mockingly calls it: a swimming cap) is taking place in a location that is unfamiliar to me; while the synagogue building on Doh\u00e1ny Street, which is recognizable from the outside, is not visible at all\u2014at least I do not remember seeing it in the movie. Similarly, none of the iconic buildings of Budapest can be seen. Obviously, the shabby locations in the suburbs have been deliberately chosen, but I could not find out for what purpose; and as there was no opportunity for questions from the audience, I could not ask. Although it was a positive and nostalgic experience for me to see these scenes, I also wondered what kind of Budapest (and thus of Hungary) the audience will get to know through this movie.<\/p>\n<p style=\"text-align: justify;\">Although I have not seen the other characters mentioned in the available press releases, I would like to highlight them as well: the boxing \u2018apprentice\u2019 Ferike (I have not been able to detect the young and talented actor\u2019s name yet), who comes from a disadvantaged background and is seen by the grandfather as his adopted son, and who has the role of bringing the old man and his son closer to each other with his simply formulated questions, asked out of sincere concern. The grandfather\u2019s friend Zsiga (Andr\u00e1s T\u00f6r\u00f6k), the son\u2019s Orthodox Jewish wife (I could not track her name either) and the rabbi (Andr\u00e1s Kardos) have the same tasks in the plot. The latter even allows himself to address a joke to the mourning grandfather who escapes to the toilet during the funeral reception.<\/p>\n<p style=\"text-align: justify;\">The movie was supported by the Hungarian Film Institute\u2019s Incubator Programme, co-produced by ULab and Proton Cinema, with the contribution of Zolt\u00e1n D\u00e9v\u00e9nyi as director of photography, produced by Mikl\u00f3s K\u00e1zm\u00e9r, \u00c1d\u00e1m Felszeghy and Andrea Ausztrics, and executive produced by Claudia S\u00fcmeghy. Andrea Ausztrics explained to the audience in New York how movies are being made and financed in Hungary and what their plans with this movie are: after the three American festivals (the next screenings are in Miami on 22 and 24 January), they plan to screen it throughout the US, and after the Hungarian premiere on 22 February, they also plan to have it introduced at several movie festivals across Europe.<\/p>\n<p style=\"text-align: justify;\">More information about the Miami screenings can be found\u00a0<a href=\"https:\/\/miamijewishfilmfestival.org\/all-about-the-levkoviches\/\">HERE<\/a>\u00a0and the trailer is accessible\u00a0<a href=\"https:\/\/www.youtube.com\/watch?v=LPC2vlj9SIc\">HERE<\/a>.<\/p>\n<p><strong>Ildik\u00f3 Antal-Ferencz\u00a0<\/strong><\/p>\n<p>Source: <a href=\"https:\/\/www.hungarianconservative.com\/articles\/diaspora\/all-about-the-levkoviches_new-hungarian-movie_new-york-jewish-film-festival\/\">hungarianconservative.com<\/a><\/p>\n","protected":false},"excerpt":{"rendered":"<p>Source: <a href=\"https:\/\/www.hungarianconservative.com\/articles\/diaspora\/all-about-the-levkoviches_new-hungarian-movie_new-york-jewish-film-festival\/\">hungarianconservative.com<\/a><\/p>\n<p class=\"has-drop-cap has-medium-font-size\" style=\"text-align: justify;\"><strong>After the successful global release at the Palm Springs International Film Festival in California, the screening of \u00c1d\u00e1m Breier\u2019s new movie, <em>All About the Levkoviches<\/em>\u00a0was also a sell-out in New York. The \u2018dramedy\u2019 will also be screened at the Miami Jewish Film Festival before being launched in cinemas across Hungary on 22 February. At the screening at Lincoln Center\u2019s iconic Walter Reade Theater as part of the New York Jewish Film Festival, the director was accompanied by co-screenwriter B\u00e1lint Csaba, producer Andrea Ausztrics and one of the lead actors, Tam\u00e1s Szab\u00f3 Kimmel, who also took part in a short public discussion afterwards.<\/strong><\/p>\n<p style=\"text-align: justify;\">Tickets were already sold out days before the screening in New York, and there was a long line of people at the box office an hour before the movie went on the silver screen, hoping to get in in the last minute.<\/p>\n<figure class=\"wp-block-image size-large\" style=\"text-align: justify;\">\n<p>[caption id=\"attachment_21836\" align=\"alignnone\" width=\"1024\"]<img loading=\"lazy\" decoding=\"async\" class=\" td-modal-image wp-image-21836\" src=\"https:\/\/www.hungarianconservative.com\/wp-content\/uploads\/2024\/01\/NYScreening_credit_AFI-1024x768.jpg\" sizes=\"auto, (max-width: 1024px) 100vw, 1024px\" srcset=\"https:\/\/www.hungarianconservative.com\/wp-content\/uploads\/2024\/01\/NYScreening_credit_AFI-1024x768.jpg 1024w, https:\/\/www.hungarianconservative.com\/wp-content\/uploads\/2024\/01\/NYScreening_credit_AFI-300x225.jpg 300w, https:\/\/www.hungarianconservative.com\/wp-content\/uploads\/2024\/01\/NYScreening_credit_AFI-768x576.jpg 768w, https:\/\/www.hungarianconservative.com\/wp-content\/uploads\/2024\/01\/NYScreening_credit_AFI-1536x1152.jpg 1536w, https:\/\/www.hungarianconservative.com\/wp-content\/uploads\/2024\/01\/NYScreening_credit_AFI-2048x1536.jpg 2048w, https:\/\/www.hungarianconservative.com\/wp-content\/uploads\/2024\/01\/NYScreening_credit_AFI-scaled.jpg 1920w\" alt=\"\" width=\"1024\" height=\"768\" \/> PHOTO: Ildik\u00f3 Antal-Ferencz[\/caption]<\/figure>\n<p style=\"text-align: justify;\">Since I arrived half an hour early, I had time to chat with the couple sitting next to me. The wife, with a Polish-Russian Jewish heritage, has been attending this two-week mega-film festival for 30 years, and her Colombian-born husband has been accompanying her for the past 24 years (since the time they met), supporting his wife in preserving her Jewish culture this way, too. The talkative man took the opportunity to ask the Hungarian journalist sitting next to him (i.e. me) about not only her life in the US, but also the situation of Jews living in Hungary, especially in light of the current war in Gaza. I was happy to tell him that, regardless of the war, one of the largest Jewish communities in Europe can practice its faith and live its culture undisturbed. I also mentioned to him that the synagogue complex of the Doh\u00e1ny Street Synagogue in Budapest, built in the 1850s, is the largest synagogue in Europe and the second largest in the world. So the movie, which was shown in Hungarian and Hebrew with English subtitles, had not even started, but I could already (or rather again) feel like a \u2018cultural ambassador\u2019 of Hungary and, after seeing the movie\u00a0<a href=\"https:\/\/www.hungarianconservative.com\/articles\/diaspora\/semmelweis_world-premiere_new-york_kael_csak_hungarian-talent-nobel-prizes_saviours-of-lives\/\">Semmelweis<\/a>\u00a0in the fall, once again be proud that so many people overseas were curious about a Hungarian cinema.<\/p>\n<p style=\"text-align: justify;\">I did not know much about the movie before the screening, beyond the official press releases. The plot follows big-hearted but stubborn boxing coach Tam\u00e1s Lefkovics (Zolt\u00e1n Bezer\u00e9di) in Budapest and his son, Iv\u00e1n (Tam\u00e1s Szab\u00f3 Kimmel) who fled to Israel at some unspecified point in the past to escape from the permanent conflict with his father. He has started a family there as an Orthodox Jew, keeping in touch only with his mother (\u00c1gnes M\u00e1hr) and he has not spoken to his father for years. When his mother dies unexpectedly, he returns to Budapest with his six-year-old son Ariel (Leo Gagel) for the shiva (a week of mourning in the family home) in accordance with Jewish traditions. However, his father does not observe Jewish traditions at all; thus the conflict is inevitable, as two worlds are pitted against each other through the two men, with the family\u2019s future at stake.<\/p>\n<figure class=\"wp-block-image size-large\" style=\"text-align: justify;\">\n<p>[caption id=\"attachment_21837\" align=\"alignnone\" width=\"1024\"]<img loading=\"lazy\" decoding=\"async\" class=\"wp-image-21837\" src=\"https:\/\/www.hungarianconservative.com\/wp-content\/uploads\/2024\/01\/ALL-ABOUT-THE-LEVKOVICHES_Press-Image-Credit_NYJewishFilmFestival-2-1024x576.jpg\" sizes=\"auto, (max-width: 1024px) 100vw, 1024px\" srcset=\"https:\/\/www.hungarianconservative.com\/wp-content\/uploads\/2024\/01\/ALL-ABOUT-THE-LEVKOVICHES_Press-Image-Credit_NYJewishFilmFestival-2-1024x576.jpg 1024w, https:\/\/www.hungarianconservative.com\/wp-content\/uploads\/2024\/01\/ALL-ABOUT-THE-LEVKOVICHES_Press-Image-Credit_NYJewishFilmFestival-2-300x169.jpg 300w, https:\/\/www.hungarianconservative.com\/wp-content\/uploads\/2024\/01\/ALL-ABOUT-THE-LEVKOVICHES_Press-Image-Credit_NYJewishFilmFestival-2-768x432.jpg 768w, https:\/\/www.hungarianconservative.com\/wp-content\/uploads\/2024\/01\/ALL-ABOUT-THE-LEVKOVICHES_Press-Image-Credit_NYJewishFilmFestival-2-1536x864.jpg 1536w, https:\/\/www.hungarianconservative.com\/wp-content\/uploads\/2024\/01\/ALL-ABOUT-THE-LEVKOVICHES_Press-Image-Credit_NYJewishFilmFestival-2.jpg 1920w\" alt=\"\" width=\"1024\" height=\"576\" \/> Photo credit: New York Jewish Film Festival[\/caption]<\/figure>\n<p style=\"text-align: justify;\">I was curious to see what the first-time director brought out of this\u00a0 intricate plot, and not only was I not disappointed, but I felt very proud being part of the audience, who reacted with laughter and tears,\u00a0and was delighted to receive congratulations afterwards from the couple sitting next to me, and then passing them on to the director and the main actor. The couple next to me even declared that they had seen lots of good movies at the New York Jewish Film Festival over the past thirty years including this year, but this one was outstanding. The moderator leading the post-screening discussion also spoke only in superlatives about the movie, so one thing is for sure: after California, it was a hit with the audience in New York, too, and will most probably be in Miami and, I am quite sure, it will be a success also in Hungary.<\/p>\n<figure class=\"wp-block-image size-large\" style=\"text-align: justify;\">\n<p>[caption id=\"attachment_21839\" align=\"alignnone\" width=\"1024\"]<img loading=\"lazy\" decoding=\"async\" class=\" td-modal-image wp-image-21839\" src=\"https:\/\/www.hungarianconservative.com\/wp-content\/uploads\/2024\/01\/BreierAdam_AFI_SzaboKimmelTamas_credit_AFI-1024x768.jpg\" sizes=\"auto, (max-width: 1024px) 100vw, 1024px\" srcset=\"https:\/\/www.hungarianconservative.com\/wp-content\/uploads\/2024\/01\/BreierAdam_AFI_SzaboKimmelTamas_credit_AFI-1024x768.jpg 1024w, https:\/\/www.hungarianconservative.com\/wp-content\/uploads\/2024\/01\/BreierAdam_AFI_SzaboKimmelTamas_credit_AFI-300x225.jpg 300w, https:\/\/www.hungarianconservative.com\/wp-content\/uploads\/2024\/01\/BreierAdam_AFI_SzaboKimmelTamas_credit_AFI-768x576.jpg 768w, https:\/\/www.hungarianconservative.com\/wp-content\/uploads\/2024\/01\/BreierAdam_AFI_SzaboKimmelTamas_credit_AFI-1536x1152.jpg 1536w, https:\/\/www.hungarianconservative.com\/wp-content\/uploads\/2024\/01\/BreierAdam_AFI_SzaboKimmelTamas_credit_AFI-2048x1536.jpg 2048w, https:\/\/www.hungarianconservative.com\/wp-content\/uploads\/2024\/01\/BreierAdam_AFI_SzaboKimmelTamas_credit_AFI-scaled.jpg 1920w\" alt=\"\" width=\"1024\" height=\"768\" \/> \u00c1d\u00e1m Breier, Ildik\u00f3 Antal-Ferencz and Tam\u00e1s Szab\u00f3-Kimmel (L-R) Photo credit: Ildik\u00f3 Antal-Ferencz[\/caption]<\/figure>\n<p style=\"text-align: justify;\">Why is that? When we hear that this is the first movie for both the director and the co-screenwriter, we try not to set the bar too high, but \u2014as the lead actor told the director upon watching the first cut for the first time\u2014it does not feel like a first for either of them. As \u00c1d\u00e1m Breier revealed at the post-screening public discussion, he had an explicit ambition to make a movie about Jews living in Hungary, but for a long time he could not find the right story until he turned to his own family\u2019s stories. B\u00e1lint Csaba, who was asked to co-screenwrite, did the same, adding some of his own Jewish family experience. But Jewish background was not a factor in the adult actors\u2019 casting, and Tam\u00e1s Szab\u00f3 Kimmel, in response to a question, revealed that he is not of Jewish origin. Forming his character was a pure acting achievement on his part; which also had a physical aspect, beyond the beard: before the shooting he was asked to stop exercising, eat and drink a lot more to look \u2019authentic\u2019 for the role. However, the third main character, the six-year-old boy, came from the local Hungarian Jewish community. The director revealed that after it became clear that the budget of the movie based on funding from the Hungarian Film Institute\u2019s Incubator Programme (and some Hungarian Jewish community support) would not allow for the casting of a child actor from Israel, he approached Jewish communities in Hungary looking for a boy who could speak both Hebrew and Hungarian\u2014that is how he found Leo. As he explained, even the experienced adult actors needed some rehearsal\u2014unlike the boy, surprisingly, except for those ghostly scenes he did not understand at first.<\/p>\n<figure class=\"wp-block-image size-large\" style=\"text-align: justify;\">\n<p>[caption id=\"attachment_21838\" align=\"alignnone\" width=\"1024\"]<img loading=\"lazy\" decoding=\"async\" class=\" td-modal-image wp-image-21838\" src=\"https:\/\/www.hungarianconservative.com\/wp-content\/uploads\/2024\/01\/ALL-ABOUT-THE-LEVKOVICHES_Press-Image-Credit_NYJewishFilmFestival-1-1024x576.jpg\" sizes=\"auto, (max-width: 1024px) 100vw, 1024px\" srcset=\"https:\/\/www.hungarianconservative.com\/wp-content\/uploads\/2024\/01\/ALL-ABOUT-THE-LEVKOVICHES_Press-Image-Credit_NYJewishFilmFestival-1-1024x576.jpg 1024w, https:\/\/www.hungarianconservative.com\/wp-content\/uploads\/2024\/01\/ALL-ABOUT-THE-LEVKOVICHES_Press-Image-Credit_NYJewishFilmFestival-1-300x169.jpg 300w, https:\/\/www.hungarianconservative.com\/wp-content\/uploads\/2024\/01\/ALL-ABOUT-THE-LEVKOVICHES_Press-Image-Credit_NYJewishFilmFestival-1-768x432.jpg 768w, https:\/\/www.hungarianconservative.com\/wp-content\/uploads\/2024\/01\/ALL-ABOUT-THE-LEVKOVICHES_Press-Image-Credit_NYJewishFilmFestival-1-1536x864.jpg 1536w, https:\/\/www.hungarianconservative.com\/wp-content\/uploads\/2024\/01\/ALL-ABOUT-THE-LEVKOVICHES_Press-Image-Credit_NYJewishFilmFestival-1-2048x1152.jpg 2048w, https:\/\/www.hungarianconservative.com\/wp-content\/uploads\/2024\/01\/ALL-ABOUT-THE-LEVKOVICHES_Press-Image-Credit_NYJewishFilmFestival-1-scaled.jpg 1920w\" alt=\"\" width=\"1024\" height=\"576\" \/> Photo credit: New York Jewish Film Festival[\/caption]<\/figure>\n<p style=\"text-align: justify;\">In any case, these difficulties cannot be sensed in the movie, where, in addition to the two male protagonists, who are extremely talented and very convincing (also with their facial expressions in close-up camera shots), the little boy is also excellent throughout, not only with his bilingualism, but also with his equally talkative facial features. The result is a touching, humorous and charming family movie\u00a0where we have the opportunity to look at serious, multi-layered family conflicts, the mourning process experienced in different ways by the actors and several Orthodox Jewish customs (especially but not only those related to mourning), with equal weight from both (father-son, non-Orthodox-Orthodox) perspectives. One can sympathize with both sides and therefore cheer them wholeheartedly to finally address the grievances that have accumulated over the years and were unaddressed until this point. These take place sometimes in the form of yelling angrily at each other, and sometimes through tense or even peaceful discussions. After a week of mourning (and an unexpected visit at a children\u2019s hospital), there is finally reconciliation\u2014so that life can go on with its usual everyday, but no longer insulting, arguments. Two generations and two cultures collide, painfully yet humorously, and with the conviction\u2014perhaps naive to many, but very much welcomed by me\u2014that the time spent together and the discussions, in spite of all the pain caused, can heal (almost) all the wounds we have inflicted on each other in the past.<\/p>\n<p style=\"text-align: justify;\">The action takes place in our time, yet we have the feeling that we are seeing late-Communist Hungary. The main setting is a suburban, crumbling-walled, \u201870s-\u201980s-style apartment block and its shabby courtyard. For a moment, the Geod\u00e9zia Zrt.\u2019s building at Bosny\u00e1k Square appears, we see the tram of the Grand Boulevard and the building of a hospital (probably Heim P\u00e1l Childrens\u2019 Hospital) and its garishly coloured plastic-chair corridor. Strangely enough, the celebration of the Sabbath (which the grandfather eventually attends and he even wears a kippah\u2014as he mockingly calls it: a swimming cap) is taking place in a location that is unfamiliar to me; while the synagogue building on Doh\u00e1ny Street, which is recognizable from the outside, is not visible at all\u2014at least I do not remember seeing it in the movie. Similarly, none of the iconic buildings of Budapest can be seen. Obviously, the shabby locations in the suburbs have been deliberately chosen, but I could not find out for what purpose; and as there was no opportunity for questions from the audience, I could not ask. Although it was a positive and nostalgic experience for me to see these scenes, I also wondered what kind of Budapest (and thus of Hungary) the audience will get to know through this movie.<\/p>\n<p style=\"text-align: justify;\">Although I have not seen the other characters mentioned in the available press releases, I would like to highlight them as well: the boxing \u2018apprentice\u2019 Ferike (I have not been able to detect the young and talented actor\u2019s name yet), who comes from a disadvantaged background and is seen by the grandfather as his adopted son, and who has the role of bringing the old man and his son closer to each other with his simply formulated questions, asked out of sincere concern. The grandfather\u2019s friend Zsiga (Andr\u00e1s T\u00f6r\u00f6k), the son\u2019s Orthodox Jewish wife (I could not track her name either) and the rabbi (Andr\u00e1s Kardos) have the same tasks in the plot. The latter even allows himself to address a joke to the mourning grandfather who escapes to the toilet during the funeral reception.<\/p>\n<p style=\"text-align: justify;\">The movie was supported by the Hungarian Film Institute\u2019s Incubator Programme, co-produced by ULab and Proton Cinema, with the contribution of Zolt\u00e1n D\u00e9v\u00e9nyi as director of photography, produced by Mikl\u00f3s K\u00e1zm\u00e9r, \u00c1d\u00e1m Felszeghy and Andrea Ausztrics, and executive produced by Claudia S\u00fcmeghy. Andrea Ausztrics explained to the audience in New York how movies are being made and financed in Hungary and what their plans with this movie are: after the three American festivals (the next screenings are in Miami on 22 and 24 January), they plan to screen it throughout the US, and after the Hungarian premiere on 22 February, they also plan to have it introduced at several movie festivals across Europe.<\/p>\n<p style=\"text-align: justify;\">More information about the Miami screenings can be found\u00a0<a href=\"https:\/\/miamijewishfilmfestival.org\/all-about-the-levkoviches\/\">HERE<\/a>\u00a0and the trailer is accessible\u00a0<a href=\"https:\/\/www.youtube.com\/watch?v=LPC2vlj9SIc\">HERE<\/a>.<\/p>\n<p><strong>Ildik\u00f3 Antal-Ferencz\u00a0<\/strong><\/p>\n<p>Source: <a href=\"https:\/\/www.hungarianconservative.com\/articles\/diaspora\/all-about-the-levkoviches_new-hungarian-movie_new-york-jewish-film-festival\/\">hungarianconservative.com<\/a><\/p>\n","protected":false},"author":43,"featured_media":1091010,"comment_status":"open","ping_status":"open","sticky":false,"template":"","format":"standard","meta":{"footnotes":""},"categories":[196],"tags":[],"class_list":["post-1091028","post","type-post","status-publish","format-standard","has-post-thumbnail","category-local-events-and-news"],"yoast_head":"<!-- This site is optimized with the Yoast SEO plugin v27.4 - https:\/\/yoast.com\/product\/yoast-seo-wordpress\/ -->\n<title>All About the Levkoviches \u2014 Another Hungarian Movie Success Overseas &#8211; Bocskai R\u00e1di\u00f3<\/title>\n<meta name=\"robots\" content=\"index, follow, max-snippet:-1, max-image-preview:large, max-video-preview:-1\" \/>\n<link rel=\"canonical\" href=\"https:\/\/www.bocskairadio.org\/en\/all-about-the-levkoviches-another-hungarian-movie-success-overseas\/\" \/>\n<meta property=\"og:locale\" content=\"en_US\" \/>\n<meta property=\"og:type\" content=\"article\" \/>\n<meta property=\"og:title\" content=\"All About the Levkoviches \u2014 Another Hungarian Movie Success Overseas &#8211; Bocskai R\u00e1di\u00f3\" \/>\n<meta property=\"og:description\" content=\"Source: hungarianconservative.com After the successful global release at the Palm Springs International Film Festival in California, the screening of \u00c1d\u00e1m Breier\u2019s new movie, All About the Levkoviches\u00a0was also a sell-out in New York. The \u2018dramedy\u2019 will also be screened at the Miami Jewish Film Festival before being launched in cinemas across Hungary on 22 February. At the screening at Lincoln Center\u2019s iconic Walter Reade Theater as part of the New York Jewish Film Festival, the director was accompanied by co-screenwriter B\u00e1lint Csaba, producer Andrea Ausztrics and one of the lead actors, Tam\u00e1s Szab\u00f3 Kimmel, who also took part in a short public discussion afterwards. Tickets were already sold out days before the screening in New York, and there was a long line of people at the box office an hour before the movie went on the silver screen, hoping to get in in the last minute.     Since I arrived half an hour early, I had time to chat with the couple sitting next to me. The wife, with a Polish-Russian Jewish heritage, has been attending this two-week mega-film festival for 30 years, and her Colombian-born husband has been accompanying her for the past 24 years (since the time they met), supporting his wife in preserving her Jewish culture this way, too. The talkative man took the opportunity to ask the Hungarian journalist sitting next to him (i.e. me) about not only her life in the US, but also the situation of Jews living in Hungary, especially in light of the current war in Gaza. I was happy to tell him that, regardless of the war, one of the largest Jewish communities in Europe can practice its faith and live its culture undisturbed. I also mentioned to him that the synagogue complex of the Doh\u00e1ny Street Synagogue in Budapest, built in the 1850s, is the largest synagogue in Europe and the second largest in the world. So the movie, which was shown in Hungarian and Hebrew with English subtitles, had not even started, but I could already (or rather again) feel like a \u2018cultural ambassador\u2019 of Hungary and, after seeing the movie\u00a0Semmelweis\u00a0in the fall, once again be proud that so many people overseas were curious about a Hungarian cinema. I did not know much about the movie before the screening, beyond the official press releases. The plot follows big-hearted but stubborn boxing coach Tam\u00e1s Lefkovics (Zolt\u00e1n Bezer\u00e9di) in Budapest and his son, Iv\u00e1n (Tam\u00e1s Szab\u00f3 Kimmel) who fled to Israel at some unspecified point in the past to escape from the permanent conflict with his father. He has started a family there as an Orthodox Jew, keeping in touch only with his mother (\u00c1gnes M\u00e1hr) and he has not spoken to his father for years. When his mother dies unexpectedly, he returns to Budapest with his six-year-old son Ariel (Leo Gagel) for the shiva (a week of mourning in the family home) in accordance with Jewish traditions. However, his father does not observe Jewish traditions at all; thus the conflict is inevitable, as two worlds are pitted against each other through the two men, with the family\u2019s future at stake.     I was curious to see what the first-time director brought out of this\u00a0 intricate plot, and not only was I not disappointed, but I felt very proud being part of the audience, who reacted with laughter and tears,\u00a0and was delighted to receive congratulations afterwards from the couple sitting next to me, and then passing them on to the director and the main actor. The couple next to me even declared that they had seen lots of good movies at the New York Jewish Film Festival over the past thirty years including this year, but this one was outstanding. The moderator leading the post-screening discussion also spoke only in superlatives about the movie, so one thing is for sure: after California, it was a hit with the audience in New York, too, and will most probably be in Miami and, I am quite sure, it will be a success also in Hungary.     Why is that? When we hear that this is the first movie for both the director and the co-screenwriter, we try not to set the bar too high, but \u2014as the lead actor told the director upon watching the first cut for the first time\u2014it does not feel like a first for either of them. As \u00c1d\u00e1m Breier revealed at the post-screening public discussion, he had an explicit ambition to make a movie about Jews living in Hungary, but for a long time he could not find the right story until he turned to his own family\u2019s stories. B\u00e1lint Csaba, who was asked to co-screenwrite, did the same, adding some of his own Jewish family experience. But Jewish background was not a factor in the adult actors\u2019 casting, and Tam\u00e1s Szab\u00f3 Kimmel, in response to a question, revealed that he is not of Jewish origin. Forming his character was a pure acting achievement on his part; which also had a physical aspect, beyond the beard: before the shooting he was asked to stop exercising, eat and drink a lot more to look \u2019authentic\u2019 for the role. However, the third main character, the six-year-old boy, came from the local Hungarian Jewish community. The director revealed that after it became clear that the budget of the movie based on funding from the Hungarian Film Institute\u2019s Incubator Programme (and some Hungarian Jewish community support) would not allow for the casting of a child actor from Israel, he approached Jewish communities in Hungary looking for a boy who could speak both Hebrew and Hungarian\u2014that is how he found Leo. As he explained, even the experienced adult actors needed some rehearsal\u2014unlike the boy, surprisingly, except for those ghostly scenes he did not understand at first.     In any case, these difficulties cannot be sensed in the movie, where, in addition to the two male protagonists, who are extremely talented and very convincing (also with their facial expressions in close-up camera shots), the little boy is also excellent throughout, not only with his bilingualism, but also with his equally talkative facial features. The result is a touching, humorous and charming family movie\u00a0where we have the opportunity to look at serious, multi-layered family conflicts, the mourning process experienced in different ways by the actors and several Orthodox Jewish customs (especially but not only those related to mourning), with equal weight from both (father-son, non-Orthodox-Orthodox) perspectives. One can sympathize with both sides and therefore cheer them wholeheartedly to finally address the grievances that have accumulated over the years and were unaddressed until this point. These take place sometimes in the form of yelling angrily at each other, and sometimes through tense or even peaceful discussions. After a week of mourning (and an unexpected visit at a children\u2019s hospital), there is finally reconciliation\u2014so that life can go on with its usual everyday, but no longer insulting, arguments. Two generations and two cultures collide, painfully yet humorously, and with the conviction\u2014perhaps naive to many, but very much welcomed by me\u2014that the time spent together and the discussions, in spite of all the pain caused, can heal (almost) all the wounds we have inflicted on each other in the past. The action takes place in our time, yet we have the feeling that we are seeing late-Communist Hungary. The main setting is a suburban, crumbling-walled, \u201870s-\u201980s-style apartment block and its shabby courtyard. For a moment, the Geod\u00e9zia Zrt.\u2019s building at Bosny\u00e1k Square appears, we see the tram of the Grand Boulevard and the building of a hospital (probably Heim P\u00e1l Childrens\u2019 Hospital) and its garishly coloured plastic-chair corridor. Strangely enough, the celebration of the Sabbath (which the grandfather eventually attends and he even wears a kippah\u2014as he mockingly calls it: a swimming cap) is taking place in a location that is unfamiliar to me; while the synagogue building on Doh\u00e1ny Street, which is recognizable from the outside, is not visible at all\u2014at least I do not remember seeing it in the movie. Similarly, none of the iconic buildings of Budapest can be seen. Obviously, the shabby locations in the suburbs have been deliberately chosen, but I could not find out for what purpose; and as there was no opportunity for questions from the audience, I could not ask. Although it was a positive and nostalgic experience for me to see these scenes, I also wondered what kind of Budapest (and thus of Hungary) the audience will get to know through this movie. Although I have not seen the other characters mentioned in the available press releases, I would like to highlight them as well: the boxing \u2018apprentice\u2019 Ferike (I have not been able to detect the young and talented actor\u2019s name yet), who comes from a disadvantaged background and is seen by the grandfather as his adopted son, and who has the role of bringing the old man and his son closer to each other with his simply formulated questions, asked out of sincere concern. The grandfather\u2019s friend Zsiga (Andr\u00e1s T\u00f6r\u00f6k), the son\u2019s Orthodox Jewish wife (I could not track her name either) and the rabbi (Andr\u00e1s Kardos) have the same tasks in the plot. The latter even allows himself to address a joke to the mourning grandfather who escapes to the toilet during the funeral reception. The movie was supported by the Hungarian Film Institute\u2019s Incubator Programme, co-produced by ULab and Proton Cinema, with the contribution of Zolt\u00e1n D\u00e9v\u00e9nyi as director of photography, produced by Mikl\u00f3s K\u00e1zm\u00e9r, \u00c1d\u00e1m Felszeghy and Andrea Ausztrics, and executive produced by Claudia S\u00fcmeghy. Andrea Ausztrics explained to the audience in New York how movies are being made and financed in Hungary and what their plans with this movie are: after the three American festivals (the next screenings are in Miami on 22 and 24 January), they plan to screen it throughout the US, and after the Hungarian premiere on 22 February, they also plan to have it introduced at several movie festivals across Europe. More information about the Miami screenings can be found\u00a0HERE\u00a0and the trailer is accessible\u00a0HERE. Ildik\u00f3 Antal-Ferencz\u00a0  Source: hungarianconservative.com\" \/>\n<meta property=\"og:url\" content=\"https:\/\/www.bocskairadio.org\/en\/all-about-the-levkoviches-another-hungarian-movie-success-overseas\/\" \/>\n<meta property=\"og:site_name\" content=\"Bocskai R\u00e1di\u00f3\" \/>\n<meta property=\"article:publisher\" content=\"https:\/\/www.facebook.com\/BocskaiRadio\" \/>\n<meta property=\"article:published_time\" content=\"2024-01-19T21:24:03+00:00\" \/>\n<meta property=\"article:modified_time\" content=\"2024-01-19T21:30:51+00:00\" \/>\n<meta property=\"og:image\" content=\"https:\/\/cdn.bocskairadio.org\/wp-content\/uploads\/2024\/01\/19155939\/ALL-ABOUT-THE-LEVKOVICHES_Press-Image-Credit_NYJewishFilmFestival-1-scaled.jpg\" \/>\n\t<meta property=\"og:image:width\" content=\"2069\" \/>\n\t<meta property=\"og:image:height\" content=\"1164\" \/>\n\t<meta property=\"og:image:type\" content=\"image\/jpeg\" \/>\n<meta name=\"author\" content=\"Antal-Ferencz Ildik\u00f3\" \/>\n<meta name=\"twitter:card\" content=\"summary_large_image\" \/>\n<meta name=\"twitter:image\" content=\"https:\/\/www.bocskairadio.org\/wp-content\/uploads\/2024\/01\/ALL-ABOUT-THE-LEVKOVICHES_Press-Image-Credit_NYJewishFilmFestival-1-scaled.jpg\" \/>\n<meta name=\"twitter:creator\" content=\"@BocskaiRadio\" \/>\n<meta name=\"twitter:site\" content=\"@BocskaiRadio\" \/>\n<script type=\"application\/ld+json\" class=\"yoast-schema-graph\">{\"@context\":\"https:\\\/\\\/schema.org\",\"@graph\":[{\"@type\":\"Article\",\"@id\":\"https:\\\/\\\/www.bocskairadio.org\\\/en\\\/all-about-the-levkoviches-another-hungarian-movie-success-overseas\\\/#article\",\"isPartOf\":{\"@id\":\"https:\\\/\\\/www.bocskairadio.org\\\/en\\\/all-about-the-levkoviches-another-hungarian-movie-success-overseas\\\/\"},\"author\":{\"name\":\"Antal-Ferencz Ildik\u00f3\",\"@id\":\"https:\\\/\\\/www.bocskairadio.org\\\/en\\\/#\\\/schema\\\/person\\\/b977d92bd338306ce1cd1b7e0e2815bc\"},\"headline\":\"All About the Levkoviches \u2014 Another Hungarian Movie Success Overseas\",\"datePublished\":\"2024-01-19T21:24:03+00:00\",\"dateModified\":\"2024-01-19T21:30:51+00:00\",\"mainEntityOfPage\":{\"@id\":\"https:\\\/\\\/www.bocskairadio.org\\\/en\\\/all-about-the-levkoviches-another-hungarian-movie-success-overseas\\\/\"},\"wordCount\":1798,\"commentCount\":0,\"publisher\":{\"@id\":\"https:\\\/\\\/www.bocskairadio.org\\\/en\\\/#organization\"},\"image\":{\"@id\":\"https:\\\/\\\/www.bocskairadio.org\\\/en\\\/all-about-the-levkoviches-another-hungarian-movie-success-overseas\\\/#primaryimage\"},\"thumbnailUrl\":\"https:\\\/\\\/www.bocskairadio.org\\\/wp-content\\\/uploads\\\/2024\\\/01\\\/ALL-ABOUT-THE-LEVKOVICHES_Press-Image-Credit_NYJewishFilmFestival-1-scaled.jpg\",\"articleSection\":[\"Local events and news\"],\"inLanguage\":\"en-US\",\"potentialAction\":[{\"@type\":\"CommentAction\",\"name\":\"Comment\",\"target\":[\"https:\\\/\\\/www.bocskairadio.org\\\/en\\\/all-about-the-levkoviches-another-hungarian-movie-success-overseas\\\/#respond\"]}]},{\"@type\":\"WebPage\",\"@id\":\"https:\\\/\\\/www.bocskairadio.org\\\/en\\\/all-about-the-levkoviches-another-hungarian-movie-success-overseas\\\/\",\"url\":\"https:\\\/\\\/www.bocskairadio.org\\\/en\\\/all-about-the-levkoviches-another-hungarian-movie-success-overseas\\\/\",\"name\":\"All About the Levkoviches \u2014 Another Hungarian Movie Success Overseas &#8211; Bocskai R\u00e1di\u00f3\",\"isPartOf\":{\"@id\":\"https:\\\/\\\/www.bocskairadio.org\\\/en\\\/#website\"},\"primaryImageOfPage\":{\"@id\":\"https:\\\/\\\/www.bocskairadio.org\\\/en\\\/all-about-the-levkoviches-another-hungarian-movie-success-overseas\\\/#primaryimage\"},\"image\":{\"@id\":\"https:\\\/\\\/www.bocskairadio.org\\\/en\\\/all-about-the-levkoviches-another-hungarian-movie-success-overseas\\\/#primaryimage\"},\"thumbnailUrl\":\"https:\\\/\\\/www.bocskairadio.org\\\/wp-content\\\/uploads\\\/2024\\\/01\\\/ALL-ABOUT-THE-LEVKOVICHES_Press-Image-Credit_NYJewishFilmFestival-1-scaled.jpg\",\"datePublished\":\"2024-01-19T21:24:03+00:00\",\"dateModified\":\"2024-01-19T21:30:51+00:00\",\"inLanguage\":\"en-US\",\"potentialAction\":[{\"@type\":\"ReadAction\",\"target\":[\"https:\\\/\\\/www.bocskairadio.org\\\/en\\\/all-about-the-levkoviches-another-hungarian-movie-success-overseas\\\/\"]}]},{\"@type\":\"ImageObject\",\"inLanguage\":\"en-US\",\"@id\":\"https:\\\/\\\/www.bocskairadio.org\\\/en\\\/all-about-the-levkoviches-another-hungarian-movie-success-overseas\\\/#primaryimage\",\"url\":\"https:\\\/\\\/www.bocskairadio.org\\\/wp-content\\\/uploads\\\/2024\\\/01\\\/ALL-ABOUT-THE-LEVKOVICHES_Press-Image-Credit_NYJewishFilmFestival-1-scaled.jpg\",\"contentUrl\":\"https:\\\/\\\/www.bocskairadio.org\\\/wp-content\\\/uploads\\\/2024\\\/01\\\/ALL-ABOUT-THE-LEVKOVICHES_Press-Image-Credit_NYJewishFilmFestival-1-scaled.jpg\",\"width\":2069,\"height\":1164},{\"@type\":\"WebSite\",\"@id\":\"https:\\\/\\\/www.bocskairadio.org\\\/en\\\/#website\",\"url\":\"https:\\\/\\\/www.bocskairadio.org\\\/en\\\/\",\"name\":\"Bocskai R\u00e1di\u00f3\",\"description\":\"The Voice of Cleveland Hungarians\",\"publisher\":{\"@id\":\"https:\\\/\\\/www.bocskairadio.org\\\/en\\\/#organization\"},\"potentialAction\":[{\"@type\":\"SearchAction\",\"target\":{\"@type\":\"EntryPoint\",\"urlTemplate\":\"https:\\\/\\\/www.bocskairadio.org\\\/en\\\/?s={search_term_string}\"},\"query-input\":{\"@type\":\"PropertyValueSpecification\",\"valueRequired\":true,\"valueName\":\"search_term_string\"}}],\"inLanguage\":\"en-US\"},{\"@type\":\"Organization\",\"@id\":\"https:\\\/\\\/www.bocskairadio.org\\\/en\\\/#organization\",\"name\":\"Bocskai R\u00e1di\u00f3\",\"url\":\"https:\\\/\\\/www.bocskairadio.org\\\/en\\\/\",\"logo\":{\"@type\":\"ImageObject\",\"inLanguage\":\"en-US\",\"@id\":\"https:\\\/\\\/www.bocskairadio.org\\\/en\\\/#\\\/schema\\\/logo\\\/image\\\/\",\"url\":\"https:\\\/\\\/www.bocskairadio.org\\\/wp-content\\\/uploads\\\/2016\\\/11\\\/var3_basic.jpg\",\"contentUrl\":\"https:\\\/\\\/www.bocskairadio.org\\\/wp-content\\\/uploads\\\/2016\\\/11\\\/var3_basic.jpg\",\"width\":500,\"height\":500,\"caption\":\"Bocskai R\u00e1di\u00f3\"},\"image\":{\"@id\":\"https:\\\/\\\/www.bocskairadio.org\\\/en\\\/#\\\/schema\\\/logo\\\/image\\\/\"},\"sameAs\":[\"https:\\\/\\\/www.facebook.com\\\/BocskaiRadio\",\"https:\\\/\\\/x.com\\\/BocskaiRadio\",\"https:\\\/\\\/www.instagram.com\\\/bocskairadio\\\/\",\"https:\\\/\\\/www.youtube.com\\\/user\\\/bocskairadio\",\"https:\\\/\\\/hu.wikipedia.org\\\/wiki\\\/Bocskai_R\u00e1di\u00f3\"]},{\"@type\":\"Person\",\"@id\":\"https:\\\/\\\/www.bocskairadio.org\\\/en\\\/#\\\/schema\\\/person\\\/b977d92bd338306ce1cd1b7e0e2815bc\",\"name\":\"Antal-Ferencz Ildik\u00f3\",\"image\":{\"@type\":\"ImageObject\",\"inLanguage\":\"en-US\",\"@id\":\"https:\\\/\\\/www.bocskairadio.org\\\/wp-content\\\/uploads\\\/2023\\\/02\\\/Ildiko-Antal-Ferenc-150x150.jpg\",\"url\":\"https:\\\/\\\/www.bocskairadio.org\\\/wp-content\\\/uploads\\\/2023\\\/02\\\/Ildiko-Antal-Ferenc-150x150.jpg\",\"contentUrl\":\"https:\\\/\\\/www.bocskairadio.org\\\/wp-content\\\/uploads\\\/2023\\\/02\\\/Ildiko-Antal-Ferenc-150x150.jpg\",\"caption\":\"Antal-Ferencz Ildik\u00f3\"},\"description\":\"Erd\u00e9lyben n\u0151ttem fel, Budapesten j\u00e1rtam egyetemre, el\u0151sz\u00f6r k\u00f6zgazd\u00e1szk\u00e9nt dolgoztam, majd h\u00e1rom gyermekem sz\u00fclet\u00e9se ut\u00e1n, 2016 \u00f3ta \u00fajs\u00e1g\u00edr\u00f3k\u00e9nt. 2022. j\u00falius \u00e9s 2025. augusztus k\u00f6z\u00f6tt csal\u00e1dommal Amerik\u00e1ban (New Jersey \u00e1llamban) \u00e9lt\u00fcnk. Ezalatt k\u00fcls\u0151s munkat\u00e1rsk\u00e9nt seg\u00edtettem a Bocskai R\u00e1di\u00f3 munk\u00e1j\u00e1t, ill. szabad\u00fasz\u00f3 \u00fajs\u00e1g\u00edr\u00f3k\u00e9nt diaszp\u00f3ra t\u00e9m\u00e1j\u00fa cikkeket \u00edrtam magyarorsz\u00e1gi \u00fajs\u00e1gok sz\u00e1m\u00e1ra, amelyeket a Bocskai R\u00e1di\u00f3 is \u00e1tvett. Ut\u00f3bbi munk\u00e1t hazat\u00e9rve is folytatom, el\u0151bbit pedig majd akkor, amikor terveink szerint nyaranta visszat\u00e9r\u00fcnk Amerik\u00e1ba.\",\"url\":\"https:\\\/\\\/www.bocskairadio.org\\\/en\\\/author\\\/ildikoantalferencz\\\/\"}]}<\/script>\n<!-- \/ Yoast SEO plugin. -->","yoast_head_json":{"title":"All About the Levkoviches \u2014 Another Hungarian Movie Success Overseas &#8211; Bocskai R\u00e1di\u00f3","robots":{"index":"index","follow":"follow","max-snippet":"max-snippet:-1","max-image-preview":"max-image-preview:large","max-video-preview":"max-video-preview:-1"},"canonical":"https:\/\/www.bocskairadio.org\/en\/all-about-the-levkoviches-another-hungarian-movie-success-overseas\/","og_locale":"en_US","og_type":"article","og_title":"All About the Levkoviches \u2014 Another Hungarian Movie Success Overseas &#8211; Bocskai R\u00e1di\u00f3","og_description":"Source: hungarianconservative.com After the successful global release at the Palm Springs International Film Festival in California, the screening of \u00c1d\u00e1m Breier\u2019s new movie, All About the Levkoviches\u00a0was also a sell-out in New York. The \u2018dramedy\u2019 will also be screened at the Miami Jewish Film Festival before being launched in cinemas across Hungary on 22 February. At the screening at Lincoln Center\u2019s iconic Walter Reade Theater as part of the New York Jewish Film Festival, the director was accompanied by co-screenwriter B\u00e1lint Csaba, producer Andrea Ausztrics and one of the lead actors, Tam\u00e1s Szab\u00f3 Kimmel, who also took part in a short public discussion afterwards. Tickets were already sold out days before the screening in New York, and there was a long line of people at the box office an hour before the movie went on the silver screen, hoping to get in in the last minute.     Since I arrived half an hour early, I had time to chat with the couple sitting next to me. The wife, with a Polish-Russian Jewish heritage, has been attending this two-week mega-film festival for 30 years, and her Colombian-born husband has been accompanying her for the past 24 years (since the time they met), supporting his wife in preserving her Jewish culture this way, too. The talkative man took the opportunity to ask the Hungarian journalist sitting next to him (i.e. me) about not only her life in the US, but also the situation of Jews living in Hungary, especially in light of the current war in Gaza. I was happy to tell him that, regardless of the war, one of the largest Jewish communities in Europe can practice its faith and live its culture undisturbed. I also mentioned to him that the synagogue complex of the Doh\u00e1ny Street Synagogue in Budapest, built in the 1850s, is the largest synagogue in Europe and the second largest in the world. So the movie, which was shown in Hungarian and Hebrew with English subtitles, had not even started, but I could already (or rather again) feel like a \u2018cultural ambassador\u2019 of Hungary and, after seeing the movie\u00a0Semmelweis\u00a0in the fall, once again be proud that so many people overseas were curious about a Hungarian cinema. I did not know much about the movie before the screening, beyond the official press releases. The plot follows big-hearted but stubborn boxing coach Tam\u00e1s Lefkovics (Zolt\u00e1n Bezer\u00e9di) in Budapest and his son, Iv\u00e1n (Tam\u00e1s Szab\u00f3 Kimmel) who fled to Israel at some unspecified point in the past to escape from the permanent conflict with his father. He has started a family there as an Orthodox Jew, keeping in touch only with his mother (\u00c1gnes M\u00e1hr) and he has not spoken to his father for years. When his mother dies unexpectedly, he returns to Budapest with his six-year-old son Ariel (Leo Gagel) for the shiva (a week of mourning in the family home) in accordance with Jewish traditions. However, his father does not observe Jewish traditions at all; thus the conflict is inevitable, as two worlds are pitted against each other through the two men, with the family\u2019s future at stake.     I was curious to see what the first-time director brought out of this\u00a0 intricate plot, and not only was I not disappointed, but I felt very proud being part of the audience, who reacted with laughter and tears,\u00a0and was delighted to receive congratulations afterwards from the couple sitting next to me, and then passing them on to the director and the main actor. The couple next to me even declared that they had seen lots of good movies at the New York Jewish Film Festival over the past thirty years including this year, but this one was outstanding. The moderator leading the post-screening discussion also spoke only in superlatives about the movie, so one thing is for sure: after California, it was a hit with the audience in New York, too, and will most probably be in Miami and, I am quite sure, it will be a success also in Hungary.     Why is that? When we hear that this is the first movie for both the director and the co-screenwriter, we try not to set the bar too high, but \u2014as the lead actor told the director upon watching the first cut for the first time\u2014it does not feel like a first for either of them. As \u00c1d\u00e1m Breier revealed at the post-screening public discussion, he had an explicit ambition to make a movie about Jews living in Hungary, but for a long time he could not find the right story until he turned to his own family\u2019s stories. B\u00e1lint Csaba, who was asked to co-screenwrite, did the same, adding some of his own Jewish family experience. But Jewish background was not a factor in the adult actors\u2019 casting, and Tam\u00e1s Szab\u00f3 Kimmel, in response to a question, revealed that he is not of Jewish origin. Forming his character was a pure acting achievement on his part; which also had a physical aspect, beyond the beard: before the shooting he was asked to stop exercising, eat and drink a lot more to look \u2019authentic\u2019 for the role. However, the third main character, the six-year-old boy, came from the local Hungarian Jewish community. The director revealed that after it became clear that the budget of the movie based on funding from the Hungarian Film Institute\u2019s Incubator Programme (and some Hungarian Jewish community support) would not allow for the casting of a child actor from Israel, he approached Jewish communities in Hungary looking for a boy who could speak both Hebrew and Hungarian\u2014that is how he found Leo. As he explained, even the experienced adult actors needed some rehearsal\u2014unlike the boy, surprisingly, except for those ghostly scenes he did not understand at first.     In any case, these difficulties cannot be sensed in the movie, where, in addition to the two male protagonists, who are extremely talented and very convincing (also with their facial expressions in close-up camera shots), the little boy is also excellent throughout, not only with his bilingualism, but also with his equally talkative facial features. The result is a touching, humorous and charming family movie\u00a0where we have the opportunity to look at serious, multi-layered family conflicts, the mourning process experienced in different ways by the actors and several Orthodox Jewish customs (especially but not only those related to mourning), with equal weight from both (father-son, non-Orthodox-Orthodox) perspectives. One can sympathize with both sides and therefore cheer them wholeheartedly to finally address the grievances that have accumulated over the years and were unaddressed until this point. These take place sometimes in the form of yelling angrily at each other, and sometimes through tense or even peaceful discussions. After a week of mourning (and an unexpected visit at a children\u2019s hospital), there is finally reconciliation\u2014so that life can go on with its usual everyday, but no longer insulting, arguments. Two generations and two cultures collide, painfully yet humorously, and with the conviction\u2014perhaps naive to many, but very much welcomed by me\u2014that the time spent together and the discussions, in spite of all the pain caused, can heal (almost) all the wounds we have inflicted on each other in the past. The action takes place in our time, yet we have the feeling that we are seeing late-Communist Hungary. The main setting is a suburban, crumbling-walled, \u201870s-\u201980s-style apartment block and its shabby courtyard. For a moment, the Geod\u00e9zia Zrt.\u2019s building at Bosny\u00e1k Square appears, we see the tram of the Grand Boulevard and the building of a hospital (probably Heim P\u00e1l Childrens\u2019 Hospital) and its garishly coloured plastic-chair corridor. Strangely enough, the celebration of the Sabbath (which the grandfather eventually attends and he even wears a kippah\u2014as he mockingly calls it: a swimming cap) is taking place in a location that is unfamiliar to me; while the synagogue building on Doh\u00e1ny Street, which is recognizable from the outside, is not visible at all\u2014at least I do not remember seeing it in the movie. Similarly, none of the iconic buildings of Budapest can be seen. Obviously, the shabby locations in the suburbs have been deliberately chosen, but I could not find out for what purpose; and as there was no opportunity for questions from the audience, I could not ask. Although it was a positive and nostalgic experience for me to see these scenes, I also wondered what kind of Budapest (and thus of Hungary) the audience will get to know through this movie. Although I have not seen the other characters mentioned in the available press releases, I would like to highlight them as well: the boxing \u2018apprentice\u2019 Ferike (I have not been able to detect the young and talented actor\u2019s name yet), who comes from a disadvantaged background and is seen by the grandfather as his adopted son, and who has the role of bringing the old man and his son closer to each other with his simply formulated questions, asked out of sincere concern. The grandfather\u2019s friend Zsiga (Andr\u00e1s T\u00f6r\u00f6k), the son\u2019s Orthodox Jewish wife (I could not track her name either) and the rabbi (Andr\u00e1s Kardos) have the same tasks in the plot. The latter even allows himself to address a joke to the mourning grandfather who escapes to the toilet during the funeral reception. The movie was supported by the Hungarian Film Institute\u2019s Incubator Programme, co-produced by ULab and Proton Cinema, with the contribution of Zolt\u00e1n D\u00e9v\u00e9nyi as director of photography, produced by Mikl\u00f3s K\u00e1zm\u00e9r, \u00c1d\u00e1m Felszeghy and Andrea Ausztrics, and executive produced by Claudia S\u00fcmeghy. Andrea Ausztrics explained to the audience in New York how movies are being made and financed in Hungary and what their plans with this movie are: after the three American festivals (the next screenings are in Miami on 22 and 24 January), they plan to screen it throughout the US, and after the Hungarian premiere on 22 February, they also plan to have it introduced at several movie festivals across Europe. More information about the Miami screenings can be found\u00a0HERE\u00a0and the trailer is accessible\u00a0HERE. Ildik\u00f3 Antal-Ferencz\u00a0  Source: hungarianconservative.com","og_url":"https:\/\/www.bocskairadio.org\/en\/all-about-the-levkoviches-another-hungarian-movie-success-overseas\/","og_site_name":"Bocskai R\u00e1di\u00f3","article_publisher":"https:\/\/www.facebook.com\/BocskaiRadio","article_published_time":"2024-01-19T21:24:03+00:00","article_modified_time":"2024-01-19T21:30:51+00:00","og_image":[{"width":2069,"height":1164,"url":"https:\/\/cdn.bocskairadio.org\/wp-content\/uploads\/2024\/01\/19155939\/ALL-ABOUT-THE-LEVKOVICHES_Press-Image-Credit_NYJewishFilmFestival-1-scaled.jpg","type":"image\/jpeg"}],"author":"Antal-Ferencz Ildik\u00f3","twitter_card":"summary_large_image","twitter_image":"https:\/\/www.bocskairadio.org\/wp-content\/uploads\/2024\/01\/ALL-ABOUT-THE-LEVKOVICHES_Press-Image-Credit_NYJewishFilmFestival-1-scaled.jpg","twitter_creator":"@BocskaiRadio","twitter_site":"@BocskaiRadio","schema":{"@context":"https:\/\/schema.org","@graph":[{"@type":"Article","@id":"https:\/\/www.bocskairadio.org\/en\/all-about-the-levkoviches-another-hungarian-movie-success-overseas\/#article","isPartOf":{"@id":"https:\/\/www.bocskairadio.org\/en\/all-about-the-levkoviches-another-hungarian-movie-success-overseas\/"},"author":{"name":"Antal-Ferencz Ildik\u00f3","@id":"https:\/\/www.bocskairadio.org\/en\/#\/schema\/person\/b977d92bd338306ce1cd1b7e0e2815bc"},"headline":"All About the Levkoviches \u2014 Another Hungarian Movie Success Overseas","datePublished":"2024-01-19T21:24:03+00:00","dateModified":"2024-01-19T21:30:51+00:00","mainEntityOfPage":{"@id":"https:\/\/www.bocskairadio.org\/en\/all-about-the-levkoviches-another-hungarian-movie-success-overseas\/"},"wordCount":1798,"commentCount":0,"publisher":{"@id":"https:\/\/www.bocskairadio.org\/en\/#organization"},"image":{"@id":"https:\/\/www.bocskairadio.org\/en\/all-about-the-levkoviches-another-hungarian-movie-success-overseas\/#primaryimage"},"thumbnailUrl":"https:\/\/www.bocskairadio.org\/wp-content\/uploads\/2024\/01\/ALL-ABOUT-THE-LEVKOVICHES_Press-Image-Credit_NYJewishFilmFestival-1-scaled.jpg","articleSection":["Local events and news"],"inLanguage":"en-US","potentialAction":[{"@type":"CommentAction","name":"Comment","target":["https:\/\/www.bocskairadio.org\/en\/all-about-the-levkoviches-another-hungarian-movie-success-overseas\/#respond"]}]},{"@type":"WebPage","@id":"https:\/\/www.bocskairadio.org\/en\/all-about-the-levkoviches-another-hungarian-movie-success-overseas\/","url":"https:\/\/www.bocskairadio.org\/en\/all-about-the-levkoviches-another-hungarian-movie-success-overseas\/","name":"All About the Levkoviches \u2014 Another Hungarian Movie Success Overseas &#8211; Bocskai R\u00e1di\u00f3","isPartOf":{"@id":"https:\/\/www.bocskairadio.org\/en\/#website"},"primaryImageOfPage":{"@id":"https:\/\/www.bocskairadio.org\/en\/all-about-the-levkoviches-another-hungarian-movie-success-overseas\/#primaryimage"},"image":{"@id":"https:\/\/www.bocskairadio.org\/en\/all-about-the-levkoviches-another-hungarian-movie-success-overseas\/#primaryimage"},"thumbnailUrl":"https:\/\/www.bocskairadio.org\/wp-content\/uploads\/2024\/01\/ALL-ABOUT-THE-LEVKOVICHES_Press-Image-Credit_NYJewishFilmFestival-1-scaled.jpg","datePublished":"2024-01-19T21:24:03+00:00","dateModified":"2024-01-19T21:30:51+00:00","inLanguage":"en-US","potentialAction":[{"@type":"ReadAction","target":["https:\/\/www.bocskairadio.org\/en\/all-about-the-levkoviches-another-hungarian-movie-success-overseas\/"]}]},{"@type":"ImageObject","inLanguage":"en-US","@id":"https:\/\/www.bocskairadio.org\/en\/all-about-the-levkoviches-another-hungarian-movie-success-overseas\/#primaryimage","url":"https:\/\/www.bocskairadio.org\/wp-content\/uploads\/2024\/01\/ALL-ABOUT-THE-LEVKOVICHES_Press-Image-Credit_NYJewishFilmFestival-1-scaled.jpg","contentUrl":"https:\/\/www.bocskairadio.org\/wp-content\/uploads\/2024\/01\/ALL-ABOUT-THE-LEVKOVICHES_Press-Image-Credit_NYJewishFilmFestival-1-scaled.jpg","width":2069,"height":1164},{"@type":"WebSite","@id":"https:\/\/www.bocskairadio.org\/en\/#website","url":"https:\/\/www.bocskairadio.org\/en\/","name":"Bocskai R\u00e1di\u00f3","description":"The Voice of Cleveland Hungarians","publisher":{"@id":"https:\/\/www.bocskairadio.org\/en\/#organization"},"potentialAction":[{"@type":"SearchAction","target":{"@type":"EntryPoint","urlTemplate":"https:\/\/www.bocskairadio.org\/en\/?s={search_term_string}"},"query-input":{"@type":"PropertyValueSpecification","valueRequired":true,"valueName":"search_term_string"}}],"inLanguage":"en-US"},{"@type":"Organization","@id":"https:\/\/www.bocskairadio.org\/en\/#organization","name":"Bocskai R\u00e1di\u00f3","url":"https:\/\/www.bocskairadio.org\/en\/","logo":{"@type":"ImageObject","inLanguage":"en-US","@id":"https:\/\/www.bocskairadio.org\/en\/#\/schema\/logo\/image\/","url":"https:\/\/www.bocskairadio.org\/wp-content\/uploads\/2016\/11\/var3_basic.jpg","contentUrl":"https:\/\/www.bocskairadio.org\/wp-content\/uploads\/2016\/11\/var3_basic.jpg","width":500,"height":500,"caption":"Bocskai R\u00e1di\u00f3"},"image":{"@id":"https:\/\/www.bocskairadio.org\/en\/#\/schema\/logo\/image\/"},"sameAs":["https:\/\/www.facebook.com\/BocskaiRadio","https:\/\/x.com\/BocskaiRadio","https:\/\/www.instagram.com\/bocskairadio\/","https:\/\/www.youtube.com\/user\/bocskairadio","https:\/\/hu.wikipedia.org\/wiki\/Bocskai_R\u00e1di\u00f3"]},{"@type":"Person","@id":"https:\/\/www.bocskairadio.org\/en\/#\/schema\/person\/b977d92bd338306ce1cd1b7e0e2815bc","name":"Antal-Ferencz Ildik\u00f3","image":{"@type":"ImageObject","inLanguage":"en-US","@id":"https:\/\/www.bocskairadio.org\/wp-content\/uploads\/2023\/02\/Ildiko-Antal-Ferenc-150x150.jpg","url":"https:\/\/www.bocskairadio.org\/wp-content\/uploads\/2023\/02\/Ildiko-Antal-Ferenc-150x150.jpg","contentUrl":"https:\/\/www.bocskairadio.org\/wp-content\/uploads\/2023\/02\/Ildiko-Antal-Ferenc-150x150.jpg","caption":"Antal-Ferencz Ildik\u00f3"},"description":"Erd\u00e9lyben n\u0151ttem fel, Budapesten j\u00e1rtam egyetemre, el\u0151sz\u00f6r k\u00f6zgazd\u00e1szk\u00e9nt dolgoztam, majd h\u00e1rom gyermekem sz\u00fclet\u00e9se ut\u00e1n, 2016 \u00f3ta \u00fajs\u00e1g\u00edr\u00f3k\u00e9nt. 2022. j\u00falius \u00e9s 2025. augusztus k\u00f6z\u00f6tt csal\u00e1dommal Amerik\u00e1ban (New Jersey \u00e1llamban) \u00e9lt\u00fcnk. Ezalatt k\u00fcls\u0151s munkat\u00e1rsk\u00e9nt seg\u00edtettem a Bocskai R\u00e1di\u00f3 munk\u00e1j\u00e1t, ill. szabad\u00fasz\u00f3 \u00fajs\u00e1g\u00edr\u00f3k\u00e9nt diaszp\u00f3ra t\u00e9m\u00e1j\u00fa cikkeket \u00edrtam magyarorsz\u00e1gi \u00fajs\u00e1gok sz\u00e1m\u00e1ra, amelyeket a Bocskai R\u00e1di\u00f3 is \u00e1tvett. Ut\u00f3bbi munk\u00e1t hazat\u00e9rve is folytatom, el\u0151bbit pedig majd akkor, amikor terveink szerint nyaranta visszat\u00e9r\u00fcnk Amerik\u00e1ba.","url":"https:\/\/www.bocskairadio.org\/en\/author\/ildikoantalferencz\/"}]}},"_links":{"self":[{"href":"https:\/\/www.bocskairadio.org\/en\/wp-json\/wp\/v2\/posts\/1091028","targetHints":{"allow":["GET"]}}],"collection":[{"href":"https:\/\/www.bocskairadio.org\/en\/wp-json\/wp\/v2\/posts"}],"about":[{"href":"https:\/\/www.bocskairadio.org\/en\/wp-json\/wp\/v2\/types\/post"}],"author":[{"embeddable":true,"href":"https:\/\/www.bocskairadio.org\/en\/wp-json\/wp\/v2\/users\/43"}],"replies":[{"embeddable":true,"href":"https:\/\/www.bocskairadio.org\/en\/wp-json\/wp\/v2\/comments?post=1091028"}],"version-history":[{"count":1,"href":"https:\/\/www.bocskairadio.org\/en\/wp-json\/wp\/v2\/posts\/1091028\/revisions"}],"predecessor-version":[{"id":1091029,"href":"https:\/\/www.bocskairadio.org\/en\/wp-json\/wp\/v2\/posts\/1091028\/revisions\/1091029"}],"wp:featuredmedia":[{"embeddable":true,"href":"https:\/\/www.bocskairadio.org\/en\/wp-json\/wp\/v2\/media\/1091010"}],"wp:attachment":[{"href":"https:\/\/www.bocskairadio.org\/en\/wp-json\/wp\/v2\/media?parent=1091028"}],"wp:term":[{"taxonomy":"category","embeddable":true,"href":"https:\/\/www.bocskairadio.org\/en\/wp-json\/wp\/v2\/categories?post=1091028"},{"taxonomy":"post_tag","embeddable":true,"href":"https:\/\/www.bocskairadio.org\/en\/wp-json\/wp\/v2\/tags?post=1091028"}],"curies":[{"name":"wp","href":"https:\/\/api.w.org\/{rel}","templated":true}]}}