{"id":1100076,"date":"2023-07-22T19:26:05","date_gmt":"2023-07-22T23:26:05","guid":{"rendered":"https:\/\/www.bocskairadio.org\/?p=1100076"},"modified":"2025-01-03T18:46:35","modified_gmt":"2025-01-03T23:46:35","slug":"the-magyar-calvinist-community-of-new-brunswick-is-lucky-to-be-bilingual-an-interview-with-reverend-zsolt-otvos","status":"publish","type":"post","link":"https:\/\/www.bocskairadio.org\/en\/the-magyar-calvinist-community-of-new-brunswick-is-lucky-to-be-bilingual-an-interview-with-reverend-zsolt-otvos\/","title":{"rendered":"\u2018The Magyar Calvinist community of New Brunswick is lucky to be bilingual\u2019 \u2014 An Interview with Reverend Zsolt \u00d6tv\u00f6s"},"content":{"rendered":"<p style=\"text-align: justify;\"><em>This is an adapted version of the interview first published in Hungarian\u00a0<a href=\"https:\/\/reformatus.hu\/magyar-reformatus-egyhaz\/magyar-reformatusok-vilagban\/diaszpora-hirek\/a-new-brunswick-i-reformatus-kozosseg-szerencseje-a-ketnyelvuseg\/\">on reformatus.hu<\/a>.<\/em><\/p>\n<p style=\"text-align: justify;\"><strong><em>Reverend Zsolt \u00d6tv\u00f6s has been the pastor of the Magyar Reformed Church in New Brunswick, New Jersey for fifteen years. He previously served in Canada and then in Columbus, Ohio. In those Reformed churches where recent Hungarian immigrants and second-generation Hungarian communities can serve together, he could see God\u2019s special blessing. During our conversation in the church at the time of the 2023 Hungarian Festival, the most well-known Hungarian event on the East Coast of North America, we could hear the merry noise of the fair and the stage performances in the yard. From time to time, children and parents preparing for the folk-dance performance stuck their heads into the room where we were talking, quite obviously feeling at home in the church.<\/em><\/strong><!--more--><\/p>\n<p style=\"text-align: justify;\">***<\/p>\n<p style=\"text-align: justify;\"><strong>The local Reformed Church has been actively participating in the organization and management of the annual Hungarian Festival since the beginnings. Moreover, it is one its the three main organizing and financing institutions, along with the local scouts and the Hungarian club, is that right?<\/strong><\/p>\n<p style=\"text-align: justify;\">Yes. The goal of the church in relation to the event is mostly charitable, since the revenues and donations from the sale of food prepared by our church members is utilized for community support. But participation in cultural programs is just as important to us: not only artists belonging to the congregation, such as the singer Ildik\u00f3 Rozs, but also other musicians and folk-dance guests perform in our yard. In addition, \u00c1gnes Ol\u00e1h organizes an exhibition every year, this year about Hungarian bridges. The Magyar Reformed congregation is bilingual<strong>\u2014<\/strong>not only here, but also in several other American cities. The reason is that many of the second or third generations only partially speak Hungarian or not at all, mixed marriages are common, and we also have followers of non-Hungarian origin who take their part in the preparations just as actively as the Hungarians.<\/p>\n<p style=\"text-align: justify;\"><strong>You have made a surprising statement: the local community is lucky to be bilingual. Why?<\/strong><\/p>\n<p style=\"text-align: justify;\">Every Reformed community is a little different, but there are general themes, too. I served five years in a bilingual congregation in Columbus, Ohio, where I experienced that after the mining industry in southern Ohio diminished, many Hungarians previously living in the mining area moved to the city, where they worked in the local steel factory. However, when the steel industry declined, the descendants of those Hungarians dispersed. Although some new immigrants came to the Ohio State University as lecturers or students over the past few decades, the number of immigrants in the inner parts of the country decreased significantly. All kinds of Hungarians have shown up in that church: Hungarians several generations removed from their immigrant forebears<strong>,\u00a0<\/strong>and also those with an expressly American background, typically connected to the church through mixed marriages, or simply by their faith and love of a smaller church\u2019s spiritual atmosphere. If we had built only on the Hungarian speaking community, our congregation in Columbus would have ceased to exist a long time ago.<\/p>\n<p style=\"text-align: justify;\"><strong>Is the situation similar in New Brunswick?<\/strong><\/p>\n<p style=\"text-align: justify;\">Yes. What is an advantage here is that the Hungarian and English-speaking groups of the congregation are of about equal size. Hungarians have been coming here continuously since the end of the 19th century, and their children graduated here, and many of them stayed here. Hungarian immigration decreased over the past thirty years, but it didn\u2019t stop completely, younger people still came. Half of the congregation in New Brunswick today is made up of Hungarian immigrants, and young people come from the areas beyond the current borders of Hungary, i.e. typically from Transylvania and Transcarpathia. The members who come to the English service are made up of second- and third-generation Hungarians and many other ancestries. Our church\u2019s stained glass windows were financed by their families, their children and grandchildren are here now, and they enthusiastically serve in the church or work in our fundraising programs.<\/p>\n<p style=\"text-align: justify;\">The grandparents of our current chief elder, Paul Bod\u00f3, for instance, came from Hungary, and his wife comes from the Katk\u00f3 family, they are originally from Felvid\u00e9k (the former Upper Hungary, today part of Slovakia). Paul, and his sister Pam speak some Hungarian, but their families and relatives are all American and are committed members and proud of their Hungarian origin: they were baptized here, confirmed here, found their partners and married here and their parents were buried here\u2014i.e. their lives effectively took place here. They also keep in touch with some family in Hungary and visit them regularly. Our dedicated secretary, Kathy Toth is of Irish ancestry, and her husband, Charles Toth, our treasurer of Hungarian descent, has been a committed member of the congregation. One of our members named Menhart knows that his ancestors\u2019 name was Menyh\u00e9rt. He doesn\u2019t speak Hungarian either, but he is very aware of his Hungarian roots and is proud of them. His wife is from an Italian background, yet, they come to almost every service, because she is also connected to the fellowship spiritually. Hungarians, compared to other nationalities in the U.S., are still a \u2018newer\u2019 immigrant community, who started immigrating less than 150 years ago. Hungarian immigrants, their descendants and our members from other ancestries take their connections to our church seriously; and although it\u2019s true throughout America that the (grand)children of many 56ers don\u2019t speak Hungarian anymore, in New Brunswick most second- or even third-generation Hungarians speak the language quite well, some of them even excellently.<\/p>\n<figure class=\"wp-block-image size-large\" style=\"text-align: justify;\">\n<p><figure id=\"attachment_37945\" aria-describedby=\"caption-attachment-37945\" style=\"width: 1024px\" class=\"wp-caption alignnone\"><img loading=\"lazy\" decoding=\"async\" class=\"entered lazyloaded td-modal-image wp-image-37945\" src=\"https:\/\/www.hungarianconservative.com\/wp-content\/uploads\/2024\/12\/Community-members-at-the-Church-Courtyard-1024x461.jpg\" sizes=\"auto, (max-width: 1024px) 100vw, 1024px\" srcset=\"https:\/\/www.hungarianconservative.com\/wp-content\/uploads\/2024\/12\/Community-members-at-the-Church-Courtyard-1024x461.jpg 1024w, https:\/\/www.hungarianconservative.com\/wp-content\/uploads\/2024\/12\/Community-members-at-the-Church-Courtyard-300x135.jpg 300w, https:\/\/www.hungarianconservative.com\/wp-content\/uploads\/2024\/12\/Community-members-at-the-Church-Courtyard-768x346.jpg 768w, https:\/\/www.hungarianconservative.com\/wp-content\/uploads\/2024\/12\/Community-members-at-the-Church-Courtyard.jpg 1280w\" alt=\"\" width=\"1024\" height=\"461\" data-lazy-srcset=\"https:\/\/www.hungarianconservative.com\/wp-content\/uploads\/2024\/12\/Community-members-at-the-Church-Courtyard-1024x461.jpg 1024w, https:\/\/www.hungarianconservative.com\/wp-content\/uploads\/2024\/12\/Community-members-at-the-Church-Courtyard-300x135.jpg 300w, https:\/\/www.hungarianconservative.com\/wp-content\/uploads\/2024\/12\/Community-members-at-the-Church-Courtyard-768x346.jpg 768w, https:\/\/www.hungarianconservative.com\/wp-content\/uploads\/2024\/12\/Community-members-at-the-Church-Courtyard.jpg 1280w\" data-lazy-sizes=\"(max-width: 1024px) 100vw, 1024px\" data-lazy-src=\"https:\/\/www.hungarianconservative.com\/wp-content\/uploads\/2024\/12\/Community-members-at-the-Church-Courtyard-1024x461.jpg\" data-ll-status=\"loaded\" \/><figcaption id=\"caption-attachment-37945\" class=\"wp-caption-text\">A community cookout in 2023 PHOTO: Magyar Reformed Church, New Brunswick<\/figcaption><\/figure><\/figure>\n<p style=\"text-align: justify;\">Moreover, people with no Hungarian roots or connections also come to our church: for example, an Italian Catholic woman attended the funeral of her Hungarian friend\u2019s mother, after which she asked me to bury her mother, and then she started visiting us regularly. Maybe for the same reason as others: this church has a friendly, family-like atmosphere. In larger congregations the bigger attendance or modernity may be more impressive for young people, while many families and individuals look for smaller communities that feel more intimate.<\/p>\n<p style=\"text-align: justify;\"><strong>So there aren\u2019t two separate communities within the church, but one bilingual community. Are there any specific differences between the parties?<\/strong><\/p>\n<p style=\"text-align: justify;\">Yes. The immigrants, such as me, are called Hungarian American, and those who were born here are American Hungarians. Our mentality can differ for many understandable reasons, but we are all bound together by the same mission: our love for God and for each other. The difference is also noticeable in mission goals: the members who attend our Hungarian service primarily think of \u2018home\u2019, i.e. the Carpathian Basin, while those who go to the English Service support Hungarian affairs, but also seek other local goals. Together with other Hungarian organizations, we support a Hungarian teacher who visits F\u00fcletelke (Filitelnic), a small village in Transylvania, (Romania), near Marosv\u00e1s\u00e1rhely (Tirgu Mures), where there is no Hungarian school and where families live in a very difficult situation. We also support local soup kitchens, food banks and other charitable causes.<\/p>\n<p style=\"text-align: justify;\"><strong>How do they get along with each other and how do they take care of the balance in light of the frequent frictions and in-fighting in the past?<\/strong><\/p>\n<p style=\"text-align: justify;\">In a bilingual congregational setting, the Hungarian community is open and less isolated from the larger American culture and way of thinking, thanks to the English-speaking members. The internal dynamics of bilingual communities vary, but in our case it\u2019s harmonious as we try to pay attention to the balance. There are fifteen church members on our church board, the consistory: half are elected from the Hungarian worship service, half from the English service, and the extra person is sometimes from the Hungarian and sometimes from the English service. Our invitations are always in both languages, as are the sermons, Sunday bulletins, our monthly newsletters and all other forms of communication. If there is difference in opinion about our approach to our tasks at hand, it may primarily stems from the fact that those who recently came from Hungary want Hungarian aspects to determine the main decisions, while English speakers focus more on local aspects as even their great-grandparents were already born here\u2014both approaches are right from their own points of view. I believe that God has blessed this duality, as we are able to see all topics from different points of view. The background of our members is also varied, there are some Lutherans, Baptists, and some even with Catholic backgrounds.<\/p>\n<figure class=\"wp-block-image size-large\" style=\"text-align: justify;\">\n<p><figure id=\"attachment_37946\" aria-describedby=\"caption-attachment-37946\" style=\"width: 1024px\" class=\"wp-caption alignnone\"><img loading=\"lazy\" decoding=\"async\" class=\"entered lazyloaded td-modal-image wp-image-37946\" src=\"https:\/\/www.hungarianconservative.com\/wp-content\/uploads\/2024\/12\/Baking-at-the-Church-1024x461.jpg\" sizes=\"auto, (max-width: 1024px) 100vw, 1024px\" srcset=\"https:\/\/www.hungarianconservative.com\/wp-content\/uploads\/2024\/12\/Baking-at-the-Church-1024x461.jpg 1024w, https:\/\/www.hungarianconservative.com\/wp-content\/uploads\/2024\/12\/Baking-at-the-Church-300x135.jpg 300w, https:\/\/www.hungarianconservative.com\/wp-content\/uploads\/2024\/12\/Baking-at-the-Church-768x346.jpg 768w, https:\/\/www.hungarianconservative.com\/wp-content\/uploads\/2024\/12\/Baking-at-the-Church.jpg 1280w\" alt=\"\" width=\"1024\" height=\"461\" data-lazy-srcset=\"https:\/\/www.hungarianconservative.com\/wp-content\/uploads\/2024\/12\/Baking-at-the-Church-1024x461.jpg 1024w, https:\/\/www.hungarianconservative.com\/wp-content\/uploads\/2024\/12\/Baking-at-the-Church-300x135.jpg 300w, https:\/\/www.hungarianconservative.com\/wp-content\/uploads\/2024\/12\/Baking-at-the-Church-768x346.jpg 768w, https:\/\/www.hungarianconservative.com\/wp-content\/uploads\/2024\/12\/Baking-at-the-Church.jpg 1280w\" data-lazy-sizes=\"(max-width: 1024px) 100vw, 1024px\" data-lazy-src=\"https:\/\/www.hungarianconservative.com\/wp-content\/uploads\/2024\/12\/Baking-at-the-Church-1024x461.jpg\" data-ll-status=\"loaded\" \/><figcaption id=\"caption-attachment-37946\" class=\"wp-caption-text\">Baking at the church PHOTO: Magyar Reformed Church, New Brunswick<\/figcaption><\/figure><\/figure>\n<p style=\"text-align: justify;\"><strong>However, your website is only in English. Why?<\/strong><\/p>\n<p style=\"text-align: justify;\">We currently keep in touch with our community and mainly advertise our events on social media sites, in two languages. Members of our community, \u00c1gnes Ol\u00e1h and Margaret P\u00e1pai, who are librarian-archivists, recently took care of archiving our documentation, assisted by G\u00e1bor Szany\u00f3 and Viola Kov\u00e1cs, scholarship recipients of this year\u2019s K\u0151r\u00f6si Csoma S\u00e1ndor (KCSP) program, who also helped us a lot to identify the church members, to create statistics on who comes to us, how regularly and from what distance. Today, we also hold meetings in a mixed format, both in person and via video calls. After the Covid pandemic, we also faced the question of whether online services should be continued. Initially, we were afraid that it was keeping people at home and that they would lose a stronger connection to the church; at the same time, it turned out that for many of our members who moved away it was a way of maintaining contact with their old community: We see two to three hundred people following the Sunday Service broadcasts, in each language, which surprised us.<\/p>\n<figure class=\"wp-block-image size-large\" style=\"text-align: justify;\">\n<p><figure id=\"attachment_37947\" aria-describedby=\"caption-attachment-37947\" style=\"width: 1024px\" class=\"wp-caption alignnone\"><img loading=\"lazy\" decoding=\"async\" class=\"entered lazyloaded td-modal-image wp-image-37947\" src=\"https:\/\/www.hungarianconservative.com\/wp-content\/uploads\/2024\/12\/Otvos-family-with-community-members-1024x709.jpg\" sizes=\"auto, (max-width: 1024px) 100vw, 1024px\" srcset=\"https:\/\/www.hungarianconservative.com\/wp-content\/uploads\/2024\/12\/Otvos-family-with-community-members-1024x709.jpg 1024w, https:\/\/www.hungarianconservative.com\/wp-content\/uploads\/2024\/12\/Otvos-family-with-community-members-300x208.jpg 300w, https:\/\/www.hungarianconservative.com\/wp-content\/uploads\/2024\/12\/Otvos-family-with-community-members-768x532.jpg 768w, https:\/\/www.hungarianconservative.com\/wp-content\/uploads\/2024\/12\/Otvos-family-with-community-members.jpg 1280w\" alt=\"\" width=\"1024\" height=\"709\" data-lazy-srcset=\"https:\/\/www.hungarianconservative.com\/wp-content\/uploads\/2024\/12\/Otvos-family-with-community-members-1024x709.jpg 1024w, https:\/\/www.hungarianconservative.com\/wp-content\/uploads\/2024\/12\/Otvos-family-with-community-members-300x208.jpg 300w, https:\/\/www.hungarianconservative.com\/wp-content\/uploads\/2024\/12\/Otvos-family-with-community-members-768x532.jpg 768w, https:\/\/www.hungarianconservative.com\/wp-content\/uploads\/2024\/12\/Otvos-family-with-community-members.jpg 1280w\" data-lazy-sizes=\"(max-width: 1024px) 100vw, 1024px\" data-lazy-src=\"https:\/\/www.hungarianconservative.com\/wp-content\/uploads\/2024\/12\/Otvos-family-with-community-members-1024x709.jpg\" data-ll-status=\"loaded\" \/><figcaption id=\"caption-attachment-37947\" class=\"wp-caption-text\">The \u00d6tv\u00f6s family with community members PHOTO: courtesy of Rev. Zsolt \u00d6tv\u00f6s<\/figcaption><\/figure><\/figure>\n<p style=\"text-align: justify;\"><strong>According to its website, the Hungarian Reformed Church in New Brunswick held its founding meeting on January 24, 1915, with 236 participants. By the fifteenth anniversary of its foundation, the number of members had almost reached nine hundred people. How big is the congregation today?<\/strong><\/p>\n<p style=\"text-align: justify;\">It\u2019s difficult to determine the size of the congregation. The voting membership is currently between 100\u2013120 people, on average 20\u201330 people attend the Hungarian and English services, but for example, at the last confirmation\u2014which we hold every year or every two years with four to eight young people\u2014we had over a hundred guests. At celebrations, such as most recently on Mother\u2019s Day, we usually have a combined, bilingual service followed by joint lunches\u2014there are also more of us. Then there are those who come to help, for the Hungarian Festival or for the regular cookouts intended especially for sale, but many of those attendees do not or rarely come to church service. And there are those on our mailing list who donate, think of the church but might not (or might not be able to) attend. Finally, we started to hear about people who have been reached by online worship, but we do not know them at all. Before the Covid pandemic, our attendance at Sunday service was higher, but that is typical of other churches as well, regardless of language or denomination.<\/p>\n<p style=\"text-align: justify;\"><strong>Are there any signs of a return, a revival? What religious and other community programs do you have?<\/strong><\/p>\n<p style=\"text-align: justify;\">After Covid, we tried to organize programs that cannot be attended online, but it remains a challenge to attract larger numbers of our people on the weekends. Behind this is not only the pandemic, but the great challenge of every Hungarian community here, which is, on the other side, a blessing to our community: scout programs on Friday afternoons, Hungarian school on Saturday mornings, folk dance practices in the afternoon, and sometimes dinner at the Hungarian club on Saturday evenings. In this way, most people try to keep Sunday for their families. I\u2019m having confirmation classes after the services, every other Sunday. My wife leads the Hungarian and English Sunday schools during church services\u2014in Hungary, it\u2019s more commonly called a children\u2019s service. The latter is perhaps our biggest challenge: after many local Hungarian weekend children and family programs, only very committed parents bring their children to the church. Once a local Hungarian child was asked how many times he goes to school, and he answered: seven times a week: elementary school, Saturday Hungarian School, and Sunday School (in the church). On weekdays we mostly have preparation work for various fundraiser events, especially food sales, which is an old tradition\u2014a social program and fellowship, an opportunity for the elders to meet, which is vital for them.<\/p>\n<p style=\"text-align: justify;\"><strong>What about you, your background: how did you get here, how did you meet your wife? And what are your plans for the future?<\/strong><\/p>\n<p style=\"text-align: justify;\">I was born in Beretty\u00f3\u00fajfalu, Hungary. My father was also a Reformed pastor and due to his ministry, we sometimes moved, for example we lived also in Tiszacsege. After graduating from the Reformed theology seminary, I got a one-year scholarship to the Presbyterian Columbia Theological Seminary near Atlanta, in Decatur, Georgia after which I planned to return to Hungary. Since there was no Hungarian Reformed church in Atlanta, I did some research for further Hungarian Reformed contacts in the U.S. I found (online) a Hungarian Reformed church somewhere in Pennsylvania, called the pastor, who prepared a visit for me in Toronto, Canada, in a Hungarian Reformed congregation for two weeks as a guest student pastor. I was very touched by the intimate family atmosphere that welcomed me into that community. Upon leaving, the retiring pastor asked me to think about whether I would pursue a position in the congregation in Toronto. I started my ministry in the diaspora in that congregation, and after three years in Toronto, I continued my service in Columbus, Ohio. I didn\u2019t plan to leave, but after five years, the need for a bilingual pastor was not that prevalent, while the previous Hungarian pastor, Very Rev. Barnabas Roczey in New Brunswick was preparing to retire, and I was approached to apply to be his successor. This is how I arrived here in December 2008. Two years later, I met my wife. We had our wedding in 2011, and today we have a ten-year-old son and two daughters, aged eight and five. In addition to educating children, Val\u00e9ria is also involved in the church\u2019s life. We feel at home, we plan to live here as long as God needs us in the local community.<\/p>\n<p><strong>Ildik\u00f3 Antal-Ferencz<\/strong><\/p>\n<p>Source: <a href=\"https:\/\/www.hungarianconservative.com\/articles\/diaspora\/magyar-calvinist-community-new-brunswick-diversity-heritage-faiht-zsolt-otvos\/\">hungarianconservative.com<\/a><\/p>\n","protected":false},"excerpt":{"rendered":"<p style=\"text-align: justify;\"><em>This is an adapted version of the interview first published in Hungarian\u00a0<a href=\"https:\/\/reformatus.hu\/magyar-reformatus-egyhaz\/magyar-reformatusok-vilagban\/diaszpora-hirek\/a-new-brunswick-i-reformatus-kozosseg-szerencseje-a-ketnyelvuseg\/\">on reformatus.hu<\/a>.<\/em><\/p>\n<p style=\"text-align: justify;\"><strong><em>Reverend Zsolt \u00d6tv\u00f6s has been the pastor of the Magyar Reformed Church in New Brunswick, New Jersey for fifteen years. He previously served in Canada and then in Columbus, Ohio. In those Reformed churches where recent Hungarian immigrants and second-generation Hungarian communities can serve together, he could see God\u2019s special blessing. During our conversation in the church at the time of the 2023 Hungarian Festival, the most well-known Hungarian event on the East Coast of North America, we could hear the merry noise of the fair and the stage performances in the yard. From time to time, children and parents preparing for the folk-dance performance stuck their heads into the room where we were talking, quite obviously feeling at home in the church.<\/em><\/strong><\/p>\n<div class=\"more-link-wrap\"> <a href=\"https:\/\/www.bocskairadio.org\/en\/the-magyar-calvinist-community-of-new-brunswick-is-lucky-to-be-bilingual-an-interview-with-reverend-zsolt-otvos\/\" class=\"more-link\"><span aria-label=\"Continue reading \u2018The Magyar Calvinist community of New Brunswick is lucky to be bilingual\u2019 \u2014 An Interview with Reverend Zsolt \u00d6tv\u00f6s\">(more&hellip;)<\/span><\/a><\/div><\/p>\n","protected":false},"author":43,"featured_media":1094214,"comment_status":"open","ping_status":"open","sticky":false,"template":"","format":"standard","meta":{"footnotes":""},"categories":[196],"tags":[],"class_list":["post-1100076","post","type-post","status-publish","format-standard","has-post-thumbnail","category-local-events-and-news"],"yoast_head":"<!-- This site is optimized with the Yoast SEO plugin v27.4 - https:\/\/yoast.com\/product\/yoast-seo-wordpress\/ -->\n<title>\u2018The Magyar Calvinist community of New Brunswick is lucky to be bilingual\u2019 \u2014 An Interview with Reverend Zsolt \u00d6tv\u00f6s &#8211; Bocskai R\u00e1di\u00f3<\/title>\n<meta name=\"robots\" content=\"index, follow, max-snippet:-1, max-image-preview:large, max-video-preview:-1\" \/>\n<link rel=\"canonical\" href=\"https:\/\/www.bocskairadio.org\/en\/the-magyar-calvinist-community-of-new-brunswick-is-lucky-to-be-bilingual-an-interview-with-reverend-zsolt-otvos\/\" \/>\n<meta property=\"og:locale\" content=\"en_US\" \/>\n<meta property=\"og:type\" content=\"article\" \/>\n<meta property=\"og:title\" content=\"\u2018The Magyar Calvinist community of New Brunswick is lucky to be bilingual\u2019 \u2014 An Interview with Reverend Zsolt \u00d6tv\u00f6s &#8211; Bocskai R\u00e1di\u00f3\" \/>\n<meta property=\"og:description\" content=\"This is an adapted version of the interview first published in Hungarian\u00a0on reformatus.hu. Reverend Zsolt \u00d6tv\u00f6s has been the pastor of the Magyar Reformed Church in New Brunswick, New Jersey for fifteen years. He previously served in Canada and then in Columbus, Ohio. In those Reformed churches where recent Hungarian immigrants and second-generation Hungarian communities can serve together, he could see God\u2019s special blessing. During our conversation in the church at the time of the 2023 Hungarian Festival, the most well-known Hungarian event on the East Coast of North America, we could hear the merry noise of the fair and the stage performances in the yard. From time to time, children and parents preparing for the folk-dance performance stuck their heads into the room where we were talking, quite obviously feeling at home in the church. (more&hellip;)\" \/>\n<meta property=\"og:url\" content=\"https:\/\/www.bocskairadio.org\/en\/the-magyar-calvinist-community-of-new-brunswick-is-lucky-to-be-bilingual-an-interview-with-reverend-zsolt-otvos\/\" \/>\n<meta property=\"og:site_name\" content=\"Bocskai R\u00e1di\u00f3\" \/>\n<meta property=\"article:publisher\" content=\"https:\/\/www.facebook.com\/BocskaiRadio\" \/>\n<meta property=\"article:published_time\" content=\"2023-07-22T23:26:05+00:00\" \/>\n<meta property=\"article:modified_time\" content=\"2025-01-03T23:46:35+00:00\" \/>\n<meta property=\"og:image\" content=\"https:\/\/www.bocskairadio.org\/wp-content\/uploads\/2024\/05\/New_Brunswick-i_Magyar_Reformatus_Egyhaz.jpg\" \/>\n\t<meta property=\"og:image:width\" content=\"1280\" \/>\n\t<meta property=\"og:image:height\" content=\"960\" \/>\n\t<meta property=\"og:image:type\" content=\"image\/jpeg\" \/>\n<meta name=\"author\" content=\"Antal-Ferencz Ildik\u00f3\" \/>\n<meta name=\"twitter:card\" content=\"summary_large_image\" \/>\n<meta name=\"twitter:image\" content=\"https:\/\/www.bocskairadio.org\/wp-content\/uploads\/2024\/05\/New_Brunswick-i_Magyar_Reformatus_Egyhaz.jpg\" \/>\n<meta name=\"twitter:creator\" content=\"@BocskaiRadio\" \/>\n<meta name=\"twitter:site\" content=\"@BocskaiRadio\" \/>\n<script type=\"application\/ld+json\" class=\"yoast-schema-graph\">{\"@context\":\"https:\\\/\\\/schema.org\",\"@graph\":[{\"@type\":\"Article\",\"@id\":\"https:\\\/\\\/www.bocskairadio.org\\\/en\\\/the-magyar-calvinist-community-of-new-brunswick-is-lucky-to-be-bilingual-an-interview-with-reverend-zsolt-otvos\\\/#article\",\"isPartOf\":{\"@id\":\"https:\\\/\\\/www.bocskairadio.org\\\/en\\\/the-magyar-calvinist-community-of-new-brunswick-is-lucky-to-be-bilingual-an-interview-with-reverend-zsolt-otvos\\\/\"},\"author\":{\"name\":\"Antal-Ferencz Ildik\u00f3\",\"@id\":\"https:\\\/\\\/www.bocskairadio.org\\\/en\\\/#\\\/schema\\\/person\\\/b977d92bd338306ce1cd1b7e0e2815bc\"},\"headline\":\"\u2018The Magyar Calvinist community of New Brunswick is lucky to be bilingual\u2019 \u2014 An Interview with Reverend Zsolt \u00d6tv\u00f6s\",\"datePublished\":\"2023-07-22T23:26:05+00:00\",\"dateModified\":\"2025-01-03T23:46:35+00:00\",\"mainEntityOfPage\":{\"@id\":\"https:\\\/\\\/www.bocskairadio.org\\\/en\\\/the-magyar-calvinist-community-of-new-brunswick-is-lucky-to-be-bilingual-an-interview-with-reverend-zsolt-otvos\\\/\"},\"wordCount\":2476,\"commentCount\":0,\"publisher\":{\"@id\":\"https:\\\/\\\/www.bocskairadio.org\\\/en\\\/#organization\"},\"image\":{\"@id\":\"https:\\\/\\\/www.bocskairadio.org\\\/en\\\/the-magyar-calvinist-community-of-new-brunswick-is-lucky-to-be-bilingual-an-interview-with-reverend-zsolt-otvos\\\/#primaryimage\"},\"thumbnailUrl\":\"https:\\\/\\\/www.bocskairadio.org\\\/wp-content\\\/uploads\\\/2024\\\/05\\\/New_Brunswick-i_Magyar_Reformatus_Egyhaz.jpg\",\"articleSection\":[\"Local events and news\"],\"inLanguage\":\"en-US\",\"potentialAction\":[{\"@type\":\"CommentAction\",\"name\":\"Comment\",\"target\":[\"https:\\\/\\\/www.bocskairadio.org\\\/en\\\/the-magyar-calvinist-community-of-new-brunswick-is-lucky-to-be-bilingual-an-interview-with-reverend-zsolt-otvos\\\/#respond\"]}]},{\"@type\":\"WebPage\",\"@id\":\"https:\\\/\\\/www.bocskairadio.org\\\/en\\\/the-magyar-calvinist-community-of-new-brunswick-is-lucky-to-be-bilingual-an-interview-with-reverend-zsolt-otvos\\\/\",\"url\":\"https:\\\/\\\/www.bocskairadio.org\\\/en\\\/the-magyar-calvinist-community-of-new-brunswick-is-lucky-to-be-bilingual-an-interview-with-reverend-zsolt-otvos\\\/\",\"name\":\"\u2018The Magyar Calvinist community of New Brunswick is lucky to be bilingual\u2019 \u2014 An Interview with Reverend Zsolt \u00d6tv\u00f6s &#8211; Bocskai R\u00e1di\u00f3\",\"isPartOf\":{\"@id\":\"https:\\\/\\\/www.bocskairadio.org\\\/en\\\/#website\"},\"primaryImageOfPage\":{\"@id\":\"https:\\\/\\\/www.bocskairadio.org\\\/en\\\/the-magyar-calvinist-community-of-new-brunswick-is-lucky-to-be-bilingual-an-interview-with-reverend-zsolt-otvos\\\/#primaryimage\"},\"image\":{\"@id\":\"https:\\\/\\\/www.bocskairadio.org\\\/en\\\/the-magyar-calvinist-community-of-new-brunswick-is-lucky-to-be-bilingual-an-interview-with-reverend-zsolt-otvos\\\/#primaryimage\"},\"thumbnailUrl\":\"https:\\\/\\\/www.bocskairadio.org\\\/wp-content\\\/uploads\\\/2024\\\/05\\\/New_Brunswick-i_Magyar_Reformatus_Egyhaz.jpg\",\"datePublished\":\"2023-07-22T23:26:05+00:00\",\"dateModified\":\"2025-01-03T23:46:35+00:00\",\"inLanguage\":\"en-US\",\"potentialAction\":[{\"@type\":\"ReadAction\",\"target\":[\"https:\\\/\\\/www.bocskairadio.org\\\/en\\\/the-magyar-calvinist-community-of-new-brunswick-is-lucky-to-be-bilingual-an-interview-with-reverend-zsolt-otvos\\\/\"]}]},{\"@type\":\"ImageObject\",\"inLanguage\":\"en-US\",\"@id\":\"https:\\\/\\\/www.bocskairadio.org\\\/en\\\/the-magyar-calvinist-community-of-new-brunswick-is-lucky-to-be-bilingual-an-interview-with-reverend-zsolt-otvos\\\/#primaryimage\",\"url\":\"https:\\\/\\\/www.bocskairadio.org\\\/wp-content\\\/uploads\\\/2024\\\/05\\\/New_Brunswick-i_Magyar_Reformatus_Egyhaz.jpg\",\"contentUrl\":\"https:\\\/\\\/www.bocskairadio.org\\\/wp-content\\\/uploads\\\/2024\\\/05\\\/New_Brunswick-i_Magyar_Reformatus_Egyhaz.jpg\",\"width\":1280,\"height\":960},{\"@type\":\"WebSite\",\"@id\":\"https:\\\/\\\/www.bocskairadio.org\\\/en\\\/#website\",\"url\":\"https:\\\/\\\/www.bocskairadio.org\\\/en\\\/\",\"name\":\"Bocskai R\u00e1di\u00f3\",\"description\":\"The Voice of Cleveland Hungarians\",\"publisher\":{\"@id\":\"https:\\\/\\\/www.bocskairadio.org\\\/en\\\/#organization\"},\"potentialAction\":[{\"@type\":\"SearchAction\",\"target\":{\"@type\":\"EntryPoint\",\"urlTemplate\":\"https:\\\/\\\/www.bocskairadio.org\\\/en\\\/?s={search_term_string}\"},\"query-input\":{\"@type\":\"PropertyValueSpecification\",\"valueRequired\":true,\"valueName\":\"search_term_string\"}}],\"inLanguage\":\"en-US\"},{\"@type\":\"Organization\",\"@id\":\"https:\\\/\\\/www.bocskairadio.org\\\/en\\\/#organization\",\"name\":\"Bocskai R\u00e1di\u00f3\",\"url\":\"https:\\\/\\\/www.bocskairadio.org\\\/en\\\/\",\"logo\":{\"@type\":\"ImageObject\",\"inLanguage\":\"en-US\",\"@id\":\"https:\\\/\\\/www.bocskairadio.org\\\/en\\\/#\\\/schema\\\/logo\\\/image\\\/\",\"url\":\"https:\\\/\\\/www.bocskairadio.org\\\/wp-content\\\/uploads\\\/2016\\\/11\\\/var3_basic.jpg\",\"contentUrl\":\"https:\\\/\\\/www.bocskairadio.org\\\/wp-content\\\/uploads\\\/2016\\\/11\\\/var3_basic.jpg\",\"width\":500,\"height\":500,\"caption\":\"Bocskai R\u00e1di\u00f3\"},\"image\":{\"@id\":\"https:\\\/\\\/www.bocskairadio.org\\\/en\\\/#\\\/schema\\\/logo\\\/image\\\/\"},\"sameAs\":[\"https:\\\/\\\/www.facebook.com\\\/BocskaiRadio\",\"https:\\\/\\\/x.com\\\/BocskaiRadio\",\"https:\\\/\\\/www.instagram.com\\\/bocskairadio\\\/\",\"https:\\\/\\\/www.youtube.com\\\/user\\\/bocskairadio\",\"https:\\\/\\\/hu.wikipedia.org\\\/wiki\\\/Bocskai_R\u00e1di\u00f3\"]},{\"@type\":\"Person\",\"@id\":\"https:\\\/\\\/www.bocskairadio.org\\\/en\\\/#\\\/schema\\\/person\\\/b977d92bd338306ce1cd1b7e0e2815bc\",\"name\":\"Antal-Ferencz Ildik\u00f3\",\"image\":{\"@type\":\"ImageObject\",\"inLanguage\":\"en-US\",\"@id\":\"https:\\\/\\\/www.bocskairadio.org\\\/wp-content\\\/uploads\\\/2023\\\/02\\\/Ildiko-Antal-Ferenc-150x150.jpg\",\"url\":\"https:\\\/\\\/www.bocskairadio.org\\\/wp-content\\\/uploads\\\/2023\\\/02\\\/Ildiko-Antal-Ferenc-150x150.jpg\",\"contentUrl\":\"https:\\\/\\\/www.bocskairadio.org\\\/wp-content\\\/uploads\\\/2023\\\/02\\\/Ildiko-Antal-Ferenc-150x150.jpg\",\"caption\":\"Antal-Ferencz Ildik\u00f3\"},\"description\":\"Erd\u00e9lyben n\u0151ttem fel, Budapesten j\u00e1rtam egyetemre, el\u0151sz\u00f6r k\u00f6zgazd\u00e1szk\u00e9nt dolgoztam, majd h\u00e1rom gyermekem sz\u00fclet\u00e9se ut\u00e1n, 2016 \u00f3ta \u00fajs\u00e1g\u00edr\u00f3k\u00e9nt. 2022. j\u00falius \u00e9s 2025. augusztus k\u00f6z\u00f6tt csal\u00e1dommal Amerik\u00e1ban (New Jersey \u00e1llamban) \u00e9lt\u00fcnk. Ezalatt k\u00fcls\u0151s munkat\u00e1rsk\u00e9nt seg\u00edtettem a Bocskai R\u00e1di\u00f3 munk\u00e1j\u00e1t, ill. szabad\u00fasz\u00f3 \u00fajs\u00e1g\u00edr\u00f3k\u00e9nt diaszp\u00f3ra t\u00e9m\u00e1j\u00fa cikkeket \u00edrtam magyarorsz\u00e1gi \u00fajs\u00e1gok sz\u00e1m\u00e1ra, amelyeket a Bocskai R\u00e1di\u00f3 is \u00e1tvett. Ut\u00f3bbi munk\u00e1t hazat\u00e9rve is folytatom, el\u0151bbit pedig majd akkor, amikor terveink szerint nyaranta visszat\u00e9r\u00fcnk Amerik\u00e1ba.\",\"url\":\"https:\\\/\\\/www.bocskairadio.org\\\/en\\\/author\\\/ildikoantalferencz\\\/\"}]}<\/script>\n<!-- \/ Yoast SEO plugin. -->","yoast_head_json":{"title":"\u2018The Magyar Calvinist community of New Brunswick is lucky to be bilingual\u2019 \u2014 An Interview with Reverend Zsolt \u00d6tv\u00f6s &#8211; Bocskai R\u00e1di\u00f3","robots":{"index":"index","follow":"follow","max-snippet":"max-snippet:-1","max-image-preview":"max-image-preview:large","max-video-preview":"max-video-preview:-1"},"canonical":"https:\/\/www.bocskairadio.org\/en\/the-magyar-calvinist-community-of-new-brunswick-is-lucky-to-be-bilingual-an-interview-with-reverend-zsolt-otvos\/","og_locale":"en_US","og_type":"article","og_title":"\u2018The Magyar Calvinist community of New Brunswick is lucky to be bilingual\u2019 \u2014 An Interview with Reverend Zsolt \u00d6tv\u00f6s &#8211; Bocskai R\u00e1di\u00f3","og_description":"This is an adapted version of the interview first published in Hungarian\u00a0on reformatus.hu. Reverend Zsolt \u00d6tv\u00f6s has been the pastor of the Magyar Reformed Church in New Brunswick, New Jersey for fifteen years. He previously served in Canada and then in Columbus, Ohio. In those Reformed churches where recent Hungarian immigrants and second-generation Hungarian communities can serve together, he could see God\u2019s special blessing. During our conversation in the church at the time of the 2023 Hungarian Festival, the most well-known Hungarian event on the East Coast of North America, we could hear the merry noise of the fair and the stage performances in the yard. From time to time, children and parents preparing for the folk-dance performance stuck their heads into the room where we were talking, quite obviously feeling at home in the church. (more&hellip;)","og_url":"https:\/\/www.bocskairadio.org\/en\/the-magyar-calvinist-community-of-new-brunswick-is-lucky-to-be-bilingual-an-interview-with-reverend-zsolt-otvos\/","og_site_name":"Bocskai R\u00e1di\u00f3","article_publisher":"https:\/\/www.facebook.com\/BocskaiRadio","article_published_time":"2023-07-22T23:26:05+00:00","article_modified_time":"2025-01-03T23:46:35+00:00","og_image":[{"width":1280,"height":960,"url":"https:\/\/www.bocskairadio.org\/wp-content\/uploads\/2024\/05\/New_Brunswick-i_Magyar_Reformatus_Egyhaz.jpg","type":"image\/jpeg"}],"author":"Antal-Ferencz Ildik\u00f3","twitter_card":"summary_large_image","twitter_image":"https:\/\/www.bocskairadio.org\/wp-content\/uploads\/2024\/05\/New_Brunswick-i_Magyar_Reformatus_Egyhaz.jpg","twitter_creator":"@BocskaiRadio","twitter_site":"@BocskaiRadio","schema":{"@context":"https:\/\/schema.org","@graph":[{"@type":"Article","@id":"https:\/\/www.bocskairadio.org\/en\/the-magyar-calvinist-community-of-new-brunswick-is-lucky-to-be-bilingual-an-interview-with-reverend-zsolt-otvos\/#article","isPartOf":{"@id":"https:\/\/www.bocskairadio.org\/en\/the-magyar-calvinist-community-of-new-brunswick-is-lucky-to-be-bilingual-an-interview-with-reverend-zsolt-otvos\/"},"author":{"name":"Antal-Ferencz Ildik\u00f3","@id":"https:\/\/www.bocskairadio.org\/en\/#\/schema\/person\/b977d92bd338306ce1cd1b7e0e2815bc"},"headline":"\u2018The Magyar Calvinist community of New Brunswick is lucky to be bilingual\u2019 \u2014 An Interview with Reverend Zsolt \u00d6tv\u00f6s","datePublished":"2023-07-22T23:26:05+00:00","dateModified":"2025-01-03T23:46:35+00:00","mainEntityOfPage":{"@id":"https:\/\/www.bocskairadio.org\/en\/the-magyar-calvinist-community-of-new-brunswick-is-lucky-to-be-bilingual-an-interview-with-reverend-zsolt-otvos\/"},"wordCount":2476,"commentCount":0,"publisher":{"@id":"https:\/\/www.bocskairadio.org\/en\/#organization"},"image":{"@id":"https:\/\/www.bocskairadio.org\/en\/the-magyar-calvinist-community-of-new-brunswick-is-lucky-to-be-bilingual-an-interview-with-reverend-zsolt-otvos\/#primaryimage"},"thumbnailUrl":"https:\/\/www.bocskairadio.org\/wp-content\/uploads\/2024\/05\/New_Brunswick-i_Magyar_Reformatus_Egyhaz.jpg","articleSection":["Local events and news"],"inLanguage":"en-US","potentialAction":[{"@type":"CommentAction","name":"Comment","target":["https:\/\/www.bocskairadio.org\/en\/the-magyar-calvinist-community-of-new-brunswick-is-lucky-to-be-bilingual-an-interview-with-reverend-zsolt-otvos\/#respond"]}]},{"@type":"WebPage","@id":"https:\/\/www.bocskairadio.org\/en\/the-magyar-calvinist-community-of-new-brunswick-is-lucky-to-be-bilingual-an-interview-with-reverend-zsolt-otvos\/","url":"https:\/\/www.bocskairadio.org\/en\/the-magyar-calvinist-community-of-new-brunswick-is-lucky-to-be-bilingual-an-interview-with-reverend-zsolt-otvos\/","name":"\u2018The Magyar Calvinist community of New Brunswick is lucky to be bilingual\u2019 \u2014 An Interview with Reverend Zsolt \u00d6tv\u00f6s &#8211; Bocskai R\u00e1di\u00f3","isPartOf":{"@id":"https:\/\/www.bocskairadio.org\/en\/#website"},"primaryImageOfPage":{"@id":"https:\/\/www.bocskairadio.org\/en\/the-magyar-calvinist-community-of-new-brunswick-is-lucky-to-be-bilingual-an-interview-with-reverend-zsolt-otvos\/#primaryimage"},"image":{"@id":"https:\/\/www.bocskairadio.org\/en\/the-magyar-calvinist-community-of-new-brunswick-is-lucky-to-be-bilingual-an-interview-with-reverend-zsolt-otvos\/#primaryimage"},"thumbnailUrl":"https:\/\/www.bocskairadio.org\/wp-content\/uploads\/2024\/05\/New_Brunswick-i_Magyar_Reformatus_Egyhaz.jpg","datePublished":"2023-07-22T23:26:05+00:00","dateModified":"2025-01-03T23:46:35+00:00","inLanguage":"en-US","potentialAction":[{"@type":"ReadAction","target":["https:\/\/www.bocskairadio.org\/en\/the-magyar-calvinist-community-of-new-brunswick-is-lucky-to-be-bilingual-an-interview-with-reverend-zsolt-otvos\/"]}]},{"@type":"ImageObject","inLanguage":"en-US","@id":"https:\/\/www.bocskairadio.org\/en\/the-magyar-calvinist-community-of-new-brunswick-is-lucky-to-be-bilingual-an-interview-with-reverend-zsolt-otvos\/#primaryimage","url":"https:\/\/www.bocskairadio.org\/wp-content\/uploads\/2024\/05\/New_Brunswick-i_Magyar_Reformatus_Egyhaz.jpg","contentUrl":"https:\/\/www.bocskairadio.org\/wp-content\/uploads\/2024\/05\/New_Brunswick-i_Magyar_Reformatus_Egyhaz.jpg","width":1280,"height":960},{"@type":"WebSite","@id":"https:\/\/www.bocskairadio.org\/en\/#website","url":"https:\/\/www.bocskairadio.org\/en\/","name":"Bocskai R\u00e1di\u00f3","description":"The Voice of Cleveland Hungarians","publisher":{"@id":"https:\/\/www.bocskairadio.org\/en\/#organization"},"potentialAction":[{"@type":"SearchAction","target":{"@type":"EntryPoint","urlTemplate":"https:\/\/www.bocskairadio.org\/en\/?s={search_term_string}"},"query-input":{"@type":"PropertyValueSpecification","valueRequired":true,"valueName":"search_term_string"}}],"inLanguage":"en-US"},{"@type":"Organization","@id":"https:\/\/www.bocskairadio.org\/en\/#organization","name":"Bocskai R\u00e1di\u00f3","url":"https:\/\/www.bocskairadio.org\/en\/","logo":{"@type":"ImageObject","inLanguage":"en-US","@id":"https:\/\/www.bocskairadio.org\/en\/#\/schema\/logo\/image\/","url":"https:\/\/www.bocskairadio.org\/wp-content\/uploads\/2016\/11\/var3_basic.jpg","contentUrl":"https:\/\/www.bocskairadio.org\/wp-content\/uploads\/2016\/11\/var3_basic.jpg","width":500,"height":500,"caption":"Bocskai R\u00e1di\u00f3"},"image":{"@id":"https:\/\/www.bocskairadio.org\/en\/#\/schema\/logo\/image\/"},"sameAs":["https:\/\/www.facebook.com\/BocskaiRadio","https:\/\/x.com\/BocskaiRadio","https:\/\/www.instagram.com\/bocskairadio\/","https:\/\/www.youtube.com\/user\/bocskairadio","https:\/\/hu.wikipedia.org\/wiki\/Bocskai_R\u00e1di\u00f3"]},{"@type":"Person","@id":"https:\/\/www.bocskairadio.org\/en\/#\/schema\/person\/b977d92bd338306ce1cd1b7e0e2815bc","name":"Antal-Ferencz Ildik\u00f3","image":{"@type":"ImageObject","inLanguage":"en-US","@id":"https:\/\/www.bocskairadio.org\/wp-content\/uploads\/2023\/02\/Ildiko-Antal-Ferenc-150x150.jpg","url":"https:\/\/www.bocskairadio.org\/wp-content\/uploads\/2023\/02\/Ildiko-Antal-Ferenc-150x150.jpg","contentUrl":"https:\/\/www.bocskairadio.org\/wp-content\/uploads\/2023\/02\/Ildiko-Antal-Ferenc-150x150.jpg","caption":"Antal-Ferencz Ildik\u00f3"},"description":"Erd\u00e9lyben n\u0151ttem fel, Budapesten j\u00e1rtam egyetemre, el\u0151sz\u00f6r k\u00f6zgazd\u00e1szk\u00e9nt dolgoztam, majd h\u00e1rom gyermekem sz\u00fclet\u00e9se ut\u00e1n, 2016 \u00f3ta \u00fajs\u00e1g\u00edr\u00f3k\u00e9nt. 2022. j\u00falius \u00e9s 2025. augusztus k\u00f6z\u00f6tt csal\u00e1dommal Amerik\u00e1ban (New Jersey \u00e1llamban) \u00e9lt\u00fcnk. Ezalatt k\u00fcls\u0151s munkat\u00e1rsk\u00e9nt seg\u00edtettem a Bocskai R\u00e1di\u00f3 munk\u00e1j\u00e1t, ill. szabad\u00fasz\u00f3 \u00fajs\u00e1g\u00edr\u00f3k\u00e9nt diaszp\u00f3ra t\u00e9m\u00e1j\u00fa cikkeket \u00edrtam magyarorsz\u00e1gi \u00fajs\u00e1gok sz\u00e1m\u00e1ra, amelyeket a Bocskai R\u00e1di\u00f3 is \u00e1tvett. Ut\u00f3bbi munk\u00e1t hazat\u00e9rve is folytatom, el\u0151bbit pedig majd akkor, amikor terveink szerint nyaranta visszat\u00e9r\u00fcnk Amerik\u00e1ba.","url":"https:\/\/www.bocskairadio.org\/en\/author\/ildikoantalferencz\/"}]}},"_links":{"self":[{"href":"https:\/\/www.bocskairadio.org\/en\/wp-json\/wp\/v2\/posts\/1100076","targetHints":{"allow":["GET"]}}],"collection":[{"href":"https:\/\/www.bocskairadio.org\/en\/wp-json\/wp\/v2\/posts"}],"about":[{"href":"https:\/\/www.bocskairadio.org\/en\/wp-json\/wp\/v2\/types\/post"}],"author":[{"embeddable":true,"href":"https:\/\/www.bocskairadio.org\/en\/wp-json\/wp\/v2\/users\/43"}],"replies":[{"embeddable":true,"href":"https:\/\/www.bocskairadio.org\/en\/wp-json\/wp\/v2\/comments?post=1100076"}],"version-history":[{"count":1,"href":"https:\/\/www.bocskairadio.org\/en\/wp-json\/wp\/v2\/posts\/1100076\/revisions"}],"predecessor-version":[{"id":1100077,"href":"https:\/\/www.bocskairadio.org\/en\/wp-json\/wp\/v2\/posts\/1100076\/revisions\/1100077"}],"wp:featuredmedia":[{"embeddable":true,"href":"https:\/\/www.bocskairadio.org\/en\/wp-json\/wp\/v2\/media\/1094214"}],"wp:attachment":[{"href":"https:\/\/www.bocskairadio.org\/en\/wp-json\/wp\/v2\/media?parent=1100076"}],"wp:term":[{"taxonomy":"category","embeddable":true,"href":"https:\/\/www.bocskairadio.org\/en\/wp-json\/wp\/v2\/categories?post=1100076"},{"taxonomy":"post_tag","embeddable":true,"href":"https:\/\/www.bocskairadio.org\/en\/wp-json\/wp\/v2\/tags?post=1100076"}],"curies":[{"name":"wp","href":"https:\/\/api.w.org\/{rel}","templated":true}]}}