{"id":1100084,"date":"2023-02-11T18:14:30","date_gmt":"2023-02-11T23:14:30","guid":{"rendered":"https:\/\/www.bocskairadio.org\/?p=1100084"},"modified":"2025-01-03T19:40:35","modified_gmt":"2025-01-04T00:40:35","slug":"when-i-hear-the-hungarian-anthem-my-heart-still-races-a-conversation-with-istvan-horvath-president-of-the-passaic-hungarian-parish-council","status":"publish","type":"post","link":"https:\/\/www.bocskairadio.org\/en\/when-i-hear-the-hungarian-anthem-my-heart-still-races-a-conversation-with-istvan-horvath-president-of-the-passaic-hungarian-parish-council\/","title":{"rendered":"\u2018When I hear the Hungarian anthem, my heart still races\u2019 \u2014 A Conversation with Istv\u00e1n Horv\u00e1th, President of the Passaic Hungarian Parish Council"},"content":{"rendered":"<p style=\"text-align: justify;\"><em>This\u00a0<\/em><a href=\"https:\/\/777blog.hu\/2023\/02\/02\/nemcsak-azert-imadkozom-hogy-kerjek-beszelgetes-horvath-istvannal-az-usa-magyar-plebaniajanak-tanacselnokevel\/\"><em>interview<\/em><\/a><em>\u00a0was first published in Hungarian on\u00a0<\/em>777.hu<em>.<\/em><\/p>\n<p style=\"text-align: justify;\"><strong>I am a sensitive man\u2014Istv\u00e1n Horv\u00e1th stated unexpectedly at the beginning of the interview. He is the Parish Council President of the last remaining Hungarian Parish on the East Coast of the United States. I was rather surprised by what he said, as this was not my first impression of him at all, but when he burst into tears several times during the interview, I began seeing him in a different light. Tall, lanky, serious, and sometimes somber, I knew little about him despite running into him almost every weekend for six months prior to our in-depth conversation, not only at Mass, but also at the events held in the Erzs\u00e9bet Hall of the Parish. He can always be found there, attending to the Parish\u2019s business\u2014for this reason, I kept my distance in respect.<\/strong><!--more--><\/p>\n<p style=\"text-align: justify;\">***<\/p>\n<p style=\"text-align: justify;\">My family and I were introduced to Istv\u00e1n right after our first visit to the Saint Stephen R.C. Magyar Church in Passaic, New Jersey. He is not the person with whom you\u2019d just strike up a conversation even after being introduced. He performs his duties related to the Parish quietly, seriously, and occasionally with a somber attitude. It took him a while to engage us. Firstly, he asked my husband for assistance where his tall stature was put to use: reaching high candelabras and shelves. Then, after helping out in the kitchen before some Parish events, we found out that overseeing the kitchen and the preparation of the Parish banquettes was his turf as well: subtly yet firmly giving directions to his family and those others who had come to help. Later, I got to meet his jovial wife Ana and daughter Maggie, but I continued to be reserved with him even though it\u2019s uncharacteristic of me. It was only after the Christmas banquette when he came to thank me for the previous day\u2019s help and gave me a hug unexpectedly, that the ice was broken, and I felt more relaxed around him. He said, \u2018It\u2019s great that you guys are here with us!\u2019 At Christmas and New Year\u2019s Day he greeted us with a great big hug at the church entrance. Since then, we\u2019ve been on great terms. Consequently, it occurred to me that I should do an interview with him. He gave his consent quite willingly and during our interview I found out plenty of surprising things.<\/p>\n<figure class=\"wp-block-image size-large\" style=\"text-align: justify;\">\n<p><figure id=\"attachment_37842\" aria-describedby=\"caption-attachment-37842\" style=\"width: 1024px\" class=\"wp-caption alignnone\"><img loading=\"lazy\" decoding=\"async\" class=\"entered lazyloaded td-modal-image wp-image-37842\" src=\"https:\/\/www.hungarianconservative.com\/wp-content\/uploads\/2024\/12\/Istvan-Horvath_AFI_2023Aug20-1024x577.jpg\" sizes=\"auto, (max-width: 1024px) 100vw, 1024px\" srcset=\"https:\/\/www.hungarianconservative.com\/wp-content\/uploads\/2024\/12\/Istvan-Horvath_AFI_2023Aug20-1024x577.jpg 1024w, https:\/\/www.hungarianconservative.com\/wp-content\/uploads\/2024\/12\/Istvan-Horvath_AFI_2023Aug20-300x169.jpg 300w, https:\/\/www.hungarianconservative.com\/wp-content\/uploads\/2024\/12\/Istvan-Horvath_AFI_2023Aug20-768x432.jpg 768w, https:\/\/www.hungarianconservative.com\/wp-content\/uploads\/2024\/12\/Istvan-Horvath_AFI_2023Aug20-1536x865.jpg 1536w, https:\/\/www.hungarianconservative.com\/wp-content\/uploads\/2024\/12\/Istvan-Horvath_AFI_2023Aug20.jpg 2000w\" alt=\"\" width=\"1024\" height=\"577\" data-lazy-srcset=\"https:\/\/www.hungarianconservative.com\/wp-content\/uploads\/2024\/12\/Istvan-Horvath_AFI_2023Aug20-1024x577.jpg 1024w, https:\/\/www.hungarianconservative.com\/wp-content\/uploads\/2024\/12\/Istvan-Horvath_AFI_2023Aug20-300x169.jpg 300w, https:\/\/www.hungarianconservative.com\/wp-content\/uploads\/2024\/12\/Istvan-Horvath_AFI_2023Aug20-768x432.jpg 768w, https:\/\/www.hungarianconservative.com\/wp-content\/uploads\/2024\/12\/Istvan-Horvath_AFI_2023Aug20-1536x865.jpg 1536w, https:\/\/www.hungarianconservative.com\/wp-content\/uploads\/2024\/12\/Istvan-Horvath_AFI_2023Aug20.jpg 2000w\" data-lazy-sizes=\"(max-width: 1024px) 100vw, 1024px\" data-lazy-src=\"https:\/\/www.hungarianconservative.com\/wp-content\/uploads\/2024\/12\/Istvan-Horvath_AFI_2023Aug20-1024x577.jpg\" data-ll-status=\"loaded\" \/><figcaption id=\"caption-attachment-37842\" class=\"wp-caption-text\">Istv\u00e1n Horv\u00e1th interviewed by Ildik\u00f3 Antal-Ferencz (2023) PHOTO: courtesy of Saint Stephen R.C. Magyar Church<\/figcaption><\/figure><\/figure>\n<p style=\"text-align: justify;\">I first asked him to talk about his childhood. He used to help his mother quite a lot with the groceries and in the kitchen where he learned to cook. He went to a catering trade school, and worked in catering for a while, but became disillusioned by the industry\u2019s \u2018soviet style\u2019. \u2018I worked in big places, grand and rich venues, I made oodles of money, but it was mostly on the black market. I hated to steal from my employer, but that was the only way to survive in that environment.\u2019 Then he changed gears and went into the carwash business, but his enterprise went bankrupt, he lost his livelihood, and then his marriage also failed. In 1995 he felt he had no choice but to start anew in the New World. He came to the U.S. without any certificates or diplomas or other legal papers and worked for $50 a day to fasten and spackle sheetrock. After five years he was able to start his own business. In 2001, he met a woman from Salvador, Ana, who had a 5-year-old little girl as a single mom and who was living in the large apartment complex where Istv\u00e1n was the janitor. They decided to get married a few years later, and have a daughter together, Maggie who is 17 years old. \u2018I didn\u2019t want more children after my son from my previous marriage, I felt too old for it, but Ana convinced me. I\u2019m glad she did, now I also have a daughter.\u2019<\/p>\n<figure class=\"wp-block-image size-large is-resized\" style=\"text-align: justify;\">\n<p><figure id=\"attachment_37836\" aria-describedby=\"caption-attachment-37836\" style=\"width: 768px\" class=\"wp-caption alignnone\"><img loading=\"lazy\" decoding=\"async\" class=\"entered lazyloaded td-modal-image wp-image-37836\" src=\"https:\/\/www.hungarianconservative.com\/wp-content\/uploads\/2024\/12\/Istvan-with-her-daugther-Maggie_St-Stephen-Magyar-Church-Passaic-2023-768x1024.jpg\" sizes=\"auto, (max-width: 768px) 100vw, 768px\" srcset=\"https:\/\/www.hungarianconservative.com\/wp-content\/uploads\/2024\/12\/Istvan-with-her-daugther-Maggie_St-Stephen-Magyar-Church-Passaic-2023-768x1024.jpg 768w, https:\/\/www.hungarianconservative.com\/wp-content\/uploads\/2024\/12\/Istvan-with-her-daugther-Maggie_St-Stephen-Magyar-Church-Passaic-2023-225x300.jpg 225w, https:\/\/www.hungarianconservative.com\/wp-content\/uploads\/2024\/12\/Istvan-with-her-daugther-Maggie_St-Stephen-Magyar-Church-Passaic-2023-1152x1536.jpg 1152w, https:\/\/www.hungarianconservative.com\/wp-content\/uploads\/2024\/12\/Istvan-with-her-daugther-Maggie_St-Stephen-Magyar-Church-Passaic-2023-1536x2048.jpg 1536w, https:\/\/www.hungarianconservative.com\/wp-content\/uploads\/2024\/12\/Istvan-with-her-daugther-Maggie_St-Stephen-Magyar-Church-Passaic-2023-scaled.jpg 1920w\" alt=\"\" width=\"768\" height=\"1024\" data-lazy-srcset=\"https:\/\/www.hungarianconservative.com\/wp-content\/uploads\/2024\/12\/Istvan-with-her-daugther-Maggie_St-Stephen-Magyar-Church-Passaic-2023-768x1024.jpg 768w, https:\/\/www.hungarianconservative.com\/wp-content\/uploads\/2024\/12\/Istvan-with-her-daugther-Maggie_St-Stephen-Magyar-Church-Passaic-2023-225x300.jpg 225w, https:\/\/www.hungarianconservative.com\/wp-content\/uploads\/2024\/12\/Istvan-with-her-daugther-Maggie_St-Stephen-Magyar-Church-Passaic-2023-1152x1536.jpg 1152w, https:\/\/www.hungarianconservative.com\/wp-content\/uploads\/2024\/12\/Istvan-with-her-daugther-Maggie_St-Stephen-Magyar-Church-Passaic-2023-1536x2048.jpg 1536w, https:\/\/www.hungarianconservative.com\/wp-content\/uploads\/2024\/12\/Istvan-with-her-daugther-Maggie_St-Stephen-Magyar-Church-Passaic-2023-scaled.jpg 1920w\" data-lazy-sizes=\"(max-width: 768px) 100vw, 768px\" data-lazy-src=\"https:\/\/www.hungarianconservative.com\/wp-content\/uploads\/2024\/12\/Istvan-with-her-daugther-Maggie_St-Stephen-Magyar-Church-Passaic-2023-768x1024.jpg\" data-ll-status=\"loaded\" \/><figcaption id=\"caption-attachment-37836\" class=\"wp-caption-text\">Istv\u00e1n Horv\u00e1th with his daughter Maggie at the St. Stephen R.C. Magyar Church in 2023 PHOTO: courtesy of Istv\u00e1n Horv\u00e1th<\/figcaption><\/figure><\/figure>\n<p style=\"text-align: justify;\">When I asked Istv\u00e1n about his faith and his connections to the church in Passaic, he just sighed and told me another surprising story. He was baptized, but didn\u2019t go to church at all. As a janitor, he also collected the rent. At one point he was mugged and robbed for a large sum that he was carrying. The police never found the money or the moneybag and his employer suspected him. The employer pressed charges, but the court couldn\u2019t give a verdict for lack of proof. They settled out of court for a monthly amount in which Istv\u00e1n would pay back the whole amount lost. \u2018It was a very low point of my life. I felt I had nowhere to turn, so I went into a church\u2026I had been in this church once or twice, but not for services, and I had talked to Pastor Istv\u00e1n Mustos. I felt I couldn\u2019t turn to anyone else, but perhaps he could help me. I\u2019ve been here ever since. Since then I know that if I ask God for something, I will eventually get it. But that doesn\u2019t mean my prayers are only for asking. There are some who feel that being Catholic is only about asking and they are disappointed when they don\u2019t receive what they prayed for. But it doesn\u2019t work that way. I say a long prayer every night to give thanks for all that I have.\u2019<\/p>\n<p style=\"text-align: justify;\">When I asked him what he had received so far from God, he said all the things he does around the church in Passaic. \u2018I\u2019m not afraid of work and I like to help. I started asking what can I help with, and I got more and more assignments. People have got to know me and have come to like me, because I get along with everyone, I don\u2019t have enemies. I received spiritual support, a community, and tasks, and in return my faith continued to grow, strengthen and deepen. I got along very well with priest L\u00e1szl\u00f3 Vas; I became Parish Council President for the first time under his tenure. This position is well suited to me as I\u2019m a hands-on type of person. I became the all-in-one for this church: the maintenance, the repair and the procurement guy. When there was a need in the kitchen to get things done, I volunteered there, too. I had never cooked for a large crowd or event, but I learned here. When I started, there were 3\u20134 elderly ladies who manned the kitchen and perhaps two more to wash the dishes and the pots. When those ladies passed away, all the responsibility fell on me. My wife, my daughter and Eva Aminger, who became my best friend, helped out. Now it\u2019s the four of us who manage the kitchen with some occasional help.\u2019<\/p>\n<p style=\"text-align: justify;\">It is the Council\u2019s responsibility to manage the property as well. Istv\u00e1n explains that a few years ago, the Parish couldn\u2019t come to an agreement with the Hungarian weekend school<strong>\u2014<\/strong>partly because of financial issues and partly because of personal disagreements. The school moved out from the Parish\u2019s buildings. They have rented out the school building since then, but it has been vacant again for a year\u2026 \u2018It\u2019s a big building with a lot of maintenance costs, it\u2019s not easy to find a tenant, we are working on it, through an agent to get a longer lease. The missing rental income is a tremendous loss, and honestly, without this income, the Parish can\u2019t survive<strong>\u2014<\/strong>if it were the collections only, we wouldn\u2019t be here anymore\u2026\u2019 In addition to this, at the beginning of each year they sit down with the other Hungarian organizations to coordinate the dates for their events for the year. They\u2019d like to coordinate also with the New Brunswick\u2019s Hungarian community, because there is quite a bit of scheduling conflict. However, since the situation and relationships of the Hungarian church communities and organizations there are similarly difficult, coordination with them isn\u2019t easy either.<\/p>\n<figure class=\"wp-block-image size-large\" style=\"text-align: justify;\">\n<p><figure id=\"attachment_37833\" aria-describedby=\"caption-attachment-37833\" style=\"width: 1024px\" class=\"wp-caption alignnone\"><img loading=\"lazy\" decoding=\"async\" class=\"entered lazyloaded td-modal-image wp-image-37833\" src=\"https:\/\/www.hungarianconservative.com\/wp-content\/uploads\/2024\/12\/HorvathIstva_KeresztesFeri_KerkayEmese-Passaic-2023-1024x577.jpg\" sizes=\"auto, (max-width: 1024px) 100vw, 1024px\" srcset=\"https:\/\/www.hungarianconservative.com\/wp-content\/uploads\/2024\/12\/HorvathIstva_KeresztesFeri_KerkayEmese-Passaic-2023-1024x577.jpg 1024w, https:\/\/www.hungarianconservative.com\/wp-content\/uploads\/2024\/12\/HorvathIstva_KeresztesFeri_KerkayEmese-Passaic-2023-300x169.jpg 300w, https:\/\/www.hungarianconservative.com\/wp-content\/uploads\/2024\/12\/HorvathIstva_KeresztesFeri_KerkayEmese-Passaic-2023-768x432.jpg 768w, https:\/\/www.hungarianconservative.com\/wp-content\/uploads\/2024\/12\/HorvathIstva_KeresztesFeri_KerkayEmese-Passaic-2023-1536x865.jpg 1536w, https:\/\/www.hungarianconservative.com\/wp-content\/uploads\/2024\/12\/HorvathIstva_KeresztesFeri_KerkayEmese-Passaic-2023-2048x1153.jpg 2048w\" alt=\"\" width=\"1024\" height=\"577\" data-lazy-srcset=\"https:\/\/www.hungarianconservative.com\/wp-content\/uploads\/2024\/12\/HorvathIstva_KeresztesFeri_KerkayEmese-Passaic-2023-1024x577.jpg 1024w, https:\/\/www.hungarianconservative.com\/wp-content\/uploads\/2024\/12\/HorvathIstva_KeresztesFeri_KerkayEmese-Passaic-2023-300x169.jpg 300w, https:\/\/www.hungarianconservative.com\/wp-content\/uploads\/2024\/12\/HorvathIstva_KeresztesFeri_KerkayEmese-Passaic-2023-768x432.jpg 768w, https:\/\/www.hungarianconservative.com\/wp-content\/uploads\/2024\/12\/HorvathIstva_KeresztesFeri_KerkayEmese-Passaic-2023-1536x865.jpg 1536w, https:\/\/www.hungarianconservative.com\/wp-content\/uploads\/2024\/12\/HorvathIstva_KeresztesFeri_KerkayEmese-Passaic-2023-2048x1153.jpg 2048w\" data-lazy-sizes=\"(max-width: 1024px) 100vw, 1024px\" data-lazy-src=\"https:\/\/www.hungarianconservative.com\/wp-content\/uploads\/2024\/12\/HorvathIstva_KeresztesFeri_KerkayEmese-Passaic-2023-1024x577.jpg\" data-ll-status=\"loaded\" \/><figcaption id=\"caption-attachment-37833\" class=\"wp-caption-text\">Istv\u00e1n Horv\u00e1th, Ferenc Keresztes and Emese Kerkay (L-R) in Passaic in 2023 PHOTO: Ildik\u00f3 Antal-Ferencz<\/figcaption><\/figure><\/figure>\n<p style=\"text-align: justify;\">When asked about his relationship with the Pastors, he responded: \u2018There seems to be a misunderstanding: the Parish Council exists to collect the thoughts and concerns of the community and present it to the Pastor; it\u2019s not there to make a decision, it is there to help the Pastor to make a decision. The decision is always with the Pastor. With Father Mustos, I was just about to become a member of the community, I didn\u2019t have much interaction with him. With Father L\u00e1szl\u00f3 Vas, it was a different story, that\u2019s when we got into the thick of it. That was a difficult time as he was not an easy personality. He was very candid and straight with his words. He was a good man, with a good heart and good intentions, but occasionally blunt and he didn\u2019t trust others. He came from Chicago with a lot of experience, but he couldn\u2019t find a common thread with the community here. They accused him of awful things. But I got along with him. I worked tirelessly, and he respected me for it. He knew he could count on me and so did I. We listened to each other. Besides, he had been ill for many years, and this showed in his temperament and bad moods. He was stubborn, he wouldn\u2019t go to a doctor, he only trusted the advice of his sister who was a physician back in Transylvania, Romania. I finally convinced him to see a doctor here, but by that time it was too late. He was in the final stage of metastasized cancer. When he found out, he decided to return to his sister. He was in pain when he celebrated his last Mass here. L\u00e1szl\u00f3 Kerkay and I helped him into a wheelchair and saw him off, but he kept up his hopes that his physician sister would cure him. We also hoped that we were not saying our last good-byes. He left on Christmas day and two weeks later he died. It has been five years to the day \u2026\u2019<\/p>\n<p style=\"text-align: justify;\">Then the \u2018really hard times, the next 6\u20138 months\u2019 came. Istv\u00e1n was Parish Council President again and together with the rest of the Council members they tried to keep the community together as best as they could, eagerly awaiting the arrival of their next Pastor. \u2018When Fr. L\u00e1szl\u00f3 Balogh arrived, everything started from scratch, as he was completely new there. I showed him around, along with Ferenc Keresztes, who had been the organist here for the past 50 years. Unfortunately, last year they moved with his family of five to Alabama. Father Laci, as he asked to call him, was more easygoing and direct, but you still had to earn his trust. However, this wasn\u2019t a problem for me; I did my job, as before, and he valued that he could count on me.\u2019<\/p>\n<p style=\"text-align: justify;\">The community has completely changed over the years. Father Laci managed to bring back those families with young children, who left as a result of the previous Pastor\u2019s personality issues. And luckily, there were many births in the meantime. \u2018I said to L\u00e1szl\u00f3 Kerkay after today\u2019s Mass: look at all these kids, isn\u2019t it great? But I see something else here as well. The elderly are dying off slowly, the younger parents on the other hand are too busy to take part in community life. We are ecstatic if we can draw in someone from that age group. This is a problem everywhere, but here, where the distances are so great, it\u2019s even more complicated. Fortunately, I live close by, otherwise I couldn\u2019t just pop down here at a moment\u2019s notice.\u2019<\/p>\n<p style=\"text-align: justify;\">The reason for the monthly church events is less for its revenues than for keeping the community together. This is why recruitment is so important. \u2018For now, we have a core group who does the work and prepares the events, while others just acknowledge the efforts: they eat, drink, say thanks and that\u2019s it. We try to involve new people, but they are afraid of commitment. It\u2019s not easy to cook for 100 or more, but they wouldn\u2019t have to take on the whole responsibility at once. They first should come and get acquainted with the kitchen. We can teach them how to make it happen without them having to experiment on their own. Later they can change it to make it fit their own capabilities. The old-timers grew up around the church, their lives were intimately linked to the community, but for the younger generation this isn\u2019t true anymore. We must acknowledge this reality. Many are overly busy with their everyday lives and want to relax on the weekends. I completely understand them. But what happens with the community?! We have only a few families we can count on. That\u2019s why we were so happy to have you and your family, because we desperately need more working hands.\u2019<\/p>\n<p style=\"text-align: justify;\">As regards family, he agreed that children\u2019s spiritual development and Hungarian identity is much reliant on the parents. He admitted: even though his (present) wife has always been religious, the Hungarian language barrier is a hurdle for her, yet she\u2019d still rather come here to the Hungarian Mass than to an English mass or to a Spanish Mass somewhere else.<\/p>\n<div class=\"wp-block-image\" style=\"text-align: justify;\">\n<figure class=\"aligncenter size-full\">\n<p><figure id=\"attachment_37838\" aria-describedby=\"caption-attachment-37838\" style=\"width: 273px\" class=\"wp-caption alignright\"><img loading=\"lazy\" decoding=\"async\" class=\"entered lazyloaded td-modal-image wp-image-37838\" src=\"https:\/\/www.hungarianconservative.com\/wp-content\/uploads\/2024\/12\/Istvans-family.png\" sizes=\"auto, (max-width: 273px) 100vw, 273px\" srcset=\"https:\/\/www.hungarianconservative.com\/wp-content\/uploads\/2024\/12\/Istvans-family.png 273w, https:\/\/www.hungarianconservative.com\/wp-content\/uploads\/2024\/12\/Istvans-family-250x300.png 250w\" alt=\"\" width=\"273\" height=\"327\" data-lazy-srcset=\"https:\/\/www.hungarianconservative.com\/wp-content\/uploads\/2024\/12\/Istvans-family.png 273w, https:\/\/www.hungarianconservative.com\/wp-content\/uploads\/2024\/12\/Istvans-family-250x300.png 250w\" data-lazy-sizes=\"(max-width: 273px) 100vw, 273px\" data-lazy-src=\"https:\/\/www.hungarianconservative.com\/wp-content\/uploads\/2024\/12\/Istvans-family.png\" data-ll-status=\"loaded\" \/><figcaption id=\"caption-attachment-37838\" class=\"wp-caption-text\">The Horv\u00e1th family PHOTO: courtesy of Istv\u00e1n Horv\u00e1th<\/figcaption><\/figure><\/figure>\n<\/div>\n<p style=\"text-align: justify;\">\u2018There is 20 per cent faith, and 80 per cent because of me that she attends here. But at home, we often talk about God. I tried to bring Maggie to catechism, but the language barrier was too much for her. In addition, I had a very good friend who recently died. He would have been her Godfather, and she was so attached to him, and his loss was so painful for her that she can\u2019t think of having anyone else to take his place. So she quit going to religious education, which I\u2019m sorry about but I understand her and I don\u2019t want to force her. I hold myself to be a man of feelings, and I\u2019m glad to see that in her as well. As far as our Hungarian identity, well, I\u2019ve lost that on a family level: I\u2019m the only one who speaks Hungarian and there is no one to converse with at home. My wife speaks Spanish with her daughters and English with me. Maggie started to attend Hungarian school where she got attached to a teacher, but when she couldn\u2019t continue any longer, my daughter also quit. I speak and understand more Spanish than they do Hungarian. I can\u2019t be upset with them, since I know how difficult it is to learn Hungarian. Nevertheless, I don\u2019t understand those families where both parents are Hungarian, and their children speak English\u2014I assume because the parents speak to them in English at home. Whatever happens in my family, I will always consider myself Hungarian and I will die as a Hungarian. When I hear the Hungarian anthem, my heart races and this won\u2019t change for the rest of my life.\u2019<\/p>\n<p style=\"text-align: justify;\"><strong>Ildik\u00f3 Antal-Ferencz<\/strong><\/p>\n<p>Source: <a href=\"https:\/\/www.hungarianconservative.com\/articles\/diaspora\/passaic-st-tephen-church-president-fiath-duty-hungarian-identity-istvan-horvath\/\">hungarianconservative.com<\/a><\/p>\n","protected":false},"excerpt":{"rendered":"<p style=\"text-align: justify;\"><em>This\u00a0<\/em><a href=\"https:\/\/777blog.hu\/2023\/02\/02\/nemcsak-azert-imadkozom-hogy-kerjek-beszelgetes-horvath-istvannal-az-usa-magyar-plebaniajanak-tanacselnokevel\/\"><em>interview<\/em><\/a><em>\u00a0was first published in Hungarian on\u00a0<\/em>777.hu<em>.<\/em><\/p>\n<p style=\"text-align: justify;\"><strong>I am a sensitive man\u2014Istv\u00e1n Horv\u00e1th stated unexpectedly at the beginning of the interview. He is the Parish Council President of the last remaining Hungarian Parish on the East Coast of the United States. I was rather surprised by what he said, as this was not my first impression of him at all, but when he burst into tears several times during the interview, I began seeing him in a different light. Tall, lanky, serious, and sometimes somber, I knew little about him despite running into him almost every weekend for six months prior to our in-depth conversation, not only at Mass, but also at the events held in the Erzs\u00e9bet Hall of the Parish. He can always be found there, attending to the Parish\u2019s business\u2014for this reason, I kept my distance in respect.<\/strong><\/p>\n<div class=\"more-link-wrap\"> <a href=\"https:\/\/www.bocskairadio.org\/en\/when-i-hear-the-hungarian-anthem-my-heart-still-races-a-conversation-with-istvan-horvath-president-of-the-passaic-hungarian-parish-council\/\" class=\"more-link\"><span aria-label=\"Continue reading \u2018When I hear the Hungarian anthem, my heart still races\u2019 \u2014 A Conversation with Istv\u00e1n Horv\u00e1th, President of the Passaic Hungarian Parish Council\">(more&hellip;)<\/span><\/a><\/div><\/p>\n","protected":false},"author":43,"featured_media":1082665,"comment_status":"open","ping_status":"open","sticky":false,"template":"","format":"standard","meta":{"footnotes":""},"categories":[196],"tags":[],"class_list":["post-1100084","post","type-post","status-publish","format-standard","has-post-thumbnail","category-local-events-and-news"],"yoast_head":"<!-- This site is optimized with the Yoast SEO plugin v27.5 - https:\/\/yoast.com\/product\/yoast-seo-wordpress\/ -->\n<title>\u2018When I hear the Hungarian anthem, my heart still races\u2019 \u2014 A Conversation with Istv\u00e1n Horv\u00e1th, President of the Passaic Hungarian Parish Council &#8211; Bocskai R\u00e1di\u00f3<\/title>\n<meta name=\"robots\" content=\"index, follow, max-snippet:-1, max-image-preview:large, max-video-preview:-1\" \/>\n<link rel=\"canonical\" href=\"https:\/\/www.bocskairadio.org\/en\/when-i-hear-the-hungarian-anthem-my-heart-still-races-a-conversation-with-istvan-horvath-president-of-the-passaic-hungarian-parish-council\/\" \/>\n<meta property=\"og:locale\" content=\"en_US\" \/>\n<meta property=\"og:type\" content=\"article\" \/>\n<meta property=\"og:title\" content=\"\u2018When I hear the Hungarian anthem, my heart still races\u2019 \u2014 A Conversation with Istv\u00e1n Horv\u00e1th, President of the Passaic Hungarian Parish Council &#8211; Bocskai R\u00e1di\u00f3\" \/>\n<meta property=\"og:description\" content=\"This\u00a0interview\u00a0was first published in Hungarian on\u00a0777.hu. I am a sensitive man\u2014Istv\u00e1n Horv\u00e1th stated unexpectedly at the beginning of the interview. He is the Parish Council President of the last remaining Hungarian Parish on the East Coast of the United States. I was rather surprised by what he said, as this was not my first impression of him at all, but when he burst into tears several times during the interview, I began seeing him in a different light. Tall, lanky, serious, and sometimes somber, I knew little about him despite running into him almost every weekend for six months prior to our in-depth conversation, not only at Mass, but also at the events held in the Erzs\u00e9bet Hall of the Parish. He can always be found there, attending to the Parish\u2019s business\u2014for this reason, I kept my distance in respect. (more&hellip;)\" \/>\n<meta property=\"og:url\" content=\"https:\/\/www.bocskairadio.org\/en\/when-i-hear-the-hungarian-anthem-my-heart-still-races-a-conversation-with-istvan-horvath-president-of-the-passaic-hungarian-parish-council\/\" \/>\n<meta property=\"og:site_name\" content=\"Bocskai R\u00e1di\u00f3\" \/>\n<meta property=\"article:publisher\" content=\"https:\/\/www.facebook.com\/BocskaiRadio\" \/>\n<meta property=\"article:published_time\" content=\"2023-02-11T23:14:30+00:00\" \/>\n<meta property=\"article:modified_time\" content=\"2025-01-04T00:40:35+00:00\" \/>\n<meta property=\"og:image\" content=\"https:\/\/www.bocskairadio.org\/wp-content\/uploads\/2023\/02\/HorvathIstvan.jpg\" \/>\n\t<meta property=\"og:image:width\" content=\"808\" \/>\n\t<meta property=\"og:image:height\" content=\"525\" \/>\n\t<meta property=\"og:image:type\" content=\"image\/jpeg\" \/>\n<meta name=\"author\" content=\"Antal-Ferencz Ildik\u00f3\" \/>\n<meta name=\"twitter:card\" content=\"summary_large_image\" \/>\n<meta name=\"twitter:image\" content=\"https:\/\/www.bocskairadio.org\/wp-content\/uploads\/2023\/02\/HorvathIstvan.jpg\" \/>\n<meta name=\"twitter:creator\" content=\"@BocskaiRadio\" \/>\n<meta name=\"twitter:site\" content=\"@BocskaiRadio\" \/>\n<script type=\"application\/ld+json\" class=\"yoast-schema-graph\">{\"@context\":\"https:\\\/\\\/schema.org\",\"@graph\":[{\"@type\":\"Article\",\"@id\":\"https:\\\/\\\/www.bocskairadio.org\\\/en\\\/when-i-hear-the-hungarian-anthem-my-heart-still-races-a-conversation-with-istvan-horvath-president-of-the-passaic-hungarian-parish-council\\\/#article\",\"isPartOf\":{\"@id\":\"https:\\\/\\\/www.bocskairadio.org\\\/en\\\/when-i-hear-the-hungarian-anthem-my-heart-still-races-a-conversation-with-istvan-horvath-president-of-the-passaic-hungarian-parish-council\\\/\"},\"author\":{\"name\":\"Antal-Ferencz Ildik\u00f3\",\"@id\":\"https:\\\/\\\/www.bocskairadio.org\\\/en\\\/#\\\/schema\\\/person\\\/b977d92bd338306ce1cd1b7e0e2815bc\"},\"headline\":\"\u2018When I hear the Hungarian anthem, my heart still races\u2019 \u2014 A Conversation with Istv\u00e1n Horv\u00e1th, President of the Passaic Hungarian Parish Council\",\"datePublished\":\"2023-02-11T23:14:30+00:00\",\"dateModified\":\"2025-01-04T00:40:35+00:00\",\"mainEntityOfPage\":{\"@id\":\"https:\\\/\\\/www.bocskairadio.org\\\/en\\\/when-i-hear-the-hungarian-anthem-my-heart-still-races-a-conversation-with-istvan-horvath-president-of-the-passaic-hungarian-parish-council\\\/\"},\"wordCount\":2678,\"commentCount\":0,\"publisher\":{\"@id\":\"https:\\\/\\\/www.bocskairadio.org\\\/en\\\/#organization\"},\"image\":{\"@id\":\"https:\\\/\\\/www.bocskairadio.org\\\/en\\\/when-i-hear-the-hungarian-anthem-my-heart-still-races-a-conversation-with-istvan-horvath-president-of-the-passaic-hungarian-parish-council\\\/#primaryimage\"},\"thumbnailUrl\":\"https:\\\/\\\/www.bocskairadio.org\\\/wp-content\\\/uploads\\\/2023\\\/02\\\/HorvathIstvan.jpg\",\"articleSection\":[\"Local events and news\"],\"inLanguage\":\"en-US\",\"potentialAction\":[{\"@type\":\"CommentAction\",\"name\":\"Comment\",\"target\":[\"https:\\\/\\\/www.bocskairadio.org\\\/en\\\/when-i-hear-the-hungarian-anthem-my-heart-still-races-a-conversation-with-istvan-horvath-president-of-the-passaic-hungarian-parish-council\\\/#respond\"]}]},{\"@type\":\"WebPage\",\"@id\":\"https:\\\/\\\/www.bocskairadio.org\\\/en\\\/when-i-hear-the-hungarian-anthem-my-heart-still-races-a-conversation-with-istvan-horvath-president-of-the-passaic-hungarian-parish-council\\\/\",\"url\":\"https:\\\/\\\/www.bocskairadio.org\\\/en\\\/when-i-hear-the-hungarian-anthem-my-heart-still-races-a-conversation-with-istvan-horvath-president-of-the-passaic-hungarian-parish-council\\\/\",\"name\":\"\u2018When I hear the Hungarian anthem, my heart still races\u2019 \u2014 A Conversation with Istv\u00e1n Horv\u00e1th, President of the Passaic Hungarian Parish Council &#8211; Bocskai R\u00e1di\u00f3\",\"isPartOf\":{\"@id\":\"https:\\\/\\\/www.bocskairadio.org\\\/en\\\/#website\"},\"primaryImageOfPage\":{\"@id\":\"https:\\\/\\\/www.bocskairadio.org\\\/en\\\/when-i-hear-the-hungarian-anthem-my-heart-still-races-a-conversation-with-istvan-horvath-president-of-the-passaic-hungarian-parish-council\\\/#primaryimage\"},\"image\":{\"@id\":\"https:\\\/\\\/www.bocskairadio.org\\\/en\\\/when-i-hear-the-hungarian-anthem-my-heart-still-races-a-conversation-with-istvan-horvath-president-of-the-passaic-hungarian-parish-council\\\/#primaryimage\"},\"thumbnailUrl\":\"https:\\\/\\\/www.bocskairadio.org\\\/wp-content\\\/uploads\\\/2023\\\/02\\\/HorvathIstvan.jpg\",\"datePublished\":\"2023-02-11T23:14:30+00:00\",\"dateModified\":\"2025-01-04T00:40:35+00:00\",\"inLanguage\":\"en-US\",\"potentialAction\":[{\"@type\":\"ReadAction\",\"target\":[\"https:\\\/\\\/www.bocskairadio.org\\\/en\\\/when-i-hear-the-hungarian-anthem-my-heart-still-races-a-conversation-with-istvan-horvath-president-of-the-passaic-hungarian-parish-council\\\/\"]}]},{\"@type\":\"ImageObject\",\"inLanguage\":\"en-US\",\"@id\":\"https:\\\/\\\/www.bocskairadio.org\\\/en\\\/when-i-hear-the-hungarian-anthem-my-heart-still-races-a-conversation-with-istvan-horvath-president-of-the-passaic-hungarian-parish-council\\\/#primaryimage\",\"url\":\"https:\\\/\\\/www.bocskairadio.org\\\/wp-content\\\/uploads\\\/2023\\\/02\\\/HorvathIstvan.jpg\",\"contentUrl\":\"https:\\\/\\\/www.bocskairadio.org\\\/wp-content\\\/uploads\\\/2023\\\/02\\\/HorvathIstvan.jpg\",\"width\":808,\"height\":525},{\"@type\":\"WebSite\",\"@id\":\"https:\\\/\\\/www.bocskairadio.org\\\/en\\\/#website\",\"url\":\"https:\\\/\\\/www.bocskairadio.org\\\/en\\\/\",\"name\":\"Bocskai R\u00e1di\u00f3\",\"description\":\"The Voice of Cleveland Hungarians\",\"publisher\":{\"@id\":\"https:\\\/\\\/www.bocskairadio.org\\\/en\\\/#organization\"},\"potentialAction\":[{\"@type\":\"SearchAction\",\"target\":{\"@type\":\"EntryPoint\",\"urlTemplate\":\"https:\\\/\\\/www.bocskairadio.org\\\/en\\\/?s={search_term_string}\"},\"query-input\":{\"@type\":\"PropertyValueSpecification\",\"valueRequired\":true,\"valueName\":\"search_term_string\"}}],\"inLanguage\":\"en-US\"},{\"@type\":\"Organization\",\"@id\":\"https:\\\/\\\/www.bocskairadio.org\\\/en\\\/#organization\",\"name\":\"Bocskai R\u00e1di\u00f3\",\"url\":\"https:\\\/\\\/www.bocskairadio.org\\\/en\\\/\",\"logo\":{\"@type\":\"ImageObject\",\"inLanguage\":\"en-US\",\"@id\":\"https:\\\/\\\/www.bocskairadio.org\\\/en\\\/#\\\/schema\\\/logo\\\/image\\\/\",\"url\":\"https:\\\/\\\/www.bocskairadio.org\\\/wp-content\\\/uploads\\\/2016\\\/11\\\/var3_basic.jpg\",\"contentUrl\":\"https:\\\/\\\/www.bocskairadio.org\\\/wp-content\\\/uploads\\\/2016\\\/11\\\/var3_basic.jpg\",\"width\":500,\"height\":500,\"caption\":\"Bocskai R\u00e1di\u00f3\"},\"image\":{\"@id\":\"https:\\\/\\\/www.bocskairadio.org\\\/en\\\/#\\\/schema\\\/logo\\\/image\\\/\"},\"sameAs\":[\"https:\\\/\\\/www.facebook.com\\\/BocskaiRadio\",\"https:\\\/\\\/x.com\\\/BocskaiRadio\",\"https:\\\/\\\/www.instagram.com\\\/bocskairadio\\\/\",\"https:\\\/\\\/www.youtube.com\\\/user\\\/bocskairadio\",\"https:\\\/\\\/hu.wikipedia.org\\\/wiki\\\/Bocskai_R\u00e1di\u00f3\"]},{\"@type\":\"Person\",\"@id\":\"https:\\\/\\\/www.bocskairadio.org\\\/en\\\/#\\\/schema\\\/person\\\/b977d92bd338306ce1cd1b7e0e2815bc\",\"name\":\"Antal-Ferencz Ildik\u00f3\",\"image\":{\"@type\":\"ImageObject\",\"inLanguage\":\"en-US\",\"@id\":\"https:\\\/\\\/www.bocskairadio.org\\\/wp-content\\\/uploads\\\/2023\\\/02\\\/Ildiko-Antal-Ferenc-150x150.jpg\",\"url\":\"https:\\\/\\\/www.bocskairadio.org\\\/wp-content\\\/uploads\\\/2023\\\/02\\\/Ildiko-Antal-Ferenc-150x150.jpg\",\"contentUrl\":\"https:\\\/\\\/www.bocskairadio.org\\\/wp-content\\\/uploads\\\/2023\\\/02\\\/Ildiko-Antal-Ferenc-150x150.jpg\",\"caption\":\"Antal-Ferencz Ildik\u00f3\"},\"description\":\"Erd\u00e9lyben n\u0151ttem fel, Budapesten j\u00e1rtam egyetemre, el\u0151sz\u00f6r k\u00f6zgazd\u00e1szk\u00e9nt dolgoztam, majd h\u00e1rom gyermekem sz\u00fclet\u00e9se ut\u00e1n, 2016 \u00f3ta \u00fajs\u00e1g\u00edr\u00f3k\u00e9nt. 2022. j\u00falius \u00e9s 2025. augusztus k\u00f6z\u00f6tt csal\u00e1dommal Amerik\u00e1ban (New Jersey \u00e1llamban) \u00e9lt\u00fcnk. Ezalatt k\u00fcls\u0151s munkat\u00e1rsk\u00e9nt seg\u00edtettem a Bocskai R\u00e1di\u00f3 munk\u00e1j\u00e1t, ill. szabad\u00fasz\u00f3 \u00fajs\u00e1g\u00edr\u00f3k\u00e9nt diaszp\u00f3ra t\u00e9m\u00e1j\u00fa cikkeket \u00edrtam magyarorsz\u00e1gi \u00fajs\u00e1gok sz\u00e1m\u00e1ra, amelyeket a Bocskai R\u00e1di\u00f3 is \u00e1tvett. Ut\u00f3bbi munk\u00e1t hazat\u00e9rve is folytatom, el\u0151bbit pedig majd akkor, amikor terveink szerint nyaranta visszat\u00e9r\u00fcnk Amerik\u00e1ba.\",\"url\":\"https:\\\/\\\/www.bocskairadio.org\\\/en\\\/author\\\/ildikoantalferencz\\\/\"}]}<\/script>\n<!-- \/ Yoast SEO plugin. -->","yoast_head_json":{"title":"\u2018When I hear the Hungarian anthem, my heart still races\u2019 \u2014 A Conversation with Istv\u00e1n Horv\u00e1th, President of the Passaic Hungarian Parish Council &#8211; Bocskai R\u00e1di\u00f3","robots":{"index":"index","follow":"follow","max-snippet":"max-snippet:-1","max-image-preview":"max-image-preview:large","max-video-preview":"max-video-preview:-1"},"canonical":"https:\/\/www.bocskairadio.org\/en\/when-i-hear-the-hungarian-anthem-my-heart-still-races-a-conversation-with-istvan-horvath-president-of-the-passaic-hungarian-parish-council\/","og_locale":"en_US","og_type":"article","og_title":"\u2018When I hear the Hungarian anthem, my heart still races\u2019 \u2014 A Conversation with Istv\u00e1n Horv\u00e1th, President of the Passaic Hungarian Parish Council &#8211; Bocskai R\u00e1di\u00f3","og_description":"This\u00a0interview\u00a0was first published in Hungarian on\u00a0777.hu. I am a sensitive man\u2014Istv\u00e1n Horv\u00e1th stated unexpectedly at the beginning of the interview. He is the Parish Council President of the last remaining Hungarian Parish on the East Coast of the United States. I was rather surprised by what he said, as this was not my first impression of him at all, but when he burst into tears several times during the interview, I began seeing him in a different light. Tall, lanky, serious, and sometimes somber, I knew little about him despite running into him almost every weekend for six months prior to our in-depth conversation, not only at Mass, but also at the events held in the Erzs\u00e9bet Hall of the Parish. He can always be found there, attending to the Parish\u2019s business\u2014for this reason, I kept my distance in respect. (more&hellip;)","og_url":"https:\/\/www.bocskairadio.org\/en\/when-i-hear-the-hungarian-anthem-my-heart-still-races-a-conversation-with-istvan-horvath-president-of-the-passaic-hungarian-parish-council\/","og_site_name":"Bocskai R\u00e1di\u00f3","article_publisher":"https:\/\/www.facebook.com\/BocskaiRadio","article_published_time":"2023-02-11T23:14:30+00:00","article_modified_time":"2025-01-04T00:40:35+00:00","og_image":[{"width":808,"height":525,"url":"https:\/\/www.bocskairadio.org\/wp-content\/uploads\/2023\/02\/HorvathIstvan.jpg","type":"image\/jpeg"}],"author":"Antal-Ferencz Ildik\u00f3","twitter_card":"summary_large_image","twitter_image":"https:\/\/www.bocskairadio.org\/wp-content\/uploads\/2023\/02\/HorvathIstvan.jpg","twitter_creator":"@BocskaiRadio","twitter_site":"@BocskaiRadio","schema":{"@context":"https:\/\/schema.org","@graph":[{"@type":"Article","@id":"https:\/\/www.bocskairadio.org\/en\/when-i-hear-the-hungarian-anthem-my-heart-still-races-a-conversation-with-istvan-horvath-president-of-the-passaic-hungarian-parish-council\/#article","isPartOf":{"@id":"https:\/\/www.bocskairadio.org\/en\/when-i-hear-the-hungarian-anthem-my-heart-still-races-a-conversation-with-istvan-horvath-president-of-the-passaic-hungarian-parish-council\/"},"author":{"name":"Antal-Ferencz Ildik\u00f3","@id":"https:\/\/www.bocskairadio.org\/en\/#\/schema\/person\/b977d92bd338306ce1cd1b7e0e2815bc"},"headline":"\u2018When I hear the Hungarian anthem, my heart still races\u2019 \u2014 A Conversation with Istv\u00e1n Horv\u00e1th, President of the Passaic Hungarian Parish Council","datePublished":"2023-02-11T23:14:30+00:00","dateModified":"2025-01-04T00:40:35+00:00","mainEntityOfPage":{"@id":"https:\/\/www.bocskairadio.org\/en\/when-i-hear-the-hungarian-anthem-my-heart-still-races-a-conversation-with-istvan-horvath-president-of-the-passaic-hungarian-parish-council\/"},"wordCount":2678,"commentCount":0,"publisher":{"@id":"https:\/\/www.bocskairadio.org\/en\/#organization"},"image":{"@id":"https:\/\/www.bocskairadio.org\/en\/when-i-hear-the-hungarian-anthem-my-heart-still-races-a-conversation-with-istvan-horvath-president-of-the-passaic-hungarian-parish-council\/#primaryimage"},"thumbnailUrl":"https:\/\/www.bocskairadio.org\/wp-content\/uploads\/2023\/02\/HorvathIstvan.jpg","articleSection":["Local events and news"],"inLanguage":"en-US","potentialAction":[{"@type":"CommentAction","name":"Comment","target":["https:\/\/www.bocskairadio.org\/en\/when-i-hear-the-hungarian-anthem-my-heart-still-races-a-conversation-with-istvan-horvath-president-of-the-passaic-hungarian-parish-council\/#respond"]}]},{"@type":"WebPage","@id":"https:\/\/www.bocskairadio.org\/en\/when-i-hear-the-hungarian-anthem-my-heart-still-races-a-conversation-with-istvan-horvath-president-of-the-passaic-hungarian-parish-council\/","url":"https:\/\/www.bocskairadio.org\/en\/when-i-hear-the-hungarian-anthem-my-heart-still-races-a-conversation-with-istvan-horvath-president-of-the-passaic-hungarian-parish-council\/","name":"\u2018When I hear the Hungarian anthem, my heart still races\u2019 \u2014 A Conversation with Istv\u00e1n Horv\u00e1th, President of the Passaic Hungarian Parish Council &#8211; Bocskai R\u00e1di\u00f3","isPartOf":{"@id":"https:\/\/www.bocskairadio.org\/en\/#website"},"primaryImageOfPage":{"@id":"https:\/\/www.bocskairadio.org\/en\/when-i-hear-the-hungarian-anthem-my-heart-still-races-a-conversation-with-istvan-horvath-president-of-the-passaic-hungarian-parish-council\/#primaryimage"},"image":{"@id":"https:\/\/www.bocskairadio.org\/en\/when-i-hear-the-hungarian-anthem-my-heart-still-races-a-conversation-with-istvan-horvath-president-of-the-passaic-hungarian-parish-council\/#primaryimage"},"thumbnailUrl":"https:\/\/www.bocskairadio.org\/wp-content\/uploads\/2023\/02\/HorvathIstvan.jpg","datePublished":"2023-02-11T23:14:30+00:00","dateModified":"2025-01-04T00:40:35+00:00","inLanguage":"en-US","potentialAction":[{"@type":"ReadAction","target":["https:\/\/www.bocskairadio.org\/en\/when-i-hear-the-hungarian-anthem-my-heart-still-races-a-conversation-with-istvan-horvath-president-of-the-passaic-hungarian-parish-council\/"]}]},{"@type":"ImageObject","inLanguage":"en-US","@id":"https:\/\/www.bocskairadio.org\/en\/when-i-hear-the-hungarian-anthem-my-heart-still-races-a-conversation-with-istvan-horvath-president-of-the-passaic-hungarian-parish-council\/#primaryimage","url":"https:\/\/www.bocskairadio.org\/wp-content\/uploads\/2023\/02\/HorvathIstvan.jpg","contentUrl":"https:\/\/www.bocskairadio.org\/wp-content\/uploads\/2023\/02\/HorvathIstvan.jpg","width":808,"height":525},{"@type":"WebSite","@id":"https:\/\/www.bocskairadio.org\/en\/#website","url":"https:\/\/www.bocskairadio.org\/en\/","name":"Bocskai R\u00e1di\u00f3","description":"The Voice of Cleveland Hungarians","publisher":{"@id":"https:\/\/www.bocskairadio.org\/en\/#organization"},"potentialAction":[{"@type":"SearchAction","target":{"@type":"EntryPoint","urlTemplate":"https:\/\/www.bocskairadio.org\/en\/?s={search_term_string}"},"query-input":{"@type":"PropertyValueSpecification","valueRequired":true,"valueName":"search_term_string"}}],"inLanguage":"en-US"},{"@type":"Organization","@id":"https:\/\/www.bocskairadio.org\/en\/#organization","name":"Bocskai R\u00e1di\u00f3","url":"https:\/\/www.bocskairadio.org\/en\/","logo":{"@type":"ImageObject","inLanguage":"en-US","@id":"https:\/\/www.bocskairadio.org\/en\/#\/schema\/logo\/image\/","url":"https:\/\/www.bocskairadio.org\/wp-content\/uploads\/2016\/11\/var3_basic.jpg","contentUrl":"https:\/\/www.bocskairadio.org\/wp-content\/uploads\/2016\/11\/var3_basic.jpg","width":500,"height":500,"caption":"Bocskai R\u00e1di\u00f3"},"image":{"@id":"https:\/\/www.bocskairadio.org\/en\/#\/schema\/logo\/image\/"},"sameAs":["https:\/\/www.facebook.com\/BocskaiRadio","https:\/\/x.com\/BocskaiRadio","https:\/\/www.instagram.com\/bocskairadio\/","https:\/\/www.youtube.com\/user\/bocskairadio","https:\/\/hu.wikipedia.org\/wiki\/Bocskai_R\u00e1di\u00f3"]},{"@type":"Person","@id":"https:\/\/www.bocskairadio.org\/en\/#\/schema\/person\/b977d92bd338306ce1cd1b7e0e2815bc","name":"Antal-Ferencz Ildik\u00f3","image":{"@type":"ImageObject","inLanguage":"en-US","@id":"https:\/\/www.bocskairadio.org\/wp-content\/uploads\/2023\/02\/Ildiko-Antal-Ferenc-150x150.jpg","url":"https:\/\/www.bocskairadio.org\/wp-content\/uploads\/2023\/02\/Ildiko-Antal-Ferenc-150x150.jpg","contentUrl":"https:\/\/www.bocskairadio.org\/wp-content\/uploads\/2023\/02\/Ildiko-Antal-Ferenc-150x150.jpg","caption":"Antal-Ferencz Ildik\u00f3"},"description":"Erd\u00e9lyben n\u0151ttem fel, Budapesten j\u00e1rtam egyetemre, el\u0151sz\u00f6r k\u00f6zgazd\u00e1szk\u00e9nt dolgoztam, majd h\u00e1rom gyermekem sz\u00fclet\u00e9se ut\u00e1n, 2016 \u00f3ta \u00fajs\u00e1g\u00edr\u00f3k\u00e9nt. 2022. j\u00falius \u00e9s 2025. augusztus k\u00f6z\u00f6tt csal\u00e1dommal Amerik\u00e1ban (New Jersey \u00e1llamban) \u00e9lt\u00fcnk. Ezalatt k\u00fcls\u0151s munkat\u00e1rsk\u00e9nt seg\u00edtettem a Bocskai R\u00e1di\u00f3 munk\u00e1j\u00e1t, ill. szabad\u00fasz\u00f3 \u00fajs\u00e1g\u00edr\u00f3k\u00e9nt diaszp\u00f3ra t\u00e9m\u00e1j\u00fa cikkeket \u00edrtam magyarorsz\u00e1gi \u00fajs\u00e1gok sz\u00e1m\u00e1ra, amelyeket a Bocskai R\u00e1di\u00f3 is \u00e1tvett. Ut\u00f3bbi munk\u00e1t hazat\u00e9rve is folytatom, el\u0151bbit pedig majd akkor, amikor terveink szerint nyaranta visszat\u00e9r\u00fcnk Amerik\u00e1ba.","url":"https:\/\/www.bocskairadio.org\/en\/author\/ildikoantalferencz\/"}]}},"_links":{"self":[{"href":"https:\/\/www.bocskairadio.org\/en\/wp-json\/wp\/v2\/posts\/1100084","targetHints":{"allow":["GET"]}}],"collection":[{"href":"https:\/\/www.bocskairadio.org\/en\/wp-json\/wp\/v2\/posts"}],"about":[{"href":"https:\/\/www.bocskairadio.org\/en\/wp-json\/wp\/v2\/types\/post"}],"author":[{"embeddable":true,"href":"https:\/\/www.bocskairadio.org\/en\/wp-json\/wp\/v2\/users\/43"}],"replies":[{"embeddable":true,"href":"https:\/\/www.bocskairadio.org\/en\/wp-json\/wp\/v2\/comments?post=1100084"}],"version-history":[{"count":1,"href":"https:\/\/www.bocskairadio.org\/en\/wp-json\/wp\/v2\/posts\/1100084\/revisions"}],"predecessor-version":[{"id":1100085,"href":"https:\/\/www.bocskairadio.org\/en\/wp-json\/wp\/v2\/posts\/1100084\/revisions\/1100085"}],"wp:featuredmedia":[{"embeddable":true,"href":"https:\/\/www.bocskairadio.org\/en\/wp-json\/wp\/v2\/media\/1082665"}],"wp:attachment":[{"href":"https:\/\/www.bocskairadio.org\/en\/wp-json\/wp\/v2\/media?parent=1100084"}],"wp:term":[{"taxonomy":"category","embeddable":true,"href":"https:\/\/www.bocskairadio.org\/en\/wp-json\/wp\/v2\/categories?post=1100084"},{"taxonomy":"post_tag","embeddable":true,"href":"https:\/\/www.bocskairadio.org\/en\/wp-json\/wp\/v2\/tags?post=1100084"}],"curies":[{"name":"wp","href":"https:\/\/api.w.org\/{rel}","templated":true}]}}