{"id":1100096,"date":"2023-08-21T22:36:43","date_gmt":"2023-08-22T02:36:43","guid":{"rendered":"https:\/\/www.bocskairadio.org\/?p=1100096"},"modified":"2025-01-03T20:36:26","modified_gmt":"2025-01-04T01:36:26","slug":"assimilation-is-inherent-in-the-diaspora-a-conversation-with-jesuit-father-tamas-forrai","status":"publish","type":"post","link":"https:\/\/www.bocskairadio.org\/en\/assimilation-is-inherent-in-the-diaspora-a-conversation-with-jesuit-father-tamas-forrai\/","title":{"rendered":"\u2018Assimilation is inherent in the diaspora\u2019 \u2014 A Conversation with Jesuit Father Tam\u00e1s Forrai"},"content":{"rendered":"<p style=\"text-align: justify;\"><em>This is an abridged version of the original\u00a0<a href=\"https:\/\/777blog.hu\/2023\/08\/20\/miskolci-gimnaziumigazgatotol-a-kanadai-magyarok-papjaig-forrai-tamas-sj\/\">interview<\/a>\u00a0first published on\u00a0<\/em>777.hu.<\/p>\n<p style=\"text-align: justify;\"><strong>Father Tam\u00e1s Forrai was born and raised in Budapest, and first became a teacher, then a Jesuit priest. He was a high school principal in Miskolc, a provincial in Budapest and most recently a parish priest in Toronto, Canada for six years. He became a scout in Hungary and was a regular participant in the scout leadership training camps of Fillmore in upstate New York, where we met. I asked him about the situation of the Hungarian communities and Hungarian Jesuits in Canada as well as about the challenges and opportunities of his own service. One year after the interview, he returned home and has just started his new ministry in P\u00e9cs.<\/strong><!--more--><\/p>\n<p style=\"text-align: justify;\">***<\/p>\n<p style=\"text-align: justify;\"><strong>What were the most important stages of your service?<\/strong><\/p>\n<p style=\"text-align: justify;\">I grew up and went to school in Budapest, Hungary. I graduated as a history and Latin teacher at E\u00f6tv\u00f6s Lor\u00e1nd University (ELTE). Parallel to this, I started studying theology. By the time I graduated from ELTE in 1989 I came to the decision to become a priest. I met the Jesuits during my theology studies and wished to belong to a religious community, so I entered the Jesuit novitiate, one of the orders that were being re-established after the 1989\u201390 regime change in Hungary. I was ordained a priest in 1998 and since then I\u2019ve served at three places: 12 years at the Jesuit high school in Miskolc, Hungary; six and a half years at the order\u2019s headquarters in Budapest; and I have recently started my seventh year in Toronto, Canada.<\/p>\n<p style=\"text-align: justify;\"><strong>There was a strong Hungarian Jesuit presence in Canada, even a novitiate, right?<\/strong><\/p>\n<p style=\"text-align: justify;\">Yes, but the clergy in the diaspora is undergoing a transformation, and this affects pastoral care. The last representatives of the generation of pastors who fled the communist regimes of Hungary and the Carpathian Basin in the 1940s and 1950s are passing away. The pastoral ministry of the Hungarian diaspora in the U.S. was well-established by the early 1900s on the back of the first large immigration wave, while significant Hungarian immigration to Canada only began after World War II and really intensified only after the revolution of 1956 was crushed. The Jesuit presence in Canadian pastoral ministry was very strong from the beginning. Hungarian Jesuits saw much earlier than many others that the order wouldn\u2019t be able to function freely under communism. Those who had been ordained had to stay in Hungary and prepare for an underground service, while those who had been in the early stages of their training were asked to flee. There was a certain optimism among them that they\u2019d return shortly when communism collapsed. By the early 1950s there was a large community of young Hungarian Jesuits in the West, and when it became clear that they couldn\u2019t return any time soon, they scattered around the world. They undertook a broad Hungarian ministry in Canada serving growing Hungarian Catholic communities across the country. Jesuits have been serving in Toronto since 1948, and in the 1950s they were even able to establish an immigrant novitiate here.<\/p>\n<figure class=\"wp-block-image size-large\" style=\"text-align: justify;\">\n<p><figure id=\"attachment_36549\" aria-describedby=\"caption-attachment-36549\" style=\"width: 1024px\" class=\"wp-caption alignnone\"><img loading=\"lazy\" decoding=\"async\" class=\"entered lazyloaded td-modal-image wp-image-36549\" src=\"https:\/\/www.hungarianconservative.com\/wp-content\/uploads\/2024\/11\/ForraiTamasatya_at-Scout-Camp-Fillmore-NY-2023-2-1024x768.jpg\" sizes=\"auto, (max-width: 1024px) 100vw, 1024px\" srcset=\"https:\/\/www.hungarianconservative.com\/wp-content\/uploads\/2024\/11\/ForraiTamasatya_at-Scout-Camp-Fillmore-NY-2023-2-1024x768.jpg 1024w, https:\/\/www.hungarianconservative.com\/wp-content\/uploads\/2024\/11\/ForraiTamasatya_at-Scout-Camp-Fillmore-NY-2023-2-300x225.jpg 300w, https:\/\/www.hungarianconservative.com\/wp-content\/uploads\/2024\/11\/ForraiTamasatya_at-Scout-Camp-Fillmore-NY-2023-2-768x576.jpg 768w, https:\/\/www.hungarianconservative.com\/wp-content\/uploads\/2024\/11\/ForraiTamasatya_at-Scout-Camp-Fillmore-NY-2023-2.jpg 1080w\" alt=\"\" width=\"1024\" height=\"768\" data-lazy-srcset=\"https:\/\/www.hungarianconservative.com\/wp-content\/uploads\/2024\/11\/ForraiTamasatya_at-Scout-Camp-Fillmore-NY-2023-2-1024x768.jpg 1024w, https:\/\/www.hungarianconservative.com\/wp-content\/uploads\/2024\/11\/ForraiTamasatya_at-Scout-Camp-Fillmore-NY-2023-2-300x225.jpg 300w, https:\/\/www.hungarianconservative.com\/wp-content\/uploads\/2024\/11\/ForraiTamasatya_at-Scout-Camp-Fillmore-NY-2023-2-768x576.jpg 768w, https:\/\/www.hungarianconservative.com\/wp-content\/uploads\/2024\/11\/ForraiTamasatya_at-Scout-Camp-Fillmore-NY-2023-2.jpg 1080w\" data-lazy-sizes=\"(max-width: 1024px) 100vw, 1024px\" data-lazy-src=\"https:\/\/www.hungarianconservative.com\/wp-content\/uploads\/2024\/11\/ForraiTamasatya_at-Scout-Camp-Fillmore-NY-2023-2-1024x768.jpg\" data-ll-status=\"loaded\" \/><figcaption id=\"caption-attachment-36549\" class=\"wp-caption-text\">Tam\u00e1s Forrai at the Scout Camp in Fillmore, New York in 2023 PHOTO: courtesy of Tam\u00e1s Forrai<\/figcaption><\/figure><\/figure>\n<p style=\"text-align: justify;\"><strong>What changed with the collapse of communism in 1989\u201390?<\/strong><\/p>\n<p style=\"text-align: justify;\">That\u2019s when the identity of the Hungarian diaspora was shaken. The Jesuits started a reverse mission back to Hungary. There were communities, for example in Courtland, where assimilation had reached such a level that the Hungarian population had simply disappeared. Elsewhere, for instance in Montreal, Hamilton, Vancouver, and London (Ontario) the Jesuits handed over the ministry to diocesan priests. In some places, Hungarian-language service continued for one or two generations of priests, but by now these communities had also assimilated. The Hungarian Catholic community in Toronto was very supportive of the Jesuits, who decided to stay as long as they can and that the Hungarian community needed them.<\/p>\n<p style=\"text-align: justify;\"><strong>Why did you accept to serve overseas?\u00a0\u00a0<\/strong><\/p>\n<p style=\"text-align: justify;\">I finished my previous ministry in 2017. When asked about the next task I\u2019d like to take on, I replied I could imagine being part of virtually any of the Hungarian Jesuit ministries. It hadn\u2019t even occurred to me that Toronto was one of them, even though I had visited North America often before, both as a school principal and as the Provincial. We decided that I\u2019d do half time working on social programs and half time starting a doctoral school in political science. I\u2019ve been given a quiet period to pursue these new paths. First, I was in a Trappist monastery during Lent 2017, then I went to Georgetown University at Washington, DC for a free reading course. As I was preparing to return to Hungary, I got a call from the provincial\u2026 \u2018There\u2019s trouble in Toronto,\u2019 he said, suggesting I should come here. I asked for ten days to consider, and finally said yes and cancelled my studies in political science.<\/p>\n<p style=\"text-align: justify;\"><strong>In what sense was there trouble in Toronto? Could you briefly introduce the local Hungarian community?<\/strong><\/p>\n<p style=\"text-align: justify;\">St. Elizabeth\u2019s parish is the largest Hungarian Catholic community outside the Carpathian Basin with almost 300 people at a usual Sunday Mass. We are also a cultural center, having a weekend Hungarian school, a unique high school, scouting and a dance ensemble. All these in a 40-year-old, modern, very user-friendly building complex, at one of the most accessible locations in the Toronto metropolitan area. There were problems at many levels. Let\u2019s start with the huge generational gap. The 1956er generation very much defined Hungarian immigration in Canada in a very characteristic way, for a long period of 50\u201360 years. The self-confidence of the 56er generation had a downside: they couldn\u2019t successfully pass on the baton. They didn\u2019t seek out their successors, often even excluded the next generation. A person or a community with a great sense of strength often cannot cope with their own weaknesses, their own limits. That\u2019s why the sudden collapse occurred: there was nobody to take things over from the outgoing great generation.<\/p>\n<p style=\"text-align: justify;\">The second problem is the lack of cooperation between too many small and fragmented organizations. There are an estimated 40\u201350,000 Hungarians living in Toronto and its vicinity. However, only a very small fraction of this mass is actively involved in the Hungarian community: probably not more than approximately 1,500 individuals. In the past, a variety of organizations, cultural, age and church groups could flourish. There is one Catholic parish, four Reformed, one Lutheran, a strong Baptist and also a few Evangelical communities; all of these are visible, but cooperation between them and the other secular groups has never been fully developed. The strong 56er presence across all organizations caused less political fragmentation than in many Hungarian American communities across the border, but perhaps they felt that they were too strong: they didn\u2019t care about others, and their initiatives often became self-serving, inward-looking. They couldn\u2019t pursue a common larger purpose, and their activities were also often complicated by personal rivalries.<\/p>\n<figure class=\"wp-block-image size-large\" style=\"text-align: justify;\">\n<p><figure id=\"attachment_36552\" aria-describedby=\"caption-attachment-36552\" style=\"width: 1024px\" class=\"wp-caption alignnone\"><img loading=\"lazy\" decoding=\"async\" class=\"entered lazyloaded td-modal-image wp-image-36552\" src=\"https:\/\/www.hungarianconservative.com\/wp-content\/uploads\/2024\/11\/Community-programs-at-the-St-Elisabeth-Church-Toronto-2023-1-1024x650.jpg\" sizes=\"auto, (max-width: 1024px) 100vw, 1024px\" srcset=\"https:\/\/www.hungarianconservative.com\/wp-content\/uploads\/2024\/11\/Community-programs-at-the-St-Elisabeth-Church-Toronto-2023-1-1024x650.jpg 1024w, https:\/\/www.hungarianconservative.com\/wp-content\/uploads\/2024\/11\/Community-programs-at-the-St-Elisabeth-Church-Toronto-2023-1-300x190.jpg 300w, https:\/\/www.hungarianconservative.com\/wp-content\/uploads\/2024\/11\/Community-programs-at-the-St-Elisabeth-Church-Toronto-2023-1-768x487.jpg 768w, https:\/\/www.hungarianconservative.com\/wp-content\/uploads\/2024\/11\/Community-programs-at-the-St-Elisabeth-Church-Toronto-2023-1.jpg 1445w\" alt=\"\" width=\"1024\" height=\"650\" data-lazy-srcset=\"https:\/\/www.hungarianconservative.com\/wp-content\/uploads\/2024\/11\/Community-programs-at-the-St-Elisabeth-Church-Toronto-2023-1-1024x650.jpg 1024w, https:\/\/www.hungarianconservative.com\/wp-content\/uploads\/2024\/11\/Community-programs-at-the-St-Elisabeth-Church-Toronto-2023-1-300x190.jpg 300w, https:\/\/www.hungarianconservative.com\/wp-content\/uploads\/2024\/11\/Community-programs-at-the-St-Elisabeth-Church-Toronto-2023-1-768x487.jpg 768w, https:\/\/www.hungarianconservative.com\/wp-content\/uploads\/2024\/11\/Community-programs-at-the-St-Elisabeth-Church-Toronto-2023-1.jpg 1445w\" data-lazy-sizes=\"(max-width: 1024px) 100vw, 1024px\" data-lazy-src=\"https:\/\/www.hungarianconservative.com\/wp-content\/uploads\/2024\/11\/Community-programs-at-the-St-Elisabeth-Church-Toronto-2023-1-1024x650.jpg\" data-ll-status=\"loaded\" \/><figcaption id=\"caption-attachment-36552\" class=\"wp-caption-text\">Community program at the St. Elisabeth Church in Toronto in 2023 PHOTO: courtesy of Tam\u00e1s Forrai<\/figcaption><\/figure><\/figure>\n<p style=\"text-align: justify;\"><strong>While numerous and strong, they could have developed a long-term vision\u2026<\/strong><\/p>\n<p style=\"text-align: justify;\">Maybe so, but it was missing. When I arrived, it was the 90th anniversary of the foundation of our parish. I said it was a good time to think about what we could learn from our history and what we needed to rethink. We managed to put together a timeline for the past 90 years and was very surprised to see that the year 1992 was roughly the watershed. The parish was founded in 1928, the first permanent pastor arrived in 1929, the first church building was bought in 1944, scouting started in 1949, the St. Elisabeth Hungarian School was established in 1950, the parish building was purchased in 1951, a new parish building was built in 1969, the Jesuit novitiate started in 1978, a new church was built in 1985, then a park was purchased and numerous organizations such as youth, married and pensioner clubs, choirs, Kod\u00e1ly dance ensemble, etc. were founded and flourished in the late 1980s, early 1990s. The last large-scale building program took place in 1992, when they extended the youth center, adding another floor. From then on, a process of decline started in all aspects, to varying degrees and at varying speed.<\/p>\n<p style=\"text-align: justify;\">I attribute this change to a lack of vision. Before the Hungarian regime change, communism was the common enemy that largely held Hungarians together, which suddenly disappeared\u2014this shows that a common enemy isn\u2019t constructive, at best it can temporarily glue people and interests together, but it cannot create common goals. After 1992 everybody sat back, because there was a good community structure and a big new building. But they no longer had goals and after a while, everything started to fall apart. This building was new compared to most Hungarian churches in the diaspora, but it needed the same attention and, if necessary, efforts to preserve it. Yet, this community has lost longer-term visions, smaller and larger goals.<\/p>\n<p style=\"text-align: justify;\"><strong>That\u2019s why you decided to dedicate 2018\u201319 to finding a vision. Have you found partners for it? Were your points of view accepted?<\/strong><\/p>\n<p style=\"text-align: justify;\">I couldn\u2019t do it on my own. The essential question was whether we could talk honestly about whether we were or would be in trouble. The opposite of progress is when the answer to everything is: \u2018We\u2019ve been doing it this way for 50 years; why change?\u2019; \u2018It\u2019s fine as it is\u2019. But my reply was: the fact that you\u2019ve always done it this way isn\u2019t an answer. I was accepted quickly, but it was difficult to talk about the problems for a long time. The fear of the future is perhaps the most difficult thing to talk about in the diaspora. For example, we have a very good Parish council. They come from different backgrounds, are intelligent and get along well. But it was only in my sixth year that we were able to talk about the future: what will our community be like in five years from now? After a whole year, we managed to get to an open and constructive discussion when they finally confessed: they were afraid that they would be much fewer and unable to control their future.<\/p>\n<p style=\"text-align: justify;\"><strong>They can\u2019t see the future of their families, let alone of their community\u2026<\/strong><\/p>\n<p style=\"text-align: justify;\">Exactly. However, we can only start thinking about the future if these fears are articulated. We should be able to acknowledge that assimilation is inherent in the diaspora. That is why the date of regime change is so important. We, Hungarian Jesuits, drew the conclusion at that point about relocating to Hungary. I know it\u2019s very difficult for those who have children, grandchildren and friends here, but the issue of assimilation must be discussed! For example, we are now at the annual scout leadership training camp, where one of the very strong value propositions is the Hungarian language. Perhaps scouting is the one having the strongest hold on preserving the Hungarian language of all the big organizations in the diaspora. That means a lot of energy. Those who are involved recognize it. The fact that even here some children speak English doesn\u2019t mean they are bad, it means that\u2019s a reality. The question is: do we want to deal with it? And if so, how? I think it\u2019s very interesting to see to what extent we can acknowledge the fact that diaspora life automatically implies linguistic and cultural assimilation. There\u2019s a growing geographical dispersion; mobility is very characteristic in North America. As the new generations of Hungarians get less by number, it\u2019s becoming increasingly difficult for them to find Hungarian spouses, even if they\u2019d like to. The chances of marriages of mixed linguistic and cultural backgrounds are increasing. In 2018 we finally started to talk in small and larger groups, in several stages, about how we see the community, what our strengths and weaknesses are, what we can learn and what challenges we face. This gave us quite a lot to do.<\/p>\n<figure class=\"wp-block-image size-large\" style=\"text-align: justify;\">\n<p><figure id=\"attachment_36553\" aria-describedby=\"caption-attachment-36553\" style=\"width: 1024px\" class=\"wp-caption alignnone\"><img loading=\"lazy\" decoding=\"async\" class=\"entered lazyloaded td-modal-image wp-image-36553\" src=\"https:\/\/www.hungarianconservative.com\/wp-content\/uploads\/2024\/11\/Community-programs-at-the-St-Elisabeth-Church-Toronto-2023-2-1024x663.jpg\" sizes=\"auto, (max-width: 1024px) 100vw, 1024px\" srcset=\"https:\/\/www.hungarianconservative.com\/wp-content\/uploads\/2024\/11\/Community-programs-at-the-St-Elisabeth-Church-Toronto-2023-2-1024x663.jpg 1024w, https:\/\/www.hungarianconservative.com\/wp-content\/uploads\/2024\/11\/Community-programs-at-the-St-Elisabeth-Church-Toronto-2023-2-300x194.jpg 300w, https:\/\/www.hungarianconservative.com\/wp-content\/uploads\/2024\/11\/Community-programs-at-the-St-Elisabeth-Church-Toronto-2023-2-768x498.jpg 768w, https:\/\/www.hungarianconservative.com\/wp-content\/uploads\/2024\/11\/Community-programs-at-the-St-Elisabeth-Church-Toronto-2023-2-1536x995.jpg 1536w, https:\/\/www.hungarianconservative.com\/wp-content\/uploads\/2024\/11\/Community-programs-at-the-St-Elisabeth-Church-Toronto-2023-2.jpg 1886w\" alt=\"\" width=\"1024\" height=\"663\" data-lazy-srcset=\"https:\/\/www.hungarianconservative.com\/wp-content\/uploads\/2024\/11\/Community-programs-at-the-St-Elisabeth-Church-Toronto-2023-2-1024x663.jpg 1024w, https:\/\/www.hungarianconservative.com\/wp-content\/uploads\/2024\/11\/Community-programs-at-the-St-Elisabeth-Church-Toronto-2023-2-300x194.jpg 300w, https:\/\/www.hungarianconservative.com\/wp-content\/uploads\/2024\/11\/Community-programs-at-the-St-Elisabeth-Church-Toronto-2023-2-768x498.jpg 768w, https:\/\/www.hungarianconservative.com\/wp-content\/uploads\/2024\/11\/Community-programs-at-the-St-Elisabeth-Church-Toronto-2023-2-1536x995.jpg 1536w, https:\/\/www.hungarianconservative.com\/wp-content\/uploads\/2024\/11\/Community-programs-at-the-St-Elisabeth-Church-Toronto-2023-2.jpg 1886w\" data-lazy-sizes=\"(max-width: 1024px) 100vw, 1024px\" data-lazy-src=\"https:\/\/www.hungarianconservative.com\/wp-content\/uploads\/2024\/11\/Community-programs-at-the-St-Elisabeth-Church-Toronto-2023-2-1024x663.jpg\" data-ll-status=\"loaded\" \/><figcaption id=\"caption-attachment-36553\" class=\"wp-caption-text\">Community program at the St. Elisabeth Church in Toronto in 2023 PHOTO: courtesy of Tam\u00e1s Forrai<\/figcaption><\/figure><\/figure>\n<p style=\"text-align: justify;\"><strong>What tasks have you come up with for the coming years?\u00a0\u00a0<\/strong><\/p>\n<p style=\"text-align: justify;\">First and foremost: we will be fewer by numbers, but with maybe a healthier and more stable age composition. We can create a smaller but more genuine community where everyone feels at home, can find a service for themselves and understands that the only way to move forward is for everyone to actively contribute. We should pay more attention to intergenerational programs, prioritize attention and resources to support young people and develop greater collaboration. Perhaps I\u2019ve said nothing new. We have said one more thing, which perhaps follows from the previous ones: in the foreseeable future we\u2019ll reach a time when there will still be a need for a Hungarian Catholic community, a school and scouts, but financial resources will be scarce as the community becomes too small to maintain all of these.<\/p>\n<p style=\"text-align: justify;\"><strong>The idea of a smaller but more genuine community was also expressed by Pope Francis during his visits to Budapest. But is this sustainable?<\/strong><\/p>\n<p style=\"text-align: justify;\">That depends on many things. Let me bring in one more factor causing fear which exists in many places: when the community starts to realize that their financial resources dry up, a vicious circle of budget cuts starts which ultimately strangles the community. I\u2019ve not seen a Catholic community that had to close because there weren\u2019t enough financial resources, but I\u2019ve seen them run out of people, or faith, or both. I think it\u2019s worth focusing on the human factor. Therefore, we completely reversed the logic: I proposed that we shouldn\u2019t charge each other rent, people should simply give as much as they can as a donation. In addition, we clearly communicate the expenditures\u2014clear speech helps. While not everything is about money, people have become more generous. As a result, we are actually more self-sustaining now than we were a few years ago.<\/p>\n<p style=\"text-align: justify;\"><strong>Director of S\u00edk S\u00e1ndor Scout Park\u00a0Gyuri Kov\u00e1cs\u00a0told me the same\u2026<\/strong><\/p>\n<p style=\"text-align: justify;\">Yes, that\u2019s how it works, especially with such a large real estate portfolio. But there is also a question here: what do we do about the situation where we are losing a lot of people because of linguistic assimilation? One answer, for which I am very grateful, is that the Hungarian school, scouting and folk dancing complement and strengthen each other very well from a linguistic point of view. English can be used in the folk-dance circle, while Hungarian language skills are a prerequisite in scouting. Hungarian school stands in between. However, the situation is different in pastoral ministry. The group I prepared for the confirmation didn\u2019t speak Hungarian well enough to properly understand and express themselves, so after two or three sessions I switched to English. The parents weren\u2019t upset at all, they understood my reasons. Another example: when there is a marriage ceremony, a baptism or a funeral mass, my first question is: what language speakers will be present? If it\u2019s 80 per cent English, 20 per cent Hungarian, I suggest having it in English. That shouldn\u2019t scare us either. Families are usually very understanding, sometimes even ask for it, so that everyone could be included in the special family event. However, this is a growing trend. Those who start school here will become English speakers\u2014the question is: at what level can they learn and retain their second language, that is, Hungarian?<\/p>\n<p style=\"text-align: justify;\"><strong>There are quite big differences within families. Where does this lead to?<\/strong><\/p>\n<p style=\"text-align: justify;\">We have said: it\u2019s part of our parish community\u2019s vision to start thinking bilingually. That was a big leap. We are at a very good location, but people come from 100\u2013150 km away. For the past 20 years, the weekday services Masses have been in English. In the meantime, a non-Hungarian Catholic community has developed in the area who love this church. Our basic vision was to start developing a parallel ministry where non-Hungarian speaking families can join. On Sunday we have the 9am English service and the 11am Hungarian service, and there is a meeting place in between. After the latter, there is always a cultural program, which non-Hungarian-speaking churchgoers can also join. We believe that the community has a long-term need to function as a Hungarian missionary place, but we must not exclude those who don\u2019t speak Hungarian (well). The non-Hungarian community can contribute to the life of our community in increasing proportions\u2026<\/p>\n<figure class=\"wp-block-image size-large\" style=\"text-align: justify;\">\n<p><figure id=\"attachment_36551\" aria-describedby=\"caption-attachment-36551\" style=\"width: 1024px\" class=\"wp-caption alignnone\"><img loading=\"lazy\" decoding=\"async\" class=\"entered lazyloaded td-modal-image wp-image-36551\" src=\"https:\/\/www.hungarianconservative.com\/wp-content\/uploads\/2024\/11\/ForraiTamasatya_at-Scout-Camp-Fillmore-NY-2023-3-1024x768.jpg\" sizes=\"auto, (max-width: 1024px) 100vw, 1024px\" srcset=\"https:\/\/www.hungarianconservative.com\/wp-content\/uploads\/2024\/11\/ForraiTamasatya_at-Scout-Camp-Fillmore-NY-2023-3-1024x768.jpg 1024w, https:\/\/www.hungarianconservative.com\/wp-content\/uploads\/2024\/11\/ForraiTamasatya_at-Scout-Camp-Fillmore-NY-2023-3-300x225.jpg 300w, https:\/\/www.hungarianconservative.com\/wp-content\/uploads\/2024\/11\/ForraiTamasatya_at-Scout-Camp-Fillmore-NY-2023-3-768x576.jpg 768w, https:\/\/www.hungarianconservative.com\/wp-content\/uploads\/2024\/11\/ForraiTamasatya_at-Scout-Camp-Fillmore-NY-2023-3.jpg 1080w\" alt=\"\" width=\"1024\" height=\"768\" data-lazy-srcset=\"https:\/\/www.hungarianconservative.com\/wp-content\/uploads\/2024\/11\/ForraiTamasatya_at-Scout-Camp-Fillmore-NY-2023-3-1024x768.jpg 1024w, https:\/\/www.hungarianconservative.com\/wp-content\/uploads\/2024\/11\/ForraiTamasatya_at-Scout-Camp-Fillmore-NY-2023-3-300x225.jpg 300w, https:\/\/www.hungarianconservative.com\/wp-content\/uploads\/2024\/11\/ForraiTamasatya_at-Scout-Camp-Fillmore-NY-2023-3-768x576.jpg 768w, https:\/\/www.hungarianconservative.com\/wp-content\/uploads\/2024\/11\/ForraiTamasatya_at-Scout-Camp-Fillmore-NY-2023-3.jpg 1080w\" data-lazy-sizes=\"(max-width: 1024px) 100vw, 1024px\" data-lazy-src=\"https:\/\/www.hungarianconservative.com\/wp-content\/uploads\/2024\/11\/ForraiTamasatya_at-Scout-Camp-Fillmore-NY-2023-3-1024x768.jpg\" data-ll-status=\"loaded\" \/><figcaption id=\"caption-attachment-36551\" class=\"wp-caption-text\">Tam\u00e1s Forrai at the Scout Camp in Fillmore, New York in 2023 PHOTO: courtesy of Tam\u00e1s Forrai<\/figcaption><\/figure><\/figure>\n<p style=\"text-align: justify;\"><strong>Please elaborate on this. How many people are you talking about?<\/strong><\/p>\n<p style=\"text-align: justify;\">There are 250\u2013300 people attending a Sunday Hungarian service, and the number of English speakers has started to increase, they are now at about 50 per mass and their financial and physical contribution is already visible around the church. They live nearby and are approachable. When I\u2019m away, they water the flowers and keep the garden tidy. 90 per cent of the time members of the much smaller English community come to help clean during Advent and Lent. For decades, the Catholic community has had a pilgrimage by bus to the Canadian Martyrs\u2019 Pilgrimage site. This year only a few people from the Hungarian community have signed up, meanwhile, the tiny English community became more and more interested. So many of them signed up that the initial 28-seater bus had to be changed to a bigger one. That\u2019s when I said: this is the point where I\u2019m not going to force the Hungarian community to participate. Anyone who applies after the deadline will be a guest of the English community. It is very interesting and symbolic that the English-speaking community is now able to take over traditions from us.<\/p>\n<p style=\"text-align: justify;\"><strong>Another topic. What is the ideal length of a service for a pastor here?<\/strong><\/p>\n<p style=\"text-align: justify;\">My 101-year-old predecessor served for 40 years. He was a very capable fatherly figure but got stuck in that role. I think 7\u20138\u201310 years is the period when you can put your all into it, after that you don\u2019t notice as much what\u2019s needed, so it\u2019s good both for the pastor and the community to change. On the other hand, some come from Hungary for too short periods of time. I think the minimum should be five years. Many think everything is the same here. That\u2019s not true, everything is very different. In Hungary, for example, a priest would never be the caretaker and director of a culture complex, but here he typically is. It\u2019s important that there is reflection which is transferred to have continuity. We need to develop a culture of reflection: what the core values are and what we want to focus on. I\u2019m trying very hard to do this in Canada and we have a nice tradition of gathering and reflecting together with other Hungarian Catholic priests in North America once a year. The Covid pandemic had a strong impact on that process and there was another challenge: the Bishop of Hungarians Abroad, Rev. Cserh\u00e1ti, had recently passed away. It\u2019s very important to have a new, active bishop in charge.<\/p>\n<p style=\"text-align: justify;\"><strong>The church seems to be the main player in Hungarian intra-community cooperation, at least in Toronto. Can you give some local examples?<\/strong><\/p>\n<p style=\"text-align: justify;\">Church communities are indeed the most stable in their traditions, legal structures, and buildings, but they cannot survive in the long term without cooperation, also because of the strong wave of secularization sweeping across North America. That is why we need to be very careful that our efforts of cooperation are never presented as a way of \u2018pushing\u2019, but as an offer: something we can do for the greater common good.<\/p>\n<blockquote class=\"wp-block-quote is-layout-flow wp-block-quote-is-layout-flow\"><p>\u2018Church communities are indeed the most stable in their traditions, legal structures, and buildings, but they cannot survive in the long term without cooperation\u2019<\/p><\/blockquote>\n<p style=\"text-align: justify;\">In Toronto, there\u2019s a good tradition that I inherited from my predecessors: a strong, personal, informal, ongoing relationship between the three major church communities. We sit down three times a year to talk through common issues, because if the three of us are behind a matter, it has credibility. Another example: we are very consciously and generously open to hosting any meaningful and valuable Hungarian program. The Hungarian Engineers Association of Canada is a group with a long tradition. They\u2019ve started meeting monthly and bringing in general intellectual topics for which they were looking for space and support. We are very happy to support them, not only by providing a place to meet, but also advertising and welcoming members of our community who may not have known them before to visit their events. It\u2019s an opportunity for enrichment together.<\/p>\n<p style=\"text-align: justify;\">Another example: we have the only Hungarian weekend high school outside of Europe called Helikon. So long as there were many more Hungarians here, they always had enough students, and operated at an external location. When we started to talk, it turned out that their students came mainly from the St. Elisabeth Hungarian School, but even the intake from us was dwindling, because they weren\u2019t visible enough. We invited them to our building, so that parents and children could see them. It\u2019s a typical win-win situation. It has made the school easier to run, the two schools and the church started to become more connected, and it\u2019s been better for parents, too. It\u2019s all a logistical feat, because there isn\u2019t a single empty hole in this huge complex on Saturday mornings, but it seems to work. Everything can be done with good intentions, and in the process, we begin to see its value.<\/p>\n<p style=\"text-align: justify;\">Source: <a href=\"https:\/\/www.hungarianconservative.com\/articles\/diaspora\/hungarian-diaspora-interview-jesuit-father-tamas-forrai-toronto\/\">hungarianconservative.com<\/a><\/p>\n","protected":false},"excerpt":{"rendered":"<p style=\"text-align: justify;\"><em>This is an abridged version of the original\u00a0<a href=\"https:\/\/777blog.hu\/2023\/08\/20\/miskolci-gimnaziumigazgatotol-a-kanadai-magyarok-papjaig-forrai-tamas-sj\/\">interview<\/a>\u00a0first published on\u00a0<\/em>777.hu.<\/p>\n<p style=\"text-align: justify;\"><strong>Father Tam\u00e1s Forrai was born and raised in Budapest, and first became a teacher, then a Jesuit priest. He was a high school principal in Miskolc, a provincial in Budapest and most recently a parish priest in Toronto, Canada for six years. He became a scout in Hungary and was a regular participant in the scout leadership training camps of Fillmore in upstate New York, where we met. I asked him about the situation of the Hungarian communities and Hungarian Jesuits in Canada as well as about the challenges and opportunities of his own service. One year after the interview, he returned home and has just started his new ministry in P\u00e9cs.<\/strong><\/p>\n<div class=\"more-link-wrap\"> <a href=\"https:\/\/www.bocskairadio.org\/en\/assimilation-is-inherent-in-the-diaspora-a-conversation-with-jesuit-father-tamas-forrai\/\" class=\"more-link\"><span aria-label=\"Continue reading \u2018Assimilation is inherent in the diaspora\u2019 \u2014 A Conversation with Jesuit Father Tam\u00e1s Forrai\">(more&hellip;)<\/span><\/a><\/div><\/p>\n","protected":false},"author":43,"featured_media":1086849,"comment_status":"open","ping_status":"open","sticky":false,"template":"","format":"standard","meta":{"footnotes":""},"categories":[196],"tags":[],"class_list":["post-1100096","post","type-post","status-publish","format-standard","has-post-thumbnail","category-local-events-and-news"],"yoast_head":"<!-- This site is optimized with the Yoast SEO plugin v27.5 - https:\/\/yoast.com\/product\/yoast-seo-wordpress\/ -->\n<title>\u2018Assimilation is inherent in the diaspora\u2019 \u2014 A Conversation with Jesuit Father Tam\u00e1s Forrai &#8211; Bocskai R\u00e1di\u00f3<\/title>\n<meta name=\"robots\" content=\"index, follow, max-snippet:-1, max-image-preview:large, max-video-preview:-1\" \/>\n<link rel=\"canonical\" href=\"https:\/\/www.bocskairadio.org\/en\/assimilation-is-inherent-in-the-diaspora-a-conversation-with-jesuit-father-tamas-forrai\/\" \/>\n<meta property=\"og:locale\" content=\"en_US\" \/>\n<meta property=\"og:type\" content=\"article\" \/>\n<meta property=\"og:title\" content=\"\u2018Assimilation is inherent in the diaspora\u2019 \u2014 A Conversation with Jesuit Father Tam\u00e1s Forrai &#8211; Bocskai R\u00e1di\u00f3\" \/>\n<meta property=\"og:description\" content=\"This is an abridged version of the original\u00a0interview\u00a0first published on\u00a0777.hu. Father Tam\u00e1s Forrai was born and raised in Budapest, and first became a teacher, then a Jesuit priest. He was a high school principal in Miskolc, a provincial in Budapest and most recently a parish priest in Toronto, Canada for six years. He became a scout in Hungary and was a regular participant in the scout leadership training camps of Fillmore in upstate New York, where we met. I asked him about the situation of the Hungarian communities and Hungarian Jesuits in Canada as well as about the challenges and opportunities of his own service. One year after the interview, he returned home and has just started his new ministry in P\u00e9cs. (more&hellip;)\" \/>\n<meta property=\"og:url\" content=\"https:\/\/www.bocskairadio.org\/en\/assimilation-is-inherent-in-the-diaspora-a-conversation-with-jesuit-father-tamas-forrai\/\" \/>\n<meta property=\"og:site_name\" content=\"Bocskai R\u00e1di\u00f3\" \/>\n<meta property=\"article:publisher\" content=\"https:\/\/www.facebook.com\/BocskaiRadio\" \/>\n<meta property=\"article:published_time\" content=\"2023-08-22T02:36:43+00:00\" \/>\n<meta property=\"article:modified_time\" content=\"2025-01-04T01:36:26+00:00\" \/>\n<meta property=\"og:image\" content=\"https:\/\/www.bocskairadio.org\/wp-content\/uploads\/2023\/08\/Forrai-atya-scaled.jpg\" \/>\n\t<meta property=\"og:image:width\" content=\"1552\" \/>\n\t<meta property=\"og:image:height\" content=\"1164\" \/>\n\t<meta property=\"og:image:type\" content=\"image\/jpeg\" \/>\n<meta name=\"author\" content=\"Antal-Ferencz Ildik\u00f3\" \/>\n<meta name=\"twitter:card\" content=\"summary_large_image\" \/>\n<meta name=\"twitter:image\" content=\"https:\/\/www.bocskairadio.org\/wp-content\/uploads\/2023\/08\/Forrai-atya-scaled.jpg\" \/>\n<meta name=\"twitter:creator\" content=\"@BocskaiRadio\" \/>\n<meta name=\"twitter:site\" content=\"@BocskaiRadio\" \/>\n<script type=\"application\/ld+json\" class=\"yoast-schema-graph\">{\"@context\":\"https:\\\/\\\/schema.org\",\"@graph\":[{\"@type\":\"Article\",\"@id\":\"https:\\\/\\\/www.bocskairadio.org\\\/en\\\/assimilation-is-inherent-in-the-diaspora-a-conversation-with-jesuit-father-tamas-forrai\\\/#article\",\"isPartOf\":{\"@id\":\"https:\\\/\\\/www.bocskairadio.org\\\/en\\\/assimilation-is-inherent-in-the-diaspora-a-conversation-with-jesuit-father-tamas-forrai\\\/\"},\"author\":{\"name\":\"Antal-Ferencz Ildik\u00f3\",\"@id\":\"https:\\\/\\\/www.bocskairadio.org\\\/en\\\/#\\\/schema\\\/person\\\/b977d92bd338306ce1cd1b7e0e2815bc\"},\"headline\":\"\u2018Assimilation is inherent in the diaspora\u2019 \u2014 A Conversation with Jesuit Father Tam\u00e1s Forrai\",\"datePublished\":\"2023-08-22T02:36:43+00:00\",\"dateModified\":\"2025-01-04T01:36:26+00:00\",\"mainEntityOfPage\":{\"@id\":\"https:\\\/\\\/www.bocskairadio.org\\\/en\\\/assimilation-is-inherent-in-the-diaspora-a-conversation-with-jesuit-father-tamas-forrai\\\/\"},\"wordCount\":3690,\"commentCount\":0,\"publisher\":{\"@id\":\"https:\\\/\\\/www.bocskairadio.org\\\/en\\\/#organization\"},\"image\":{\"@id\":\"https:\\\/\\\/www.bocskairadio.org\\\/en\\\/assimilation-is-inherent-in-the-diaspora-a-conversation-with-jesuit-father-tamas-forrai\\\/#primaryimage\"},\"thumbnailUrl\":\"https:\\\/\\\/www.bocskairadio.org\\\/wp-content\\\/uploads\\\/2023\\\/08\\\/Forrai-atya-scaled.jpg\",\"articleSection\":[\"Local events and news\"],\"inLanguage\":\"en-US\",\"potentialAction\":[{\"@type\":\"CommentAction\",\"name\":\"Comment\",\"target\":[\"https:\\\/\\\/www.bocskairadio.org\\\/en\\\/assimilation-is-inherent-in-the-diaspora-a-conversation-with-jesuit-father-tamas-forrai\\\/#respond\"]}]},{\"@type\":\"WebPage\",\"@id\":\"https:\\\/\\\/www.bocskairadio.org\\\/en\\\/assimilation-is-inherent-in-the-diaspora-a-conversation-with-jesuit-father-tamas-forrai\\\/\",\"url\":\"https:\\\/\\\/www.bocskairadio.org\\\/en\\\/assimilation-is-inherent-in-the-diaspora-a-conversation-with-jesuit-father-tamas-forrai\\\/\",\"name\":\"\u2018Assimilation is inherent in the diaspora\u2019 \u2014 A Conversation with Jesuit Father Tam\u00e1s Forrai &#8211; Bocskai R\u00e1di\u00f3\",\"isPartOf\":{\"@id\":\"https:\\\/\\\/www.bocskairadio.org\\\/en\\\/#website\"},\"primaryImageOfPage\":{\"@id\":\"https:\\\/\\\/www.bocskairadio.org\\\/en\\\/assimilation-is-inherent-in-the-diaspora-a-conversation-with-jesuit-father-tamas-forrai\\\/#primaryimage\"},\"image\":{\"@id\":\"https:\\\/\\\/www.bocskairadio.org\\\/en\\\/assimilation-is-inherent-in-the-diaspora-a-conversation-with-jesuit-father-tamas-forrai\\\/#primaryimage\"},\"thumbnailUrl\":\"https:\\\/\\\/www.bocskairadio.org\\\/wp-content\\\/uploads\\\/2023\\\/08\\\/Forrai-atya-scaled.jpg\",\"datePublished\":\"2023-08-22T02:36:43+00:00\",\"dateModified\":\"2025-01-04T01:36:26+00:00\",\"inLanguage\":\"en-US\",\"potentialAction\":[{\"@type\":\"ReadAction\",\"target\":[\"https:\\\/\\\/www.bocskairadio.org\\\/en\\\/assimilation-is-inherent-in-the-diaspora-a-conversation-with-jesuit-father-tamas-forrai\\\/\"]}]},{\"@type\":\"ImageObject\",\"inLanguage\":\"en-US\",\"@id\":\"https:\\\/\\\/www.bocskairadio.org\\\/en\\\/assimilation-is-inherent-in-the-diaspora-a-conversation-with-jesuit-father-tamas-forrai\\\/#primaryimage\",\"url\":\"https:\\\/\\\/www.bocskairadio.org\\\/wp-content\\\/uploads\\\/2023\\\/08\\\/Forrai-atya-scaled.jpg\",\"contentUrl\":\"https:\\\/\\\/www.bocskairadio.org\\\/wp-content\\\/uploads\\\/2023\\\/08\\\/Forrai-atya-scaled.jpg\",\"width\":1552,\"height\":1164},{\"@type\":\"WebSite\",\"@id\":\"https:\\\/\\\/www.bocskairadio.org\\\/en\\\/#website\",\"url\":\"https:\\\/\\\/www.bocskairadio.org\\\/en\\\/\",\"name\":\"Bocskai R\u00e1di\u00f3\",\"description\":\"The Voice of Cleveland Hungarians\",\"publisher\":{\"@id\":\"https:\\\/\\\/www.bocskairadio.org\\\/en\\\/#organization\"},\"potentialAction\":[{\"@type\":\"SearchAction\",\"target\":{\"@type\":\"EntryPoint\",\"urlTemplate\":\"https:\\\/\\\/www.bocskairadio.org\\\/en\\\/?s={search_term_string}\"},\"query-input\":{\"@type\":\"PropertyValueSpecification\",\"valueRequired\":true,\"valueName\":\"search_term_string\"}}],\"inLanguage\":\"en-US\"},{\"@type\":\"Organization\",\"@id\":\"https:\\\/\\\/www.bocskairadio.org\\\/en\\\/#organization\",\"name\":\"Bocskai R\u00e1di\u00f3\",\"url\":\"https:\\\/\\\/www.bocskairadio.org\\\/en\\\/\",\"logo\":{\"@type\":\"ImageObject\",\"inLanguage\":\"en-US\",\"@id\":\"https:\\\/\\\/www.bocskairadio.org\\\/en\\\/#\\\/schema\\\/logo\\\/image\\\/\",\"url\":\"https:\\\/\\\/www.bocskairadio.org\\\/wp-content\\\/uploads\\\/2016\\\/11\\\/var3_basic.jpg\",\"contentUrl\":\"https:\\\/\\\/www.bocskairadio.org\\\/wp-content\\\/uploads\\\/2016\\\/11\\\/var3_basic.jpg\",\"width\":500,\"height\":500,\"caption\":\"Bocskai R\u00e1di\u00f3\"},\"image\":{\"@id\":\"https:\\\/\\\/www.bocskairadio.org\\\/en\\\/#\\\/schema\\\/logo\\\/image\\\/\"},\"sameAs\":[\"https:\\\/\\\/www.facebook.com\\\/BocskaiRadio\",\"https:\\\/\\\/x.com\\\/BocskaiRadio\",\"https:\\\/\\\/www.instagram.com\\\/bocskairadio\\\/\",\"https:\\\/\\\/www.youtube.com\\\/user\\\/bocskairadio\",\"https:\\\/\\\/hu.wikipedia.org\\\/wiki\\\/Bocskai_R\u00e1di\u00f3\"]},{\"@type\":\"Person\",\"@id\":\"https:\\\/\\\/www.bocskairadio.org\\\/en\\\/#\\\/schema\\\/person\\\/b977d92bd338306ce1cd1b7e0e2815bc\",\"name\":\"Antal-Ferencz Ildik\u00f3\",\"image\":{\"@type\":\"ImageObject\",\"inLanguage\":\"en-US\",\"@id\":\"https:\\\/\\\/www.bocskairadio.org\\\/wp-content\\\/uploads\\\/2023\\\/02\\\/Ildiko-Antal-Ferenc-150x150.jpg\",\"url\":\"https:\\\/\\\/www.bocskairadio.org\\\/wp-content\\\/uploads\\\/2023\\\/02\\\/Ildiko-Antal-Ferenc-150x150.jpg\",\"contentUrl\":\"https:\\\/\\\/www.bocskairadio.org\\\/wp-content\\\/uploads\\\/2023\\\/02\\\/Ildiko-Antal-Ferenc-150x150.jpg\",\"caption\":\"Antal-Ferencz Ildik\u00f3\"},\"description\":\"Erd\u00e9lyben n\u0151ttem fel, Budapesten j\u00e1rtam egyetemre, el\u0151sz\u00f6r k\u00f6zgazd\u00e1szk\u00e9nt dolgoztam, majd h\u00e1rom gyermekem sz\u00fclet\u00e9se ut\u00e1n, 2016 \u00f3ta \u00fajs\u00e1g\u00edr\u00f3k\u00e9nt. 2022. j\u00falius \u00e9s 2025. augusztus k\u00f6z\u00f6tt csal\u00e1dommal Amerik\u00e1ban (New Jersey \u00e1llamban) \u00e9lt\u00fcnk. Ezalatt k\u00fcls\u0151s munkat\u00e1rsk\u00e9nt seg\u00edtettem a Bocskai R\u00e1di\u00f3 munk\u00e1j\u00e1t, ill. szabad\u00fasz\u00f3 \u00fajs\u00e1g\u00edr\u00f3k\u00e9nt diaszp\u00f3ra t\u00e9m\u00e1j\u00fa cikkeket \u00edrtam magyarorsz\u00e1gi \u00fajs\u00e1gok sz\u00e1m\u00e1ra, amelyeket a Bocskai R\u00e1di\u00f3 is \u00e1tvett. Ut\u00f3bbi munk\u00e1t hazat\u00e9rve is folytatom, el\u0151bbit pedig majd akkor, amikor terveink szerint nyaranta visszat\u00e9r\u00fcnk Amerik\u00e1ba.\",\"url\":\"https:\\\/\\\/www.bocskairadio.org\\\/en\\\/author\\\/ildikoantalferencz\\\/\"}]}<\/script>\n<!-- \/ Yoast SEO plugin. -->","yoast_head_json":{"title":"\u2018Assimilation is inherent in the diaspora\u2019 \u2014 A Conversation with Jesuit Father Tam\u00e1s Forrai &#8211; Bocskai R\u00e1di\u00f3","robots":{"index":"index","follow":"follow","max-snippet":"max-snippet:-1","max-image-preview":"max-image-preview:large","max-video-preview":"max-video-preview:-1"},"canonical":"https:\/\/www.bocskairadio.org\/en\/assimilation-is-inherent-in-the-diaspora-a-conversation-with-jesuit-father-tamas-forrai\/","og_locale":"en_US","og_type":"article","og_title":"\u2018Assimilation is inherent in the diaspora\u2019 \u2014 A Conversation with Jesuit Father Tam\u00e1s Forrai &#8211; Bocskai R\u00e1di\u00f3","og_description":"This is an abridged version of the original\u00a0interview\u00a0first published on\u00a0777.hu. Father Tam\u00e1s Forrai was born and raised in Budapest, and first became a teacher, then a Jesuit priest. He was a high school principal in Miskolc, a provincial in Budapest and most recently a parish priest in Toronto, Canada for six years. He became a scout in Hungary and was a regular participant in the scout leadership training camps of Fillmore in upstate New York, where we met. I asked him about the situation of the Hungarian communities and Hungarian Jesuits in Canada as well as about the challenges and opportunities of his own service. One year after the interview, he returned home and has just started his new ministry in P\u00e9cs. (more&hellip;)","og_url":"https:\/\/www.bocskairadio.org\/en\/assimilation-is-inherent-in-the-diaspora-a-conversation-with-jesuit-father-tamas-forrai\/","og_site_name":"Bocskai R\u00e1di\u00f3","article_publisher":"https:\/\/www.facebook.com\/BocskaiRadio","article_published_time":"2023-08-22T02:36:43+00:00","article_modified_time":"2025-01-04T01:36:26+00:00","og_image":[{"width":1552,"height":1164,"url":"https:\/\/www.bocskairadio.org\/wp-content\/uploads\/2023\/08\/Forrai-atya-scaled.jpg","type":"image\/jpeg"}],"author":"Antal-Ferencz Ildik\u00f3","twitter_card":"summary_large_image","twitter_image":"https:\/\/www.bocskairadio.org\/wp-content\/uploads\/2023\/08\/Forrai-atya-scaled.jpg","twitter_creator":"@BocskaiRadio","twitter_site":"@BocskaiRadio","schema":{"@context":"https:\/\/schema.org","@graph":[{"@type":"Article","@id":"https:\/\/www.bocskairadio.org\/en\/assimilation-is-inherent-in-the-diaspora-a-conversation-with-jesuit-father-tamas-forrai\/#article","isPartOf":{"@id":"https:\/\/www.bocskairadio.org\/en\/assimilation-is-inherent-in-the-diaspora-a-conversation-with-jesuit-father-tamas-forrai\/"},"author":{"name":"Antal-Ferencz Ildik\u00f3","@id":"https:\/\/www.bocskairadio.org\/en\/#\/schema\/person\/b977d92bd338306ce1cd1b7e0e2815bc"},"headline":"\u2018Assimilation is inherent in the diaspora\u2019 \u2014 A Conversation with Jesuit Father Tam\u00e1s Forrai","datePublished":"2023-08-22T02:36:43+00:00","dateModified":"2025-01-04T01:36:26+00:00","mainEntityOfPage":{"@id":"https:\/\/www.bocskairadio.org\/en\/assimilation-is-inherent-in-the-diaspora-a-conversation-with-jesuit-father-tamas-forrai\/"},"wordCount":3690,"commentCount":0,"publisher":{"@id":"https:\/\/www.bocskairadio.org\/en\/#organization"},"image":{"@id":"https:\/\/www.bocskairadio.org\/en\/assimilation-is-inherent-in-the-diaspora-a-conversation-with-jesuit-father-tamas-forrai\/#primaryimage"},"thumbnailUrl":"https:\/\/www.bocskairadio.org\/wp-content\/uploads\/2023\/08\/Forrai-atya-scaled.jpg","articleSection":["Local events and news"],"inLanguage":"en-US","potentialAction":[{"@type":"CommentAction","name":"Comment","target":["https:\/\/www.bocskairadio.org\/en\/assimilation-is-inherent-in-the-diaspora-a-conversation-with-jesuit-father-tamas-forrai\/#respond"]}]},{"@type":"WebPage","@id":"https:\/\/www.bocskairadio.org\/en\/assimilation-is-inherent-in-the-diaspora-a-conversation-with-jesuit-father-tamas-forrai\/","url":"https:\/\/www.bocskairadio.org\/en\/assimilation-is-inherent-in-the-diaspora-a-conversation-with-jesuit-father-tamas-forrai\/","name":"\u2018Assimilation is inherent in the diaspora\u2019 \u2014 A Conversation with Jesuit Father Tam\u00e1s Forrai &#8211; Bocskai R\u00e1di\u00f3","isPartOf":{"@id":"https:\/\/www.bocskairadio.org\/en\/#website"},"primaryImageOfPage":{"@id":"https:\/\/www.bocskairadio.org\/en\/assimilation-is-inherent-in-the-diaspora-a-conversation-with-jesuit-father-tamas-forrai\/#primaryimage"},"image":{"@id":"https:\/\/www.bocskairadio.org\/en\/assimilation-is-inherent-in-the-diaspora-a-conversation-with-jesuit-father-tamas-forrai\/#primaryimage"},"thumbnailUrl":"https:\/\/www.bocskairadio.org\/wp-content\/uploads\/2023\/08\/Forrai-atya-scaled.jpg","datePublished":"2023-08-22T02:36:43+00:00","dateModified":"2025-01-04T01:36:26+00:00","inLanguage":"en-US","potentialAction":[{"@type":"ReadAction","target":["https:\/\/www.bocskairadio.org\/en\/assimilation-is-inherent-in-the-diaspora-a-conversation-with-jesuit-father-tamas-forrai\/"]}]},{"@type":"ImageObject","inLanguage":"en-US","@id":"https:\/\/www.bocskairadio.org\/en\/assimilation-is-inherent-in-the-diaspora-a-conversation-with-jesuit-father-tamas-forrai\/#primaryimage","url":"https:\/\/www.bocskairadio.org\/wp-content\/uploads\/2023\/08\/Forrai-atya-scaled.jpg","contentUrl":"https:\/\/www.bocskairadio.org\/wp-content\/uploads\/2023\/08\/Forrai-atya-scaled.jpg","width":1552,"height":1164},{"@type":"WebSite","@id":"https:\/\/www.bocskairadio.org\/en\/#website","url":"https:\/\/www.bocskairadio.org\/en\/","name":"Bocskai R\u00e1di\u00f3","description":"The Voice of Cleveland Hungarians","publisher":{"@id":"https:\/\/www.bocskairadio.org\/en\/#organization"},"potentialAction":[{"@type":"SearchAction","target":{"@type":"EntryPoint","urlTemplate":"https:\/\/www.bocskairadio.org\/en\/?s={search_term_string}"},"query-input":{"@type":"PropertyValueSpecification","valueRequired":true,"valueName":"search_term_string"}}],"inLanguage":"en-US"},{"@type":"Organization","@id":"https:\/\/www.bocskairadio.org\/en\/#organization","name":"Bocskai R\u00e1di\u00f3","url":"https:\/\/www.bocskairadio.org\/en\/","logo":{"@type":"ImageObject","inLanguage":"en-US","@id":"https:\/\/www.bocskairadio.org\/en\/#\/schema\/logo\/image\/","url":"https:\/\/www.bocskairadio.org\/wp-content\/uploads\/2016\/11\/var3_basic.jpg","contentUrl":"https:\/\/www.bocskairadio.org\/wp-content\/uploads\/2016\/11\/var3_basic.jpg","width":500,"height":500,"caption":"Bocskai R\u00e1di\u00f3"},"image":{"@id":"https:\/\/www.bocskairadio.org\/en\/#\/schema\/logo\/image\/"},"sameAs":["https:\/\/www.facebook.com\/BocskaiRadio","https:\/\/x.com\/BocskaiRadio","https:\/\/www.instagram.com\/bocskairadio\/","https:\/\/www.youtube.com\/user\/bocskairadio","https:\/\/hu.wikipedia.org\/wiki\/Bocskai_R\u00e1di\u00f3"]},{"@type":"Person","@id":"https:\/\/www.bocskairadio.org\/en\/#\/schema\/person\/b977d92bd338306ce1cd1b7e0e2815bc","name":"Antal-Ferencz Ildik\u00f3","image":{"@type":"ImageObject","inLanguage":"en-US","@id":"https:\/\/www.bocskairadio.org\/wp-content\/uploads\/2023\/02\/Ildiko-Antal-Ferenc-150x150.jpg","url":"https:\/\/www.bocskairadio.org\/wp-content\/uploads\/2023\/02\/Ildiko-Antal-Ferenc-150x150.jpg","contentUrl":"https:\/\/www.bocskairadio.org\/wp-content\/uploads\/2023\/02\/Ildiko-Antal-Ferenc-150x150.jpg","caption":"Antal-Ferencz Ildik\u00f3"},"description":"Erd\u00e9lyben n\u0151ttem fel, Budapesten j\u00e1rtam egyetemre, el\u0151sz\u00f6r k\u00f6zgazd\u00e1szk\u00e9nt dolgoztam, majd h\u00e1rom gyermekem sz\u00fclet\u00e9se ut\u00e1n, 2016 \u00f3ta \u00fajs\u00e1g\u00edr\u00f3k\u00e9nt. 2022. j\u00falius \u00e9s 2025. augusztus k\u00f6z\u00f6tt csal\u00e1dommal Amerik\u00e1ban (New Jersey \u00e1llamban) \u00e9lt\u00fcnk. Ezalatt k\u00fcls\u0151s munkat\u00e1rsk\u00e9nt seg\u00edtettem a Bocskai R\u00e1di\u00f3 munk\u00e1j\u00e1t, ill. szabad\u00fasz\u00f3 \u00fajs\u00e1g\u00edr\u00f3k\u00e9nt diaszp\u00f3ra t\u00e9m\u00e1j\u00fa cikkeket \u00edrtam magyarorsz\u00e1gi \u00fajs\u00e1gok sz\u00e1m\u00e1ra, amelyeket a Bocskai R\u00e1di\u00f3 is \u00e1tvett. Ut\u00f3bbi munk\u00e1t hazat\u00e9rve is folytatom, el\u0151bbit pedig majd akkor, amikor terveink szerint nyaranta visszat\u00e9r\u00fcnk Amerik\u00e1ba.","url":"https:\/\/www.bocskairadio.org\/en\/author\/ildikoantalferencz\/"}]}},"_links":{"self":[{"href":"https:\/\/www.bocskairadio.org\/en\/wp-json\/wp\/v2\/posts\/1100096","targetHints":{"allow":["GET"]}}],"collection":[{"href":"https:\/\/www.bocskairadio.org\/en\/wp-json\/wp\/v2\/posts"}],"about":[{"href":"https:\/\/www.bocskairadio.org\/en\/wp-json\/wp\/v2\/types\/post"}],"author":[{"embeddable":true,"href":"https:\/\/www.bocskairadio.org\/en\/wp-json\/wp\/v2\/users\/43"}],"replies":[{"embeddable":true,"href":"https:\/\/www.bocskairadio.org\/en\/wp-json\/wp\/v2\/comments?post=1100096"}],"version-history":[{"count":1,"href":"https:\/\/www.bocskairadio.org\/en\/wp-json\/wp\/v2\/posts\/1100096\/revisions"}],"predecessor-version":[{"id":1100098,"href":"https:\/\/www.bocskairadio.org\/en\/wp-json\/wp\/v2\/posts\/1100096\/revisions\/1100098"}],"wp:featuredmedia":[{"embeddable":true,"href":"https:\/\/www.bocskairadio.org\/en\/wp-json\/wp\/v2\/media\/1086849"}],"wp:attachment":[{"href":"https:\/\/www.bocskairadio.org\/en\/wp-json\/wp\/v2\/media?parent=1100096"}],"wp:term":[{"taxonomy":"category","embeddable":true,"href":"https:\/\/www.bocskairadio.org\/en\/wp-json\/wp\/v2\/categories?post=1100096"},{"taxonomy":"post_tag","embeddable":true,"href":"https:\/\/www.bocskairadio.org\/en\/wp-json\/wp\/v2\/tags?post=1100096"}],"curies":[{"name":"wp","href":"https:\/\/api.w.org\/{rel}","templated":true}]}}