{"id":1101372,"date":"2025-02-21T09:30:43","date_gmt":"2025-02-21T14:30:43","guid":{"rendered":"https:\/\/www.bocskairadio.org\/?p=1101372"},"modified":"2025-02-28T10:39:48","modified_gmt":"2025-02-28T15:39:48","slug":"1101372","status":"publish","type":"post","link":"https:\/\/www.bocskairadio.org\/en\/1101372\/","title":{"rendered":"J.D. Vance Receives Balazs Orban in Washington"},"content":{"rendered":"<p><strong>Balazs Orban, the Hungarian prime minister\u2019s political director, attended CPAC, where U.S. Vice President J.D. Vance hosted him along with the president of the Hungarian Institute of International Affairs. During the meeting, they agreed on the urgent need to end the Russia\u2013Ukraine war. <\/strong><\/p>\n<p><!--more--><\/p>\n<p>Other points of agreement include Europe having to address its migration crisis, and that the European Union needs leadership capable of effectively responding to the continent\u2019s challenges.<\/p>\n<p>Balazs Orban shared on social media that Vice President J.D. Vance welcomed the Hungarian delegation during the CPAC conference. Both parties emphasized the shared interest in achieving peace in Ukraine and curbing illegal migration in Europe.<\/p>\n<blockquote><p>J.D. Vance and I agreed on the importance of ending the Russia\u2013Ukraine war as soon as possible and resolving the migration crisis in Europe without delay,<\/p><\/blockquote>\n<p>Orban posted.<\/p>\n<p>They also highlighted the need for European Union leadership that can effectively manage current geopolitical and economic challenges.<\/p>\n<p>(<a href=\"https:\/\/magyarnemzet.hu\/english\/2025\/02\/jd-vance-receives-balazs-orban-in-washington\">Magyar Nemzet<\/a>)<\/p>\n<p><em>Cover photo: Balazs Orban, the Hungarian prime minister&#8217;s political director (Source: Facebook\/Balazs Orban)<\/em><\/p>\n","protected":false},"excerpt":{"rendered":"<p><strong>Balazs Orban, the Hungarian prime minister\u2019s political director, attended CPAC, where U.S. Vice President J.D. Vance hosted him along with the president of the Hungarian Institute of International Affairs. During the meeting, they agreed on the urgent need to end the Russia\u2013Ukraine war. <\/strong><\/p>\n<div class=\"more-link-wrap\"> <a href=\"https:\/\/www.bocskairadio.org\/en\/1101372\/\" class=\"more-link\"><span aria-label=\"Continue reading J.D. Vance Receives Balazs Orban in Washington\">(more&hellip;)<\/span><\/a><\/div>\n","protected":false},"author":33,"featured_media":1101376,"comment_status":"open","ping_status":"open","sticky":false,"template":"","format":"standard","meta":{"footnotes":""},"categories":[519],"tags":[],"class_list":["post-1101372","post","type-post","status-publish","format-standard","has-post-thumbnail","category-magyarorszag-en"],"yoast_head":"<!-- This site is optimized with the Yoast SEO plugin v27.4 - https:\/\/yoast.com\/product\/yoast-seo-wordpress\/ -->\n<title>J.D. Vance Receives Balazs Orban in Washington &#8211; Bocskai R\u00e1di\u00f3<\/title>\n<meta name=\"robots\" content=\"index, follow, max-snippet:-1, max-image-preview:large, max-video-preview:-1\" \/>\n<link rel=\"canonical\" href=\"https:\/\/www.bocskairadio.org\/en\/1101372\/\" \/>\n<meta property=\"og:locale\" content=\"en_US\" \/>\n<meta property=\"og:type\" content=\"article\" \/>\n<meta property=\"og:title\" content=\"J.D. Vance Receives Balazs Orban in Washington &#8211; Bocskai R\u00e1di\u00f3\" \/>\n<meta property=\"og:description\" content=\"Balazs Orban, the Hungarian prime minister\u2019s political director, attended CPAC, where U.S. Vice President J.D. Vance hosted him along with the president of the Hungarian Institute of International Affairs. During the meeting, they agreed on the urgent need to end the Russia\u2013Ukraine war.   (more&hellip;)\" \/>\n<meta property=\"og:url\" content=\"https:\/\/www.bocskairadio.org\/en\/1101372\/\" \/>\n<meta property=\"og:site_name\" content=\"Bocskai R\u00e1di\u00f3\" \/>\n<meta property=\"article:publisher\" content=\"https:\/\/www.facebook.com\/BocskaiRadio\" \/>\n<meta property=\"article:published_time\" content=\"2025-02-21T14:30:43+00:00\" \/>\n<meta property=\"article:modified_time\" content=\"2025-02-28T15:39:48+00:00\" \/>\n<meta property=\"og:image\" content=\"https:\/\/www.bocskairadio.org\/wp-content\/uploads\/2025\/02\/balazs-orban-the-hungarian-prime-ministers-political-director.jpeg\" \/>\n\t<meta property=\"og:image:width\" content=\"1200\" \/>\n\t<meta property=\"og:image:height\" content=\"675\" \/>\n\t<meta property=\"og:image:type\" content=\"image\/jpeg\" \/>\n<meta name=\"author\" content=\"Bocskai R\u00e1di\u00f3 Sajt\u00f3figyel\u0151\" \/>\n<meta name=\"twitter:card\" content=\"summary_large_image\" \/>\n<meta name=\"twitter:image\" content=\"https:\/\/www.bocskairadio.org\/wp-content\/uploads\/2025\/02\/balazs-orban-the-hungarian-prime-ministers-political-director.jpeg\" \/>\n<meta name=\"twitter:creator\" content=\"@BocskaiRadio\" \/>\n<meta name=\"twitter:site\" content=\"@BocskaiRadio\" \/>\n<script type=\"application\/ld+json\" class=\"yoast-schema-graph\">{\"@context\":\"https:\\\/\\\/schema.org\",\"@graph\":[{\"@type\":\"Article\",\"@id\":\"https:\\\/\\\/www.bocskairadio.org\\\/en\\\/1101372\\\/#article\",\"isPartOf\":{\"@id\":\"https:\\\/\\\/www.bocskairadio.org\\\/en\\\/1101372\\\/\"},\"author\":{\"name\":\"Bocskai R\u00e1di\u00f3 Sajt\u00f3figyel\u0151\",\"@id\":\"https:\\\/\\\/www.bocskairadio.org\\\/en\\\/#\\\/schema\\\/person\\\/315c6a7157660526a98013de468aea9b\"},\"headline\":\"J.D. Vance Receives Balazs Orban in Washington\",\"datePublished\":\"2025-02-21T14:30:43+00:00\",\"dateModified\":\"2025-02-28T15:39:48+00:00\",\"mainEntityOfPage\":{\"@id\":\"https:\\\/\\\/www.bocskairadio.org\\\/en\\\/1101372\\\/\"},\"wordCount\":185,\"commentCount\":0,\"publisher\":{\"@id\":\"https:\\\/\\\/www.bocskairadio.org\\\/en\\\/#organization\"},\"image\":{\"@id\":\"https:\\\/\\\/www.bocskairadio.org\\\/en\\\/1101372\\\/#primaryimage\"},\"thumbnailUrl\":\"https:\\\/\\\/www.bocskairadio.org\\\/wp-content\\\/uploads\\\/2025\\\/02\\\/balazs-orban-the-hungarian-prime-ministers-political-director-1.jpeg\",\"articleSection\":[\"Magyarorsz\u00e1gi h\u00edrek\"],\"inLanguage\":\"en-US\",\"potentialAction\":[{\"@type\":\"CommentAction\",\"name\":\"Comment\",\"target\":[\"https:\\\/\\\/www.bocskairadio.org\\\/en\\\/1101372\\\/#respond\"]}]},{\"@type\":\"WebPage\",\"@id\":\"https:\\\/\\\/www.bocskairadio.org\\\/en\\\/1101372\\\/\",\"url\":\"https:\\\/\\\/www.bocskairadio.org\\\/en\\\/1101372\\\/\",\"name\":\"J.D. Vance Receives Balazs Orban in Washington &#8211; Bocskai R\u00e1di\u00f3\",\"isPartOf\":{\"@id\":\"https:\\\/\\\/www.bocskairadio.org\\\/en\\\/#website\"},\"primaryImageOfPage\":{\"@id\":\"https:\\\/\\\/www.bocskairadio.org\\\/en\\\/1101372\\\/#primaryimage\"},\"image\":{\"@id\":\"https:\\\/\\\/www.bocskairadio.org\\\/en\\\/1101372\\\/#primaryimage\"},\"thumbnailUrl\":\"https:\\\/\\\/www.bocskairadio.org\\\/wp-content\\\/uploads\\\/2025\\\/02\\\/balazs-orban-the-hungarian-prime-ministers-political-director-1.jpeg\",\"datePublished\":\"2025-02-21T14:30:43+00:00\",\"dateModified\":\"2025-02-28T15:39:48+00:00\",\"inLanguage\":\"en-US\",\"potentialAction\":[{\"@type\":\"ReadAction\",\"target\":[\"https:\\\/\\\/www.bocskairadio.org\\\/en\\\/1101372\\\/\"]}]},{\"@type\":\"ImageObject\",\"inLanguage\":\"en-US\",\"@id\":\"https:\\\/\\\/www.bocskairadio.org\\\/en\\\/1101372\\\/#primaryimage\",\"url\":\"https:\\\/\\\/www.bocskairadio.org\\\/wp-content\\\/uploads\\\/2025\\\/02\\\/balazs-orban-the-hungarian-prime-ministers-political-director-1.jpeg\",\"contentUrl\":\"https:\\\/\\\/www.bocskairadio.org\\\/wp-content\\\/uploads\\\/2025\\\/02\\\/balazs-orban-the-hungarian-prime-ministers-political-director-1.jpeg\",\"width\":1164,\"height\":1746},{\"@type\":\"WebSite\",\"@id\":\"https:\\\/\\\/www.bocskairadio.org\\\/en\\\/#website\",\"url\":\"https:\\\/\\\/www.bocskairadio.org\\\/en\\\/\",\"name\":\"Bocskai R\u00e1di\u00f3\",\"description\":\"The Voice of Cleveland Hungarians\",\"publisher\":{\"@id\":\"https:\\\/\\\/www.bocskairadio.org\\\/en\\\/#organization\"},\"potentialAction\":[{\"@type\":\"SearchAction\",\"target\":{\"@type\":\"EntryPoint\",\"urlTemplate\":\"https:\\\/\\\/www.bocskairadio.org\\\/en\\\/?s={search_term_string}\"},\"query-input\":{\"@type\":\"PropertyValueSpecification\",\"valueRequired\":true,\"valueName\":\"search_term_string\"}}],\"inLanguage\":\"en-US\"},{\"@type\":\"Organization\",\"@id\":\"https:\\\/\\\/www.bocskairadio.org\\\/en\\\/#organization\",\"name\":\"Bocskai R\u00e1di\u00f3\",\"url\":\"https:\\\/\\\/www.bocskairadio.org\\\/en\\\/\",\"logo\":{\"@type\":\"ImageObject\",\"inLanguage\":\"en-US\",\"@id\":\"https:\\\/\\\/www.bocskairadio.org\\\/en\\\/#\\\/schema\\\/logo\\\/image\\\/\",\"url\":\"https:\\\/\\\/www.bocskairadio.org\\\/wp-content\\\/uploads\\\/2016\\\/11\\\/var3_basic.jpg\",\"contentUrl\":\"https:\\\/\\\/www.bocskairadio.org\\\/wp-content\\\/uploads\\\/2016\\\/11\\\/var3_basic.jpg\",\"width\":500,\"height\":500,\"caption\":\"Bocskai R\u00e1di\u00f3\"},\"image\":{\"@id\":\"https:\\\/\\\/www.bocskairadio.org\\\/en\\\/#\\\/schema\\\/logo\\\/image\\\/\"},\"sameAs\":[\"https:\\\/\\\/www.facebook.com\\\/BocskaiRadio\",\"https:\\\/\\\/x.com\\\/BocskaiRadio\",\"https:\\\/\\\/www.instagram.com\\\/bocskairadio\\\/\",\"https:\\\/\\\/www.youtube.com\\\/user\\\/bocskairadio\",\"https:\\\/\\\/hu.wikipedia.org\\\/wiki\\\/Bocskai_R\u00e1di\u00f3\"]},{\"@type\":\"Person\",\"@id\":\"https:\\\/\\\/www.bocskairadio.org\\\/en\\\/#\\\/schema\\\/person\\\/315c6a7157660526a98013de468aea9b\",\"name\":\"Bocskai R\u00e1di\u00f3 Sajt\u00f3figyel\u0151\",\"image\":{\"@type\":\"ImageObject\",\"inLanguage\":\"en-US\",\"@id\":\"https:\\\/\\\/secure.gravatar.com\\\/avatar\\\/172f6f7512ad482be66da86e5fa9a1801ba4dfc3c51d3e9bc67bb6e90cdacea8?s=96&d=mm&r=g\",\"url\":\"https:\\\/\\\/secure.gravatar.com\\\/avatar\\\/172f6f7512ad482be66da86e5fa9a1801ba4dfc3c51d3e9bc67bb6e90cdacea8?s=96&d=mm&r=g\",\"contentUrl\":\"https:\\\/\\\/secure.gravatar.com\\\/avatar\\\/172f6f7512ad482be66da86e5fa9a1801ba4dfc3c51d3e9bc67bb6e90cdacea8?s=96&d=mm&r=g\",\"caption\":\"Bocskai R\u00e1di\u00f3 Sajt\u00f3figyel\u0151\"},\"sameAs\":[\"https:\\\/\\\/www.bocskairadio.org\"],\"url\":\"https:\\\/\\\/www.bocskairadio.org\\\/en\\\/author\\\/sajtofigyelo\\\/\"}]}<\/script>\n<!-- \/ Yoast SEO plugin. -->","yoast_head_json":{"title":"J.D. Vance Receives Balazs Orban in Washington &#8211; Bocskai R\u00e1di\u00f3","robots":{"index":"index","follow":"follow","max-snippet":"max-snippet:-1","max-image-preview":"max-image-preview:large","max-video-preview":"max-video-preview:-1"},"canonical":"https:\/\/www.bocskairadio.org\/en\/1101372\/","og_locale":"en_US","og_type":"article","og_title":"J.D. Vance Receives Balazs Orban in Washington &#8211; Bocskai R\u00e1di\u00f3","og_description":"Balazs Orban, the Hungarian prime minister\u2019s political director, attended CPAC, where U.S. Vice President J.D. Vance hosted him along with the president of the Hungarian Institute of International Affairs. During the meeting, they agreed on the urgent need to end the Russia\u2013Ukraine war.   (more&hellip;)","og_url":"https:\/\/www.bocskairadio.org\/en\/1101372\/","og_site_name":"Bocskai R\u00e1di\u00f3","article_publisher":"https:\/\/www.facebook.com\/BocskaiRadio","article_published_time":"2025-02-21T14:30:43+00:00","article_modified_time":"2025-02-28T15:39:48+00:00","og_image":[{"width":1200,"height":675,"url":"https:\/\/www.bocskairadio.org\/wp-content\/uploads\/2025\/02\/balazs-orban-the-hungarian-prime-ministers-political-director.jpeg","type":"image\/jpeg"}],"author":"Bocskai R\u00e1di\u00f3 Sajt\u00f3figyel\u0151","twitter_card":"summary_large_image","twitter_image":"https:\/\/www.bocskairadio.org\/wp-content\/uploads\/2025\/02\/balazs-orban-the-hungarian-prime-ministers-political-director.jpeg","twitter_creator":"@BocskaiRadio","twitter_site":"@BocskaiRadio","schema":{"@context":"https:\/\/schema.org","@graph":[{"@type":"Article","@id":"https:\/\/www.bocskairadio.org\/en\/1101372\/#article","isPartOf":{"@id":"https:\/\/www.bocskairadio.org\/en\/1101372\/"},"author":{"name":"Bocskai R\u00e1di\u00f3 Sajt\u00f3figyel\u0151","@id":"https:\/\/www.bocskairadio.org\/en\/#\/schema\/person\/315c6a7157660526a98013de468aea9b"},"headline":"J.D. Vance Receives Balazs Orban in Washington","datePublished":"2025-02-21T14:30:43+00:00","dateModified":"2025-02-28T15:39:48+00:00","mainEntityOfPage":{"@id":"https:\/\/www.bocskairadio.org\/en\/1101372\/"},"wordCount":185,"commentCount":0,"publisher":{"@id":"https:\/\/www.bocskairadio.org\/en\/#organization"},"image":{"@id":"https:\/\/www.bocskairadio.org\/en\/1101372\/#primaryimage"},"thumbnailUrl":"https:\/\/www.bocskairadio.org\/wp-content\/uploads\/2025\/02\/balazs-orban-the-hungarian-prime-ministers-political-director-1.jpeg","articleSection":["Magyarorsz\u00e1gi h\u00edrek"],"inLanguage":"en-US","potentialAction":[{"@type":"CommentAction","name":"Comment","target":["https:\/\/www.bocskairadio.org\/en\/1101372\/#respond"]}]},{"@type":"WebPage","@id":"https:\/\/www.bocskairadio.org\/en\/1101372\/","url":"https:\/\/www.bocskairadio.org\/en\/1101372\/","name":"J.D. Vance Receives Balazs Orban in Washington &#8211; Bocskai R\u00e1di\u00f3","isPartOf":{"@id":"https:\/\/www.bocskairadio.org\/en\/#website"},"primaryImageOfPage":{"@id":"https:\/\/www.bocskairadio.org\/en\/1101372\/#primaryimage"},"image":{"@id":"https:\/\/www.bocskairadio.org\/en\/1101372\/#primaryimage"},"thumbnailUrl":"https:\/\/www.bocskairadio.org\/wp-content\/uploads\/2025\/02\/balazs-orban-the-hungarian-prime-ministers-political-director-1.jpeg","datePublished":"2025-02-21T14:30:43+00:00","dateModified":"2025-02-28T15:39:48+00:00","inLanguage":"en-US","potentialAction":[{"@type":"ReadAction","target":["https:\/\/www.bocskairadio.org\/en\/1101372\/"]}]},{"@type":"ImageObject","inLanguage":"en-US","@id":"https:\/\/www.bocskairadio.org\/en\/1101372\/#primaryimage","url":"https:\/\/www.bocskairadio.org\/wp-content\/uploads\/2025\/02\/balazs-orban-the-hungarian-prime-ministers-political-director-1.jpeg","contentUrl":"https:\/\/www.bocskairadio.org\/wp-content\/uploads\/2025\/02\/balazs-orban-the-hungarian-prime-ministers-political-director-1.jpeg","width":1164,"height":1746},{"@type":"WebSite","@id":"https:\/\/www.bocskairadio.org\/en\/#website","url":"https:\/\/www.bocskairadio.org\/en\/","name":"Bocskai R\u00e1di\u00f3","description":"The Voice of Cleveland Hungarians","publisher":{"@id":"https:\/\/www.bocskairadio.org\/en\/#organization"},"potentialAction":[{"@type":"SearchAction","target":{"@type":"EntryPoint","urlTemplate":"https:\/\/www.bocskairadio.org\/en\/?s={search_term_string}"},"query-input":{"@type":"PropertyValueSpecification","valueRequired":true,"valueName":"search_term_string"}}],"inLanguage":"en-US"},{"@type":"Organization","@id":"https:\/\/www.bocskairadio.org\/en\/#organization","name":"Bocskai R\u00e1di\u00f3","url":"https:\/\/www.bocskairadio.org\/en\/","logo":{"@type":"ImageObject","inLanguage":"en-US","@id":"https:\/\/www.bocskairadio.org\/en\/#\/schema\/logo\/image\/","url":"https:\/\/www.bocskairadio.org\/wp-content\/uploads\/2016\/11\/var3_basic.jpg","contentUrl":"https:\/\/www.bocskairadio.org\/wp-content\/uploads\/2016\/11\/var3_basic.jpg","width":500,"height":500,"caption":"Bocskai R\u00e1di\u00f3"},"image":{"@id":"https:\/\/www.bocskairadio.org\/en\/#\/schema\/logo\/image\/"},"sameAs":["https:\/\/www.facebook.com\/BocskaiRadio","https:\/\/x.com\/BocskaiRadio","https:\/\/www.instagram.com\/bocskairadio\/","https:\/\/www.youtube.com\/user\/bocskairadio","https:\/\/hu.wikipedia.org\/wiki\/Bocskai_R\u00e1di\u00f3"]},{"@type":"Person","@id":"https:\/\/www.bocskairadio.org\/en\/#\/schema\/person\/315c6a7157660526a98013de468aea9b","name":"Bocskai R\u00e1di\u00f3 Sajt\u00f3figyel\u0151","image":{"@type":"ImageObject","inLanguage":"en-US","@id":"https:\/\/secure.gravatar.com\/avatar\/172f6f7512ad482be66da86e5fa9a1801ba4dfc3c51d3e9bc67bb6e90cdacea8?s=96&d=mm&r=g","url":"https:\/\/secure.gravatar.com\/avatar\/172f6f7512ad482be66da86e5fa9a1801ba4dfc3c51d3e9bc67bb6e90cdacea8?s=96&d=mm&r=g","contentUrl":"https:\/\/secure.gravatar.com\/avatar\/172f6f7512ad482be66da86e5fa9a1801ba4dfc3c51d3e9bc67bb6e90cdacea8?s=96&d=mm&r=g","caption":"Bocskai R\u00e1di\u00f3 Sajt\u00f3figyel\u0151"},"sameAs":["https:\/\/www.bocskairadio.org"],"url":"https:\/\/www.bocskairadio.org\/en\/author\/sajtofigyelo\/"}]}},"_links":{"self":[{"href":"https:\/\/www.bocskairadio.org\/en\/wp-json\/wp\/v2\/posts\/1101372","targetHints":{"allow":["GET"]}}],"collection":[{"href":"https:\/\/www.bocskairadio.org\/en\/wp-json\/wp\/v2\/posts"}],"about":[{"href":"https:\/\/www.bocskairadio.org\/en\/wp-json\/wp\/v2\/types\/post"}],"author":[{"embeddable":true,"href":"https:\/\/www.bocskairadio.org\/en\/wp-json\/wp\/v2\/users\/33"}],"replies":[{"embeddable":true,"href":"https:\/\/www.bocskairadio.org\/en\/wp-json\/wp\/v2\/comments?post=1101372"}],"version-history":[{"count":3,"href":"https:\/\/www.bocskairadio.org\/en\/wp-json\/wp\/v2\/posts\/1101372\/revisions"}],"predecessor-version":[{"id":1101379,"href":"https:\/\/www.bocskairadio.org\/en\/wp-json\/wp\/v2\/posts\/1101372\/revisions\/1101379"}],"wp:featuredmedia":[{"embeddable":true,"href":"https:\/\/www.bocskairadio.org\/en\/wp-json\/wp\/v2\/media\/1101376"}],"wp:attachment":[{"href":"https:\/\/www.bocskairadio.org\/en\/wp-json\/wp\/v2\/media?parent=1101372"}],"wp:term":[{"taxonomy":"category","embeddable":true,"href":"https:\/\/www.bocskairadio.org\/en\/wp-json\/wp\/v2\/categories?post=1101372"},{"taxonomy":"post_tag","embeddable":true,"href":"https:\/\/www.bocskairadio.org\/en\/wp-json\/wp\/v2\/tags?post=1101372"}],"curies":[{"name":"wp","href":"https:\/\/api.w.org\/{rel}","templated":true}]}}