{"id":1102485,"date":"2025-04-05T13:35:14","date_gmt":"2025-04-05T17:35:14","guid":{"rendered":"https:\/\/www.bocskairadio.org\/?p=1102485"},"modified":"2025-04-05T13:30:15","modified_gmt":"2025-04-05T17:30:15","slug":"szijjarto-peter-a-roman-kulugyminiszterhez-fordult-a-magyarellenesseg-miatt","status":"publish","type":"post","link":"https:\/\/www.bocskairadio.org\/en\/szijjarto-peter-a-roman-kulugyminiszterhez-fordult-a-magyarellenesseg-miatt\/","title":{"rendered":"Szijj\u00e1rt\u00f3 P\u00e9ter a rom\u00e1n k\u00fcl\u00fcgyminiszterhez fordult a magyarelleness\u00e9g miatt"},"content":{"rendered":"<p><strong>A Kolozsv\u00e1ron \u00e9s Cs\u00edkszered\u00e1n t\u00f6rt\u00e9ntekkel kapcsolatban nem nagyk\u00f6veti, hanem r\u00f6gt\u00f6n k\u00fcl\u00fcgyminiszteri szinten ker\u00fclt sor l\u00e9p\u00e9sekre \u2013 reag\u00e1lt a K\u00fclgazdas\u00e1gi \u00e9s K\u00fcl\u00fcgyminiszt\u00e9rium sz\u00f3viv\u0151je az MTI-nek arra, hogy a Mi Haz\u00e1nk a rom\u00e1n nagyk\u00f6vet azonnali bek\u00e9ret\u00e9s\u00e9re sz\u00f3l\u00edtotta fel Szijj\u00e1rt\u00f3 P\u00e9ter k\u00fclgazdas\u00e1gi \u00e9s k\u00fcl\u00fcgyminisztert a magyarul besz\u00e9l\u0151 fiatalok kolozsv\u00e1ri megt\u00e1mad\u00e1sa miatt.<\/strong><\/p>\n<p><!--more--><br \/>\nPaczolay M\u00e1t\u00e9 ismertette, a magyar k\u00fcl\u00fcgyminiszter nem a nagyk\u00f6vethez, hanem k\u00f6zvetlen a budapesti rom\u00e1n nagyk\u00f6vet f\u0151n\u00f6k\u00e9hez, Emil Hurezeanu k\u00fcl\u00fcgyminiszterhez fordult az incidensek kapcs\u00e1n. A rom\u00e1n k\u00fcl\u00fcgyminiszterrel folytatott telefonos megbesz\u00e9l\u00e9sen Szijj\u00e1rt\u00f3 P\u00e9ter vil\u00e1goss\u00e1 tette, elfogadhatatlannak tartjuk \u00e9s a lehet\u0151 leghat\u00e1rozottabban el\u00edt\u00e9lj\u00fck a t\u00f6rt\u00e9nteket \u2013 jegyezte meg. A rom\u00e1n k\u00fcl\u00fcgyminiszterrel egyet\u00e9rt\u00e9s volt abban, hogy ezeket az eseteket komolyan kell venni \u00e9s s\u00falyuknak megfelel\u0151en kell \u0151ket kezelni.<\/p>\n<blockquote><p>\u201eA rom\u00e1n k\u00fcl\u00fcgy ez\u00e9rt is biztos\u00edtott minket arr\u00f3l, hogy a hat\u00f3s\u00e1gok mindent megtesznek az elk\u00f6vet\u0151k k\u00e9zre ker\u00edt\u00e9se \u00e9s megb\u00fcntet\u00e9se \u00e9rdek\u00e9ben\u201d<\/p><\/blockquote>\n<p>\u2013 \u00edrta Paczolay M\u00e1t\u00e9. Hozz\u00e1tette, a k\u00e9t k\u00fcl\u00fcgyminiszter emellett egyet\u00e9rtett abban is, hogy minden lehets\u00e9ges eszk\u00f6zzel meg kell akad\u00e1lyozni az ilyen t\u00edpus\u00fa cselekm\u00e9nyek megism\u00e9tl\u0151d\u00e9s\u00e9t, ahogy azt is, hogy sz\u00e9ls\u0151s\u00e9ges emberek t\u00f6nkretegy\u00e9k a k\u00e9t orsz\u00e1g k\u00f6z\u00f6tti egyre javul\u00f3 kapcsolat\u00e1t.<\/p>\n<p>(<a href=\"https:\/\/hirado.hu\/belfold\/cikk\/2025\/04\/05\/szijjarto-peter-kozvetlenul-a-roman-kulugyminiszterhez-fordult-a-magyarellenes-tamadasokkal-kapcsolatban\">H\u00edrad\u00f3<\/a>)<\/p>\n<p><em>Bor\u00edt\u00f3k\u00e9p: Magyar fiatalok m\u00e1rcius 31-\u00e9n este elk\u00f6vetett b\u00e1ntalmaz\u00e1sa ellen tiltakoz\u00f3 b\u00e9k\u00e9s felvonul\u00e1s r\u00e9sztvev\u0151i Kolozsv\u00e1ron 2025. \u00e1prilis 3-\u00e1n. A k\u00e9t kolozsv\u00e1ri futballcsapat, az Universitatea Cluj \u00e9s a CFR Cluj m\u00e9rk\u0151z\u00e9se ut\u00e1n az U ultr\u00e1i magyar fiatalokra t\u00e1madtak az\u00e9rt, mert magyarul besz\u00e9ltek, \u00e9s t\u00f6bbet b\u00e1ntalmaztak k\u00f6z\u00fcl\u00fck, s\u00falyos s\u00e9r\u00fcl\u00e9seket okozva nekik. A megmozdul\u00e1st a helyi magyar ifj\u00fas\u00e1gi szervezetek szervezt\u00e9k. Fot\u00f3: MTI\/Kiss G\u00e1bor<\/em><\/p>\n","protected":false},"excerpt":{"rendered":"<p><strong>A Kolozsv\u00e1ron \u00e9s Cs\u00edkszered\u00e1n t\u00f6rt\u00e9ntekkel kapcsolatban nem nagyk\u00f6veti, hanem r\u00f6gt\u00f6n k\u00fcl\u00fcgyminiszteri szinten ker\u00fclt sor l\u00e9p\u00e9sekre \u2013 reag\u00e1lt a K\u00fclgazdas\u00e1gi \u00e9s K\u00fcl\u00fcgyminiszt\u00e9rium sz\u00f3viv\u0151je az MTI-nek arra, hogy a Mi Haz\u00e1nk a rom\u00e1n nagyk\u00f6vet azonnali bek\u00e9ret\u00e9s\u00e9re sz\u00f3l\u00edtotta fel Szijj\u00e1rt\u00f3 P\u00e9ter k\u00fclgazdas\u00e1gi \u00e9s k\u00fcl\u00fcgyminisztert a magyarul besz\u00e9l\u0151 fiatalok kolozsv\u00e1ri megt\u00e1mad\u00e1sa miatt.<\/strong><\/p>\n<div class=\"more-link-wrap\"> <a href=\"https:\/\/www.bocskairadio.org\/en\/szijjarto-peter-a-roman-kulugyminiszterhez-fordult-a-magyarellenesseg-miatt\/\" class=\"more-link\"><span aria-label=\"Continue reading Szijj\u00e1rt\u00f3 P\u00e9ter a rom\u00e1n k\u00fcl\u00fcgyminiszterhez fordult a magyarelleness\u00e9g miatt\">(more&hellip;)<\/span><\/a><\/div>\n","protected":false},"author":33,"featured_media":1102486,"comment_status":"open","ping_status":"open","sticky":false,"template":"","format":"standard","meta":{"footnotes":""},"categories":[56],"tags":[],"class_list":["post-1102485","post","type-post","status-publish","format-standard","has-post-thumbnail","category-elszakitott-teruletek"],"yoast_head":"<!-- This site is optimized with the Yoast SEO plugin v27.4 - https:\/\/yoast.com\/product\/yoast-seo-wordpress\/ -->\n<title>Szijj\u00e1rt\u00f3 P\u00e9ter a rom\u00e1n k\u00fcl\u00fcgyminiszterhez fordult a magyarelleness\u00e9g miatt &#8211; Bocskai R\u00e1di\u00f3<\/title>\n<meta name=\"robots\" content=\"index, follow, max-snippet:-1, max-image-preview:large, max-video-preview:-1\" \/>\n<link rel=\"canonical\" href=\"https:\/\/www.bocskairadio.org\/en\/szijjarto-peter-a-roman-kulugyminiszterhez-fordult-a-magyarellenesseg-miatt\/\" \/>\n<meta property=\"og:locale\" content=\"en_US\" \/>\n<meta property=\"og:type\" content=\"article\" \/>\n<meta property=\"og:title\" content=\"Szijj\u00e1rt\u00f3 P\u00e9ter a rom\u00e1n k\u00fcl\u00fcgyminiszterhez fordult a magyarelleness\u00e9g miatt &#8211; Bocskai R\u00e1di\u00f3\" \/>\n<meta property=\"og:description\" content=\"A Kolozsv\u00e1ron \u00e9s Cs\u00edkszered\u00e1n t\u00f6rt\u00e9ntekkel kapcsolatban nem nagyk\u00f6veti, hanem r\u00f6gt\u00f6n k\u00fcl\u00fcgyminiszteri szinten ker\u00fclt sor l\u00e9p\u00e9sekre \u2013 reag\u00e1lt a K\u00fclgazdas\u00e1gi \u00e9s K\u00fcl\u00fcgyminiszt\u00e9rium sz\u00f3viv\u0151je az MTI-nek arra, hogy a Mi Haz\u00e1nk a rom\u00e1n nagyk\u00f6vet azonnali bek\u00e9ret\u00e9s\u00e9re sz\u00f3l\u00edtotta fel Szijj\u00e1rt\u00f3 P\u00e9ter k\u00fclgazdas\u00e1gi \u00e9s k\u00fcl\u00fcgyminisztert a magyarul besz\u00e9l\u0151 fiatalok kolozsv\u00e1ri megt\u00e1mad\u00e1sa miatt.   (more&hellip;)\" \/>\n<meta property=\"og:url\" content=\"https:\/\/www.bocskairadio.org\/en\/szijjarto-peter-a-roman-kulugyminiszterhez-fordult-a-magyarellenesseg-miatt\/\" \/>\n<meta property=\"og:site_name\" content=\"Bocskai R\u00e1di\u00f3\" \/>\n<meta property=\"article:publisher\" content=\"https:\/\/www.facebook.com\/BocskaiRadio\" \/>\n<meta property=\"article:published_time\" content=\"2025-04-05T17:35:14+00:00\" \/>\n<meta property=\"og:image\" content=\"https:\/\/www.bocskairadio.org\/wp-content\/uploads\/2025\/04\/magyar-fiatalok-ellen-elkovetett-bantalmazas-miatt-tiltakozo-felvonulas-resztvevoi-kolozsvaron-2025apr-scaled.jpg\" \/>\n\t<meta property=\"og:image:width\" content=\"2072\" \/>\n\t<meta property=\"og:image:height\" content=\"1164\" \/>\n\t<meta property=\"og:image:type\" content=\"image\/jpeg\" \/>\n<meta name=\"author\" content=\"Bocskai R\u00e1di\u00f3 Sajt\u00f3figyel\u0151\" \/>\n<meta name=\"twitter:card\" content=\"summary_large_image\" \/>\n<meta name=\"twitter:image\" content=\"https:\/\/www.bocskairadio.org\/wp-content\/uploads\/2025\/04\/magyar-fiatalok-ellen-elkovetett-bantalmazas-miatt-tiltakozo-felvonulas-resztvevoi-kolozsvaron-2025apr-scaled.jpg\" \/>\n<meta name=\"twitter:creator\" content=\"@BocskaiRadio\" \/>\n<meta name=\"twitter:site\" content=\"@BocskaiRadio\" \/>\n<script type=\"application\/ld+json\" class=\"yoast-schema-graph\">{\"@context\":\"https:\\\/\\\/schema.org\",\"@graph\":[{\"@type\":\"Article\",\"@id\":\"https:\\\/\\\/www.bocskairadio.org\\\/en\\\/szijjarto-peter-a-roman-kulugyminiszterhez-fordult-a-magyarellenesseg-miatt\\\/#article\",\"isPartOf\":{\"@id\":\"https:\\\/\\\/www.bocskairadio.org\\\/en\\\/szijjarto-peter-a-roman-kulugyminiszterhez-fordult-a-magyarellenesseg-miatt\\\/\"},\"author\":{\"name\":\"Bocskai R\u00e1di\u00f3 Sajt\u00f3figyel\u0151\",\"@id\":\"https:\\\/\\\/www.bocskairadio.org\\\/en\\\/#\\\/schema\\\/person\\\/315c6a7157660526a98013de468aea9b\"},\"headline\":\"Szijj\u00e1rt\u00f3 P\u00e9ter a rom\u00e1n k\u00fcl\u00fcgyminiszterhez fordult a magyarelleness\u00e9g miatt\",\"datePublished\":\"2025-04-05T17:35:14+00:00\",\"mainEntityOfPage\":{\"@id\":\"https:\\\/\\\/www.bocskairadio.org\\\/en\\\/szijjarto-peter-a-roman-kulugyminiszterhez-fordult-a-magyarellenesseg-miatt\\\/\"},\"wordCount\":396,\"commentCount\":0,\"publisher\":{\"@id\":\"https:\\\/\\\/www.bocskairadio.org\\\/en\\\/#organization\"},\"image\":{\"@id\":\"https:\\\/\\\/www.bocskairadio.org\\\/en\\\/szijjarto-peter-a-roman-kulugyminiszterhez-fordult-a-magyarellenesseg-miatt\\\/#primaryimage\"},\"thumbnailUrl\":\"https:\\\/\\\/www.bocskairadio.org\\\/wp-content\\\/uploads\\\/2025\\\/04\\\/magyar-fiatalok-ellen-elkovetett-bantalmazas-miatt-tiltakozo-felvonulas-resztvevoi-kolozsvaron-2025apr-scaled.jpg\",\"articleSection\":[\"Elszak\u00edtott ter\u00fcleti h\u00edrek\"],\"inLanguage\":\"en-US\",\"potentialAction\":[{\"@type\":\"CommentAction\",\"name\":\"Comment\",\"target\":[\"https:\\\/\\\/www.bocskairadio.org\\\/en\\\/szijjarto-peter-a-roman-kulugyminiszterhez-fordult-a-magyarellenesseg-miatt\\\/#respond\"]}]},{\"@type\":\"WebPage\",\"@id\":\"https:\\\/\\\/www.bocskairadio.org\\\/en\\\/szijjarto-peter-a-roman-kulugyminiszterhez-fordult-a-magyarellenesseg-miatt\\\/\",\"url\":\"https:\\\/\\\/www.bocskairadio.org\\\/en\\\/szijjarto-peter-a-roman-kulugyminiszterhez-fordult-a-magyarellenesseg-miatt\\\/\",\"name\":\"Szijj\u00e1rt\u00f3 P\u00e9ter a rom\u00e1n k\u00fcl\u00fcgyminiszterhez fordult a magyarelleness\u00e9g miatt &#8211; Bocskai R\u00e1di\u00f3\",\"isPartOf\":{\"@id\":\"https:\\\/\\\/www.bocskairadio.org\\\/en\\\/#website\"},\"primaryImageOfPage\":{\"@id\":\"https:\\\/\\\/www.bocskairadio.org\\\/en\\\/szijjarto-peter-a-roman-kulugyminiszterhez-fordult-a-magyarellenesseg-miatt\\\/#primaryimage\"},\"image\":{\"@id\":\"https:\\\/\\\/www.bocskairadio.org\\\/en\\\/szijjarto-peter-a-roman-kulugyminiszterhez-fordult-a-magyarellenesseg-miatt\\\/#primaryimage\"},\"thumbnailUrl\":\"https:\\\/\\\/www.bocskairadio.org\\\/wp-content\\\/uploads\\\/2025\\\/04\\\/magyar-fiatalok-ellen-elkovetett-bantalmazas-miatt-tiltakozo-felvonulas-resztvevoi-kolozsvaron-2025apr-scaled.jpg\",\"datePublished\":\"2025-04-05T17:35:14+00:00\",\"inLanguage\":\"en-US\",\"potentialAction\":[{\"@type\":\"ReadAction\",\"target\":[\"https:\\\/\\\/www.bocskairadio.org\\\/en\\\/szijjarto-peter-a-roman-kulugyminiszterhez-fordult-a-magyarellenesseg-miatt\\\/\"]}]},{\"@type\":\"ImageObject\",\"inLanguage\":\"en-US\",\"@id\":\"https:\\\/\\\/www.bocskairadio.org\\\/en\\\/szijjarto-peter-a-roman-kulugyminiszterhez-fordult-a-magyarellenesseg-miatt\\\/#primaryimage\",\"url\":\"https:\\\/\\\/www.bocskairadio.org\\\/wp-content\\\/uploads\\\/2025\\\/04\\\/magyar-fiatalok-ellen-elkovetett-bantalmazas-miatt-tiltakozo-felvonulas-resztvevoi-kolozsvaron-2025apr-scaled.jpg\",\"contentUrl\":\"https:\\\/\\\/www.bocskairadio.org\\\/wp-content\\\/uploads\\\/2025\\\/04\\\/magyar-fiatalok-ellen-elkovetett-bantalmazas-miatt-tiltakozo-felvonulas-resztvevoi-kolozsvaron-2025apr-scaled.jpg\",\"width\":2072,\"height\":1164},{\"@type\":\"WebSite\",\"@id\":\"https:\\\/\\\/www.bocskairadio.org\\\/en\\\/#website\",\"url\":\"https:\\\/\\\/www.bocskairadio.org\\\/en\\\/\",\"name\":\"Bocskai R\u00e1di\u00f3\",\"description\":\"The Voice of Cleveland Hungarians\",\"publisher\":{\"@id\":\"https:\\\/\\\/www.bocskairadio.org\\\/en\\\/#organization\"},\"potentialAction\":[{\"@type\":\"SearchAction\",\"target\":{\"@type\":\"EntryPoint\",\"urlTemplate\":\"https:\\\/\\\/www.bocskairadio.org\\\/en\\\/?s={search_term_string}\"},\"query-input\":{\"@type\":\"PropertyValueSpecification\",\"valueRequired\":true,\"valueName\":\"search_term_string\"}}],\"inLanguage\":\"en-US\"},{\"@type\":\"Organization\",\"@id\":\"https:\\\/\\\/www.bocskairadio.org\\\/en\\\/#organization\",\"name\":\"Bocskai R\u00e1di\u00f3\",\"url\":\"https:\\\/\\\/www.bocskairadio.org\\\/en\\\/\",\"logo\":{\"@type\":\"ImageObject\",\"inLanguage\":\"en-US\",\"@id\":\"https:\\\/\\\/www.bocskairadio.org\\\/en\\\/#\\\/schema\\\/logo\\\/image\\\/\",\"url\":\"https:\\\/\\\/www.bocskairadio.org\\\/wp-content\\\/uploads\\\/2016\\\/11\\\/var3_basic.jpg\",\"contentUrl\":\"https:\\\/\\\/www.bocskairadio.org\\\/wp-content\\\/uploads\\\/2016\\\/11\\\/var3_basic.jpg\",\"width\":500,\"height\":500,\"caption\":\"Bocskai R\u00e1di\u00f3\"},\"image\":{\"@id\":\"https:\\\/\\\/www.bocskairadio.org\\\/en\\\/#\\\/schema\\\/logo\\\/image\\\/\"},\"sameAs\":[\"https:\\\/\\\/www.facebook.com\\\/BocskaiRadio\",\"https:\\\/\\\/x.com\\\/BocskaiRadio\",\"https:\\\/\\\/www.instagram.com\\\/bocskairadio\\\/\",\"https:\\\/\\\/www.youtube.com\\\/user\\\/bocskairadio\",\"https:\\\/\\\/hu.wikipedia.org\\\/wiki\\\/Bocskai_R\u00e1di\u00f3\"]},{\"@type\":\"Person\",\"@id\":\"https:\\\/\\\/www.bocskairadio.org\\\/en\\\/#\\\/schema\\\/person\\\/315c6a7157660526a98013de468aea9b\",\"name\":\"Bocskai R\u00e1di\u00f3 Sajt\u00f3figyel\u0151\",\"image\":{\"@type\":\"ImageObject\",\"inLanguage\":\"en-US\",\"@id\":\"https:\\\/\\\/secure.gravatar.com\\\/avatar\\\/172f6f7512ad482be66da86e5fa9a1801ba4dfc3c51d3e9bc67bb6e90cdacea8?s=96&d=mm&r=g\",\"url\":\"https:\\\/\\\/secure.gravatar.com\\\/avatar\\\/172f6f7512ad482be66da86e5fa9a1801ba4dfc3c51d3e9bc67bb6e90cdacea8?s=96&d=mm&r=g\",\"contentUrl\":\"https:\\\/\\\/secure.gravatar.com\\\/avatar\\\/172f6f7512ad482be66da86e5fa9a1801ba4dfc3c51d3e9bc67bb6e90cdacea8?s=96&d=mm&r=g\",\"caption\":\"Bocskai R\u00e1di\u00f3 Sajt\u00f3figyel\u0151\"},\"sameAs\":[\"https:\\\/\\\/www.bocskairadio.org\"],\"url\":\"https:\\\/\\\/www.bocskairadio.org\\\/en\\\/author\\\/sajtofigyelo\\\/\"}]}<\/script>\n<!-- \/ Yoast SEO plugin. -->","yoast_head_json":{"title":"Szijj\u00e1rt\u00f3 P\u00e9ter a rom\u00e1n k\u00fcl\u00fcgyminiszterhez fordult a magyarelleness\u00e9g miatt &#8211; Bocskai R\u00e1di\u00f3","robots":{"index":"index","follow":"follow","max-snippet":"max-snippet:-1","max-image-preview":"max-image-preview:large","max-video-preview":"max-video-preview:-1"},"canonical":"https:\/\/www.bocskairadio.org\/en\/szijjarto-peter-a-roman-kulugyminiszterhez-fordult-a-magyarellenesseg-miatt\/","og_locale":"en_US","og_type":"article","og_title":"Szijj\u00e1rt\u00f3 P\u00e9ter a rom\u00e1n k\u00fcl\u00fcgyminiszterhez fordult a magyarelleness\u00e9g miatt &#8211; Bocskai R\u00e1di\u00f3","og_description":"A Kolozsv\u00e1ron \u00e9s Cs\u00edkszered\u00e1n t\u00f6rt\u00e9ntekkel kapcsolatban nem nagyk\u00f6veti, hanem r\u00f6gt\u00f6n k\u00fcl\u00fcgyminiszteri szinten ker\u00fclt sor l\u00e9p\u00e9sekre \u2013 reag\u00e1lt a K\u00fclgazdas\u00e1gi \u00e9s K\u00fcl\u00fcgyminiszt\u00e9rium sz\u00f3viv\u0151je az MTI-nek arra, hogy a Mi Haz\u00e1nk a rom\u00e1n nagyk\u00f6vet azonnali bek\u00e9ret\u00e9s\u00e9re sz\u00f3l\u00edtotta fel Szijj\u00e1rt\u00f3 P\u00e9ter k\u00fclgazdas\u00e1gi \u00e9s k\u00fcl\u00fcgyminisztert a magyarul besz\u00e9l\u0151 fiatalok kolozsv\u00e1ri megt\u00e1mad\u00e1sa miatt.   (more&hellip;)","og_url":"https:\/\/www.bocskairadio.org\/en\/szijjarto-peter-a-roman-kulugyminiszterhez-fordult-a-magyarellenesseg-miatt\/","og_site_name":"Bocskai R\u00e1di\u00f3","article_publisher":"https:\/\/www.facebook.com\/BocskaiRadio","article_published_time":"2025-04-05T17:35:14+00:00","og_image":[{"width":2072,"height":1164,"url":"https:\/\/www.bocskairadio.org\/wp-content\/uploads\/2025\/04\/magyar-fiatalok-ellen-elkovetett-bantalmazas-miatt-tiltakozo-felvonulas-resztvevoi-kolozsvaron-2025apr-scaled.jpg","type":"image\/jpeg"}],"author":"Bocskai R\u00e1di\u00f3 Sajt\u00f3figyel\u0151","twitter_card":"summary_large_image","twitter_image":"https:\/\/www.bocskairadio.org\/wp-content\/uploads\/2025\/04\/magyar-fiatalok-ellen-elkovetett-bantalmazas-miatt-tiltakozo-felvonulas-resztvevoi-kolozsvaron-2025apr-scaled.jpg","twitter_creator":"@BocskaiRadio","twitter_site":"@BocskaiRadio","schema":{"@context":"https:\/\/schema.org","@graph":[{"@type":"Article","@id":"https:\/\/www.bocskairadio.org\/en\/szijjarto-peter-a-roman-kulugyminiszterhez-fordult-a-magyarellenesseg-miatt\/#article","isPartOf":{"@id":"https:\/\/www.bocskairadio.org\/en\/szijjarto-peter-a-roman-kulugyminiszterhez-fordult-a-magyarellenesseg-miatt\/"},"author":{"name":"Bocskai R\u00e1di\u00f3 Sajt\u00f3figyel\u0151","@id":"https:\/\/www.bocskairadio.org\/en\/#\/schema\/person\/315c6a7157660526a98013de468aea9b"},"headline":"Szijj\u00e1rt\u00f3 P\u00e9ter a rom\u00e1n k\u00fcl\u00fcgyminiszterhez fordult a magyarelleness\u00e9g miatt","datePublished":"2025-04-05T17:35:14+00:00","mainEntityOfPage":{"@id":"https:\/\/www.bocskairadio.org\/en\/szijjarto-peter-a-roman-kulugyminiszterhez-fordult-a-magyarellenesseg-miatt\/"},"wordCount":396,"commentCount":0,"publisher":{"@id":"https:\/\/www.bocskairadio.org\/en\/#organization"},"image":{"@id":"https:\/\/www.bocskairadio.org\/en\/szijjarto-peter-a-roman-kulugyminiszterhez-fordult-a-magyarellenesseg-miatt\/#primaryimage"},"thumbnailUrl":"https:\/\/www.bocskairadio.org\/wp-content\/uploads\/2025\/04\/magyar-fiatalok-ellen-elkovetett-bantalmazas-miatt-tiltakozo-felvonulas-resztvevoi-kolozsvaron-2025apr-scaled.jpg","articleSection":["Elszak\u00edtott ter\u00fcleti h\u00edrek"],"inLanguage":"en-US","potentialAction":[{"@type":"CommentAction","name":"Comment","target":["https:\/\/www.bocskairadio.org\/en\/szijjarto-peter-a-roman-kulugyminiszterhez-fordult-a-magyarellenesseg-miatt\/#respond"]}]},{"@type":"WebPage","@id":"https:\/\/www.bocskairadio.org\/en\/szijjarto-peter-a-roman-kulugyminiszterhez-fordult-a-magyarellenesseg-miatt\/","url":"https:\/\/www.bocskairadio.org\/en\/szijjarto-peter-a-roman-kulugyminiszterhez-fordult-a-magyarellenesseg-miatt\/","name":"Szijj\u00e1rt\u00f3 P\u00e9ter a rom\u00e1n k\u00fcl\u00fcgyminiszterhez fordult a magyarelleness\u00e9g miatt &#8211; Bocskai R\u00e1di\u00f3","isPartOf":{"@id":"https:\/\/www.bocskairadio.org\/en\/#website"},"primaryImageOfPage":{"@id":"https:\/\/www.bocskairadio.org\/en\/szijjarto-peter-a-roman-kulugyminiszterhez-fordult-a-magyarellenesseg-miatt\/#primaryimage"},"image":{"@id":"https:\/\/www.bocskairadio.org\/en\/szijjarto-peter-a-roman-kulugyminiszterhez-fordult-a-magyarellenesseg-miatt\/#primaryimage"},"thumbnailUrl":"https:\/\/www.bocskairadio.org\/wp-content\/uploads\/2025\/04\/magyar-fiatalok-ellen-elkovetett-bantalmazas-miatt-tiltakozo-felvonulas-resztvevoi-kolozsvaron-2025apr-scaled.jpg","datePublished":"2025-04-05T17:35:14+00:00","inLanguage":"en-US","potentialAction":[{"@type":"ReadAction","target":["https:\/\/www.bocskairadio.org\/en\/szijjarto-peter-a-roman-kulugyminiszterhez-fordult-a-magyarellenesseg-miatt\/"]}]},{"@type":"ImageObject","inLanguage":"en-US","@id":"https:\/\/www.bocskairadio.org\/en\/szijjarto-peter-a-roman-kulugyminiszterhez-fordult-a-magyarellenesseg-miatt\/#primaryimage","url":"https:\/\/www.bocskairadio.org\/wp-content\/uploads\/2025\/04\/magyar-fiatalok-ellen-elkovetett-bantalmazas-miatt-tiltakozo-felvonulas-resztvevoi-kolozsvaron-2025apr-scaled.jpg","contentUrl":"https:\/\/www.bocskairadio.org\/wp-content\/uploads\/2025\/04\/magyar-fiatalok-ellen-elkovetett-bantalmazas-miatt-tiltakozo-felvonulas-resztvevoi-kolozsvaron-2025apr-scaled.jpg","width":2072,"height":1164},{"@type":"WebSite","@id":"https:\/\/www.bocskairadio.org\/en\/#website","url":"https:\/\/www.bocskairadio.org\/en\/","name":"Bocskai R\u00e1di\u00f3","description":"The Voice of Cleveland Hungarians","publisher":{"@id":"https:\/\/www.bocskairadio.org\/en\/#organization"},"potentialAction":[{"@type":"SearchAction","target":{"@type":"EntryPoint","urlTemplate":"https:\/\/www.bocskairadio.org\/en\/?s={search_term_string}"},"query-input":{"@type":"PropertyValueSpecification","valueRequired":true,"valueName":"search_term_string"}}],"inLanguage":"en-US"},{"@type":"Organization","@id":"https:\/\/www.bocskairadio.org\/en\/#organization","name":"Bocskai R\u00e1di\u00f3","url":"https:\/\/www.bocskairadio.org\/en\/","logo":{"@type":"ImageObject","inLanguage":"en-US","@id":"https:\/\/www.bocskairadio.org\/en\/#\/schema\/logo\/image\/","url":"https:\/\/www.bocskairadio.org\/wp-content\/uploads\/2016\/11\/var3_basic.jpg","contentUrl":"https:\/\/www.bocskairadio.org\/wp-content\/uploads\/2016\/11\/var3_basic.jpg","width":500,"height":500,"caption":"Bocskai R\u00e1di\u00f3"},"image":{"@id":"https:\/\/www.bocskairadio.org\/en\/#\/schema\/logo\/image\/"},"sameAs":["https:\/\/www.facebook.com\/BocskaiRadio","https:\/\/x.com\/BocskaiRadio","https:\/\/www.instagram.com\/bocskairadio\/","https:\/\/www.youtube.com\/user\/bocskairadio","https:\/\/hu.wikipedia.org\/wiki\/Bocskai_R\u00e1di\u00f3"]},{"@type":"Person","@id":"https:\/\/www.bocskairadio.org\/en\/#\/schema\/person\/315c6a7157660526a98013de468aea9b","name":"Bocskai R\u00e1di\u00f3 Sajt\u00f3figyel\u0151","image":{"@type":"ImageObject","inLanguage":"en-US","@id":"https:\/\/secure.gravatar.com\/avatar\/172f6f7512ad482be66da86e5fa9a1801ba4dfc3c51d3e9bc67bb6e90cdacea8?s=96&d=mm&r=g","url":"https:\/\/secure.gravatar.com\/avatar\/172f6f7512ad482be66da86e5fa9a1801ba4dfc3c51d3e9bc67bb6e90cdacea8?s=96&d=mm&r=g","contentUrl":"https:\/\/secure.gravatar.com\/avatar\/172f6f7512ad482be66da86e5fa9a1801ba4dfc3c51d3e9bc67bb6e90cdacea8?s=96&d=mm&r=g","caption":"Bocskai R\u00e1di\u00f3 Sajt\u00f3figyel\u0151"},"sameAs":["https:\/\/www.bocskairadio.org"],"url":"https:\/\/www.bocskairadio.org\/en\/author\/sajtofigyelo\/"}]}},"_links":{"self":[{"href":"https:\/\/www.bocskairadio.org\/en\/wp-json\/wp\/v2\/posts\/1102485","targetHints":{"allow":["GET"]}}],"collection":[{"href":"https:\/\/www.bocskairadio.org\/en\/wp-json\/wp\/v2\/posts"}],"about":[{"href":"https:\/\/www.bocskairadio.org\/en\/wp-json\/wp\/v2\/types\/post"}],"author":[{"embeddable":true,"href":"https:\/\/www.bocskairadio.org\/en\/wp-json\/wp\/v2\/users\/33"}],"replies":[{"embeddable":true,"href":"https:\/\/www.bocskairadio.org\/en\/wp-json\/wp\/v2\/comments?post=1102485"}],"version-history":[{"count":1,"href":"https:\/\/www.bocskairadio.org\/en\/wp-json\/wp\/v2\/posts\/1102485\/revisions"}],"predecessor-version":[{"id":1102488,"href":"https:\/\/www.bocskairadio.org\/en\/wp-json\/wp\/v2\/posts\/1102485\/revisions\/1102488"}],"wp:featuredmedia":[{"embeddable":true,"href":"https:\/\/www.bocskairadio.org\/en\/wp-json\/wp\/v2\/media\/1102486"}],"wp:attachment":[{"href":"https:\/\/www.bocskairadio.org\/en\/wp-json\/wp\/v2\/media?parent=1102485"}],"wp:term":[{"taxonomy":"category","embeddable":true,"href":"https:\/\/www.bocskairadio.org\/en\/wp-json\/wp\/v2\/categories?post=1102485"},{"taxonomy":"post_tag","embeddable":true,"href":"https:\/\/www.bocskairadio.org\/en\/wp-json\/wp\/v2\/tags?post=1102485"}],"curies":[{"name":"wp","href":"https:\/\/api.w.org\/{rel}","templated":true}]}}