{"id":1102489,"date":"2025-04-05T13:50:20","date_gmt":"2025-04-05T17:50:20","guid":{"rendered":"https:\/\/www.bocskairadio.org\/?p=1102489"},"modified":"2025-04-05T13:46:13","modified_gmt":"2025-04-05T17:46:13","slug":"hungarys-migration-policy-seen-as-model-for-u-s","status":"publish","type":"post","link":"https:\/\/www.bocskairadio.org\/en\/hungarys-migration-policy-seen-as-model-for-u-s\/","title":{"rendered":"Hungary&#8217;s Migration Policy Seen as Model for U.S."},"content":{"rendered":"<p><strong>Hungarian immigration policy was among the topics discussed at an international conference held Friday in the U.S. Capitol Building. Ahead of the event, the Hungarian Embassy in Washington hosted a panel discussion introducing a new book summarizing Hungary\u2019s approach to migration.<\/strong><\/p>\n<p><!--more--><\/p>\n<p>The event held in the Congressional Building, was organized by the International Network of Migration Research (INIR) and included the participation of Viktor Marsai, Director of Hungary\u2019s Migration Research Institute and Associate Professor at the National University of Public Service. Marsai told MTI that the conference was the eighth major event organized by INIR since its founding in November 2023.<\/p>\n<p>Marsi stated:<\/p>\n<blockquote><p>the network&#8217;s broader goals, which go beyond joint events and publications, also encompass collaborative research and sharing migration-related experiences among member countries.<\/p><\/blockquote>\n<p>He described the international cooperation as a &#8220;migration-critical&#8221; perspective, which, in his view, allows for the raising of questions that progressive thinkers often avoid when it comes to migration. A new book reviewing the past 15 years of Hungary\u2019s migration policy was produced in part under the INIR umbrella. This volume was presented on Thursday at the Hungarian Embassy in Washington, in a panel discussion also attended by American experts and representatives of the current U.S. administration. Marsai said feedback during the discussion made it clear that American officials have been observing Hungarian immigration policy over the past decade and a half, and some elements have been adopted by the U.S. administration that took office in January.<\/p>\n<blockquote><p>Senior officials from the U.S. State Department and the Department of Homeland Security attended the panel and outlined key political tenets and policy measures of the new U.S. administration\u2019s migration and illegal immigration strategy, which includes tightening border security.<\/p><\/blockquote>\n<p>They stated that the Trump administration introduced a fundamentally new approach to migration, prioritizing the addressing of root causes and helping people in their home regions, while rejecting the notion of migration as a fundamental right. They emphasized that the U.S. is open to cooperation with partners like Hungary under this new policy.<\/p>\n<blockquote><p>Eric Ruark, Research Director at NumbersUSA, noted that the <a href=\"https:\/\/magyarnemzet.hu\/trump-2025\">Trump<\/a> administration managed to reduce illegal border crossings by 95% in a short period. However, he acknowledged that deporting migrants who entered illegally in past years remains a major challenge.<\/p><\/blockquote>\n<p>Hungarian Ambassador Szabolcs Takacs, hosting the embassy event, pointed out the guiding principle of Hungary&#8217;s immigration policy: a country unable to protect its borders cannot be considered sovereign. He added that border protection is a non-negotiable issue. Takacs explained to the American audience that Hungary fulfills its legal obligations as part of the Schengen Zone by protecting its borders, yet it continues to be penalized for doing so.<\/p>\n<p>This engagement marks a significant moment in Hungary\u2013U.S. dialogue on immigration, signaling mutual interest in tightened migration control and shared border security principles.<\/p>\n<p>(<a href=\"https:\/\/magyarnemzet.hu\/english\/2025\/04\/hungarys-migration-policy-seen-as-model-for-us\">Magyar Nemzet<\/a>)<\/p>\n<p><em>Cover Photo: The U.S. Capitol Building in Washington DC (Photo: AFP\/Aaron Schwartz)<\/em><\/p>\n","protected":false},"excerpt":{"rendered":"<p><strong>Hungarian immigration policy was among the topics discussed at an international conference held Friday in the U.S. Capitol Building. Ahead of the event, the Hungarian Embassy in Washington hosted a panel discussion introducing a new book summarizing Hungary\u2019s approach to migration.<\/strong><\/p>\n<div class=\"more-link-wrap\"> <a href=\"https:\/\/www.bocskairadio.org\/en\/hungarys-migration-policy-seen-as-model-for-u-s\/\" class=\"more-link\"><span aria-label=\"Continue reading Hungary&#8217;s Migration Policy Seen as Model for U.S.\">(more&hellip;)<\/span><\/a><\/div>\n","protected":false},"author":33,"featured_media":1102490,"comment_status":"open","ping_status":"open","sticky":false,"template":"","format":"standard","meta":{"footnotes":""},"categories":[196,519],"tags":[],"class_list":["post-1102489","post","type-post","status-publish","format-standard","has-post-thumbnail","category-local-events-and-news","category-magyarorszag-en"],"yoast_head":"<!-- This site is optimized with the Yoast SEO plugin v27.4 - https:\/\/yoast.com\/product\/yoast-seo-wordpress\/ -->\n<title>Hungary&#039;s Migration Policy Seen as Model for U.S. &#8211; Bocskai R\u00e1di\u00f3<\/title>\n<meta name=\"robots\" content=\"index, follow, max-snippet:-1, max-image-preview:large, max-video-preview:-1\" \/>\n<link rel=\"canonical\" href=\"https:\/\/www.bocskairadio.org\/en\/hungarys-migration-policy-seen-as-model-for-u-s\/\" \/>\n<meta property=\"og:locale\" content=\"en_US\" \/>\n<meta property=\"og:type\" content=\"article\" \/>\n<meta property=\"og:title\" content=\"Hungary&#039;s Migration Policy Seen as Model for U.S. &#8211; Bocskai R\u00e1di\u00f3\" \/>\n<meta property=\"og:description\" content=\"Hungarian immigration policy was among the topics discussed at an international conference held Friday in the U.S. Capitol Building. Ahead of the event, the Hungarian Embassy in Washington hosted a panel discussion introducing a new book summarizing Hungary\u2019s approach to migration.   (more&hellip;)\" \/>\n<meta property=\"og:url\" content=\"https:\/\/www.bocskairadio.org\/en\/hungarys-migration-policy-seen-as-model-for-u-s\/\" \/>\n<meta property=\"og:site_name\" content=\"Bocskai R\u00e1di\u00f3\" \/>\n<meta property=\"article:publisher\" content=\"https:\/\/www.facebook.com\/BocskaiRadio\" \/>\n<meta property=\"article:published_time\" content=\"2025-04-05T17:50:20+00:00\" \/>\n<meta property=\"og:image\" content=\"https:\/\/www.bocskairadio.org\/wp-content\/uploads\/2025\/04\/us-capitol-many-us-flags-illustration.jpeg\" \/>\n\t<meta property=\"og:image:width\" content=\"1200\" \/>\n\t<meta property=\"og:image:height\" content=\"675\" \/>\n\t<meta property=\"og:image:type\" content=\"image\/jpeg\" \/>\n<meta name=\"author\" content=\"Bocskai R\u00e1di\u00f3 Sajt\u00f3figyel\u0151\" \/>\n<meta name=\"twitter:card\" content=\"summary_large_image\" \/>\n<meta name=\"twitter:image\" content=\"https:\/\/www.bocskairadio.org\/wp-content\/uploads\/2025\/04\/us-capitol-many-us-flags-illustration.jpeg\" \/>\n<meta name=\"twitter:creator\" content=\"@BocskaiRadio\" \/>\n<meta name=\"twitter:site\" content=\"@BocskaiRadio\" \/>\n<script type=\"application\/ld+json\" class=\"yoast-schema-graph\">{\"@context\":\"https:\\\/\\\/schema.org\",\"@graph\":[{\"@type\":\"Article\",\"@id\":\"https:\\\/\\\/www.bocskairadio.org\\\/en\\\/hungarys-migration-policy-seen-as-model-for-u-s\\\/#article\",\"isPartOf\":{\"@id\":\"https:\\\/\\\/www.bocskairadio.org\\\/en\\\/hungarys-migration-policy-seen-as-model-for-u-s\\\/\"},\"author\":{\"name\":\"Bocskai R\u00e1di\u00f3 Sajt\u00f3figyel\u0151\",\"@id\":\"https:\\\/\\\/www.bocskairadio.org\\\/en\\\/#\\\/schema\\\/person\\\/315c6a7157660526a98013de468aea9b\"},\"headline\":\"Hungary&#8217;s Migration Policy Seen as Model for U.S.\",\"datePublished\":\"2025-04-05T17:50:20+00:00\",\"mainEntityOfPage\":{\"@id\":\"https:\\\/\\\/www.bocskairadio.org\\\/en\\\/hungarys-migration-policy-seen-as-model-for-u-s\\\/\"},\"wordCount\":501,\"commentCount\":0,\"publisher\":{\"@id\":\"https:\\\/\\\/www.bocskairadio.org\\\/en\\\/#organization\"},\"image\":{\"@id\":\"https:\\\/\\\/www.bocskairadio.org\\\/en\\\/hungarys-migration-policy-seen-as-model-for-u-s\\\/#primaryimage\"},\"thumbnailUrl\":\"https:\\\/\\\/www.bocskairadio.org\\\/wp-content\\\/uploads\\\/2025\\\/04\\\/us-capitol-many-us-flags-illustration.jpeg\",\"articleSection\":[\"Local events and news\",\"Magyarorsz\u00e1gi h\u00edrek\"],\"inLanguage\":\"en-US\",\"potentialAction\":[{\"@type\":\"CommentAction\",\"name\":\"Comment\",\"target\":[\"https:\\\/\\\/www.bocskairadio.org\\\/en\\\/hungarys-migration-policy-seen-as-model-for-u-s\\\/#respond\"]}]},{\"@type\":\"WebPage\",\"@id\":\"https:\\\/\\\/www.bocskairadio.org\\\/en\\\/hungarys-migration-policy-seen-as-model-for-u-s\\\/\",\"url\":\"https:\\\/\\\/www.bocskairadio.org\\\/en\\\/hungarys-migration-policy-seen-as-model-for-u-s\\\/\",\"name\":\"Hungary's Migration Policy Seen as Model for U.S. &#8211; Bocskai R\u00e1di\u00f3\",\"isPartOf\":{\"@id\":\"https:\\\/\\\/www.bocskairadio.org\\\/en\\\/#website\"},\"primaryImageOfPage\":{\"@id\":\"https:\\\/\\\/www.bocskairadio.org\\\/en\\\/hungarys-migration-policy-seen-as-model-for-u-s\\\/#primaryimage\"},\"image\":{\"@id\":\"https:\\\/\\\/www.bocskairadio.org\\\/en\\\/hungarys-migration-policy-seen-as-model-for-u-s\\\/#primaryimage\"},\"thumbnailUrl\":\"https:\\\/\\\/www.bocskairadio.org\\\/wp-content\\\/uploads\\\/2025\\\/04\\\/us-capitol-many-us-flags-illustration.jpeg\",\"datePublished\":\"2025-04-05T17:50:20+00:00\",\"inLanguage\":\"en-US\",\"potentialAction\":[{\"@type\":\"ReadAction\",\"target\":[\"https:\\\/\\\/www.bocskairadio.org\\\/en\\\/hungarys-migration-policy-seen-as-model-for-u-s\\\/\"]}]},{\"@type\":\"ImageObject\",\"inLanguage\":\"en-US\",\"@id\":\"https:\\\/\\\/www.bocskairadio.org\\\/en\\\/hungarys-migration-policy-seen-as-model-for-u-s\\\/#primaryimage\",\"url\":\"https:\\\/\\\/www.bocskairadio.org\\\/wp-content\\\/uploads\\\/2025\\\/04\\\/us-capitol-many-us-flags-illustration.jpeg\",\"contentUrl\":\"https:\\\/\\\/www.bocskairadio.org\\\/wp-content\\\/uploads\\\/2025\\\/04\\\/us-capitol-many-us-flags-illustration.jpeg\",\"width\":1200,\"height\":675},{\"@type\":\"WebSite\",\"@id\":\"https:\\\/\\\/www.bocskairadio.org\\\/en\\\/#website\",\"url\":\"https:\\\/\\\/www.bocskairadio.org\\\/en\\\/\",\"name\":\"Bocskai R\u00e1di\u00f3\",\"description\":\"The Voice of Cleveland Hungarians\",\"publisher\":{\"@id\":\"https:\\\/\\\/www.bocskairadio.org\\\/en\\\/#organization\"},\"potentialAction\":[{\"@type\":\"SearchAction\",\"target\":{\"@type\":\"EntryPoint\",\"urlTemplate\":\"https:\\\/\\\/www.bocskairadio.org\\\/en\\\/?s={search_term_string}\"},\"query-input\":{\"@type\":\"PropertyValueSpecification\",\"valueRequired\":true,\"valueName\":\"search_term_string\"}}],\"inLanguage\":\"en-US\"},{\"@type\":\"Organization\",\"@id\":\"https:\\\/\\\/www.bocskairadio.org\\\/en\\\/#organization\",\"name\":\"Bocskai R\u00e1di\u00f3\",\"url\":\"https:\\\/\\\/www.bocskairadio.org\\\/en\\\/\",\"logo\":{\"@type\":\"ImageObject\",\"inLanguage\":\"en-US\",\"@id\":\"https:\\\/\\\/www.bocskairadio.org\\\/en\\\/#\\\/schema\\\/logo\\\/image\\\/\",\"url\":\"https:\\\/\\\/www.bocskairadio.org\\\/wp-content\\\/uploads\\\/2016\\\/11\\\/var3_basic.jpg\",\"contentUrl\":\"https:\\\/\\\/www.bocskairadio.org\\\/wp-content\\\/uploads\\\/2016\\\/11\\\/var3_basic.jpg\",\"width\":500,\"height\":500,\"caption\":\"Bocskai R\u00e1di\u00f3\"},\"image\":{\"@id\":\"https:\\\/\\\/www.bocskairadio.org\\\/en\\\/#\\\/schema\\\/logo\\\/image\\\/\"},\"sameAs\":[\"https:\\\/\\\/www.facebook.com\\\/BocskaiRadio\",\"https:\\\/\\\/x.com\\\/BocskaiRadio\",\"https:\\\/\\\/www.instagram.com\\\/bocskairadio\\\/\",\"https:\\\/\\\/www.youtube.com\\\/user\\\/bocskairadio\",\"https:\\\/\\\/hu.wikipedia.org\\\/wiki\\\/Bocskai_R\u00e1di\u00f3\"]},{\"@type\":\"Person\",\"@id\":\"https:\\\/\\\/www.bocskairadio.org\\\/en\\\/#\\\/schema\\\/person\\\/315c6a7157660526a98013de468aea9b\",\"name\":\"Bocskai R\u00e1di\u00f3 Sajt\u00f3figyel\u0151\",\"image\":{\"@type\":\"ImageObject\",\"inLanguage\":\"en-US\",\"@id\":\"https:\\\/\\\/secure.gravatar.com\\\/avatar\\\/172f6f7512ad482be66da86e5fa9a1801ba4dfc3c51d3e9bc67bb6e90cdacea8?s=96&d=mm&r=g\",\"url\":\"https:\\\/\\\/secure.gravatar.com\\\/avatar\\\/172f6f7512ad482be66da86e5fa9a1801ba4dfc3c51d3e9bc67bb6e90cdacea8?s=96&d=mm&r=g\",\"contentUrl\":\"https:\\\/\\\/secure.gravatar.com\\\/avatar\\\/172f6f7512ad482be66da86e5fa9a1801ba4dfc3c51d3e9bc67bb6e90cdacea8?s=96&d=mm&r=g\",\"caption\":\"Bocskai R\u00e1di\u00f3 Sajt\u00f3figyel\u0151\"},\"sameAs\":[\"https:\\\/\\\/www.bocskairadio.org\"],\"url\":\"https:\\\/\\\/www.bocskairadio.org\\\/en\\\/author\\\/sajtofigyelo\\\/\"}]}<\/script>\n<!-- \/ Yoast SEO plugin. -->","yoast_head_json":{"title":"Hungary's Migration Policy Seen as Model for U.S. &#8211; Bocskai R\u00e1di\u00f3","robots":{"index":"index","follow":"follow","max-snippet":"max-snippet:-1","max-image-preview":"max-image-preview:large","max-video-preview":"max-video-preview:-1"},"canonical":"https:\/\/www.bocskairadio.org\/en\/hungarys-migration-policy-seen-as-model-for-u-s\/","og_locale":"en_US","og_type":"article","og_title":"Hungary's Migration Policy Seen as Model for U.S. &#8211; Bocskai R\u00e1di\u00f3","og_description":"Hungarian immigration policy was among the topics discussed at an international conference held Friday in the U.S. Capitol Building. Ahead of the event, the Hungarian Embassy in Washington hosted a panel discussion introducing a new book summarizing Hungary\u2019s approach to migration.   (more&hellip;)","og_url":"https:\/\/www.bocskairadio.org\/en\/hungarys-migration-policy-seen-as-model-for-u-s\/","og_site_name":"Bocskai R\u00e1di\u00f3","article_publisher":"https:\/\/www.facebook.com\/BocskaiRadio","article_published_time":"2025-04-05T17:50:20+00:00","og_image":[{"width":1200,"height":675,"url":"https:\/\/www.bocskairadio.org\/wp-content\/uploads\/2025\/04\/us-capitol-many-us-flags-illustration.jpeg","type":"image\/jpeg"}],"author":"Bocskai R\u00e1di\u00f3 Sajt\u00f3figyel\u0151","twitter_card":"summary_large_image","twitter_image":"https:\/\/www.bocskairadio.org\/wp-content\/uploads\/2025\/04\/us-capitol-many-us-flags-illustration.jpeg","twitter_creator":"@BocskaiRadio","twitter_site":"@BocskaiRadio","schema":{"@context":"https:\/\/schema.org","@graph":[{"@type":"Article","@id":"https:\/\/www.bocskairadio.org\/en\/hungarys-migration-policy-seen-as-model-for-u-s\/#article","isPartOf":{"@id":"https:\/\/www.bocskairadio.org\/en\/hungarys-migration-policy-seen-as-model-for-u-s\/"},"author":{"name":"Bocskai R\u00e1di\u00f3 Sajt\u00f3figyel\u0151","@id":"https:\/\/www.bocskairadio.org\/en\/#\/schema\/person\/315c6a7157660526a98013de468aea9b"},"headline":"Hungary&#8217;s Migration Policy Seen as Model for U.S.","datePublished":"2025-04-05T17:50:20+00:00","mainEntityOfPage":{"@id":"https:\/\/www.bocskairadio.org\/en\/hungarys-migration-policy-seen-as-model-for-u-s\/"},"wordCount":501,"commentCount":0,"publisher":{"@id":"https:\/\/www.bocskairadio.org\/en\/#organization"},"image":{"@id":"https:\/\/www.bocskairadio.org\/en\/hungarys-migration-policy-seen-as-model-for-u-s\/#primaryimage"},"thumbnailUrl":"https:\/\/www.bocskairadio.org\/wp-content\/uploads\/2025\/04\/us-capitol-many-us-flags-illustration.jpeg","articleSection":["Local events and news","Magyarorsz\u00e1gi h\u00edrek"],"inLanguage":"en-US","potentialAction":[{"@type":"CommentAction","name":"Comment","target":["https:\/\/www.bocskairadio.org\/en\/hungarys-migration-policy-seen-as-model-for-u-s\/#respond"]}]},{"@type":"WebPage","@id":"https:\/\/www.bocskairadio.org\/en\/hungarys-migration-policy-seen-as-model-for-u-s\/","url":"https:\/\/www.bocskairadio.org\/en\/hungarys-migration-policy-seen-as-model-for-u-s\/","name":"Hungary's Migration Policy Seen as Model for U.S. &#8211; Bocskai R\u00e1di\u00f3","isPartOf":{"@id":"https:\/\/www.bocskairadio.org\/en\/#website"},"primaryImageOfPage":{"@id":"https:\/\/www.bocskairadio.org\/en\/hungarys-migration-policy-seen-as-model-for-u-s\/#primaryimage"},"image":{"@id":"https:\/\/www.bocskairadio.org\/en\/hungarys-migration-policy-seen-as-model-for-u-s\/#primaryimage"},"thumbnailUrl":"https:\/\/www.bocskairadio.org\/wp-content\/uploads\/2025\/04\/us-capitol-many-us-flags-illustration.jpeg","datePublished":"2025-04-05T17:50:20+00:00","inLanguage":"en-US","potentialAction":[{"@type":"ReadAction","target":["https:\/\/www.bocskairadio.org\/en\/hungarys-migration-policy-seen-as-model-for-u-s\/"]}]},{"@type":"ImageObject","inLanguage":"en-US","@id":"https:\/\/www.bocskairadio.org\/en\/hungarys-migration-policy-seen-as-model-for-u-s\/#primaryimage","url":"https:\/\/www.bocskairadio.org\/wp-content\/uploads\/2025\/04\/us-capitol-many-us-flags-illustration.jpeg","contentUrl":"https:\/\/www.bocskairadio.org\/wp-content\/uploads\/2025\/04\/us-capitol-many-us-flags-illustration.jpeg","width":1200,"height":675},{"@type":"WebSite","@id":"https:\/\/www.bocskairadio.org\/en\/#website","url":"https:\/\/www.bocskairadio.org\/en\/","name":"Bocskai R\u00e1di\u00f3","description":"The Voice of Cleveland Hungarians","publisher":{"@id":"https:\/\/www.bocskairadio.org\/en\/#organization"},"potentialAction":[{"@type":"SearchAction","target":{"@type":"EntryPoint","urlTemplate":"https:\/\/www.bocskairadio.org\/en\/?s={search_term_string}"},"query-input":{"@type":"PropertyValueSpecification","valueRequired":true,"valueName":"search_term_string"}}],"inLanguage":"en-US"},{"@type":"Organization","@id":"https:\/\/www.bocskairadio.org\/en\/#organization","name":"Bocskai R\u00e1di\u00f3","url":"https:\/\/www.bocskairadio.org\/en\/","logo":{"@type":"ImageObject","inLanguage":"en-US","@id":"https:\/\/www.bocskairadio.org\/en\/#\/schema\/logo\/image\/","url":"https:\/\/www.bocskairadio.org\/wp-content\/uploads\/2016\/11\/var3_basic.jpg","contentUrl":"https:\/\/www.bocskairadio.org\/wp-content\/uploads\/2016\/11\/var3_basic.jpg","width":500,"height":500,"caption":"Bocskai R\u00e1di\u00f3"},"image":{"@id":"https:\/\/www.bocskairadio.org\/en\/#\/schema\/logo\/image\/"},"sameAs":["https:\/\/www.facebook.com\/BocskaiRadio","https:\/\/x.com\/BocskaiRadio","https:\/\/www.instagram.com\/bocskairadio\/","https:\/\/www.youtube.com\/user\/bocskairadio","https:\/\/hu.wikipedia.org\/wiki\/Bocskai_R\u00e1di\u00f3"]},{"@type":"Person","@id":"https:\/\/www.bocskairadio.org\/en\/#\/schema\/person\/315c6a7157660526a98013de468aea9b","name":"Bocskai R\u00e1di\u00f3 Sajt\u00f3figyel\u0151","image":{"@type":"ImageObject","inLanguage":"en-US","@id":"https:\/\/secure.gravatar.com\/avatar\/172f6f7512ad482be66da86e5fa9a1801ba4dfc3c51d3e9bc67bb6e90cdacea8?s=96&d=mm&r=g","url":"https:\/\/secure.gravatar.com\/avatar\/172f6f7512ad482be66da86e5fa9a1801ba4dfc3c51d3e9bc67bb6e90cdacea8?s=96&d=mm&r=g","contentUrl":"https:\/\/secure.gravatar.com\/avatar\/172f6f7512ad482be66da86e5fa9a1801ba4dfc3c51d3e9bc67bb6e90cdacea8?s=96&d=mm&r=g","caption":"Bocskai R\u00e1di\u00f3 Sajt\u00f3figyel\u0151"},"sameAs":["https:\/\/www.bocskairadio.org"],"url":"https:\/\/www.bocskairadio.org\/en\/author\/sajtofigyelo\/"}]}},"_links":{"self":[{"href":"https:\/\/www.bocskairadio.org\/en\/wp-json\/wp\/v2\/posts\/1102489","targetHints":{"allow":["GET"]}}],"collection":[{"href":"https:\/\/www.bocskairadio.org\/en\/wp-json\/wp\/v2\/posts"}],"about":[{"href":"https:\/\/www.bocskairadio.org\/en\/wp-json\/wp\/v2\/types\/post"}],"author":[{"embeddable":true,"href":"https:\/\/www.bocskairadio.org\/en\/wp-json\/wp\/v2\/users\/33"}],"replies":[{"embeddable":true,"href":"https:\/\/www.bocskairadio.org\/en\/wp-json\/wp\/v2\/comments?post=1102489"}],"version-history":[{"count":3,"href":"https:\/\/www.bocskairadio.org\/en\/wp-json\/wp\/v2\/posts\/1102489\/revisions"}],"predecessor-version":[{"id":1102494,"href":"https:\/\/www.bocskairadio.org\/en\/wp-json\/wp\/v2\/posts\/1102489\/revisions\/1102494"}],"wp:featuredmedia":[{"embeddable":true,"href":"https:\/\/www.bocskairadio.org\/en\/wp-json\/wp\/v2\/media\/1102490"}],"wp:attachment":[{"href":"https:\/\/www.bocskairadio.org\/en\/wp-json\/wp\/v2\/media?parent=1102489"}],"wp:term":[{"taxonomy":"category","embeddable":true,"href":"https:\/\/www.bocskairadio.org\/en\/wp-json\/wp\/v2\/categories?post=1102489"},{"taxonomy":"post_tag","embeddable":true,"href":"https:\/\/www.bocskairadio.org\/en\/wp-json\/wp\/v2\/tags?post=1102489"}],"curies":[{"name":"wp","href":"https:\/\/api.w.org\/{rel}","templated":true}]}}