{"id":1102495,"date":"2025-04-05T13:57:18","date_gmt":"2025-04-05T17:57:18","guid":{"rendered":"https:\/\/www.bocskairadio.org\/?p=1102495"},"modified":"2025-04-05T14:06:21","modified_gmt":"2025-04-05T18:06:21","slug":"hungary-a-defender-of-civilizational-and-judeo-christian-values","status":"publish","type":"post","link":"https:\/\/www.bocskairadio.org\/en\/hungary-a-defender-of-civilizational-and-judeo-christian-values\/","title":{"rendered":"Hungary a Defender of Civilizational and Judeo-Christian Values"},"content":{"rendered":"<p><strong>The Israeli prime minister has arrived in Hungary for a multi-day visit. Benjamin Netanyahu met with Viktor Orban on Thursday morning, followed by a joint press conference, during which both leaders reaffirmed that Hungary is an unassailable bastion of the Judeo-Christian world, analyst David Nagy of the Oeconomus Economic Research Foundation told our newspaper.<\/strong><\/p>\n<p><!--more--><\/p>\n<p>At the press conference, PM Viktor Orban emphasized that among Jewish communities in Europe today, those living in Hungary can feel the safest.<\/p>\n<p><img decoding=\"async\" src=\"https:\/\/cdn.magyarnemzet.hu\/2025\/04\/j8ZCOHyrjC21piK43TeCSZhzQISLHxXFCH0RtwjBECA\/fit\/1200\/800\/no\/1\/aHR0cHM6Ly9jbXNjZG4uYXBwLmNvbnRlbnQucHJpdmF0ZS9jb250ZW50L2YxNmQyMGI5YjkwNTQ5YWQ5OTViZGU5ZTJhMjM1MmFl.jpg\" \/><\/p>\n<blockquote><p>The two prime ministers last met in 2021. Since then, as both acknowledged, the world has changed significantly\u2014most notably due to the 2023 terrorist attack on Israel, which Hamas carried out with brutal cruelty,<\/p><\/blockquote>\n<p>\u2013 David Nagy, an analyst at the Oeconomus Economic Research Foundation, told our newspaper.<\/p>\n<p>Israel is in a time of war, with ongoing combat in the Gaza Strip. The fight continues for the release of 59 hostages, the Israel expert added.<\/p>\n<blockquote><p>PM Viktor Orban declared that Hungary stands with Israel and supports its right to self-defense, as Israel is fighting a defensive war. At both the United Nations and the European Union, Hungary has consistently rejected and vetoed statements seeking to condemn or stigmatize Israel,<\/p><\/blockquote>\n<p>The Israeli prime minister expressed his gratitude to Viktor Orban and Hungary. <a href=\"https:\/\/magyarnemzet.hu\/kulfold\/2025\/04\/netanjahu-izrael-miniszterelnok\">Benjamin Netanyahu<\/a> offered special thanks for Hungary\u2019s zero tolerance toward antisemitism and for the fact that the Hungarian Jewish community can live in safety.<\/p>\n<blockquote><p>Hungary is home to the third-largest Jewish community in Europe, and here, even religious Jews do not need to hide their identity. They can wear their religious symbols openly without fear of harassment or assault,<\/p><\/blockquote>\n<p>\u2013 Mr. Nagy pointed out.<\/p>\n<p><img decoding=\"async\" src=\"https:\/\/cdn.magyarnemzet.hu\/2025\/04\/EZ-n1LPxixEOb5CsOVQGNWvwn6fugNcVE0_oPtTOseE\/fit\/1200\/676\/no\/1\/aHR0cHM6Ly9jbXNjZG4uYXBwLmNvbnRlbnQucHJpdmF0ZS9jb250ZW50L2NhZTQ4ZjA3MDUzNDRiZDU4NDY2OTk2MzZkZjE2YWVm.jpg\" \/><\/p>\n<p>Beyond this, economic cooperation between the two countries is also of great importance. Nearly 150 Israeli-owned companies operate in Hungary, employing around 4,000 workers. There is also collaboration in the defense industry.<\/p>\n<blockquote><p>Hungary\u2019s military has integrated Israel\u2019s Iron Dome radar system into its own network, and a few years ago the two sides &#8211; in partnership with German firm Rheinmetall and Israeli company Uvision &#8211; also agreed to begin manufacturing drones together.<\/p><\/blockquote>\n<p>According to the expert, another crucial point\u2014and one that Hungary places great emphasis on\u2014is the defense of civilizational and Judeo-Christian values, and the notion that Hungary is the unyielding stronghold of the Judeo-Christian world.<\/p>\n<blockquote><p>This way, Viktor Orban also gave the meeting a kind of civilizational significance and framework,<\/p><\/blockquote>\n<p>\u2013 the Israel expert concluded.<\/p>\n<p>(<a href=\"https:\/\/magyarnemzet.hu\/english\/2025\/04\/hungary-a-defender-of-civilizational-and-judeo-christian-values\">Magyar Nemzet<\/a>)<\/p>\n<div class=\"youtube-embed\" data-video_id=\"Z8ZjbVwpALo\"><iframe loading=\"lazy\" title=\"LIVE: Israel Prime Minister Benjamin Netanyahu meets Hungary&#039;s Orban in Budapest\" width=\"696\" height=\"392\" src=\"https:\/\/www.youtube.com\/embed\/Z8ZjbVwpALo?feature=oembed&#038;enablejsapi=1\" frameborder=\"0\" allow=\"accelerometer; autoplay; clipboard-write; encrypted-media; gyroscope; picture-in-picture; web-share\" referrerpolicy=\"strict-origin-when-cross-origin\" allowfullscreen><\/iframe><\/div>\n<p><em>Cover photo: Hungarian Prime Minister Viktor Orban and Israeli Prime Minister Benjamin Netanyahu (Photo: Attila Polyak)<\/em><\/p>\n","protected":false},"excerpt":{"rendered":"<p><strong>The Israeli prime minister has arrived in Hungary for a multi-day visit. Benjamin Netanyahu met with Viktor Orban on Thursday morning, followed by a joint press conference, during which both leaders reaffirmed that Hungary is an unassailable bastion of the Judeo-Christian world, analyst David Nagy of the Oeconomus Economic Research Foundation told our newspaper.<\/strong><\/p>\n<div class=\"more-link-wrap\"> <a href=\"https:\/\/www.bocskairadio.org\/en\/hungary-a-defender-of-civilizational-and-judeo-christian-values\/\" class=\"more-link\"><span aria-label=\"Continue reading Hungary a Defender of Civilizational and Judeo-Christian Values\">(more&hellip;)<\/span><\/a><\/div>\n","protected":false},"author":33,"featured_media":1102496,"comment_status":"open","ping_status":"open","sticky":false,"template":"","format":"standard","meta":{"footnotes":""},"categories":[519],"tags":[],"class_list":["post-1102495","post","type-post","status-publish","format-standard","has-post-thumbnail","category-magyarorszag-en"],"yoast_head":"<!-- This site is optimized with the Yoast SEO plugin v27.4 - https:\/\/yoast.com\/product\/yoast-seo-wordpress\/ -->\n<title>Hungary a Defender of Civilizational and Judeo-Christian Values &#8211; Bocskai R\u00e1di\u00f3<\/title>\n<meta name=\"robots\" content=\"index, follow, max-snippet:-1, max-image-preview:large, max-video-preview:-1\" \/>\n<link rel=\"canonical\" href=\"https:\/\/www.bocskairadio.org\/en\/hungary-a-defender-of-civilizational-and-judeo-christian-values\/\" \/>\n<meta property=\"og:locale\" content=\"en_US\" \/>\n<meta property=\"og:type\" content=\"article\" \/>\n<meta property=\"og:title\" content=\"Hungary a Defender of Civilizational and Judeo-Christian Values &#8211; Bocskai R\u00e1di\u00f3\" \/>\n<meta property=\"og:description\" content=\"The Israeli prime minister has arrived in Hungary for a multi-day visit. Benjamin Netanyahu met with Viktor Orban on Thursday morning, followed by a joint press conference, during which both leaders reaffirmed that Hungary is an unassailable bastion of the Judeo-Christian world, analyst David Nagy of the Oeconomus Economic Research Foundation told our newspaper.   (more&hellip;)\" \/>\n<meta property=\"og:url\" content=\"https:\/\/www.bocskairadio.org\/en\/hungary-a-defender-of-civilizational-and-judeo-christian-values\/\" \/>\n<meta property=\"og:site_name\" content=\"Bocskai R\u00e1di\u00f3\" \/>\n<meta property=\"article:publisher\" content=\"https:\/\/www.facebook.com\/BocskaiRadio\" \/>\n<meta property=\"article:published_time\" content=\"2025-04-05T17:57:18+00:00\" \/>\n<meta property=\"article:modified_time\" content=\"2025-04-05T18:06:21+00:00\" \/>\n<meta property=\"og:image\" content=\"https:\/\/www.bocskairadio.org\/wp-content\/uploads\/2025\/04\/benjamin-netanyahu-viktor-orban-budapest-2025apr.jpg\" \/>\n\t<meta property=\"og:image:width\" content=\"1200\" \/>\n\t<meta property=\"og:image:height\" content=\"675\" \/>\n\t<meta property=\"og:image:type\" content=\"image\/jpeg\" \/>\n<meta name=\"author\" content=\"Bocskai R\u00e1di\u00f3 Sajt\u00f3figyel\u0151\" \/>\n<meta name=\"twitter:card\" content=\"summary_large_image\" \/>\n<meta name=\"twitter:image\" content=\"https:\/\/www.bocskairadio.org\/wp-content\/uploads\/2025\/04\/benjamin-netanyahu-viktor-orban-budapest-2025apr.jpg\" \/>\n<meta name=\"twitter:creator\" content=\"@BocskaiRadio\" \/>\n<meta name=\"twitter:site\" content=\"@BocskaiRadio\" \/>\n<script type=\"application\/ld+json\" class=\"yoast-schema-graph\">{\"@context\":\"https:\\\/\\\/schema.org\",\"@graph\":[{\"@type\":\"Article\",\"@id\":\"https:\\\/\\\/www.bocskairadio.org\\\/en\\\/hungary-a-defender-of-civilizational-and-judeo-christian-values\\\/#article\",\"isPartOf\":{\"@id\":\"https:\\\/\\\/www.bocskairadio.org\\\/en\\\/hungary-a-defender-of-civilizational-and-judeo-christian-values\\\/\"},\"author\":{\"name\":\"Bocskai R\u00e1di\u00f3 Sajt\u00f3figyel\u0151\",\"@id\":\"https:\\\/\\\/www.bocskairadio.org\\\/en\\\/#\\\/schema\\\/person\\\/315c6a7157660526a98013de468aea9b\"},\"headline\":\"Hungary a Defender of Civilizational and Judeo-Christian Values\",\"datePublished\":\"2025-04-05T17:57:18+00:00\",\"dateModified\":\"2025-04-05T18:06:21+00:00\",\"mainEntityOfPage\":{\"@id\":\"https:\\\/\\\/www.bocskairadio.org\\\/en\\\/hungary-a-defender-of-civilizational-and-judeo-christian-values\\\/\"},\"wordCount\":432,\"commentCount\":0,\"publisher\":{\"@id\":\"https:\\\/\\\/www.bocskairadio.org\\\/en\\\/#organization\"},\"image\":{\"@id\":\"https:\\\/\\\/www.bocskairadio.org\\\/en\\\/hungary-a-defender-of-civilizational-and-judeo-christian-values\\\/#primaryimage\"},\"thumbnailUrl\":\"https:\\\/\\\/www.bocskairadio.org\\\/wp-content\\\/uploads\\\/2025\\\/04\\\/benjamin-netanyahu-viktor-orban-budapest-2025apr.jpg\",\"articleSection\":[\"Magyarorsz\u00e1gi h\u00edrek\"],\"inLanguage\":\"en-US\",\"potentialAction\":[{\"@type\":\"CommentAction\",\"name\":\"Comment\",\"target\":[\"https:\\\/\\\/www.bocskairadio.org\\\/en\\\/hungary-a-defender-of-civilizational-and-judeo-christian-values\\\/#respond\"]}]},{\"@type\":\"WebPage\",\"@id\":\"https:\\\/\\\/www.bocskairadio.org\\\/en\\\/hungary-a-defender-of-civilizational-and-judeo-christian-values\\\/\",\"url\":\"https:\\\/\\\/www.bocskairadio.org\\\/en\\\/hungary-a-defender-of-civilizational-and-judeo-christian-values\\\/\",\"name\":\"Hungary a Defender of Civilizational and Judeo-Christian Values &#8211; Bocskai R\u00e1di\u00f3\",\"isPartOf\":{\"@id\":\"https:\\\/\\\/www.bocskairadio.org\\\/en\\\/#website\"},\"primaryImageOfPage\":{\"@id\":\"https:\\\/\\\/www.bocskairadio.org\\\/en\\\/hungary-a-defender-of-civilizational-and-judeo-christian-values\\\/#primaryimage\"},\"image\":{\"@id\":\"https:\\\/\\\/www.bocskairadio.org\\\/en\\\/hungary-a-defender-of-civilizational-and-judeo-christian-values\\\/#primaryimage\"},\"thumbnailUrl\":\"https:\\\/\\\/www.bocskairadio.org\\\/wp-content\\\/uploads\\\/2025\\\/04\\\/benjamin-netanyahu-viktor-orban-budapest-2025apr.jpg\",\"datePublished\":\"2025-04-05T17:57:18+00:00\",\"dateModified\":\"2025-04-05T18:06:21+00:00\",\"inLanguage\":\"en-US\",\"potentialAction\":[{\"@type\":\"ReadAction\",\"target\":[\"https:\\\/\\\/www.bocskairadio.org\\\/en\\\/hungary-a-defender-of-civilizational-and-judeo-christian-values\\\/\"]}]},{\"@type\":\"ImageObject\",\"inLanguage\":\"en-US\",\"@id\":\"https:\\\/\\\/www.bocskairadio.org\\\/en\\\/hungary-a-defender-of-civilizational-and-judeo-christian-values\\\/#primaryimage\",\"url\":\"https:\\\/\\\/www.bocskairadio.org\\\/wp-content\\\/uploads\\\/2025\\\/04\\\/benjamin-netanyahu-viktor-orban-budapest-2025apr.jpg\",\"contentUrl\":\"https:\\\/\\\/www.bocskairadio.org\\\/wp-content\\\/uploads\\\/2025\\\/04\\\/benjamin-netanyahu-viktor-orban-budapest-2025apr.jpg\",\"width\":1200,\"height\":675},{\"@type\":\"WebSite\",\"@id\":\"https:\\\/\\\/www.bocskairadio.org\\\/en\\\/#website\",\"url\":\"https:\\\/\\\/www.bocskairadio.org\\\/en\\\/\",\"name\":\"Bocskai R\u00e1di\u00f3\",\"description\":\"The Voice of Cleveland Hungarians\",\"publisher\":{\"@id\":\"https:\\\/\\\/www.bocskairadio.org\\\/en\\\/#organization\"},\"potentialAction\":[{\"@type\":\"SearchAction\",\"target\":{\"@type\":\"EntryPoint\",\"urlTemplate\":\"https:\\\/\\\/www.bocskairadio.org\\\/en\\\/?s={search_term_string}\"},\"query-input\":{\"@type\":\"PropertyValueSpecification\",\"valueRequired\":true,\"valueName\":\"search_term_string\"}}],\"inLanguage\":\"en-US\"},{\"@type\":\"Organization\",\"@id\":\"https:\\\/\\\/www.bocskairadio.org\\\/en\\\/#organization\",\"name\":\"Bocskai R\u00e1di\u00f3\",\"url\":\"https:\\\/\\\/www.bocskairadio.org\\\/en\\\/\",\"logo\":{\"@type\":\"ImageObject\",\"inLanguage\":\"en-US\",\"@id\":\"https:\\\/\\\/www.bocskairadio.org\\\/en\\\/#\\\/schema\\\/logo\\\/image\\\/\",\"url\":\"https:\\\/\\\/www.bocskairadio.org\\\/wp-content\\\/uploads\\\/2016\\\/11\\\/var3_basic.jpg\",\"contentUrl\":\"https:\\\/\\\/www.bocskairadio.org\\\/wp-content\\\/uploads\\\/2016\\\/11\\\/var3_basic.jpg\",\"width\":500,\"height\":500,\"caption\":\"Bocskai R\u00e1di\u00f3\"},\"image\":{\"@id\":\"https:\\\/\\\/www.bocskairadio.org\\\/en\\\/#\\\/schema\\\/logo\\\/image\\\/\"},\"sameAs\":[\"https:\\\/\\\/www.facebook.com\\\/BocskaiRadio\",\"https:\\\/\\\/x.com\\\/BocskaiRadio\",\"https:\\\/\\\/www.instagram.com\\\/bocskairadio\\\/\",\"https:\\\/\\\/www.youtube.com\\\/user\\\/bocskairadio\",\"https:\\\/\\\/hu.wikipedia.org\\\/wiki\\\/Bocskai_R\u00e1di\u00f3\"]},{\"@type\":\"Person\",\"@id\":\"https:\\\/\\\/www.bocskairadio.org\\\/en\\\/#\\\/schema\\\/person\\\/315c6a7157660526a98013de468aea9b\",\"name\":\"Bocskai R\u00e1di\u00f3 Sajt\u00f3figyel\u0151\",\"image\":{\"@type\":\"ImageObject\",\"inLanguage\":\"en-US\",\"@id\":\"https:\\\/\\\/secure.gravatar.com\\\/avatar\\\/172f6f7512ad482be66da86e5fa9a1801ba4dfc3c51d3e9bc67bb6e90cdacea8?s=96&d=mm&r=g\",\"url\":\"https:\\\/\\\/secure.gravatar.com\\\/avatar\\\/172f6f7512ad482be66da86e5fa9a1801ba4dfc3c51d3e9bc67bb6e90cdacea8?s=96&d=mm&r=g\",\"contentUrl\":\"https:\\\/\\\/secure.gravatar.com\\\/avatar\\\/172f6f7512ad482be66da86e5fa9a1801ba4dfc3c51d3e9bc67bb6e90cdacea8?s=96&d=mm&r=g\",\"caption\":\"Bocskai R\u00e1di\u00f3 Sajt\u00f3figyel\u0151\"},\"sameAs\":[\"https:\\\/\\\/www.bocskairadio.org\"],\"url\":\"https:\\\/\\\/www.bocskairadio.org\\\/en\\\/author\\\/sajtofigyelo\\\/\"}]}<\/script>\n<!-- \/ Yoast SEO plugin. -->","yoast_head_json":{"title":"Hungary a Defender of Civilizational and Judeo-Christian Values &#8211; Bocskai R\u00e1di\u00f3","robots":{"index":"index","follow":"follow","max-snippet":"max-snippet:-1","max-image-preview":"max-image-preview:large","max-video-preview":"max-video-preview:-1"},"canonical":"https:\/\/www.bocskairadio.org\/en\/hungary-a-defender-of-civilizational-and-judeo-christian-values\/","og_locale":"en_US","og_type":"article","og_title":"Hungary a Defender of Civilizational and Judeo-Christian Values &#8211; Bocskai R\u00e1di\u00f3","og_description":"The Israeli prime minister has arrived in Hungary for a multi-day visit. Benjamin Netanyahu met with Viktor Orban on Thursday morning, followed by a joint press conference, during which both leaders reaffirmed that Hungary is an unassailable bastion of the Judeo-Christian world, analyst David Nagy of the Oeconomus Economic Research Foundation told our newspaper.   (more&hellip;)","og_url":"https:\/\/www.bocskairadio.org\/en\/hungary-a-defender-of-civilizational-and-judeo-christian-values\/","og_site_name":"Bocskai R\u00e1di\u00f3","article_publisher":"https:\/\/www.facebook.com\/BocskaiRadio","article_published_time":"2025-04-05T17:57:18+00:00","article_modified_time":"2025-04-05T18:06:21+00:00","og_image":[{"width":1200,"height":675,"url":"https:\/\/www.bocskairadio.org\/wp-content\/uploads\/2025\/04\/benjamin-netanyahu-viktor-orban-budapest-2025apr.jpg","type":"image\/jpeg"}],"author":"Bocskai R\u00e1di\u00f3 Sajt\u00f3figyel\u0151","twitter_card":"summary_large_image","twitter_image":"https:\/\/www.bocskairadio.org\/wp-content\/uploads\/2025\/04\/benjamin-netanyahu-viktor-orban-budapest-2025apr.jpg","twitter_creator":"@BocskaiRadio","twitter_site":"@BocskaiRadio","schema":{"@context":"https:\/\/schema.org","@graph":[{"@type":"Article","@id":"https:\/\/www.bocskairadio.org\/en\/hungary-a-defender-of-civilizational-and-judeo-christian-values\/#article","isPartOf":{"@id":"https:\/\/www.bocskairadio.org\/en\/hungary-a-defender-of-civilizational-and-judeo-christian-values\/"},"author":{"name":"Bocskai R\u00e1di\u00f3 Sajt\u00f3figyel\u0151","@id":"https:\/\/www.bocskairadio.org\/en\/#\/schema\/person\/315c6a7157660526a98013de468aea9b"},"headline":"Hungary a Defender of Civilizational and Judeo-Christian Values","datePublished":"2025-04-05T17:57:18+00:00","dateModified":"2025-04-05T18:06:21+00:00","mainEntityOfPage":{"@id":"https:\/\/www.bocskairadio.org\/en\/hungary-a-defender-of-civilizational-and-judeo-christian-values\/"},"wordCount":432,"commentCount":0,"publisher":{"@id":"https:\/\/www.bocskairadio.org\/en\/#organization"},"image":{"@id":"https:\/\/www.bocskairadio.org\/en\/hungary-a-defender-of-civilizational-and-judeo-christian-values\/#primaryimage"},"thumbnailUrl":"https:\/\/www.bocskairadio.org\/wp-content\/uploads\/2025\/04\/benjamin-netanyahu-viktor-orban-budapest-2025apr.jpg","articleSection":["Magyarorsz\u00e1gi h\u00edrek"],"inLanguage":"en-US","potentialAction":[{"@type":"CommentAction","name":"Comment","target":["https:\/\/www.bocskairadio.org\/en\/hungary-a-defender-of-civilizational-and-judeo-christian-values\/#respond"]}]},{"@type":"WebPage","@id":"https:\/\/www.bocskairadio.org\/en\/hungary-a-defender-of-civilizational-and-judeo-christian-values\/","url":"https:\/\/www.bocskairadio.org\/en\/hungary-a-defender-of-civilizational-and-judeo-christian-values\/","name":"Hungary a Defender of Civilizational and Judeo-Christian Values &#8211; Bocskai R\u00e1di\u00f3","isPartOf":{"@id":"https:\/\/www.bocskairadio.org\/en\/#website"},"primaryImageOfPage":{"@id":"https:\/\/www.bocskairadio.org\/en\/hungary-a-defender-of-civilizational-and-judeo-christian-values\/#primaryimage"},"image":{"@id":"https:\/\/www.bocskairadio.org\/en\/hungary-a-defender-of-civilizational-and-judeo-christian-values\/#primaryimage"},"thumbnailUrl":"https:\/\/www.bocskairadio.org\/wp-content\/uploads\/2025\/04\/benjamin-netanyahu-viktor-orban-budapest-2025apr.jpg","datePublished":"2025-04-05T17:57:18+00:00","dateModified":"2025-04-05T18:06:21+00:00","inLanguage":"en-US","potentialAction":[{"@type":"ReadAction","target":["https:\/\/www.bocskairadio.org\/en\/hungary-a-defender-of-civilizational-and-judeo-christian-values\/"]}]},{"@type":"ImageObject","inLanguage":"en-US","@id":"https:\/\/www.bocskairadio.org\/en\/hungary-a-defender-of-civilizational-and-judeo-christian-values\/#primaryimage","url":"https:\/\/www.bocskairadio.org\/wp-content\/uploads\/2025\/04\/benjamin-netanyahu-viktor-orban-budapest-2025apr.jpg","contentUrl":"https:\/\/www.bocskairadio.org\/wp-content\/uploads\/2025\/04\/benjamin-netanyahu-viktor-orban-budapest-2025apr.jpg","width":1200,"height":675},{"@type":"WebSite","@id":"https:\/\/www.bocskairadio.org\/en\/#website","url":"https:\/\/www.bocskairadio.org\/en\/","name":"Bocskai R\u00e1di\u00f3","description":"The Voice of Cleveland Hungarians","publisher":{"@id":"https:\/\/www.bocskairadio.org\/en\/#organization"},"potentialAction":[{"@type":"SearchAction","target":{"@type":"EntryPoint","urlTemplate":"https:\/\/www.bocskairadio.org\/en\/?s={search_term_string}"},"query-input":{"@type":"PropertyValueSpecification","valueRequired":true,"valueName":"search_term_string"}}],"inLanguage":"en-US"},{"@type":"Organization","@id":"https:\/\/www.bocskairadio.org\/en\/#organization","name":"Bocskai R\u00e1di\u00f3","url":"https:\/\/www.bocskairadio.org\/en\/","logo":{"@type":"ImageObject","inLanguage":"en-US","@id":"https:\/\/www.bocskairadio.org\/en\/#\/schema\/logo\/image\/","url":"https:\/\/www.bocskairadio.org\/wp-content\/uploads\/2016\/11\/var3_basic.jpg","contentUrl":"https:\/\/www.bocskairadio.org\/wp-content\/uploads\/2016\/11\/var3_basic.jpg","width":500,"height":500,"caption":"Bocskai R\u00e1di\u00f3"},"image":{"@id":"https:\/\/www.bocskairadio.org\/en\/#\/schema\/logo\/image\/"},"sameAs":["https:\/\/www.facebook.com\/BocskaiRadio","https:\/\/x.com\/BocskaiRadio","https:\/\/www.instagram.com\/bocskairadio\/","https:\/\/www.youtube.com\/user\/bocskairadio","https:\/\/hu.wikipedia.org\/wiki\/Bocskai_R\u00e1di\u00f3"]},{"@type":"Person","@id":"https:\/\/www.bocskairadio.org\/en\/#\/schema\/person\/315c6a7157660526a98013de468aea9b","name":"Bocskai R\u00e1di\u00f3 Sajt\u00f3figyel\u0151","image":{"@type":"ImageObject","inLanguage":"en-US","@id":"https:\/\/secure.gravatar.com\/avatar\/172f6f7512ad482be66da86e5fa9a1801ba4dfc3c51d3e9bc67bb6e90cdacea8?s=96&d=mm&r=g","url":"https:\/\/secure.gravatar.com\/avatar\/172f6f7512ad482be66da86e5fa9a1801ba4dfc3c51d3e9bc67bb6e90cdacea8?s=96&d=mm&r=g","contentUrl":"https:\/\/secure.gravatar.com\/avatar\/172f6f7512ad482be66da86e5fa9a1801ba4dfc3c51d3e9bc67bb6e90cdacea8?s=96&d=mm&r=g","caption":"Bocskai R\u00e1di\u00f3 Sajt\u00f3figyel\u0151"},"sameAs":["https:\/\/www.bocskairadio.org"],"url":"https:\/\/www.bocskairadio.org\/en\/author\/sajtofigyelo\/"}]}},"_links":{"self":[{"href":"https:\/\/www.bocskairadio.org\/en\/wp-json\/wp\/v2\/posts\/1102495","targetHints":{"allow":["GET"]}}],"collection":[{"href":"https:\/\/www.bocskairadio.org\/en\/wp-json\/wp\/v2\/posts"}],"about":[{"href":"https:\/\/www.bocskairadio.org\/en\/wp-json\/wp\/v2\/types\/post"}],"author":[{"embeddable":true,"href":"https:\/\/www.bocskairadio.org\/en\/wp-json\/wp\/v2\/users\/33"}],"replies":[{"embeddable":true,"href":"https:\/\/www.bocskairadio.org\/en\/wp-json\/wp\/v2\/comments?post=1102495"}],"version-history":[{"count":3,"href":"https:\/\/www.bocskairadio.org\/en\/wp-json\/wp\/v2\/posts\/1102495\/revisions"}],"predecessor-version":[{"id":1102500,"href":"https:\/\/www.bocskairadio.org\/en\/wp-json\/wp\/v2\/posts\/1102495\/revisions\/1102500"}],"wp:featuredmedia":[{"embeddable":true,"href":"https:\/\/www.bocskairadio.org\/en\/wp-json\/wp\/v2\/media\/1102496"}],"wp:attachment":[{"href":"https:\/\/www.bocskairadio.org\/en\/wp-json\/wp\/v2\/media?parent=1102495"}],"wp:term":[{"taxonomy":"category","embeddable":true,"href":"https:\/\/www.bocskairadio.org\/en\/wp-json\/wp\/v2\/categories?post=1102495"},{"taxonomy":"post_tag","embeddable":true,"href":"https:\/\/www.bocskairadio.org\/en\/wp-json\/wp\/v2\/tags?post=1102495"}],"curies":[{"name":"wp","href":"https:\/\/api.w.org\/{rel}","templated":true}]}}