{"id":1102762,"date":"2025-04-19T19:12:20","date_gmt":"2025-04-19T23:12:20","guid":{"rendered":"https:\/\/www.bocskairadio.org\/?p=1102762"},"modified":"2025-04-19T19:12:20","modified_gmt":"2025-04-19T23:12:20","slug":"being-hungarian-is-a-privilege-a-pride-a-mission-prof-dr-balazs-hanko-in-new-york","status":"publish","type":"post","link":"https:\/\/www.bocskairadio.org\/en\/being-hungarian-is-a-privilege-a-pride-a-mission-prof-dr-balazs-hanko-in-new-york\/","title":{"rendered":"\u2018Being Hungarian is a privilege, a pride, a mission\u2019 \u2014 Prof. Dr. Bal\u00e1zs Hank\u00f3 in New York"},"content":{"rendered":"<p>Source: <a href=\"https:\/\/www.hungarianconservative.com\/articles\/current\/hungarian-culture-diplomacy-technology-balazs-hanko-new-york\/\">Hungarian Conservative<\/a><\/p>\n<p class=\"has-drop-cap has-medium-font-size\" style=\"text-align: justify;\">At the latest event of the Speaker Series organized by the New York Young Republicans Club (NYYRC), Hungarian Minister of Culture and Innovation Prof. Dr. Bal\u00e1zs Hank\u00f3 spoke about the significant roles that culture, technology and diplomatic engagements play in shaping Hungary\u2019s international standing and domestic growth, sharing insights on the successes, challenges, and strategies that define Hungary\u2019s approach to innovation and cultural diplomacy. After explaining how small but old European nations, like Hungary, are navigating the complex web of global challenges through innovation and strategic cultural outreach, the minister answered several questions from the audience.<!--more--><\/p>\n<p style=\"text-align: justify;\">The Hungarian minister started his presentation by outlining his vision of a bright future because, in his opinion, Hungary is at the heart of Europe; when the heart is normal, there is a chance that the whole body will heal and be normal. That\u2019s why it\u2019s so important that the U.S. and Hungary have such a strong alliance, because together they can change the world to be normal, advancing pro-life and pro-family policies all over the world. He continued explaining the unique features of his department, covering several different matters, including higher education, vocational training, adult training as well as research and innovation in science\u2014and related policies, including the by now world-famous Hungarian family policies, adding: these all relate to the national identity, because culture means identity.<\/p>\n<blockquote class=\"wp-block-quote is-layout-flow wp-block-quote-is-layout-flow\"><p>\u2018He continued explaining the unique features of his department, covering several different matters\u2026because culture means identity\u2019<\/p><\/blockquote>\n<p style=\"text-align: justify;\">When briefly summarizing Hungarian history and the reasons why it\u2019s so important for Hungarians and for those who want to understand them, Prof. Hank\u00f3 highlighted two key concepts coded in Hungarian history: fights for freedom and sovereignty. \u2018<em>Hungarians are a little bit different: we are coming from the East and settled down in the heart of Europe, in the Carpathian Basin in the ninth century, with a unique language, a unique culture, and a unique history. Our national history is more than 1,000 years old, and we have survived because we are freedom fighters and we very much appreciate sovereignty. We respect other nations, especially strong nations with strong identity, but we want it to be mutual: we expect other nations to respect our nation and our history, too<\/em>.\u2019<\/p>\n<p style=\"text-align: justify;\">Highlighting the reasons why freedom is important for Hungarians, he shared that Hungary was occupied by the Ottoman Empire for more than 150 years, then dominated by the Austrian Empire for several hundred years, and then was forced into the Treaty of Trianon, in which it lost two-thirds of its former territory. Then came more than 40 years of communist rule under the Soviet Empire, which was shaken by the 1956 Hungarian revolution and freedom fight. \u2018As a result, nowadays some 2.5 million Hungarians live outside of the current borders of Hungary. It is very important for us to support them morally and financially, enabling them to protect, live and pass on our unique culture,\u2019 the minister said. Quoting the famous Hungarian writer S\u00e1ndor M\u00e1rai, he explained that Western nations don\u2019t necessarily appreciate how important freedom is, because they got it as a \u2018gift\u2019, while Hungarians had to fight for their freedom many times in their history. That\u2019s what we are doing nowadays in Europe, he added, only because \u2018we want peace and a normal life\u2019.<\/p>\n<p style=\"text-align: justify;\">Listing the major challenges Europe is facing, Prof. Hank\u00f3 listed three key factors that Europe is currently losing: identity, competitiveness, and ability to reproduce itself. According to him, out of these, the core issue is identity because \u2018if you lose your identity, you won\u2019t be competitive, and won\u2019t have the ability to reproduce yourself.\u2019 The Hungarian minister drew attention to the fact that recent mass migration to Europe causes a rapid cultural change in multiple Western European countries; for example, in Germany, every third child, in France, every fourth child has an immigration background. Europe\u2019s nations were built on classical Judeo\u2013Christian culture. \u2018Notice what is happening. Europe is now just a mess. We are losing our identity because of mass migration,\u2019 he concluded.<\/p>\n<p style=\"text-align: justify;\">Regarding economic competitiveness, the minister emphasized that while labor productivity in the U.S. and Europe was similar in 1995, nowadays, Europe is seriously lagging behind, reaching around 80 per cent of the U.S. labor productivity rate. Additionally, only four out of the world\u2019s top 50 largest tech companies are European, which is only 8 per cent. As a third aspect, he mentioned the importance of venture capital, collaboration between industries and venture capital funds, stating that Europe\u2019s share of global venture capital funding raised is only 5 per cent globally, while the U.S.\u2019s share is 52 per cent, and China\u2019s share is 40 per cent. Moreover, if we zoom in on pure research, the publication output of Europe has also declined: its current share is only 19 per cent globally, while East Asia boosts 32 per cent and North America adds around 15 per cent. \u2018We are losing not only our culture, but also our competitiveness; we need cultural identity and an impact-driven science which is in line with our national economy,\u2019 he summarized. He also mentioned that, based on a recent vote by the European Parliament, a European-funded research program called Horizon excluded Hungarian universities and researchers, but included the financial support of gender propaganda-related research.<\/p>\n<blockquote class=\"wp-block-quote is-layout-flow wp-block-quote-is-layout-flow\"><p>\u2018We are creative. And we want to be a self-sustaining nation\u2019<\/p><\/blockquote>\n<p style=\"text-align: justify;\">As regards demographic, Prof. Hank\u00f3 stated that the current stagnation of European population is only due to recent mass migration, otherwise the decline is absolutely rapid: there are about 600,000 less \u2018original\u2019 Europeans each year, while in the past ten years, Europe received some 14 million new migrants, mostly from culturally very different Asian and African nations. Assuming no migration and calculating with the current fertility rate (i.e. assuming that it wouldn\u2019t decline further), by 2100 Europe\u2019s population would drastically decline, for example Germany would have approximately 50 instead of the current 80 million population, Poland\u2019s population would decrease to 24 million instead of the current 40 million, etc. \u2018<em>We have to stop mass migration and increase the fertility rate to save our old continent. That\u2019s why the Hungarian nation decided to stop illegal migration. As a result, we were imposed by the Brussels administration to pay a penalty of 1 million euros per day. We also want to protect our children from gender propaganda: the Hungarian child protection law prohibits gender activities in media accessible to minors under 18 and also prohibits gender activities in schools.<\/em>\u2019 Finally, the minister said, Hungary wants peace as soon as possible in the currently ongoing Russian\u2013Ukrainian war for three reasons: almost 150,000 Hungarians live as minorities in Ukraine; Hungary is governed by Christian Democrat parties, and the war is a huge financial burden on the Hungarian economy. \u2018So, we want to stop illegal migration, we want to protect our children, and we want peace,\u2019 he summarized, adding that all these were decisions of the Hungarians. \u2018There is good news for Hungarians and bad news for Brussels: Hungary is here to stay, because we are a special nation in the heart of Europe. We\u2019ll survive because we are on the normal side, which is hard to conquer.\u2019 \u2018We are happy to have support from the U.S. in our battle with the European Union,\u2019 he added.<\/p>\n<p style=\"text-align: justify;\">In the second part of his presentation, Prof. Hank\u00f3 presented several solutions currently applied in Hungary for the previously mentioned challenges that the whole of Europe, including Hungary, faces. \u2018Being Hungarian is a privilege, a pride, and a mission. That\u2019s why we strengthen our culture, not just the Hungarian traditional culture, but also the classical European culture we are part of. That\u2019s why we\u2019ve transformed our university system as well and our innovation and research system,\u2019 the minister said. Appreciating Hungarian creativity, he mentioned that two Hungarians received the Nobel Prize two years ago, Ferenc Krausz and Katalin Karik\u00f3. He added that Hungarians are in ninety-sixth place by population in the world, forty-ninth place by GDP, thirty-third place by innovation output, thirteenth place by Olympic medals per million inhabitants, and eleventh place by Nobel laureates per million inhabitants. \u2018We are creative. And we want to be a self-sustaining nation,\u2019 he said and continued explaining that the Hungarian answer, that of \u2018the island of difference and of normality in Europe\u2019 is threefold: instead of merging European and global cultures, Hungary returns to our Judeo\u2013Christian cultural traditions; instead of an aimless generation, Hungary is raising creative young people with a profession and a calling; and finally, instead of promoting gender activities, Hungary strengthens the traditional family model and wants to protect its children.<\/p>\n<figure class=\"wp-block-image size-large\" style=\"text-align: justify;\">\n<p><figure id=\"attachment_46819\" aria-describedby=\"caption-attachment-46819\" style=\"width: 1024px\" class=\"wp-caption alignnone\"><img loading=\"lazy\" decoding=\"async\" class=\"entered lazyloaded td-modal-image wp-image-46819\" src=\"https:\/\/www.hungarianconservative.com\/wp-content\/uploads\/2025\/04\/hanko2-1-1024x683.jpg\" sizes=\"auto, (max-width: 1024px) 100vw, 1024px\" srcset=\"https:\/\/www.hungarianconservative.com\/wp-content\/uploads\/2025\/04\/hanko2-1-1024x683.jpg 1024w, https:\/\/www.hungarianconservative.com\/wp-content\/uploads\/2025\/04\/hanko2-1-300x200.jpg 300w, https:\/\/www.hungarianconservative.com\/wp-content\/uploads\/2025\/04\/hanko2-1-768x512.jpg 768w, https:\/\/www.hungarianconservative.com\/wp-content\/uploads\/2025\/04\/hanko2-1-1536x1025.jpg 1536w, https:\/\/www.hungarianconservative.com\/wp-content\/uploads\/2025\/04\/hanko2-1.jpg 2048w\" alt=\"\" width=\"1024\" height=\"683\" data-lazy-srcset=\"https:\/\/www.hungarianconservative.com\/wp-content\/uploads\/2025\/04\/hanko2-1-1024x683.jpg 1024w, https:\/\/www.hungarianconservative.com\/wp-content\/uploads\/2025\/04\/hanko2-1-300x200.jpg 300w, https:\/\/www.hungarianconservative.com\/wp-content\/uploads\/2025\/04\/hanko2-1-768x512.jpg 768w, https:\/\/www.hungarianconservative.com\/wp-content\/uploads\/2025\/04\/hanko2-1-1536x1025.jpg 1536w, https:\/\/www.hungarianconservative.com\/wp-content\/uploads\/2025\/04\/hanko2-1.jpg 2048w\" data-lazy-sizes=\"(max-width: 1024px) 100vw, 1024px\" data-lazy-src=\"https:\/\/www.hungarianconservative.com\/wp-content\/uploads\/2025\/04\/hanko2-1-1024x683.jpg\" data-ll-status=\"loaded\" \/><figcaption id=\"caption-attachment-46819\" class=\"wp-caption-text\">PHOTO: Bal\u00e1zs Hank\u00f3\/Facebook<\/figcaption><\/figure><\/figure>\n<p style=\"text-align: justify;\">The minister informed the audience that in the last couple of years, many iconic cultural buildings were renovated, renewed, or newly built in Hungary; the Liget Project in Budapest being the grandest cultural infrastructure development program in Europe, including the newly-built Museum of Ethnography and the House of Music Hungary. He explained that after World War II, many of the buildings of the Buda Castle, an iconic part of Budapest, were bombed to shatter, but recently they were renewed because Hungarians find it important to protect their cultural heritage. As said, cultural renovations took place not just in Budapest (for example, the Museum of Fine Arts, the Hungarian State Opera, the Liszt Ferenc Academy of Music, the Eiffel Palace in Budapest), but all over the Carpathian Basin (e.g., the Reformed Church in Kolozsv\u00e1r (Cluj-Napoca, Romania)). He also mentioned that the famous Hungarian film industry is nowadays number one in Europe: Hungary managed to attract several big American productions that were shot (fully or partly) there, but Hungary is focusing also on promoting Hungarian movies, being aware of the proverb: \u2018If you don\u2019t tell your own story, no one will tell it instead of you\u2019. It follows that \u2018our responsibility is to tell our story to the world,\u2019 he said.<\/p>\n<p style=\"text-align: justify;\">Regarding competitiveness in higher education, the minister emphasized that in 2021 Hungary transformed many of its major institutions, from the old state-owned model, which was a remnant of the communist era, to a new, competitive operational model with performance-based funding contracts. As he highlighted, the restructuring of the vocational training system has also taken place because \u2018profession is important for the Hungarian labor market\u2019; therefore, the Hungarian government invited stakeholders from the labor market to give advice on how to renew vocational training activities. Thus, they managed to have several positive outcomes in the new higher education system, producing more corporate income and patent applications, etc. But the main message is that these reformed universities and vocational training centers have to serve the Hungarian economy and the Hungarian society, he emphasized.<\/p>\n<p style=\"text-align: justify;\">Prof. Hank\u00f3 highlighted that Hungary also achieved significant progress in the research and innovation ecosystem in the last decade, reaching +8.7 score on the European Innovation Scoreboard since 2017; triple increase in research and development (R&amp;D) funding and double increase in R&amp;D personnel compared to 2010; and 50 per cent increase in terms of the number of PhD students compared to 2014. We are moving in the right direction, he concluded, adding that it\u2019s important to have good manufacturers, but Hungary wants to have inventors too\u2014that\u2019s why the university system has been restructured. However, the key to our future is demographics, because Hungary is a family-friendly country, family being very important, or rather important, to all Hungarians, the minister highlighted. This is the reason for changing the whole family protection policy in the past 15 years, he added. As a key result of these new policies, Hungary ranks first in terms of increasing the fertility rate between 2010 and 2023; the number of marriages has doubled, the divorce ratio declined by around 29 per cent, while the abortion ratio declined by almost 50 per cent over the past 10\u201315 years.<\/p>\n<figure class=\"wp-block-image size-large\" style=\"text-align: justify;\">\n<p><figure id=\"attachment_46821\" aria-describedby=\"caption-attachment-46821\" style=\"width: 1024px\" class=\"wp-caption alignnone\"><img loading=\"lazy\" decoding=\"async\" class=\"entered lazyloaded td-modal-image wp-image-46821\" src=\"https:\/\/www.hungarianconservative.com\/wp-content\/uploads\/2025\/04\/hanko1-1-1024x683.jpg\" sizes=\"auto, (max-width: 1024px) 100vw, 1024px\" srcset=\"https:\/\/www.hungarianconservative.com\/wp-content\/uploads\/2025\/04\/hanko1-1-1024x683.jpg 1024w, https:\/\/www.hungarianconservative.com\/wp-content\/uploads\/2025\/04\/hanko1-1-300x200.jpg 300w, https:\/\/www.hungarianconservative.com\/wp-content\/uploads\/2025\/04\/hanko1-1-768x512.jpg 768w, https:\/\/www.hungarianconservative.com\/wp-content\/uploads\/2025\/04\/hanko1-1-1536x1025.jpg 1536w, https:\/\/www.hungarianconservative.com\/wp-content\/uploads\/2025\/04\/hanko1-1.jpg 2048w\" alt=\"\" width=\"1024\" height=\"683\" data-lazy-srcset=\"https:\/\/www.hungarianconservative.com\/wp-content\/uploads\/2025\/04\/hanko1-1-1024x683.jpg 1024w, https:\/\/www.hungarianconservative.com\/wp-content\/uploads\/2025\/04\/hanko1-1-300x200.jpg 300w, https:\/\/www.hungarianconservative.com\/wp-content\/uploads\/2025\/04\/hanko1-1-768x512.jpg 768w, https:\/\/www.hungarianconservative.com\/wp-content\/uploads\/2025\/04\/hanko1-1-1536x1025.jpg 1536w, https:\/\/www.hungarianconservative.com\/wp-content\/uploads\/2025\/04\/hanko1-1.jpg 2048w\" data-lazy-sizes=\"(max-width: 1024px) 100vw, 1024px\" data-lazy-src=\"https:\/\/www.hungarianconservative.com\/wp-content\/uploads\/2025\/04\/hanko1-1-1024x683.jpg\" data-ll-status=\"loaded\" \/><figcaption id=\"caption-attachment-46821\" class=\"wp-caption-text\">PHOTO: Bal\u00e1zs Hank\u00f3\/Facebook<\/figcaption><\/figure><\/figure>\n<p style=\"text-align: justify;\">Finally, the minister explained the five pillars of Hungarian family policy: parenting should be financially advantageous; families should receive help for home ownership\u2014as Hungarians like to live in and 90 per cent of them actually live in their own homes\u2014; family policy should be focused on mothers\u2014as the key player in a family\u2014; every aspect of the country\u2019s everyday life should be made family friendly; and families and children should be protected by law. Based on that, the key family policy measures are related to:<\/p>\n<ol class=\"wp-block-list\" style=\"text-align: justify;\">\n<li>young people (e.g., no personal income tax under 25, zero interest on student loans after vocational training and during university, and repayment deferral or partial release based on the number of children; free language courses, etc.);<\/li>\n<li>young couples (e.g., baby expecting subsidies under 35; no personal income tax for mothers under 30; eliminating student loans of mothers);<\/li>\n<li>families with small children (e.g., infant care fee; 70 to 100 per cent of previous wage is paid as childcare allowance until the child is three years old, which is a tax-free benefit; and mothers can even work while being recipients of this subsidy);<\/li>\n<li>families with children (e.g., there is no personal income tax for mothers with two or more children; family tax allowance);<\/li>\n<li>housing (e.g., limited energy and utility fees, subsidized loans for purchasing a new home, and cash grants for families living in the countryside);<\/li>\n<li>children\u2019s well-being (free kindergarten from age three, free meals and free textbooks for children, free public transport under age 14, and free vacation opportunities);<\/li>\n<li>older people (e.g., early pension after 40 years of service for women; thirteenth month pension once a year, free transport, and VAT refund for some basic food products).<\/li>\n<\/ol>\n<p style=\"text-align: justify;\">We protect families because we want to protect children, who represent the future, concluded the Hungarian minister in his presentation.<\/p>\n<div class=\"elementor-element elementor-element-59aeef1 elementor-align-left elementor-hidden-mobile elementor-widget elementor-widget-post-info\" data-id=\"59aeef1\" data-element_type=\"widget\" data-widget_type=\"post-info.default\">\n<div class=\"elementor-widget-container\">\n<p><strong><span class=\"elementor-icon-list-text elementor-post-info__item elementor-post-info__item--type-author\">Ildik\u00f3 Antal-Ferencz<\/span><\/strong><\/p>\n<p>&nbsp;<\/p>\n<\/div>\n<\/div>\n<p>Source: <a href=\"https:\/\/www.hungarianconservative.com\/articles\/current\/hungarian-culture-diplomacy-technology-balazs-hanko-new-york\/\">Hungarian Conservative<\/a><\/p>\n","protected":false},"excerpt":{"rendered":"<p>Source: <a href=\"https:\/\/www.hungarianconservative.com\/articles\/current\/hungarian-culture-diplomacy-technology-balazs-hanko-new-york\/\">Hungarian Conservative<\/a><\/p>\n<p class=\"has-drop-cap has-medium-font-size\" style=\"text-align: justify;\">At the latest event of the Speaker Series organized by the New York Young Republicans Club (NYYRC), Hungarian Minister of Culture and Innovation Prof. Dr. Bal\u00e1zs Hank\u00f3 spoke about the significant roles that culture, technology and diplomatic engagements play in shaping Hungary\u2019s international standing and domestic growth, sharing insights on the successes, challenges, and strategies that define Hungary\u2019s approach to innovation and cultural diplomacy. After explaining how small but old European nations, like Hungary, are navigating the complex web of global challenges through innovation and strategic cultural outreach, the minister answered several questions from the audience.<\/p>\n<div class=\"more-link-wrap\"> <a href=\"https:\/\/www.bocskairadio.org\/en\/being-hungarian-is-a-privilege-a-pride-a-mission-prof-dr-balazs-hanko-in-new-york\/\" class=\"more-link\"><span aria-label=\"Continue reading \u2018Being Hungarian is a privilege, a pride, a mission\u2019 \u2014 Prof. Dr. Bal\u00e1zs Hank\u00f3 in New York\">(more&hellip;)<\/span><\/a><\/div><\/p>\n","protected":false},"author":43,"featured_media":1102764,"comment_status":"open","ping_status":"open","sticky":false,"template":"","format":"standard","meta":{"footnotes":""},"categories":[196],"tags":[],"class_list":["post-1102762","post","type-post","status-publish","format-standard","has-post-thumbnail","category-local-events-and-news"],"yoast_head":"<!-- This site is optimized with the Yoast SEO plugin v27.4 - https:\/\/yoast.com\/product\/yoast-seo-wordpress\/ -->\n<title>\u2018Being Hungarian is a privilege, a pride, a mission\u2019 \u2014 Prof. Dr. Bal\u00e1zs Hank\u00f3 in New York &#8211; Bocskai R\u00e1di\u00f3<\/title>\n<meta name=\"robots\" content=\"index, follow, max-snippet:-1, max-image-preview:large, max-video-preview:-1\" \/>\n<link rel=\"canonical\" href=\"https:\/\/www.bocskairadio.org\/en\/being-hungarian-is-a-privilege-a-pride-a-mission-prof-dr-balazs-hanko-in-new-york\/\" \/>\n<meta property=\"og:locale\" content=\"en_US\" \/>\n<meta property=\"og:type\" content=\"article\" \/>\n<meta property=\"og:title\" content=\"\u2018Being Hungarian is a privilege, a pride, a mission\u2019 \u2014 Prof. Dr. Bal\u00e1zs Hank\u00f3 in New York &#8211; Bocskai R\u00e1di\u00f3\" \/>\n<meta property=\"og:description\" content=\"Source: Hungarian Conservative At the latest event of the Speaker Series organized by the New York Young Republicans Club (NYYRC), Hungarian Minister of Culture and Innovation Prof. Dr. Bal\u00e1zs Hank\u00f3 spoke about the significant roles that culture, technology and diplomatic engagements play in shaping Hungary\u2019s international standing and domestic growth, sharing insights on the successes, challenges, and strategies that define Hungary\u2019s approach to innovation and cultural diplomacy. After explaining how small but old European nations, like Hungary, are navigating the complex web of global challenges through innovation and strategic cultural outreach, the minister answered several questions from the audience. (more&hellip;)\" \/>\n<meta property=\"og:url\" content=\"https:\/\/www.bocskairadio.org\/en\/being-hungarian-is-a-privilege-a-pride-a-mission-prof-dr-balazs-hanko-in-new-york\/\" \/>\n<meta property=\"og:site_name\" content=\"Bocskai R\u00e1di\u00f3\" \/>\n<meta property=\"article:publisher\" content=\"https:\/\/www.facebook.com\/BocskaiRadio\" \/>\n<meta property=\"article:published_time\" content=\"2025-04-19T23:12:20+00:00\" \/>\n<meta property=\"og:image\" content=\"https:\/\/www.bocskairadio.org\/wp-content\/uploads\/2025\/04\/hanko.jpg\" \/>\n\t<meta property=\"og:image:width\" content=\"2048\" \/>\n\t<meta property=\"og:image:height\" content=\"1152\" \/>\n\t<meta property=\"og:image:type\" content=\"image\/jpeg\" \/>\n<meta name=\"author\" content=\"Antal-Ferencz Ildik\u00f3\" \/>\n<meta name=\"twitter:card\" content=\"summary_large_image\" \/>\n<meta name=\"twitter:image\" content=\"https:\/\/www.bocskairadio.org\/wp-content\/uploads\/2025\/04\/hanko.jpg\" \/>\n<meta name=\"twitter:creator\" content=\"@BocskaiRadio\" \/>\n<meta name=\"twitter:site\" content=\"@BocskaiRadio\" \/>\n<script type=\"application\/ld+json\" class=\"yoast-schema-graph\">{\"@context\":\"https:\\\/\\\/schema.org\",\"@graph\":[{\"@type\":\"Article\",\"@id\":\"https:\\\/\\\/www.bocskairadio.org\\\/en\\\/being-hungarian-is-a-privilege-a-pride-a-mission-prof-dr-balazs-hanko-in-new-york\\\/#article\",\"isPartOf\":{\"@id\":\"https:\\\/\\\/www.bocskairadio.org\\\/en\\\/being-hungarian-is-a-privilege-a-pride-a-mission-prof-dr-balazs-hanko-in-new-york\\\/\"},\"author\":{\"name\":\"Antal-Ferencz Ildik\u00f3\",\"@id\":\"https:\\\/\\\/www.bocskairadio.org\\\/en\\\/#\\\/schema\\\/person\\\/b977d92bd338306ce1cd1b7e0e2815bc\"},\"headline\":\"\u2018Being Hungarian is a privilege, a pride, a mission\u2019 \u2014 Prof. Dr. Bal\u00e1zs Hank\u00f3 in New York\",\"datePublished\":\"2025-04-19T23:12:20+00:00\",\"mainEntityOfPage\":{\"@id\":\"https:\\\/\\\/www.bocskairadio.org\\\/en\\\/being-hungarian-is-a-privilege-a-pride-a-mission-prof-dr-balazs-hanko-in-new-york\\\/\"},\"wordCount\":2319,\"commentCount\":0,\"publisher\":{\"@id\":\"https:\\\/\\\/www.bocskairadio.org\\\/en\\\/#organization\"},\"image\":{\"@id\":\"https:\\\/\\\/www.bocskairadio.org\\\/en\\\/being-hungarian-is-a-privilege-a-pride-a-mission-prof-dr-balazs-hanko-in-new-york\\\/#primaryimage\"},\"thumbnailUrl\":\"https:\\\/\\\/www.bocskairadio.org\\\/wp-content\\\/uploads\\\/2025\\\/04\\\/hanko.jpg\",\"articleSection\":[\"Local events and news\"],\"inLanguage\":\"en-US\",\"potentialAction\":[{\"@type\":\"CommentAction\",\"name\":\"Comment\",\"target\":[\"https:\\\/\\\/www.bocskairadio.org\\\/en\\\/being-hungarian-is-a-privilege-a-pride-a-mission-prof-dr-balazs-hanko-in-new-york\\\/#respond\"]}]},{\"@type\":\"WebPage\",\"@id\":\"https:\\\/\\\/www.bocskairadio.org\\\/en\\\/being-hungarian-is-a-privilege-a-pride-a-mission-prof-dr-balazs-hanko-in-new-york\\\/\",\"url\":\"https:\\\/\\\/www.bocskairadio.org\\\/en\\\/being-hungarian-is-a-privilege-a-pride-a-mission-prof-dr-balazs-hanko-in-new-york\\\/\",\"name\":\"\u2018Being Hungarian is a privilege, a pride, a mission\u2019 \u2014 Prof. Dr. Bal\u00e1zs Hank\u00f3 in New York &#8211; Bocskai R\u00e1di\u00f3\",\"isPartOf\":{\"@id\":\"https:\\\/\\\/www.bocskairadio.org\\\/en\\\/#website\"},\"primaryImageOfPage\":{\"@id\":\"https:\\\/\\\/www.bocskairadio.org\\\/en\\\/being-hungarian-is-a-privilege-a-pride-a-mission-prof-dr-balazs-hanko-in-new-york\\\/#primaryimage\"},\"image\":{\"@id\":\"https:\\\/\\\/www.bocskairadio.org\\\/en\\\/being-hungarian-is-a-privilege-a-pride-a-mission-prof-dr-balazs-hanko-in-new-york\\\/#primaryimage\"},\"thumbnailUrl\":\"https:\\\/\\\/www.bocskairadio.org\\\/wp-content\\\/uploads\\\/2025\\\/04\\\/hanko.jpg\",\"datePublished\":\"2025-04-19T23:12:20+00:00\",\"inLanguage\":\"en-US\",\"potentialAction\":[{\"@type\":\"ReadAction\",\"target\":[\"https:\\\/\\\/www.bocskairadio.org\\\/en\\\/being-hungarian-is-a-privilege-a-pride-a-mission-prof-dr-balazs-hanko-in-new-york\\\/\"]}]},{\"@type\":\"ImageObject\",\"inLanguage\":\"en-US\",\"@id\":\"https:\\\/\\\/www.bocskairadio.org\\\/en\\\/being-hungarian-is-a-privilege-a-pride-a-mission-prof-dr-balazs-hanko-in-new-york\\\/#primaryimage\",\"url\":\"https:\\\/\\\/www.bocskairadio.org\\\/wp-content\\\/uploads\\\/2025\\\/04\\\/hanko.jpg\",\"contentUrl\":\"https:\\\/\\\/www.bocskairadio.org\\\/wp-content\\\/uploads\\\/2025\\\/04\\\/hanko.jpg\",\"width\":2048,\"height\":1152},{\"@type\":\"WebSite\",\"@id\":\"https:\\\/\\\/www.bocskairadio.org\\\/en\\\/#website\",\"url\":\"https:\\\/\\\/www.bocskairadio.org\\\/en\\\/\",\"name\":\"Bocskai R\u00e1di\u00f3\",\"description\":\"The Voice of Cleveland Hungarians\",\"publisher\":{\"@id\":\"https:\\\/\\\/www.bocskairadio.org\\\/en\\\/#organization\"},\"potentialAction\":[{\"@type\":\"SearchAction\",\"target\":{\"@type\":\"EntryPoint\",\"urlTemplate\":\"https:\\\/\\\/www.bocskairadio.org\\\/en\\\/?s={search_term_string}\"},\"query-input\":{\"@type\":\"PropertyValueSpecification\",\"valueRequired\":true,\"valueName\":\"search_term_string\"}}],\"inLanguage\":\"en-US\"},{\"@type\":\"Organization\",\"@id\":\"https:\\\/\\\/www.bocskairadio.org\\\/en\\\/#organization\",\"name\":\"Bocskai R\u00e1di\u00f3\",\"url\":\"https:\\\/\\\/www.bocskairadio.org\\\/en\\\/\",\"logo\":{\"@type\":\"ImageObject\",\"inLanguage\":\"en-US\",\"@id\":\"https:\\\/\\\/www.bocskairadio.org\\\/en\\\/#\\\/schema\\\/logo\\\/image\\\/\",\"url\":\"https:\\\/\\\/www.bocskairadio.org\\\/wp-content\\\/uploads\\\/2016\\\/11\\\/var3_basic.jpg\",\"contentUrl\":\"https:\\\/\\\/www.bocskairadio.org\\\/wp-content\\\/uploads\\\/2016\\\/11\\\/var3_basic.jpg\",\"width\":500,\"height\":500,\"caption\":\"Bocskai R\u00e1di\u00f3\"},\"image\":{\"@id\":\"https:\\\/\\\/www.bocskairadio.org\\\/en\\\/#\\\/schema\\\/logo\\\/image\\\/\"},\"sameAs\":[\"https:\\\/\\\/www.facebook.com\\\/BocskaiRadio\",\"https:\\\/\\\/x.com\\\/BocskaiRadio\",\"https:\\\/\\\/www.instagram.com\\\/bocskairadio\\\/\",\"https:\\\/\\\/www.youtube.com\\\/user\\\/bocskairadio\",\"https:\\\/\\\/hu.wikipedia.org\\\/wiki\\\/Bocskai_R\u00e1di\u00f3\"]},{\"@type\":\"Person\",\"@id\":\"https:\\\/\\\/www.bocskairadio.org\\\/en\\\/#\\\/schema\\\/person\\\/b977d92bd338306ce1cd1b7e0e2815bc\",\"name\":\"Antal-Ferencz Ildik\u00f3\",\"image\":{\"@type\":\"ImageObject\",\"inLanguage\":\"en-US\",\"@id\":\"https:\\\/\\\/www.bocskairadio.org\\\/wp-content\\\/uploads\\\/2023\\\/02\\\/Ildiko-Antal-Ferenc-150x150.jpg\",\"url\":\"https:\\\/\\\/www.bocskairadio.org\\\/wp-content\\\/uploads\\\/2023\\\/02\\\/Ildiko-Antal-Ferenc-150x150.jpg\",\"contentUrl\":\"https:\\\/\\\/www.bocskairadio.org\\\/wp-content\\\/uploads\\\/2023\\\/02\\\/Ildiko-Antal-Ferenc-150x150.jpg\",\"caption\":\"Antal-Ferencz Ildik\u00f3\"},\"description\":\"Erd\u00e9lyben n\u0151ttem fel, Budapesten j\u00e1rtam egyetemre, el\u0151sz\u00f6r k\u00f6zgazd\u00e1szk\u00e9nt dolgoztam, majd h\u00e1rom gyermekem sz\u00fclet\u00e9se ut\u00e1n, 2016 \u00f3ta \u00fajs\u00e1g\u00edr\u00f3k\u00e9nt. 2022. j\u00falius \u00e9s 2025. augusztus k\u00f6z\u00f6tt csal\u00e1dommal Amerik\u00e1ban (New Jersey \u00e1llamban) \u00e9lt\u00fcnk. Ezalatt k\u00fcls\u0151s munkat\u00e1rsk\u00e9nt seg\u00edtettem a Bocskai R\u00e1di\u00f3 munk\u00e1j\u00e1t, ill. szabad\u00fasz\u00f3 \u00fajs\u00e1g\u00edr\u00f3k\u00e9nt diaszp\u00f3ra t\u00e9m\u00e1j\u00fa cikkeket \u00edrtam magyarorsz\u00e1gi \u00fajs\u00e1gok sz\u00e1m\u00e1ra, amelyeket a Bocskai R\u00e1di\u00f3 is \u00e1tvett. Ut\u00f3bbi munk\u00e1t hazat\u00e9rve is folytatom, el\u0151bbit pedig majd akkor, amikor terveink szerint nyaranta visszat\u00e9r\u00fcnk Amerik\u00e1ba.\",\"url\":\"https:\\\/\\\/www.bocskairadio.org\\\/en\\\/author\\\/ildikoantalferencz\\\/\"}]}<\/script>\n<!-- \/ Yoast SEO plugin. -->","yoast_head_json":{"title":"\u2018Being Hungarian is a privilege, a pride, a mission\u2019 \u2014 Prof. Dr. Bal\u00e1zs Hank\u00f3 in New York &#8211; Bocskai R\u00e1di\u00f3","robots":{"index":"index","follow":"follow","max-snippet":"max-snippet:-1","max-image-preview":"max-image-preview:large","max-video-preview":"max-video-preview:-1"},"canonical":"https:\/\/www.bocskairadio.org\/en\/being-hungarian-is-a-privilege-a-pride-a-mission-prof-dr-balazs-hanko-in-new-york\/","og_locale":"en_US","og_type":"article","og_title":"\u2018Being Hungarian is a privilege, a pride, a mission\u2019 \u2014 Prof. Dr. Bal\u00e1zs Hank\u00f3 in New York &#8211; Bocskai R\u00e1di\u00f3","og_description":"Source: Hungarian Conservative At the latest event of the Speaker Series organized by the New York Young Republicans Club (NYYRC), Hungarian Minister of Culture and Innovation Prof. Dr. Bal\u00e1zs Hank\u00f3 spoke about the significant roles that culture, technology and diplomatic engagements play in shaping Hungary\u2019s international standing and domestic growth, sharing insights on the successes, challenges, and strategies that define Hungary\u2019s approach to innovation and cultural diplomacy. After explaining how small but old European nations, like Hungary, are navigating the complex web of global challenges through innovation and strategic cultural outreach, the minister answered several questions from the audience. (more&hellip;)","og_url":"https:\/\/www.bocskairadio.org\/en\/being-hungarian-is-a-privilege-a-pride-a-mission-prof-dr-balazs-hanko-in-new-york\/","og_site_name":"Bocskai R\u00e1di\u00f3","article_publisher":"https:\/\/www.facebook.com\/BocskaiRadio","article_published_time":"2025-04-19T23:12:20+00:00","og_image":[{"width":2048,"height":1152,"url":"https:\/\/www.bocskairadio.org\/wp-content\/uploads\/2025\/04\/hanko.jpg","type":"image\/jpeg"}],"author":"Antal-Ferencz Ildik\u00f3","twitter_card":"summary_large_image","twitter_image":"https:\/\/www.bocskairadio.org\/wp-content\/uploads\/2025\/04\/hanko.jpg","twitter_creator":"@BocskaiRadio","twitter_site":"@BocskaiRadio","schema":{"@context":"https:\/\/schema.org","@graph":[{"@type":"Article","@id":"https:\/\/www.bocskairadio.org\/en\/being-hungarian-is-a-privilege-a-pride-a-mission-prof-dr-balazs-hanko-in-new-york\/#article","isPartOf":{"@id":"https:\/\/www.bocskairadio.org\/en\/being-hungarian-is-a-privilege-a-pride-a-mission-prof-dr-balazs-hanko-in-new-york\/"},"author":{"name":"Antal-Ferencz Ildik\u00f3","@id":"https:\/\/www.bocskairadio.org\/en\/#\/schema\/person\/b977d92bd338306ce1cd1b7e0e2815bc"},"headline":"\u2018Being Hungarian is a privilege, a pride, a mission\u2019 \u2014 Prof. Dr. Bal\u00e1zs Hank\u00f3 in New York","datePublished":"2025-04-19T23:12:20+00:00","mainEntityOfPage":{"@id":"https:\/\/www.bocskairadio.org\/en\/being-hungarian-is-a-privilege-a-pride-a-mission-prof-dr-balazs-hanko-in-new-york\/"},"wordCount":2319,"commentCount":0,"publisher":{"@id":"https:\/\/www.bocskairadio.org\/en\/#organization"},"image":{"@id":"https:\/\/www.bocskairadio.org\/en\/being-hungarian-is-a-privilege-a-pride-a-mission-prof-dr-balazs-hanko-in-new-york\/#primaryimage"},"thumbnailUrl":"https:\/\/www.bocskairadio.org\/wp-content\/uploads\/2025\/04\/hanko.jpg","articleSection":["Local events and news"],"inLanguage":"en-US","potentialAction":[{"@type":"CommentAction","name":"Comment","target":["https:\/\/www.bocskairadio.org\/en\/being-hungarian-is-a-privilege-a-pride-a-mission-prof-dr-balazs-hanko-in-new-york\/#respond"]}]},{"@type":"WebPage","@id":"https:\/\/www.bocskairadio.org\/en\/being-hungarian-is-a-privilege-a-pride-a-mission-prof-dr-balazs-hanko-in-new-york\/","url":"https:\/\/www.bocskairadio.org\/en\/being-hungarian-is-a-privilege-a-pride-a-mission-prof-dr-balazs-hanko-in-new-york\/","name":"\u2018Being Hungarian is a privilege, a pride, a mission\u2019 \u2014 Prof. Dr. Bal\u00e1zs Hank\u00f3 in New York &#8211; Bocskai R\u00e1di\u00f3","isPartOf":{"@id":"https:\/\/www.bocskairadio.org\/en\/#website"},"primaryImageOfPage":{"@id":"https:\/\/www.bocskairadio.org\/en\/being-hungarian-is-a-privilege-a-pride-a-mission-prof-dr-balazs-hanko-in-new-york\/#primaryimage"},"image":{"@id":"https:\/\/www.bocskairadio.org\/en\/being-hungarian-is-a-privilege-a-pride-a-mission-prof-dr-balazs-hanko-in-new-york\/#primaryimage"},"thumbnailUrl":"https:\/\/www.bocskairadio.org\/wp-content\/uploads\/2025\/04\/hanko.jpg","datePublished":"2025-04-19T23:12:20+00:00","inLanguage":"en-US","potentialAction":[{"@type":"ReadAction","target":["https:\/\/www.bocskairadio.org\/en\/being-hungarian-is-a-privilege-a-pride-a-mission-prof-dr-balazs-hanko-in-new-york\/"]}]},{"@type":"ImageObject","inLanguage":"en-US","@id":"https:\/\/www.bocskairadio.org\/en\/being-hungarian-is-a-privilege-a-pride-a-mission-prof-dr-balazs-hanko-in-new-york\/#primaryimage","url":"https:\/\/www.bocskairadio.org\/wp-content\/uploads\/2025\/04\/hanko.jpg","contentUrl":"https:\/\/www.bocskairadio.org\/wp-content\/uploads\/2025\/04\/hanko.jpg","width":2048,"height":1152},{"@type":"WebSite","@id":"https:\/\/www.bocskairadio.org\/en\/#website","url":"https:\/\/www.bocskairadio.org\/en\/","name":"Bocskai R\u00e1di\u00f3","description":"The Voice of Cleveland Hungarians","publisher":{"@id":"https:\/\/www.bocskairadio.org\/en\/#organization"},"potentialAction":[{"@type":"SearchAction","target":{"@type":"EntryPoint","urlTemplate":"https:\/\/www.bocskairadio.org\/en\/?s={search_term_string}"},"query-input":{"@type":"PropertyValueSpecification","valueRequired":true,"valueName":"search_term_string"}}],"inLanguage":"en-US"},{"@type":"Organization","@id":"https:\/\/www.bocskairadio.org\/en\/#organization","name":"Bocskai R\u00e1di\u00f3","url":"https:\/\/www.bocskairadio.org\/en\/","logo":{"@type":"ImageObject","inLanguage":"en-US","@id":"https:\/\/www.bocskairadio.org\/en\/#\/schema\/logo\/image\/","url":"https:\/\/www.bocskairadio.org\/wp-content\/uploads\/2016\/11\/var3_basic.jpg","contentUrl":"https:\/\/www.bocskairadio.org\/wp-content\/uploads\/2016\/11\/var3_basic.jpg","width":500,"height":500,"caption":"Bocskai R\u00e1di\u00f3"},"image":{"@id":"https:\/\/www.bocskairadio.org\/en\/#\/schema\/logo\/image\/"},"sameAs":["https:\/\/www.facebook.com\/BocskaiRadio","https:\/\/x.com\/BocskaiRadio","https:\/\/www.instagram.com\/bocskairadio\/","https:\/\/www.youtube.com\/user\/bocskairadio","https:\/\/hu.wikipedia.org\/wiki\/Bocskai_R\u00e1di\u00f3"]},{"@type":"Person","@id":"https:\/\/www.bocskairadio.org\/en\/#\/schema\/person\/b977d92bd338306ce1cd1b7e0e2815bc","name":"Antal-Ferencz Ildik\u00f3","image":{"@type":"ImageObject","inLanguage":"en-US","@id":"https:\/\/www.bocskairadio.org\/wp-content\/uploads\/2023\/02\/Ildiko-Antal-Ferenc-150x150.jpg","url":"https:\/\/www.bocskairadio.org\/wp-content\/uploads\/2023\/02\/Ildiko-Antal-Ferenc-150x150.jpg","contentUrl":"https:\/\/www.bocskairadio.org\/wp-content\/uploads\/2023\/02\/Ildiko-Antal-Ferenc-150x150.jpg","caption":"Antal-Ferencz Ildik\u00f3"},"description":"Erd\u00e9lyben n\u0151ttem fel, Budapesten j\u00e1rtam egyetemre, el\u0151sz\u00f6r k\u00f6zgazd\u00e1szk\u00e9nt dolgoztam, majd h\u00e1rom gyermekem sz\u00fclet\u00e9se ut\u00e1n, 2016 \u00f3ta \u00fajs\u00e1g\u00edr\u00f3k\u00e9nt. 2022. j\u00falius \u00e9s 2025. augusztus k\u00f6z\u00f6tt csal\u00e1dommal Amerik\u00e1ban (New Jersey \u00e1llamban) \u00e9lt\u00fcnk. Ezalatt k\u00fcls\u0151s munkat\u00e1rsk\u00e9nt seg\u00edtettem a Bocskai R\u00e1di\u00f3 munk\u00e1j\u00e1t, ill. szabad\u00fasz\u00f3 \u00fajs\u00e1g\u00edr\u00f3k\u00e9nt diaszp\u00f3ra t\u00e9m\u00e1j\u00fa cikkeket \u00edrtam magyarorsz\u00e1gi \u00fajs\u00e1gok sz\u00e1m\u00e1ra, amelyeket a Bocskai R\u00e1di\u00f3 is \u00e1tvett. Ut\u00f3bbi munk\u00e1t hazat\u00e9rve is folytatom, el\u0151bbit pedig majd akkor, amikor terveink szerint nyaranta visszat\u00e9r\u00fcnk Amerik\u00e1ba.","url":"https:\/\/www.bocskairadio.org\/en\/author\/ildikoantalferencz\/"}]}},"_links":{"self":[{"href":"https:\/\/www.bocskairadio.org\/en\/wp-json\/wp\/v2\/posts\/1102762","targetHints":{"allow":["GET"]}}],"collection":[{"href":"https:\/\/www.bocskairadio.org\/en\/wp-json\/wp\/v2\/posts"}],"about":[{"href":"https:\/\/www.bocskairadio.org\/en\/wp-json\/wp\/v2\/types\/post"}],"author":[{"embeddable":true,"href":"https:\/\/www.bocskairadio.org\/en\/wp-json\/wp\/v2\/users\/43"}],"replies":[{"embeddable":true,"href":"https:\/\/www.bocskairadio.org\/en\/wp-json\/wp\/v2\/comments?post=1102762"}],"version-history":[{"count":1,"href":"https:\/\/www.bocskairadio.org\/en\/wp-json\/wp\/v2\/posts\/1102762\/revisions"}],"predecessor-version":[{"id":1102766,"href":"https:\/\/www.bocskairadio.org\/en\/wp-json\/wp\/v2\/posts\/1102762\/revisions\/1102766"}],"wp:featuredmedia":[{"embeddable":true,"href":"https:\/\/www.bocskairadio.org\/en\/wp-json\/wp\/v2\/media\/1102764"}],"wp:attachment":[{"href":"https:\/\/www.bocskairadio.org\/en\/wp-json\/wp\/v2\/media?parent=1102762"}],"wp:term":[{"taxonomy":"category","embeddable":true,"href":"https:\/\/www.bocskairadio.org\/en\/wp-json\/wp\/v2\/categories?post=1102762"},{"taxonomy":"post_tag","embeddable":true,"href":"https:\/\/www.bocskairadio.org\/en\/wp-json\/wp\/v2\/tags?post=1102762"}],"curies":[{"name":"wp","href":"https:\/\/api.w.org\/{rel}","templated":true}]}}