{"id":1107932,"date":"2025-12-05T18:15:05","date_gmt":"2025-12-05T23:15:05","guid":{"rendered":"https:\/\/www.bocskairadio.org\/?p=1107932"},"modified":"2025-12-05T18:12:11","modified_gmt":"2025-12-05T23:12:11","slug":"pm-orban-announces-hungarys-2026-minimum-wage-levels","status":"publish","type":"post","link":"https:\/\/www.bocskairadio.org\/en\/pm-orban-announces-hungarys-2026-minimum-wage-levels\/","title":{"rendered":"PM Orban Announces Hungary\u2019s 2026 Minimum Wage Levels"},"content":{"rendered":"<p><strong>Prime Minister Viktor Orban has announced that Hungary\u2019s new minimum wage will be 322,800 forints, an 11 percent increase. The guaranteed wage minimum will rise by 7 percent, reaching 373,200 forints. Altogether, the changes will directly affect 700,000 workers next year.<\/strong><\/p>\n<p><!--more--><\/p>\n<p>At the press conference following the signing of the 2026 wage agreement, PM Orban noted that the day\u2019s event was made possible because an agreement had been reached. He expressed gratitude to representatives of employers&#8217; and employees&#8217; organizations for bringing the deal together. He added that the increases of 11% and 7% for minimum wage and guaranteed wage minimum respectively align with the government\u2019s broader economic plans, which is why the cabinet supports the agreement.<\/p>\n<p><img decoding=\"async\" src=\"https:\/\/cdn.magyarnemzet.hu\/2025\/12\/abJYbWjeOcpJJp0qJcZns4_9hvQj-dBpt7uPnjTSiEA\/fit\/1200\/801\/no\/1\/aHR0cHM6Ly9jbXNjZG4uYXBwLmNvbnRlbnQucHJpdmF0ZS9jb250ZW50LzNlMGNmYzM4NmZkNDQwNTVhNjVhOWM0ZjQ1YWM4NDg1.jpg\" \/><\/p>\n<p>\u201cOur grand plan is to make Hungary a work-based society,\u201d the prime minister said.<\/p>\n<p>He emphasized that without a work-based society, there can be no economic performance, and therefore Hungary cannot follow the model of welfare-based systems. \u201cWhen there is full employment, there is economic growth,\u201d he said, arguing that this approach enables Hungary to surpass countries that started from stronger positions.<\/p>\n<p>According to Viktor Orban, Hungary must strengthen a cultural outlook that values productive work, alongside an economic policy that makes job creation the top priority.<\/p>\n<blockquote><p>Since 2010, he noted, one million more Hungarians are employed, and the country now enjoys full employment.<\/p><\/blockquote>\n<p>Still, he acknowledged that jobs alone are not enough if people feel their work is undervalued. Employers are under constant pressure to raise wages, but wage levels cannot be set politically; the labor market determines the value of work. While the government technically could set the minimum wage unilaterally, PM Orban stressed that it is not the government\u2019s role to do so. The healthy practice, he said, is for employers and employees to reach agreement themselves\u2014and he welcomed that this is what happened now.<\/p>\n<p>He also noted that the ongoing war hanging over Europe hampers economic performance and complicated the wage negotiations, which required updating a previous agreement from 2024. The new minimum wage of 322,800 forints (approx. \u20ac845) per month, he confirmed, reflects an 11 percent rise, while the guaranteed wage minimum of 373,200 forints (approx. \u20ac977) per month represents a 7 percent increase. \u201cThis agreement directly improves the income of seven hundred thousand families,\u201d PM Orban said. He added that the government helped make the deal possible through tax cuts and targeted tax benefits for small and medium-sized enterprises.<\/p>\n<p><iframe loading=\"lazy\" style=\"border: none; overflow: hidden;\" src=\"https:\/\/www.facebook.com\/plugins\/video.php?height=476&amp;href=https%3A%2F%2Fwww.facebook.com%2Freel%2F1343198220454548%2F&amp;show_text=false&amp;width=267&amp;t=0\" width=\"267\" height=\"476\" frameborder=\"0\" scrolling=\"no\" allowfullscreen=\"allowfullscreen\" data-src=\"https:\/\/www.facebook.com\/plugins\/video.php?height=476&amp;href=https%3A%2F%2Fwww.facebook.com%2Freel%2F1343198220454548%2F&amp;show_text=false&amp;width=267&amp;t=0\"><\/iframe><\/p>\n<p>He also highlighted the importance of the government\u2019s 3 percent home building loan program, which helps young people purchase homes at lower cost, easing wage pressure. Mr. Orban noted that Hungary has achieved minimum wage growth at three times the EU average.<\/p>\n<blockquote><p>&#8220;The economic policy direction we have built over the past 15 years is sustainable. This agreement supports that,\u201d Viktor Orban said.<\/p><\/blockquote>\n<p>The prime minister stressed how important it is that employers and employees continue viewing the government as a partner. In his view, Hungary can maintain a performance-based economic policy only because both sides support the government\u2019s goals.<\/p>\n<p><img decoding=\"async\" src=\"https:\/\/cdn.magyarnemzet.hu\/2025\/12\/4sLnYKbOoy2kpPP9kxq-JDoZC0sE19uQTfTSinm7428\/fit\/1200\/801\/no\/1\/aHR0cHM6Ly9jbXNjZG4uYXBwLmNvbnRlbnQucHJpdmF0ZS9jb250ZW50LzNjZDM5NmYwOWU0YjRiYzBiMmMxNTYxMjlhZGU1NTJk.jpg\" \/><\/p>\n<p>(<a href=\"https:\/\/magyarnemzet.hu\/english\/2025\/12\/pm-orban-announces-hungarys-2026-minimum-wage-levels\">Magyar Nemzet<\/a>)<\/p>\n<p><em>Bor\u00edt\u00f3k\u00e9p: Illusztr\u00e1ci\u00f3. Prime Minister Viktor Orban has announced that Hungary\u2019s new minimum wage will be 322,800 forints, an 11 percent increase. The guaranteed wage minimum will rise by 7 percent, reaching 373,200 forints. Altogether, the changes will directly affect 700,000 workers next year.. Fot\u00f3: <\/em><\/p>\n","protected":false},"excerpt":{"rendered":"<p><strong>Prime Minister Viktor Orban has announced that Hungary\u2019s new minimum wage will be 322,800 forints, an 11 percent increase. The guaranteed wage minimum will rise by 7 percent, reaching 373,200 forints. Altogether, the changes will directly affect 700,000 workers next year.<\/strong><\/p>\n<div class=\"more-link-wrap\"> <a href=\"https:\/\/www.bocskairadio.org\/en\/pm-orban-announces-hungarys-2026-minimum-wage-levels\/\" class=\"more-link\"><span aria-label=\"Continue reading PM Orban Announces Hungary\u2019s 2026 Minimum Wage Levels\">(more&hellip;)<\/span><\/a><\/div>\n","protected":false},"author":33,"featured_media":1107933,"comment_status":"open","ping_status":"open","sticky":false,"template":"","format":"standard","meta":{"footnotes":""},"categories":[519],"tags":[],"class_list":["post-1107932","post","type-post","status-publish","format-standard","has-post-thumbnail","category-magyarorszag-en"],"yoast_head":"<!-- This site is optimized with the Yoast SEO plugin v27.5 - https:\/\/yoast.com\/product\/yoast-seo-wordpress\/ -->\n<title>PM Orban Announces Hungary\u2019s 2026 Minimum Wage Levels &#8211; Bocskai R\u00e1di\u00f3<\/title>\n<meta name=\"robots\" content=\"index, follow, max-snippet:-1, max-image-preview:large, max-video-preview:-1\" \/>\n<link rel=\"canonical\" href=\"https:\/\/www.bocskairadio.org\/en\/pm-orban-announces-hungarys-2026-minimum-wage-levels\/\" \/>\n<meta property=\"og:locale\" content=\"en_US\" \/>\n<meta property=\"og:type\" content=\"article\" \/>\n<meta property=\"og:title\" content=\"PM Orban Announces Hungary\u2019s 2026 Minimum Wage Levels &#8211; Bocskai R\u00e1di\u00f3\" \/>\n<meta property=\"og:description\" content=\"Prime Minister Viktor Orban has announced that Hungary\u2019s new minimum wage will be 322,800 forints, an 11 percent increase. The guaranteed wage minimum will rise by 7 percent, reaching 373,200 forints. Altogether, the changes will directly affect 700,000 workers next year.   (more&hellip;)\" \/>\n<meta property=\"og:url\" content=\"https:\/\/www.bocskairadio.org\/en\/pm-orban-announces-hungarys-2026-minimum-wage-levels\/\" \/>\n<meta property=\"og:site_name\" content=\"Bocskai R\u00e1di\u00f3\" \/>\n<meta property=\"article:publisher\" content=\"https:\/\/www.facebook.com\/BocskaiRadio\" \/>\n<meta property=\"article:published_time\" content=\"2025-12-05T23:15:05+00:00\" \/>\n<meta property=\"og:image\" content=\"https:\/\/www.bocskairadio.org\/wp-content\/uploads\/2025\/12\/pm-orban-announces-hungarys-2026-minimum-wage-levels-dec2025.jpg\" \/>\n\t<meta property=\"og:image:width\" content=\"1347\" \/>\n\t<meta property=\"og:image:height\" content=\"758\" \/>\n\t<meta property=\"og:image:type\" content=\"image\/jpeg\" \/>\n<meta name=\"author\" content=\"Bocskai R\u00e1di\u00f3 Sajt\u00f3figyel\u0151\" \/>\n<meta name=\"twitter:card\" content=\"summary_large_image\" \/>\n<meta name=\"twitter:image\" content=\"https:\/\/www.bocskairadio.org\/wp-content\/uploads\/2025\/12\/pm-orban-announces-hungarys-2026-minimum-wage-levels-dec2025.jpg\" \/>\n<meta name=\"twitter:creator\" content=\"@BocskaiRadio\" \/>\n<meta name=\"twitter:site\" content=\"@BocskaiRadio\" \/>\n<script type=\"application\/ld+json\" class=\"yoast-schema-graph\">{\"@context\":\"https:\\\/\\\/schema.org\",\"@graph\":[{\"@type\":\"Article\",\"@id\":\"https:\\\/\\\/www.bocskairadio.org\\\/en\\\/pm-orban-announces-hungarys-2026-minimum-wage-levels\\\/#article\",\"isPartOf\":{\"@id\":\"https:\\\/\\\/www.bocskairadio.org\\\/en\\\/pm-orban-announces-hungarys-2026-minimum-wage-levels\\\/\"},\"author\":{\"name\":\"Bocskai R\u00e1di\u00f3 Sajt\u00f3figyel\u0151\",\"@id\":\"https:\\\/\\\/www.bocskairadio.org\\\/en\\\/#\\\/schema\\\/person\\\/315c6a7157660526a98013de468aea9b\"},\"headline\":\"PM Orban Announces Hungary\u2019s 2026 Minimum Wage Levels\",\"datePublished\":\"2025-12-05T23:15:05+00:00\",\"mainEntityOfPage\":{\"@id\":\"https:\\\/\\\/www.bocskairadio.org\\\/en\\\/pm-orban-announces-hungarys-2026-minimum-wage-levels\\\/\"},\"wordCount\":544,\"commentCount\":0,\"publisher\":{\"@id\":\"https:\\\/\\\/www.bocskairadio.org\\\/en\\\/#organization\"},\"image\":{\"@id\":\"https:\\\/\\\/www.bocskairadio.org\\\/en\\\/pm-orban-announces-hungarys-2026-minimum-wage-levels\\\/#primaryimage\"},\"thumbnailUrl\":\"https:\\\/\\\/www.bocskairadio.org\\\/wp-content\\\/uploads\\\/2025\\\/12\\\/pm-orban-announces-hungarys-2026-minimum-wage-levels-dec2025.jpg\",\"articleSection\":[\"Magyarorsz\u00e1gi h\u00edrek\"],\"inLanguage\":\"en-US\",\"potentialAction\":[{\"@type\":\"CommentAction\",\"name\":\"Comment\",\"target\":[\"https:\\\/\\\/www.bocskairadio.org\\\/en\\\/pm-orban-announces-hungarys-2026-minimum-wage-levels\\\/#respond\"]}]},{\"@type\":\"WebPage\",\"@id\":\"https:\\\/\\\/www.bocskairadio.org\\\/en\\\/pm-orban-announces-hungarys-2026-minimum-wage-levels\\\/\",\"url\":\"https:\\\/\\\/www.bocskairadio.org\\\/en\\\/pm-orban-announces-hungarys-2026-minimum-wage-levels\\\/\",\"name\":\"PM Orban Announces Hungary\u2019s 2026 Minimum Wage Levels &#8211; Bocskai R\u00e1di\u00f3\",\"isPartOf\":{\"@id\":\"https:\\\/\\\/www.bocskairadio.org\\\/en\\\/#website\"},\"primaryImageOfPage\":{\"@id\":\"https:\\\/\\\/www.bocskairadio.org\\\/en\\\/pm-orban-announces-hungarys-2026-minimum-wage-levels\\\/#primaryimage\"},\"image\":{\"@id\":\"https:\\\/\\\/www.bocskairadio.org\\\/en\\\/pm-orban-announces-hungarys-2026-minimum-wage-levels\\\/#primaryimage\"},\"thumbnailUrl\":\"https:\\\/\\\/www.bocskairadio.org\\\/wp-content\\\/uploads\\\/2025\\\/12\\\/pm-orban-announces-hungarys-2026-minimum-wage-levels-dec2025.jpg\",\"datePublished\":\"2025-12-05T23:15:05+00:00\",\"inLanguage\":\"en-US\",\"potentialAction\":[{\"@type\":\"ReadAction\",\"target\":[\"https:\\\/\\\/www.bocskairadio.org\\\/en\\\/pm-orban-announces-hungarys-2026-minimum-wage-levels\\\/\"]}]},{\"@type\":\"ImageObject\",\"inLanguage\":\"en-US\",\"@id\":\"https:\\\/\\\/www.bocskairadio.org\\\/en\\\/pm-orban-announces-hungarys-2026-minimum-wage-levels\\\/#primaryimage\",\"url\":\"https:\\\/\\\/www.bocskairadio.org\\\/wp-content\\\/uploads\\\/2025\\\/12\\\/pm-orban-announces-hungarys-2026-minimum-wage-levels-dec2025.jpg\",\"contentUrl\":\"https:\\\/\\\/www.bocskairadio.org\\\/wp-content\\\/uploads\\\/2025\\\/12\\\/pm-orban-announces-hungarys-2026-minimum-wage-levels-dec2025.jpg\",\"width\":1347,\"height\":758},{\"@type\":\"WebSite\",\"@id\":\"https:\\\/\\\/www.bocskairadio.org\\\/en\\\/#website\",\"url\":\"https:\\\/\\\/www.bocskairadio.org\\\/en\\\/\",\"name\":\"Bocskai R\u00e1di\u00f3\",\"description\":\"The Voice of Cleveland Hungarians\",\"publisher\":{\"@id\":\"https:\\\/\\\/www.bocskairadio.org\\\/en\\\/#organization\"},\"potentialAction\":[{\"@type\":\"SearchAction\",\"target\":{\"@type\":\"EntryPoint\",\"urlTemplate\":\"https:\\\/\\\/www.bocskairadio.org\\\/en\\\/?s={search_term_string}\"},\"query-input\":{\"@type\":\"PropertyValueSpecification\",\"valueRequired\":true,\"valueName\":\"search_term_string\"}}],\"inLanguage\":\"en-US\"},{\"@type\":\"Organization\",\"@id\":\"https:\\\/\\\/www.bocskairadio.org\\\/en\\\/#organization\",\"name\":\"Bocskai R\u00e1di\u00f3\",\"url\":\"https:\\\/\\\/www.bocskairadio.org\\\/en\\\/\",\"logo\":{\"@type\":\"ImageObject\",\"inLanguage\":\"en-US\",\"@id\":\"https:\\\/\\\/www.bocskairadio.org\\\/en\\\/#\\\/schema\\\/logo\\\/image\\\/\",\"url\":\"https:\\\/\\\/www.bocskairadio.org\\\/wp-content\\\/uploads\\\/2016\\\/11\\\/var3_basic.jpg\",\"contentUrl\":\"https:\\\/\\\/www.bocskairadio.org\\\/wp-content\\\/uploads\\\/2016\\\/11\\\/var3_basic.jpg\",\"width\":500,\"height\":500,\"caption\":\"Bocskai R\u00e1di\u00f3\"},\"image\":{\"@id\":\"https:\\\/\\\/www.bocskairadio.org\\\/en\\\/#\\\/schema\\\/logo\\\/image\\\/\"},\"sameAs\":[\"https:\\\/\\\/www.facebook.com\\\/BocskaiRadio\",\"https:\\\/\\\/x.com\\\/BocskaiRadio\",\"https:\\\/\\\/www.instagram.com\\\/bocskairadio\\\/\",\"https:\\\/\\\/www.youtube.com\\\/user\\\/bocskairadio\",\"https:\\\/\\\/hu.wikipedia.org\\\/wiki\\\/Bocskai_R\u00e1di\u00f3\"]},{\"@type\":\"Person\",\"@id\":\"https:\\\/\\\/www.bocskairadio.org\\\/en\\\/#\\\/schema\\\/person\\\/315c6a7157660526a98013de468aea9b\",\"name\":\"Bocskai R\u00e1di\u00f3 Sajt\u00f3figyel\u0151\",\"image\":{\"@type\":\"ImageObject\",\"inLanguage\":\"en-US\",\"@id\":\"https:\\\/\\\/secure.gravatar.com\\\/avatar\\\/172f6f7512ad482be66da86e5fa9a1801ba4dfc3c51d3e9bc67bb6e90cdacea8?s=96&d=mm&r=g\",\"url\":\"https:\\\/\\\/secure.gravatar.com\\\/avatar\\\/172f6f7512ad482be66da86e5fa9a1801ba4dfc3c51d3e9bc67bb6e90cdacea8?s=96&d=mm&r=g\",\"contentUrl\":\"https:\\\/\\\/secure.gravatar.com\\\/avatar\\\/172f6f7512ad482be66da86e5fa9a1801ba4dfc3c51d3e9bc67bb6e90cdacea8?s=96&d=mm&r=g\",\"caption\":\"Bocskai R\u00e1di\u00f3 Sajt\u00f3figyel\u0151\"},\"sameAs\":[\"https:\\\/\\\/www.bocskairadio.org\"],\"url\":\"https:\\\/\\\/www.bocskairadio.org\\\/en\\\/author\\\/sajtofigyelo\\\/\"}]}<\/script>\n<!-- \/ Yoast SEO plugin. -->","yoast_head_json":{"title":"PM Orban Announces Hungary\u2019s 2026 Minimum Wage Levels &#8211; Bocskai R\u00e1di\u00f3","robots":{"index":"index","follow":"follow","max-snippet":"max-snippet:-1","max-image-preview":"max-image-preview:large","max-video-preview":"max-video-preview:-1"},"canonical":"https:\/\/www.bocskairadio.org\/en\/pm-orban-announces-hungarys-2026-minimum-wage-levels\/","og_locale":"en_US","og_type":"article","og_title":"PM Orban Announces Hungary\u2019s 2026 Minimum Wage Levels &#8211; Bocskai R\u00e1di\u00f3","og_description":"Prime Minister Viktor Orban has announced that Hungary\u2019s new minimum wage will be 322,800 forints, an 11 percent increase. The guaranteed wage minimum will rise by 7 percent, reaching 373,200 forints. Altogether, the changes will directly affect 700,000 workers next year.   (more&hellip;)","og_url":"https:\/\/www.bocskairadio.org\/en\/pm-orban-announces-hungarys-2026-minimum-wage-levels\/","og_site_name":"Bocskai R\u00e1di\u00f3","article_publisher":"https:\/\/www.facebook.com\/BocskaiRadio","article_published_time":"2025-12-05T23:15:05+00:00","og_image":[{"width":1347,"height":758,"url":"https:\/\/www.bocskairadio.org\/wp-content\/uploads\/2025\/12\/pm-orban-announces-hungarys-2026-minimum-wage-levels-dec2025.jpg","type":"image\/jpeg"}],"author":"Bocskai R\u00e1di\u00f3 Sajt\u00f3figyel\u0151","twitter_card":"summary_large_image","twitter_image":"https:\/\/www.bocskairadio.org\/wp-content\/uploads\/2025\/12\/pm-orban-announces-hungarys-2026-minimum-wage-levels-dec2025.jpg","twitter_creator":"@BocskaiRadio","twitter_site":"@BocskaiRadio","schema":{"@context":"https:\/\/schema.org","@graph":[{"@type":"Article","@id":"https:\/\/www.bocskairadio.org\/en\/pm-orban-announces-hungarys-2026-minimum-wage-levels\/#article","isPartOf":{"@id":"https:\/\/www.bocskairadio.org\/en\/pm-orban-announces-hungarys-2026-minimum-wage-levels\/"},"author":{"name":"Bocskai R\u00e1di\u00f3 Sajt\u00f3figyel\u0151","@id":"https:\/\/www.bocskairadio.org\/en\/#\/schema\/person\/315c6a7157660526a98013de468aea9b"},"headline":"PM Orban Announces Hungary\u2019s 2026 Minimum Wage Levels","datePublished":"2025-12-05T23:15:05+00:00","mainEntityOfPage":{"@id":"https:\/\/www.bocskairadio.org\/en\/pm-orban-announces-hungarys-2026-minimum-wage-levels\/"},"wordCount":544,"commentCount":0,"publisher":{"@id":"https:\/\/www.bocskairadio.org\/en\/#organization"},"image":{"@id":"https:\/\/www.bocskairadio.org\/en\/pm-orban-announces-hungarys-2026-minimum-wage-levels\/#primaryimage"},"thumbnailUrl":"https:\/\/www.bocskairadio.org\/wp-content\/uploads\/2025\/12\/pm-orban-announces-hungarys-2026-minimum-wage-levels-dec2025.jpg","articleSection":["Magyarorsz\u00e1gi h\u00edrek"],"inLanguage":"en-US","potentialAction":[{"@type":"CommentAction","name":"Comment","target":["https:\/\/www.bocskairadio.org\/en\/pm-orban-announces-hungarys-2026-minimum-wage-levels\/#respond"]}]},{"@type":"WebPage","@id":"https:\/\/www.bocskairadio.org\/en\/pm-orban-announces-hungarys-2026-minimum-wage-levels\/","url":"https:\/\/www.bocskairadio.org\/en\/pm-orban-announces-hungarys-2026-minimum-wage-levels\/","name":"PM Orban Announces Hungary\u2019s 2026 Minimum Wage Levels &#8211; Bocskai R\u00e1di\u00f3","isPartOf":{"@id":"https:\/\/www.bocskairadio.org\/en\/#website"},"primaryImageOfPage":{"@id":"https:\/\/www.bocskairadio.org\/en\/pm-orban-announces-hungarys-2026-minimum-wage-levels\/#primaryimage"},"image":{"@id":"https:\/\/www.bocskairadio.org\/en\/pm-orban-announces-hungarys-2026-minimum-wage-levels\/#primaryimage"},"thumbnailUrl":"https:\/\/www.bocskairadio.org\/wp-content\/uploads\/2025\/12\/pm-orban-announces-hungarys-2026-minimum-wage-levels-dec2025.jpg","datePublished":"2025-12-05T23:15:05+00:00","inLanguage":"en-US","potentialAction":[{"@type":"ReadAction","target":["https:\/\/www.bocskairadio.org\/en\/pm-orban-announces-hungarys-2026-minimum-wage-levels\/"]}]},{"@type":"ImageObject","inLanguage":"en-US","@id":"https:\/\/www.bocskairadio.org\/en\/pm-orban-announces-hungarys-2026-minimum-wage-levels\/#primaryimage","url":"https:\/\/www.bocskairadio.org\/wp-content\/uploads\/2025\/12\/pm-orban-announces-hungarys-2026-minimum-wage-levels-dec2025.jpg","contentUrl":"https:\/\/www.bocskairadio.org\/wp-content\/uploads\/2025\/12\/pm-orban-announces-hungarys-2026-minimum-wage-levels-dec2025.jpg","width":1347,"height":758},{"@type":"WebSite","@id":"https:\/\/www.bocskairadio.org\/en\/#website","url":"https:\/\/www.bocskairadio.org\/en\/","name":"Bocskai R\u00e1di\u00f3","description":"The Voice of Cleveland Hungarians","publisher":{"@id":"https:\/\/www.bocskairadio.org\/en\/#organization"},"potentialAction":[{"@type":"SearchAction","target":{"@type":"EntryPoint","urlTemplate":"https:\/\/www.bocskairadio.org\/en\/?s={search_term_string}"},"query-input":{"@type":"PropertyValueSpecification","valueRequired":true,"valueName":"search_term_string"}}],"inLanguage":"en-US"},{"@type":"Organization","@id":"https:\/\/www.bocskairadio.org\/en\/#organization","name":"Bocskai R\u00e1di\u00f3","url":"https:\/\/www.bocskairadio.org\/en\/","logo":{"@type":"ImageObject","inLanguage":"en-US","@id":"https:\/\/www.bocskairadio.org\/en\/#\/schema\/logo\/image\/","url":"https:\/\/www.bocskairadio.org\/wp-content\/uploads\/2016\/11\/var3_basic.jpg","contentUrl":"https:\/\/www.bocskairadio.org\/wp-content\/uploads\/2016\/11\/var3_basic.jpg","width":500,"height":500,"caption":"Bocskai R\u00e1di\u00f3"},"image":{"@id":"https:\/\/www.bocskairadio.org\/en\/#\/schema\/logo\/image\/"},"sameAs":["https:\/\/www.facebook.com\/BocskaiRadio","https:\/\/x.com\/BocskaiRadio","https:\/\/www.instagram.com\/bocskairadio\/","https:\/\/www.youtube.com\/user\/bocskairadio","https:\/\/hu.wikipedia.org\/wiki\/Bocskai_R\u00e1di\u00f3"]},{"@type":"Person","@id":"https:\/\/www.bocskairadio.org\/en\/#\/schema\/person\/315c6a7157660526a98013de468aea9b","name":"Bocskai R\u00e1di\u00f3 Sajt\u00f3figyel\u0151","image":{"@type":"ImageObject","inLanguage":"en-US","@id":"https:\/\/secure.gravatar.com\/avatar\/172f6f7512ad482be66da86e5fa9a1801ba4dfc3c51d3e9bc67bb6e90cdacea8?s=96&d=mm&r=g","url":"https:\/\/secure.gravatar.com\/avatar\/172f6f7512ad482be66da86e5fa9a1801ba4dfc3c51d3e9bc67bb6e90cdacea8?s=96&d=mm&r=g","contentUrl":"https:\/\/secure.gravatar.com\/avatar\/172f6f7512ad482be66da86e5fa9a1801ba4dfc3c51d3e9bc67bb6e90cdacea8?s=96&d=mm&r=g","caption":"Bocskai R\u00e1di\u00f3 Sajt\u00f3figyel\u0151"},"sameAs":["https:\/\/www.bocskairadio.org"],"url":"https:\/\/www.bocskairadio.org\/en\/author\/sajtofigyelo\/"}]}},"_links":{"self":[{"href":"https:\/\/www.bocskairadio.org\/en\/wp-json\/wp\/v2\/posts\/1107932","targetHints":{"allow":["GET"]}}],"collection":[{"href":"https:\/\/www.bocskairadio.org\/en\/wp-json\/wp\/v2\/posts"}],"about":[{"href":"https:\/\/www.bocskairadio.org\/en\/wp-json\/wp\/v2\/types\/post"}],"author":[{"embeddable":true,"href":"https:\/\/www.bocskairadio.org\/en\/wp-json\/wp\/v2\/users\/33"}],"replies":[{"embeddable":true,"href":"https:\/\/www.bocskairadio.org\/en\/wp-json\/wp\/v2\/comments?post=1107932"}],"version-history":[{"count":1,"href":"https:\/\/www.bocskairadio.org\/en\/wp-json\/wp\/v2\/posts\/1107932\/revisions"}],"predecessor-version":[{"id":1107935,"href":"https:\/\/www.bocskairadio.org\/en\/wp-json\/wp\/v2\/posts\/1107932\/revisions\/1107935"}],"wp:featuredmedia":[{"embeddable":true,"href":"https:\/\/www.bocskairadio.org\/en\/wp-json\/wp\/v2\/media\/1107933"}],"wp:attachment":[{"href":"https:\/\/www.bocskairadio.org\/en\/wp-json\/wp\/v2\/media?parent=1107932"}],"wp:term":[{"taxonomy":"category","embeddable":true,"href":"https:\/\/www.bocskairadio.org\/en\/wp-json\/wp\/v2\/categories?post=1107932"},{"taxonomy":"post_tag","embeddable":true,"href":"https:\/\/www.bocskairadio.org\/en\/wp-json\/wp\/v2\/tags?post=1107932"}],"curies":[{"name":"wp","href":"https:\/\/api.w.org\/{rel}","templated":true}]}}