{"id":1110231,"date":"2026-03-12T14:24:38","date_gmt":"2026-03-12T18:24:38","guid":{"rendered":"https:\/\/www.bocskairadio.org\/?p=1110231"},"modified":"2026-03-12T14:21:53","modified_gmt":"2026-03-12T18:21:53","slug":"pm-orban-hungary-will-not-be-intimidated-by-threats","status":"publish","type":"post","link":"https:\/\/www.bocskairadio.org\/en\/pm-orban-hungary-will-not-be-intimidated-by-threats\/","title":{"rendered":"PM Orban: Hungary Will Not Be Intimidated by Threats"},"content":{"rendered":"<p><strong>At stake in the parliamentary election is whether &#8220;Zelensky will form a government or I will,&#8221; Viktor Orban said at a public forum in Vecses during his nationwide tour, stressing the importance of pro-government mobilization. PM Orban\u2019s event was fully packed, as many people were curious to hear the Prime Minister\u2019s speech, which is not surprising in light of recent developments.<\/strong><\/p>\n<p><!--more--><\/p>\n<p>\u201cWhen we took over the government in 2010, the economy was on its deathbed. At that time we decided to build a work-based society. I believe this region embraced that idea,\u201d Viktor Orban said at the Vecses stop of his nationwide tour. He recalled that when those decisions were made, 3.6 million people were in jobs, while today the number stands at 4.9 million. \u201cHere you can make a living only from work, muscle and brains,\u201d he pointed out.<\/p>\n<p><img decoding=\"async\" src=\"https:\/\/cdn.magyarnemzet.hu\/2026\/03\/nyz28Wkv9qM2CvK2T88LeyJdD6kTY6naih67KqvGhjk\/fit\/700\/394\/no\/1\/aHR0cHM6Ly9jbXNjZG4uYXBwLmNvbnRlbnQucHJpdmF0ZS9jb250ZW50L2UxNGJmMjc1MjhmMzRmNDM5OTkyN2YzZTY3MzYwZTBk.jpg\" \/><\/p>\n<p>Viktor Orban said that Fidesz has gradually become a party where everyone feels at home. \u201cI believe we have also kept the agreement we made with pensioners. We were able to restore the 13th-month pension payment and we have now introduced the 14th-month pension as well,\u201d he recalled, before turning to family policy measures. He pointed out that society should not see individuals but families, which is why the economy was organized in a way that women who have children should not live worse financial conditions than those who do not.<\/p>\n<blockquote><p>\u201cIn Hungary, if someone has children, they can live just like someone who don&#8217;t raise children. We are not fully there yet, but we are making good progress in that direction. The future lies in families, and without children there is no future,\u201d<\/p><\/blockquote>\n<p>he stated, adding that Hungary will not allow families to be mocked, which is why it was written into the constitution that the father is a man and the mother is a woman.<\/p>\n<h3>Four Years in the Shadow of War<\/h3>\n<p>Recalling the past four years, Viktor Orban said it had been a difficult period. The Russian Ukrainian war broke out in Europe. \u201cThis alone would be difficult, but Brussels made it even harder by trying to cut us off from Russian energy. However, I tried to prevent this \u2014 and successfully,\u201d he said.<\/p>\n<blockquote><p>\u201cToday households in Hungary pay about 250 thousand forints for utilities, while elsewhere it is around one million. If there were no utility price caps, every family would lose roughly one month of salary,\u201d<\/p><\/blockquote>\n<p>he pointed out.<\/p>\n<p>He noted that in Brussels they talk about the war as if it were our war. \u201cWhen I tell them this is not our war, they look at me like fish in a shopping bag. We managed to make it clear that this is not our war. We do not give money for the war, we do not give weapons, and Hungary will stay out of this war,\u201d he emphasized.<\/p>\n<h3>Hungary Owes Ukraine Nothing<\/h3>\n<p>He continued by saying that the Ukrainians are demanding that Hungary take part in the war, and if not, then give them our money. \u201cThis is exactly what is happening with the 90 billion loan. They say the Ukrainians will repay it, but they will not, because they want to repay it from Russian reparations,\u201d he said, adding that Ukraine is also asking for enormous sums for both self maintenance and the war.<\/p>\n<blockquote><p>\u201cBut why should Hungarian money be sent to Donbas when it could also be sent to Vecses?\u201d<\/p><\/blockquote>\n<p>Meanwhile, he said, Europe is not doing well: industry is declining, money is going to Ukraine, and austerity measures are being introduced. He pointed out that Hungary is the only country where there are no austerity measures, but support programs are in place instead. \u201cThis is possible because there is a government in Hungary that says: we will not give our money to others.\u201d<\/p>\n<blockquote><p>\u201cWe owe Ukraine nothing. They are not fighting for Europe but for themselves, which is a big enough task,\u201d<\/p><\/blockquote>\n<p>he stressed, adding that Ukraine is in trouble and a Christian country must help in such situations. Hungary helped when refugees arrived, but it will not help beyond its capabilities. \u201cWe can give foreigners only as much as we can give to Hungarians. Here Ukrainian children can study in their mother tongue, while in Transcarpathia they deny this to Hungarians,\u201d he pointed out.<\/p>\n<h3>Ukraine Has Placed Hungary Under an Oil Blockade<\/h3>\n<p>The prime minister also addressed the issue that everyone is now talking about the oil blockade. \u201cBut let us not forget that we have long been under a gas blockade as well. If Peter Szijjarto had not been there and the southern pipeline had not been built, the situation would now be much worse,\u201d he emphasized. He also recalled that<\/p>\n<blockquote><p>\u201cthe Ukrainians blew up the Germans\u2019 gas pipeline, so we are not talking about a model country governed by the rule of law.\u201d<\/p><\/blockquote>\n<p>A major problem with the oil blockade is that Hungary has only two oil pipelines: the Druzhba pipeline and the one coming through Croatia, he explained. \u201cThat is why it is a key issue that we can bring in additional oil through the supplementary Croatian pipeline,\u201d he said, adding that Hungary must break the oil blockade.<\/p>\n<blockquote><p>\u201cThe Ukrainians are obliged to allow the oil to pass through because they made this commitment. But they are blackmailing us, and we won&#8217;t give in to blackmail. We are not intimidated by threats, even if the prime minister, his family, or the government are threatened,\u201d<\/p><\/blockquote>\n<p>he declared, referring to threats that have been issued against him and his family. However, he emphasized that the Hungarian government has tools at its disposal: it will not agree to anything that would help Ukraine until the oil pipeline is reopened. \u201cWe will not allow ourselves to be treated like fools,\u201d he stated.<\/p>\n<p>PM Orban also pointed out that Ukraine demands entry into the European Union. \u201cBut we do not want to agree to this, because then we would also import the war into the EU. Hungary\u2019s proposal is to sign an agreement with them that everyone respects. If Ukraine were admitted, it would have more rights than Hungary because it is a larger country, which would be particularly dangerous now while relations are hostile,\u201d he explained.<\/p>\n<h3>Mobilization Contest Must Be Won<\/h3>\n<p>In his speech he also addressed the real reason he had come to Vecses: the local Fidesz candidate, Lajos Szucs. According to Viktor Orban, the competition is huge and it must be understood that the current opponents are not driven by national sentiment.<\/p>\n<blockquote><p>\u201cThe question here is whether Zelensky will form a government or I will,\u201d<\/p><\/blockquote>\n<p>he highlighted.<\/p>\n<p>At stake in the parliamentary election is whether Hungary will have a pro-Ukraine government or one that represents national interests, he emphasized. \u201cThe Ukrainians make no secret of wanting to see a pro-Ukraine government in power and Brussels is cheering this on. There are 27 of them in the opposing party, but they are supported by Ukraine backed by Brussels. Opposing them stands a national, Christian government,\u201d he said, pointing out that<\/p>\n<blockquote><p>\u201ca huge mobilization contest must be won.\u201d<\/p><\/blockquote>\n<p>\u201cThe opponent is stronger in the digital space, but we are strong in reality. We have faces, we know each other, and we share a common passion called Hungary,\u201d he stressed.<\/p>\n<h3>Everyone Will Be Needed<\/h3>\n<p>Viktor Orban said he will soon begin campaigning himself. \u201cI will start on Monday and we will push them off the field.\u201d For the final week of the campaign he asked everyone to manage their energy wisely. \u201cAfter Easter there will be six days when we must convert our chances into victory, but for that we will need everyone,\u201d he said. Addressing the audience, he emphasized that he is grateful for the support he received during the past four very difficult years and also thanked them for their support over the past 16 years.<\/p>\n<blockquote><p>\u201cWe want safe and calm years to come, therefore I ask you to choose me, someone who has experience in solving problems,\u201d<\/p><\/blockquote>\n<p>he said.<\/p>\n<p>According to the prime minister, the Fidesz community exists because a real bond has formed among its members, while among their opponents no such connection exists.\u201cIn 16 years we have built a community of love, while the opponent builds on hatred. But you cannot build a functioning country or family on hatred. If we receive trust, we guarantee four calm years. For the next four years the slogan is simple: staying out,\u201d Viktor Orban concluded his speech.<\/p>\n<p>(<a href=\"https:\/\/magyarnemzet.hu\/english\/2026\/03\/pm-orban-hungary-will-not-be-intimidated-by-threats\">Magyar Nemzet<\/a>)<\/p>\n<p><em>Cover photo: Hungarian Prime Minister Viktor Orban (Source: Facebook)<\/em><\/p>\n","protected":false},"excerpt":{"rendered":"<p><strong>At stake in the parliamentary election is whether &#8220;Zelensky will form a government or I will,&#8221; Viktor Orban said at a public forum in Vecses during his nationwide tour, stressing the importance of pro-government mobilization. PM Orban\u2019s event was fully packed, as many people were curious to hear the Prime Minister\u2019s speech, which is not surprising in light of recent developments.<\/strong><\/p>\n<div class=\"more-link-wrap\"> <a href=\"https:\/\/www.bocskairadio.org\/en\/pm-orban-hungary-will-not-be-intimidated-by-threats\/\" class=\"more-link\"><span aria-label=\"Continue reading PM Orban: Hungary Will Not Be Intimidated by Threats\">(more&hellip;)<\/span><\/a><\/div>\n","protected":false},"author":33,"featured_media":1110232,"comment_status":"open","ping_status":"open","sticky":false,"template":"","format":"standard","meta":{"footnotes":""},"categories":[519],"tags":[],"class_list":["post-1110231","post","type-post","status-publish","format-standard","has-post-thumbnail","category-magyarorszag-en"],"yoast_head":"<!-- This site is optimized with the Yoast SEO plugin v27.5 - https:\/\/yoast.com\/product\/yoast-seo-wordpress\/ -->\n<title>PM Orban: Hungary Will Not Be Intimidated by Threats &#8211; Bocskai R\u00e1di\u00f3<\/title>\n<meta name=\"robots\" content=\"index, follow, max-snippet:-1, max-image-preview:large, max-video-preview:-1\" \/>\n<link rel=\"canonical\" href=\"https:\/\/www.bocskairadio.org\/en\/pm-orban-hungary-will-not-be-intimidated-by-threats\/\" \/>\n<meta property=\"og:locale\" content=\"en_US\" \/>\n<meta property=\"og:type\" content=\"article\" \/>\n<meta property=\"og:title\" content=\"PM Orban: Hungary Will Not Be Intimidated by Threats &#8211; Bocskai R\u00e1di\u00f3\" \/>\n<meta property=\"og:description\" content=\"At stake in the parliamentary election is whether &quot;Zelensky will form a government or I will,&quot; Viktor Orban said at a public forum in Vecses during his nationwide tour, stressing the importance of pro-government mobilization. PM Orban\u2019s event was fully packed, as many people were curious to hear the Prime Minister\u2019s speech, which is not surprising in light of recent developments.   (more&hellip;)\" \/>\n<meta property=\"og:url\" content=\"https:\/\/www.bocskairadio.org\/en\/pm-orban-hungary-will-not-be-intimidated-by-threats\/\" \/>\n<meta property=\"og:site_name\" content=\"Bocskai R\u00e1di\u00f3\" \/>\n<meta property=\"article:publisher\" content=\"https:\/\/www.facebook.com\/BocskaiRadio\" \/>\n<meta property=\"article:published_time\" content=\"2026-03-12T18:24:38+00:00\" \/>\n<meta property=\"og:image\" content=\"https:\/\/www.bocskairadio.org\/wp-content\/uploads\/2026\/03\/pm-viktor-orban-taking-selfi-with-crowd-elections-campaign-2026-illustration.jpeg\" \/>\n\t<meta property=\"og:image:width\" content=\"1347\" \/>\n\t<meta property=\"og:image:height\" content=\"758\" \/>\n\t<meta property=\"og:image:type\" content=\"image\/jpeg\" \/>\n<meta name=\"author\" content=\"Bocskai R\u00e1di\u00f3 Sajt\u00f3figyel\u0151\" \/>\n<meta name=\"twitter:card\" content=\"summary_large_image\" \/>\n<meta name=\"twitter:image\" content=\"https:\/\/www.bocskairadio.org\/wp-content\/uploads\/2026\/03\/pm-viktor-orban-taking-selfi-with-crowd-elections-campaign-2026-illustration.jpeg\" \/>\n<meta name=\"twitter:creator\" content=\"@BocskaiRadio\" \/>\n<meta name=\"twitter:site\" content=\"@BocskaiRadio\" \/>\n<script type=\"application\/ld+json\" class=\"yoast-schema-graph\">{\"@context\":\"https:\\\/\\\/schema.org\",\"@graph\":[{\"@type\":\"Article\",\"@id\":\"https:\\\/\\\/www.bocskairadio.org\\\/en\\\/pm-orban-hungary-will-not-be-intimidated-by-threats\\\/#article\",\"isPartOf\":{\"@id\":\"https:\\\/\\\/www.bocskairadio.org\\\/en\\\/pm-orban-hungary-will-not-be-intimidated-by-threats\\\/\"},\"author\":{\"name\":\"Bocskai R\u00e1di\u00f3 Sajt\u00f3figyel\u0151\",\"@id\":\"https:\\\/\\\/www.bocskairadio.org\\\/en\\\/#\\\/schema\\\/person\\\/315c6a7157660526a98013de468aea9b\"},\"headline\":\"PM Orban: Hungary Will Not Be Intimidated by Threats\",\"datePublished\":\"2026-03-12T18:24:38+00:00\",\"mainEntityOfPage\":{\"@id\":\"https:\\\/\\\/www.bocskairadio.org\\\/en\\\/pm-orban-hungary-will-not-be-intimidated-by-threats\\\/\"},\"wordCount\":1424,\"commentCount\":0,\"publisher\":{\"@id\":\"https:\\\/\\\/www.bocskairadio.org\\\/en\\\/#organization\"},\"image\":{\"@id\":\"https:\\\/\\\/www.bocskairadio.org\\\/en\\\/pm-orban-hungary-will-not-be-intimidated-by-threats\\\/#primaryimage\"},\"thumbnailUrl\":\"https:\\\/\\\/www.bocskairadio.org\\\/wp-content\\\/uploads\\\/2026\\\/03\\\/pm-viktor-orban-taking-selfi-with-crowd-elections-campaign-2026-illustration.jpeg\",\"articleSection\":[\"Magyarorsz\u00e1gi h\u00edrek\"],\"inLanguage\":\"en-US\",\"potentialAction\":[{\"@type\":\"CommentAction\",\"name\":\"Comment\",\"target\":[\"https:\\\/\\\/www.bocskairadio.org\\\/en\\\/pm-orban-hungary-will-not-be-intimidated-by-threats\\\/#respond\"]}]},{\"@type\":\"WebPage\",\"@id\":\"https:\\\/\\\/www.bocskairadio.org\\\/en\\\/pm-orban-hungary-will-not-be-intimidated-by-threats\\\/\",\"url\":\"https:\\\/\\\/www.bocskairadio.org\\\/en\\\/pm-orban-hungary-will-not-be-intimidated-by-threats\\\/\",\"name\":\"PM Orban: Hungary Will Not Be Intimidated by Threats &#8211; Bocskai R\u00e1di\u00f3\",\"isPartOf\":{\"@id\":\"https:\\\/\\\/www.bocskairadio.org\\\/en\\\/#website\"},\"primaryImageOfPage\":{\"@id\":\"https:\\\/\\\/www.bocskairadio.org\\\/en\\\/pm-orban-hungary-will-not-be-intimidated-by-threats\\\/#primaryimage\"},\"image\":{\"@id\":\"https:\\\/\\\/www.bocskairadio.org\\\/en\\\/pm-orban-hungary-will-not-be-intimidated-by-threats\\\/#primaryimage\"},\"thumbnailUrl\":\"https:\\\/\\\/www.bocskairadio.org\\\/wp-content\\\/uploads\\\/2026\\\/03\\\/pm-viktor-orban-taking-selfi-with-crowd-elections-campaign-2026-illustration.jpeg\",\"datePublished\":\"2026-03-12T18:24:38+00:00\",\"inLanguage\":\"en-US\",\"potentialAction\":[{\"@type\":\"ReadAction\",\"target\":[\"https:\\\/\\\/www.bocskairadio.org\\\/en\\\/pm-orban-hungary-will-not-be-intimidated-by-threats\\\/\"]}]},{\"@type\":\"ImageObject\",\"inLanguage\":\"en-US\",\"@id\":\"https:\\\/\\\/www.bocskairadio.org\\\/en\\\/pm-orban-hungary-will-not-be-intimidated-by-threats\\\/#primaryimage\",\"url\":\"https:\\\/\\\/www.bocskairadio.org\\\/wp-content\\\/uploads\\\/2026\\\/03\\\/pm-viktor-orban-taking-selfi-with-crowd-elections-campaign-2026-illustration.jpeg\",\"contentUrl\":\"https:\\\/\\\/www.bocskairadio.org\\\/wp-content\\\/uploads\\\/2026\\\/03\\\/pm-viktor-orban-taking-selfi-with-crowd-elections-campaign-2026-illustration.jpeg\",\"width\":1347,\"height\":758},{\"@type\":\"WebSite\",\"@id\":\"https:\\\/\\\/www.bocskairadio.org\\\/en\\\/#website\",\"url\":\"https:\\\/\\\/www.bocskairadio.org\\\/en\\\/\",\"name\":\"Bocskai R\u00e1di\u00f3\",\"description\":\"The Voice of Cleveland Hungarians\",\"publisher\":{\"@id\":\"https:\\\/\\\/www.bocskairadio.org\\\/en\\\/#organization\"},\"potentialAction\":[{\"@type\":\"SearchAction\",\"target\":{\"@type\":\"EntryPoint\",\"urlTemplate\":\"https:\\\/\\\/www.bocskairadio.org\\\/en\\\/?s={search_term_string}\"},\"query-input\":{\"@type\":\"PropertyValueSpecification\",\"valueRequired\":true,\"valueName\":\"search_term_string\"}}],\"inLanguage\":\"en-US\"},{\"@type\":\"Organization\",\"@id\":\"https:\\\/\\\/www.bocskairadio.org\\\/en\\\/#organization\",\"name\":\"Bocskai R\u00e1di\u00f3\",\"url\":\"https:\\\/\\\/www.bocskairadio.org\\\/en\\\/\",\"logo\":{\"@type\":\"ImageObject\",\"inLanguage\":\"en-US\",\"@id\":\"https:\\\/\\\/www.bocskairadio.org\\\/en\\\/#\\\/schema\\\/logo\\\/image\\\/\",\"url\":\"https:\\\/\\\/www.bocskairadio.org\\\/wp-content\\\/uploads\\\/2016\\\/11\\\/var3_basic.jpg\",\"contentUrl\":\"https:\\\/\\\/www.bocskairadio.org\\\/wp-content\\\/uploads\\\/2016\\\/11\\\/var3_basic.jpg\",\"width\":500,\"height\":500,\"caption\":\"Bocskai R\u00e1di\u00f3\"},\"image\":{\"@id\":\"https:\\\/\\\/www.bocskairadio.org\\\/en\\\/#\\\/schema\\\/logo\\\/image\\\/\"},\"sameAs\":[\"https:\\\/\\\/www.facebook.com\\\/BocskaiRadio\",\"https:\\\/\\\/x.com\\\/BocskaiRadio\",\"https:\\\/\\\/www.instagram.com\\\/bocskairadio\\\/\",\"https:\\\/\\\/www.youtube.com\\\/user\\\/bocskairadio\",\"https:\\\/\\\/hu.wikipedia.org\\\/wiki\\\/Bocskai_R\u00e1di\u00f3\"]},{\"@type\":\"Person\",\"@id\":\"https:\\\/\\\/www.bocskairadio.org\\\/en\\\/#\\\/schema\\\/person\\\/315c6a7157660526a98013de468aea9b\",\"name\":\"Bocskai R\u00e1di\u00f3 Sajt\u00f3figyel\u0151\",\"image\":{\"@type\":\"ImageObject\",\"inLanguage\":\"en-US\",\"@id\":\"https:\\\/\\\/secure.gravatar.com\\\/avatar\\\/172f6f7512ad482be66da86e5fa9a1801ba4dfc3c51d3e9bc67bb6e90cdacea8?s=96&d=mm&r=g\",\"url\":\"https:\\\/\\\/secure.gravatar.com\\\/avatar\\\/172f6f7512ad482be66da86e5fa9a1801ba4dfc3c51d3e9bc67bb6e90cdacea8?s=96&d=mm&r=g\",\"contentUrl\":\"https:\\\/\\\/secure.gravatar.com\\\/avatar\\\/172f6f7512ad482be66da86e5fa9a1801ba4dfc3c51d3e9bc67bb6e90cdacea8?s=96&d=mm&r=g\",\"caption\":\"Bocskai R\u00e1di\u00f3 Sajt\u00f3figyel\u0151\"},\"sameAs\":[\"https:\\\/\\\/www.bocskairadio.org\"],\"url\":\"https:\\\/\\\/www.bocskairadio.org\\\/en\\\/author\\\/sajtofigyelo\\\/\"}]}<\/script>\n<!-- \/ Yoast SEO plugin. -->","yoast_head_json":{"title":"PM Orban: Hungary Will Not Be Intimidated by Threats &#8211; Bocskai R\u00e1di\u00f3","robots":{"index":"index","follow":"follow","max-snippet":"max-snippet:-1","max-image-preview":"max-image-preview:large","max-video-preview":"max-video-preview:-1"},"canonical":"https:\/\/www.bocskairadio.org\/en\/pm-orban-hungary-will-not-be-intimidated-by-threats\/","og_locale":"en_US","og_type":"article","og_title":"PM Orban: Hungary Will Not Be Intimidated by Threats &#8211; Bocskai R\u00e1di\u00f3","og_description":"At stake in the parliamentary election is whether \"Zelensky will form a government or I will,\" Viktor Orban said at a public forum in Vecses during his nationwide tour, stressing the importance of pro-government mobilization. PM Orban\u2019s event was fully packed, as many people were curious to hear the Prime Minister\u2019s speech, which is not surprising in light of recent developments.   (more&hellip;)","og_url":"https:\/\/www.bocskairadio.org\/en\/pm-orban-hungary-will-not-be-intimidated-by-threats\/","og_site_name":"Bocskai R\u00e1di\u00f3","article_publisher":"https:\/\/www.facebook.com\/BocskaiRadio","article_published_time":"2026-03-12T18:24:38+00:00","og_image":[{"width":1347,"height":758,"url":"https:\/\/www.bocskairadio.org\/wp-content\/uploads\/2026\/03\/pm-viktor-orban-taking-selfi-with-crowd-elections-campaign-2026-illustration.jpeg","type":"image\/jpeg"}],"author":"Bocskai R\u00e1di\u00f3 Sajt\u00f3figyel\u0151","twitter_card":"summary_large_image","twitter_image":"https:\/\/www.bocskairadio.org\/wp-content\/uploads\/2026\/03\/pm-viktor-orban-taking-selfi-with-crowd-elections-campaign-2026-illustration.jpeg","twitter_creator":"@BocskaiRadio","twitter_site":"@BocskaiRadio","schema":{"@context":"https:\/\/schema.org","@graph":[{"@type":"Article","@id":"https:\/\/www.bocskairadio.org\/en\/pm-orban-hungary-will-not-be-intimidated-by-threats\/#article","isPartOf":{"@id":"https:\/\/www.bocskairadio.org\/en\/pm-orban-hungary-will-not-be-intimidated-by-threats\/"},"author":{"name":"Bocskai R\u00e1di\u00f3 Sajt\u00f3figyel\u0151","@id":"https:\/\/www.bocskairadio.org\/en\/#\/schema\/person\/315c6a7157660526a98013de468aea9b"},"headline":"PM Orban: Hungary Will Not Be Intimidated by Threats","datePublished":"2026-03-12T18:24:38+00:00","mainEntityOfPage":{"@id":"https:\/\/www.bocskairadio.org\/en\/pm-orban-hungary-will-not-be-intimidated-by-threats\/"},"wordCount":1424,"commentCount":0,"publisher":{"@id":"https:\/\/www.bocskairadio.org\/en\/#organization"},"image":{"@id":"https:\/\/www.bocskairadio.org\/en\/pm-orban-hungary-will-not-be-intimidated-by-threats\/#primaryimage"},"thumbnailUrl":"https:\/\/www.bocskairadio.org\/wp-content\/uploads\/2026\/03\/pm-viktor-orban-taking-selfi-with-crowd-elections-campaign-2026-illustration.jpeg","articleSection":["Magyarorsz\u00e1gi h\u00edrek"],"inLanguage":"en-US","potentialAction":[{"@type":"CommentAction","name":"Comment","target":["https:\/\/www.bocskairadio.org\/en\/pm-orban-hungary-will-not-be-intimidated-by-threats\/#respond"]}]},{"@type":"WebPage","@id":"https:\/\/www.bocskairadio.org\/en\/pm-orban-hungary-will-not-be-intimidated-by-threats\/","url":"https:\/\/www.bocskairadio.org\/en\/pm-orban-hungary-will-not-be-intimidated-by-threats\/","name":"PM Orban: Hungary Will Not Be Intimidated by Threats &#8211; Bocskai R\u00e1di\u00f3","isPartOf":{"@id":"https:\/\/www.bocskairadio.org\/en\/#website"},"primaryImageOfPage":{"@id":"https:\/\/www.bocskairadio.org\/en\/pm-orban-hungary-will-not-be-intimidated-by-threats\/#primaryimage"},"image":{"@id":"https:\/\/www.bocskairadio.org\/en\/pm-orban-hungary-will-not-be-intimidated-by-threats\/#primaryimage"},"thumbnailUrl":"https:\/\/www.bocskairadio.org\/wp-content\/uploads\/2026\/03\/pm-viktor-orban-taking-selfi-with-crowd-elections-campaign-2026-illustration.jpeg","datePublished":"2026-03-12T18:24:38+00:00","inLanguage":"en-US","potentialAction":[{"@type":"ReadAction","target":["https:\/\/www.bocskairadio.org\/en\/pm-orban-hungary-will-not-be-intimidated-by-threats\/"]}]},{"@type":"ImageObject","inLanguage":"en-US","@id":"https:\/\/www.bocskairadio.org\/en\/pm-orban-hungary-will-not-be-intimidated-by-threats\/#primaryimage","url":"https:\/\/www.bocskairadio.org\/wp-content\/uploads\/2026\/03\/pm-viktor-orban-taking-selfi-with-crowd-elections-campaign-2026-illustration.jpeg","contentUrl":"https:\/\/www.bocskairadio.org\/wp-content\/uploads\/2026\/03\/pm-viktor-orban-taking-selfi-with-crowd-elections-campaign-2026-illustration.jpeg","width":1347,"height":758},{"@type":"WebSite","@id":"https:\/\/www.bocskairadio.org\/en\/#website","url":"https:\/\/www.bocskairadio.org\/en\/","name":"Bocskai R\u00e1di\u00f3","description":"The Voice of Cleveland Hungarians","publisher":{"@id":"https:\/\/www.bocskairadio.org\/en\/#organization"},"potentialAction":[{"@type":"SearchAction","target":{"@type":"EntryPoint","urlTemplate":"https:\/\/www.bocskairadio.org\/en\/?s={search_term_string}"},"query-input":{"@type":"PropertyValueSpecification","valueRequired":true,"valueName":"search_term_string"}}],"inLanguage":"en-US"},{"@type":"Organization","@id":"https:\/\/www.bocskairadio.org\/en\/#organization","name":"Bocskai R\u00e1di\u00f3","url":"https:\/\/www.bocskairadio.org\/en\/","logo":{"@type":"ImageObject","inLanguage":"en-US","@id":"https:\/\/www.bocskairadio.org\/en\/#\/schema\/logo\/image\/","url":"https:\/\/www.bocskairadio.org\/wp-content\/uploads\/2016\/11\/var3_basic.jpg","contentUrl":"https:\/\/www.bocskairadio.org\/wp-content\/uploads\/2016\/11\/var3_basic.jpg","width":500,"height":500,"caption":"Bocskai R\u00e1di\u00f3"},"image":{"@id":"https:\/\/www.bocskairadio.org\/en\/#\/schema\/logo\/image\/"},"sameAs":["https:\/\/www.facebook.com\/BocskaiRadio","https:\/\/x.com\/BocskaiRadio","https:\/\/www.instagram.com\/bocskairadio\/","https:\/\/www.youtube.com\/user\/bocskairadio","https:\/\/hu.wikipedia.org\/wiki\/Bocskai_R\u00e1di\u00f3"]},{"@type":"Person","@id":"https:\/\/www.bocskairadio.org\/en\/#\/schema\/person\/315c6a7157660526a98013de468aea9b","name":"Bocskai R\u00e1di\u00f3 Sajt\u00f3figyel\u0151","image":{"@type":"ImageObject","inLanguage":"en-US","@id":"https:\/\/secure.gravatar.com\/avatar\/172f6f7512ad482be66da86e5fa9a1801ba4dfc3c51d3e9bc67bb6e90cdacea8?s=96&d=mm&r=g","url":"https:\/\/secure.gravatar.com\/avatar\/172f6f7512ad482be66da86e5fa9a1801ba4dfc3c51d3e9bc67bb6e90cdacea8?s=96&d=mm&r=g","contentUrl":"https:\/\/secure.gravatar.com\/avatar\/172f6f7512ad482be66da86e5fa9a1801ba4dfc3c51d3e9bc67bb6e90cdacea8?s=96&d=mm&r=g","caption":"Bocskai R\u00e1di\u00f3 Sajt\u00f3figyel\u0151"},"sameAs":["https:\/\/www.bocskairadio.org"],"url":"https:\/\/www.bocskairadio.org\/en\/author\/sajtofigyelo\/"}]}},"_links":{"self":[{"href":"https:\/\/www.bocskairadio.org\/en\/wp-json\/wp\/v2\/posts\/1110231","targetHints":{"allow":["GET"]}}],"collection":[{"href":"https:\/\/www.bocskairadio.org\/en\/wp-json\/wp\/v2\/posts"}],"about":[{"href":"https:\/\/www.bocskairadio.org\/en\/wp-json\/wp\/v2\/types\/post"}],"author":[{"embeddable":true,"href":"https:\/\/www.bocskairadio.org\/en\/wp-json\/wp\/v2\/users\/33"}],"replies":[{"embeddable":true,"href":"https:\/\/www.bocskairadio.org\/en\/wp-json\/wp\/v2\/comments?post=1110231"}],"version-history":[{"count":1,"href":"https:\/\/www.bocskairadio.org\/en\/wp-json\/wp\/v2\/posts\/1110231\/revisions"}],"predecessor-version":[{"id":1110234,"href":"https:\/\/www.bocskairadio.org\/en\/wp-json\/wp\/v2\/posts\/1110231\/revisions\/1110234"}],"wp:featuredmedia":[{"embeddable":true,"href":"https:\/\/www.bocskairadio.org\/en\/wp-json\/wp\/v2\/media\/1110232"}],"wp:attachment":[{"href":"https:\/\/www.bocskairadio.org\/en\/wp-json\/wp\/v2\/media?parent=1110231"}],"wp:term":[{"taxonomy":"category","embeddable":true,"href":"https:\/\/www.bocskairadio.org\/en\/wp-json\/wp\/v2\/categories?post=1110231"},{"taxonomy":"post_tag","embeddable":true,"href":"https:\/\/www.bocskairadio.org\/en\/wp-json\/wp\/v2\/tags?post=1110231"}],"curies":[{"name":"wp","href":"https:\/\/api.w.org\/{rel}","templated":true}]}}