{"id":17503,"date":"2015-08-19T19:09:35","date_gmt":"2015-08-19T23:09:35","guid":{"rendered":"https:\/\/www.bocskairadio.org\/?p=17503"},"modified":"2015-08-19T19:10:17","modified_gmt":"2015-08-19T23:10:17","slug":"hungarian-cultural-garden-at-one-world-day","status":"publish","type":"post","link":"https:\/\/www.bocskairadio.org\/en\/hungarian-cultural-garden-at-one-world-day\/","title":{"rendered":"Hungarian Cultural Garden at One World Day"},"content":{"rendered":"<p><span style=\"font-family: Arial; font-size: medium;\">The big day is <span class=\"aBn\" tabindex=\"0\" data-term=\"goog_869280627\"><span class=\"aQJ\">this Sunday<\/span><\/span>! \u00a0The 70th annual One World Day in the Cleveland Cultural Gardens will be this Sunday August 23 and the Hungarian Cultural Garden is a big part of it.<\/span><\/p>\n<p>Be sure to visit the Hungarian Cultural Garden and The Budapest Cafe featuring:<br \/>\n\u00b7 \u00a0 \u00a0 \u00a0 \u00a0Wiener Schnitzel Sandwiches and Pogacsa<br \/>\n\u00b7 \u00a0 \u00a0 \u00a0 \u00a0Hungarian pastry: \u00a0Nut and poppy seed rolls, Linzer cookies and strudel<br \/>\n\u00b7 \u00a0 \u00a0 \u00a0 \u00a0Budapest Ice Coffee<\/p>\n<p>Relax and enjoy the music of <b>Endre Check<\/b> on the Hungarian Cimbalon.<\/p>\n<p>Also, <b>Ernie Mihaly<\/b> will be on stage and recognized for his great service to the Hungarian Cultural Garden over the years. \u00a0Read about it in the free 80 page collector\u2019s edition book that will be handed out at One World Day.<\/p>\n<p>Still need convincing? \u00a0Here are a few other highlights of One World Day:<\/p>\n<p>\u00b7 \u00a0 \u00a0 \u00a0 \u00a0Free admission and free parking.<br \/>\n\u00b7 \u00a0 \u00a0 \u00a0 \u00a0The Parade of Flags with dozens of heritages represented with traditional costumes. \u00a0Get dressed and march with fellow Hungarians.<br \/>\n\u00b7 \u00a0 \u00a0 \u00a0 \u00a0Inspiring Naturalization ceremony featuring the Oath of Citizenship for 25 people from \u00a0Albania, Azerbaijan, Bhutan, Bosnia-Herzegovina, Canada, Czech Republic, Dominican Republic, India, Macedonia, Nigeria, Philippines, Russia, South Korea, Spain, Togo, Turkey and Ukraine.<br \/>\n\u00b7 \u00a0 \u00a0 \u00a0 \u00a0Free guided Trolley Tours (3 trolleys) to let you visit ALL the Cultural Gardens.<br \/>\n\u00b7 \u00a0 \u00a0 \u00a0 \u00a03 stages of diverse ethnic entertainment plus more activities in many of the Gardens. \u00a0Watch world-renown concert pianist Stanislav Khristenko perform on a 9 foot grand piano in the Russian Garden. \u00a0The 3 main stages will also feature Moises Borges and Brazilian Jazz quintet with Grammy award winning trumpeter Kenny Davis, Jasmine Dragon Aerial silk arts and break dancing, Ukrainian<br \/>\n\u00b7 \u00a0 \u00a0 \u00a0 \u00a0Free Passport Program so kids, of all ages, can get a passport and do activities in the gardens.<br \/>\n\u00b7 \u00a0 \u00a0 \u00a0 \u00a080 page One World Day collector\u2019s edition booklet with history, map and info on the Gardens and more.<br \/>\n\u00b7 \u00a0 \u00a0 \u00a0 \u00a0Great ethnic food in many of the Gardens or enjoy a Slyman\u2019s corned beef sandwich, a Frosted Malt from Weber&#8217;s Premium Ice Cream or treats from Rudy&#8217;s Strudel and Bakery or Cleveland \u00a0 \u00a0 \u00a0 \u00a0 \u00a0 \u00a0 \u00a0 \u00a0 \u00a0Pickle or on and on.<br \/>\n\u00b7 \u00a0 \u00a0 \u00a0 \u00a0Join Cleveland Mayor Frank Jackson, County Executive Armond Budish, Councilman Kevin Conwell and others along with the Cleveland Cultural Gardens Federation (CCGF) in kicking off the \u00a0 \u00a0 \u00a0 \u00a0 \u00a0 \u00a0 \u00a0 \u00a0 \u00a0Centennial Year of the Gardens. \u00a0The first Garden was established in 1916 so the CCGF, City of Cleveland and the community will have a year-long celebration planned.<\/p>\n<p>And much more! \u00a0Visit the website at <a href=\"https:\/\/urldefense.proofpoint.com\/v2\/url?u=http-3A__clevelandoneworldday.org_&amp;d=AwMFaQ&amp;c=-YrhKbO6aFrSLScoj0Mm-IuOYlqIJC7nrlQzxTUu-mA&amp;r=6qK8P1ZwPeELuGhLS4EFVk9sEIcoe59O5pld4lJLCnx7odJ9KffHosVsroF3LyQK&amp;m=SLiqbOU_xsMhg5Cfc-EWjG9g2FWQwjnvD0hoa6GQiiY&amp;s=g8Kako-dD9HDqf0XV2q-SZD-lhk_qniYulgA3U4eTpE&amp;e=\" target=\"_blank\"><span style=\"color: blue; font-family: Arial; font-size: medium;\"><u>https:\/\/clevelandoneworldday.<wbr \/>org\/<\/u><\/span><\/a><span style=\"font-family: Arial; font-size: medium;\"> or the Facebook page at <\/span><a href=\"https:\/\/urldefense.proofpoint.com\/v2\/url?u=https-3A__www.facebook.com_events_402905399892240_&amp;d=AwMFaQ&amp;c=-YrhKbO6aFrSLScoj0Mm-IuOYlqIJC7nrlQzxTUu-mA&amp;r=6qK8P1ZwPeELuGhLS4EFVk9sEIcoe59O5pld4lJLCnx7odJ9KffHosVsroF3LyQK&amp;m=SLiqbOU_xsMhg5Cfc-EWjG9g2FWQwjnvD0hoa6GQiiY&amp;s=8G8jeeLUJxUG9V0HHo5F0mdOcWS8rtSQbfzLnTKI6KY&amp;e=\" target=\"_blank\"><span style=\"color: blue; font-family: Arial; font-size: medium;\"><u>https:\/\/www.facebook.com\/<wbr \/>events\/402905399892240\/<br \/>\n<\/u><\/span><\/a><span style=\"font-family: Arial; font-size: medium;\"><br \/>\nBe sure to visit the ClevelandPeople.Com booth and place a sticker on Hungary on the large maps of the world to represent your heritage. \u00a0See you <span class=\"aBn\" tabindex=\"0\" data-term=\"goog_869280629\"><span class=\"aQJ\">Sunday<\/span><\/span>!<\/span><\/p>\n<p><span style=\"font-family: Arial; font-size: medium;\">&#8212;&#8212;&#8212;&#8212;&#8212;&#8212;&#8212;&#8212;&#8212;&#8212;<wbr \/>&#8212;&#8212;&#8212;&#8212;&#8212;&#8212;&#8211;<br \/>\nDan Hanson<br \/>\nClevelandPeople.Com<br \/>\n2800 Euclid Ave. Suite 325<br \/>\nCleveland, OH 44115<br \/>\n<a href=\"tel:216-781-1757\" target=\"_blank\">216-781-1757<\/a><br \/>\n<a href=\"mailto:dan@clevelandpeople.com\" target=\"_blank\">dan@clevelandpeople.com<\/a><\/span><span style=\"color: blue; font-family: Arial; font-size: medium;\"><u><br \/>\n<\/u><\/span><a href=\"https:\/\/urldefense.proofpoint.com\/v2\/url?u=http-3A__www.clevelandpeople.com_&amp;d=AwMFaQ&amp;c=-YrhKbO6aFrSLScoj0Mm-IuOYlqIJC7nrlQzxTUu-mA&amp;r=6qK8P1ZwPeELuGhLS4EFVk9sEIcoe59O5pld4lJLCnx7odJ9KffHosVsroF3LyQK&amp;m=SLiqbOU_xsMhg5Cfc-EWjG9g2FWQwjnvD0hoa6GQiiY&amp;s=UFRVx7zmbo7IkEwrTsuMotBiEVanmBXKyD9Q83RerKQ&amp;e=\" target=\"_blank\"><span style=\"color: blue; font-family: Arial; font-size: medium;\"><u>https:\/\/www.clevelandpeople.com<\/u><\/span><\/a><span style=\"color: blue; font-family: Arial; font-size: medium;\"><u><br \/>\n<\/u><\/span><a href=\"https:\/\/urldefense.proofpoint.com\/v2\/url?u=http-3A__twitter.com_ClevelandPeople&amp;d=AwMFaQ&amp;c=-YrhKbO6aFrSLScoj0Mm-IuOYlqIJC7nrlQzxTUu-mA&amp;r=6qK8P1ZwPeELuGhLS4EFVk9sEIcoe59O5pld4lJLCnx7odJ9KffHosVsroF3LyQK&amp;m=SLiqbOU_xsMhg5Cfc-EWjG9g2FWQwjnvD0hoa6GQiiY&amp;s=Q9BVX2nyno8-WAtXuipLrcKATtSld4r8-Bg4fi9KFDg&amp;e=\" target=\"_blank\"><span style=\"color: blue; font-family: Arial; font-size: medium;\"><u>https:\/\/twitter.com\/<wbr \/>ClevelandPeople<\/u><\/span><\/a><span style=\"color: blue; font-family: Arial; font-size: medium;\"><u><br \/>\n<\/u><\/span><a href=\"https:\/\/urldefense.proofpoint.com\/v2\/url?u=http-3A__www.facebook.com_cleveland.people&amp;d=AwMFaQ&amp;c=-YrhKbO6aFrSLScoj0Mm-IuOYlqIJC7nrlQzxTUu-mA&amp;r=6qK8P1ZwPeELuGhLS4EFVk9sEIcoe59O5pld4lJLCnx7odJ9KffHosVsroF3LyQK&amp;m=SLiqbOU_xsMhg5Cfc-EWjG9g2FWQwjnvD0hoa6GQiiY&amp;s=4-spDcEkgoy7sU0wDvkz4Xxl6neJ-1shabjVJMM2yys&amp;e=\" target=\"_blank\"><span style=\"color: blue; font-family: Arial; font-size: medium;\"><u>https:\/\/www.facebook.com\/<wbr \/>cleveland.people<\/u><\/span><\/a><\/p>\n<p><a href=\"https:\/\/www.bocskairadio.org\/wp-content\/uploads\/2015\/08\/OWD.jpg\"><img loading=\"lazy\" decoding=\"async\" class=\"aligncenter size-large wp-image-17504\" src=\"https:\/\/www.bocskairadio.org\/wp-content\/uploads\/2015\/08\/OWD-600x222.jpg\" alt=\"OWD\" width=\"600\" height=\"222\" srcset=\"https:\/\/www.bocskairadio.org\/wp-content\/uploads\/2015\/08\/OWD-600x222.jpg 600w, https:\/\/www.bocskairadio.org\/wp-content\/uploads\/2015\/08\/OWD-768x284.jpg 768w, https:\/\/www.bocskairadio.org\/wp-content\/uploads\/2015\/08\/OWD-696x258.jpg 696w, https:\/\/www.bocskairadio.org\/wp-content\/uploads\/2015\/08\/OWD-300x111.jpg 300w, https:\/\/www.bocskairadio.org\/wp-content\/uploads\/2015\/08\/OWD.jpg 851w\" sizes=\"auto, (max-width: 600px) 100vw, 600px\" \/><\/a><\/p>\n","protected":false},"excerpt":{"rendered":"<p><span style=\"font-family: Arial; font-size: medium;\">The big day is <span class=\"aBn\" tabindex=\"0\" data-term=\"goog_869280627\"><span class=\"aQJ\">this Sunday<\/span><\/span>! \u00a0The 70th annual One World Day in the Cleveland Cultural Gardens will be this Sunday August 23 and the Hungarian Cultural Garden is a big part of it.<\/span><\/p>\n<p>Be sure to visit the Hungarian Cultural Garden and The Budapest Cafe featuring:<br \/>\n\u00b7 \u00a0 \u00a0 \u00a0 \u00a0Wiener Schnitzel Sandwiches and Pogacsa<br \/>\n\u00b7 \u00a0 \u00a0 \u00a0 \u00a0Hungarian pastry: \u00a0Nut and poppy seed rolls, Linzer cookies and strudel<br \/>\n\u00b7 \u00a0 \u00a0 \u00a0 \u00a0Budapest Ice Coffee<\/p>\n<p>Relax and enjoy the music of <b>Endre Check<\/b> on the Hungarian Cimbalon.<\/p>\n<p>Also, <b>Ernie Mihaly<\/b> will be on stage and recognized for his great service to the Hungarian Cultural Garden over the years. \u00a0Read about it in the free 80 page collector\u2019s edition book that will be handed out at One World Day.<\/p>\n<p>Still need convincing? \u00a0Here are a few other highlights of One World Day:<\/p>\n<p>\u00b7 \u00a0 \u00a0 \u00a0 \u00a0Free admission and free parking.<br \/>\n\u00b7 \u00a0 \u00a0 \u00a0 \u00a0The Parade of Flags with dozens of heritages represented with traditional costumes. \u00a0Get dressed and march with fellow Hungarians.<br \/>\n\u00b7 \u00a0 \u00a0 \u00a0 \u00a0Inspiring Naturalization ceremony featuring the Oath of Citizenship for 25 people from \u00a0Albania, Azerbaijan, Bhutan, Bosnia-Herzegovina, Canada, Czech Republic, Dominican Republic, India, Macedonia, Nigeria, Philippines, Russia, South Korea, Spain, Togo, Turkey and Ukraine.<br \/>\n\u00b7 \u00a0 \u00a0 \u00a0 \u00a0Free guided Trolley Tours (3 trolleys) to let you visit ALL the Cultural Gardens.<br \/>\n\u00b7 \u00a0 \u00a0 \u00a0 \u00a03 stages of diverse ethnic entertainment plus more activities in many of the Gardens. \u00a0Watch world-renown concert pianist Stanislav Khristenko perform on a 9 foot grand piano in the Russian Garden. \u00a0The 3 main stages will also feature Moises Borges and Brazilian Jazz quintet with Grammy award winning trumpeter Kenny Davis, Jasmine Dragon Aerial silk arts and break dancing, Ukrainian<br \/>\n\u00b7 \u00a0 \u00a0 \u00a0 \u00a0Free Passport Program so kids, of all ages, can get a passport and do activities in the gardens.<br \/>\n\u00b7 \u00a0 \u00a0 \u00a0 \u00a080 page One World Day collector\u2019s edition booklet with history, map and info on the Gardens and more.<br \/>\n\u00b7 \u00a0 \u00a0 \u00a0 \u00a0Great ethnic food in many of the Gardens or enjoy a Slyman\u2019s corned beef sandwich, a Frosted Malt from Weber&#8217;s Premium Ice Cream or treats from Rudy&#8217;s Strudel and Bakery or Cleveland \u00a0 \u00a0 \u00a0 \u00a0 \u00a0 \u00a0 \u00a0 \u00a0 \u00a0Pickle or on and on.<br \/>\n\u00b7 \u00a0 \u00a0 \u00a0 \u00a0Join Cleveland Mayor Frank Jackson, County Executive Armond Budish, Councilman Kevin Conwell and others along with the Cleveland Cultural Gardens Federation (CCGF) in kicking off the \u00a0 \u00a0 \u00a0 \u00a0 \u00a0 \u00a0 \u00a0 \u00a0 \u00a0Centennial Year of the Gardens. \u00a0The first Garden was established in 1916 so the CCGF, City of Cleveland and the community will have a year-long celebration planned.<\/p>\n<p>And much more! \u00a0Visit the website at <a href=\"https:\/\/urldefense.proofpoint.com\/v2\/url?u=http-3A__clevelandoneworldday.org_&amp;d=AwMFaQ&amp;c=-YrhKbO6aFrSLScoj0Mm-IuOYlqIJC7nrlQzxTUu-mA&amp;r=6qK8P1ZwPeELuGhLS4EFVk9sEIcoe59O5pld4lJLCnx7odJ9KffHosVsroF3LyQK&amp;m=SLiqbOU_xsMhg5Cfc-EWjG9g2FWQwjnvD0hoa6GQiiY&amp;s=g8Kako-dD9HDqf0XV2q-SZD-lhk_qniYulgA3U4eTpE&amp;e=\" target=\"_blank\"><span style=\"color: blue; font-family: Arial; font-size: medium;\"><u>https:\/\/clevelandoneworldday.<wbr \/>org\/<\/u><\/span><\/a><span style=\"font-family: Arial; font-size: medium;\"> or the Facebook page at <\/span><a href=\"https:\/\/urldefense.proofpoint.com\/v2\/url?u=https-3A__www.facebook.com_events_402905399892240_&amp;d=AwMFaQ&amp;c=-YrhKbO6aFrSLScoj0Mm-IuOYlqIJC7nrlQzxTUu-mA&amp;r=6qK8P1ZwPeELuGhLS4EFVk9sEIcoe59O5pld4lJLCnx7odJ9KffHosVsroF3LyQK&amp;m=SLiqbOU_xsMhg5Cfc-EWjG9g2FWQwjnvD0hoa6GQiiY&amp;s=8G8jeeLUJxUG9V0HHo5F0mdOcWS8rtSQbfzLnTKI6KY&amp;e=\" target=\"_blank\"><span style=\"color: blue; font-family: Arial; font-size: medium;\"><u>https:\/\/www.facebook.com\/<wbr \/>events\/402905399892240\/<br \/>\n<\/u><\/span><\/a><span style=\"font-family: Arial; font-size: medium;\"><br \/>\nBe sure to visit the ClevelandPeople.Com booth and place a sticker on Hungary on the large maps of the world to represent your heritage. \u00a0See you <span class=\"aBn\" tabindex=\"0\" data-term=\"goog_869280629\"><span class=\"aQJ\">Sunday<\/span><\/span>!<\/span><\/p>\n<p><span style=\"font-family: Arial; font-size: medium;\">&#8212;&#8212;&#8212;&#8212;&#8212;&#8212;&#8212;&#8212;&#8212;&#8212;<wbr \/>&#8212;&#8212;&#8212;&#8212;&#8212;&#8212;&#8211;<br \/>\nDan Hanson<br \/>\nClevelandPeople.Com<br \/>\n2800 Euclid Ave. Suite 325<br \/>\nCleveland, OH 44115<br \/>\n<a href=\"tel:216-781-1757\" target=\"_blank\">216-781-1757<\/a><br \/>\n<a href=\"mailto:dan@clevelandpeople.com\" target=\"_blank\">dan@clevelandpeople.com<\/a><\/span><span style=\"color: blue; font-family: Arial; font-size: medium;\"><u><br \/>\n<\/u><\/span><a href=\"https:\/\/urldefense.proofpoint.com\/v2\/url?u=http-3A__www.clevelandpeople.com_&amp;d=AwMFaQ&amp;c=-YrhKbO6aFrSLScoj0Mm-IuOYlqIJC7nrlQzxTUu-mA&amp;r=6qK8P1ZwPeELuGhLS4EFVk9sEIcoe59O5pld4lJLCnx7odJ9KffHosVsroF3LyQK&amp;m=SLiqbOU_xsMhg5Cfc-EWjG9g2FWQwjnvD0hoa6GQiiY&amp;s=UFRVx7zmbo7IkEwrTsuMotBiEVanmBXKyD9Q83RerKQ&amp;e=\" target=\"_blank\"><span style=\"color: blue; font-family: Arial; font-size: medium;\"><u>https:\/\/www.clevelandpeople.com<\/u><\/span><\/a><span style=\"color: blue; font-family: Arial; font-size: medium;\"><u><br \/>\n<\/u><\/span><a href=\"https:\/\/urldefense.proofpoint.com\/v2\/url?u=http-3A__twitter.com_ClevelandPeople&amp;d=AwMFaQ&amp;c=-YrhKbO6aFrSLScoj0Mm-IuOYlqIJC7nrlQzxTUu-mA&amp;r=6qK8P1ZwPeELuGhLS4EFVk9sEIcoe59O5pld4lJLCnx7odJ9KffHosVsroF3LyQK&amp;m=SLiqbOU_xsMhg5Cfc-EWjG9g2FWQwjnvD0hoa6GQiiY&amp;s=Q9BVX2nyno8-WAtXuipLrcKATtSld4r8-Bg4fi9KFDg&amp;e=\" target=\"_blank\"><span style=\"color: blue; font-family: Arial; font-size: medium;\"><u>https:\/\/twitter.com\/<wbr \/>ClevelandPeople<\/u><\/span><\/a><span style=\"color: blue; font-family: Arial; font-size: medium;\"><u><br \/>\n<\/u><\/span><a href=\"https:\/\/urldefense.proofpoint.com\/v2\/url?u=http-3A__www.facebook.com_cleveland.people&amp;d=AwMFaQ&amp;c=-YrhKbO6aFrSLScoj0Mm-IuOYlqIJC7nrlQzxTUu-mA&amp;r=6qK8P1ZwPeELuGhLS4EFVk9sEIcoe59O5pld4lJLCnx7odJ9KffHosVsroF3LyQK&amp;m=SLiqbOU_xsMhg5Cfc-EWjG9g2FWQwjnvD0hoa6GQiiY&amp;s=4-spDcEkgoy7sU0wDvkz4Xxl6neJ-1shabjVJMM2yys&amp;e=\" target=\"_blank\"><span style=\"color: blue; font-family: Arial; font-size: medium;\"><u>https:\/\/www.facebook.com\/<wbr \/>cleveland.people<\/u><\/span><\/a><\/p>\n<p><a href=\"https:\/\/www.bocskairadio.org\/wp-content\/uploads\/2015\/08\/OWD.jpg\"><img loading=\"lazy\" decoding=\"async\" class=\"aligncenter size-large wp-image-17504\" src=\"https:\/\/www.bocskairadio.org\/wp-content\/uploads\/2015\/08\/OWD-600x222.jpg\" alt=\"OWD\" width=\"600\" height=\"222\" srcset=\"https:\/\/www.bocskairadio.org\/wp-content\/uploads\/2015\/08\/OWD-600x222.jpg 600w, https:\/\/www.bocskairadio.org\/wp-content\/uploads\/2015\/08\/OWD-768x284.jpg 768w, https:\/\/www.bocskairadio.org\/wp-content\/uploads\/2015\/08\/OWD-696x258.jpg 696w, https:\/\/www.bocskairadio.org\/wp-content\/uploads\/2015\/08\/OWD-300x111.jpg 300w, https:\/\/www.bocskairadio.org\/wp-content\/uploads\/2015\/08\/OWD.jpg 851w\" sizes=\"auto, (max-width: 600px) 100vw, 600px\" \/><\/a><\/p>\n","protected":false},"author":2,"featured_media":17504,"comment_status":"open","ping_status":"open","sticky":false,"template":"","format":"standard","meta":{"footnotes":""},"categories":[166],"tags":[],"class_list":["post-17503","post","type-post","status-publish","format-standard","has-post-thumbnail","category-news"],"yoast_head":"<!-- This site is optimized with the Yoast SEO plugin v27.4 - https:\/\/yoast.com\/product\/yoast-seo-wordpress\/ -->\n<title>Hungarian Cultural Garden at One World Day &#8211; Bocskai R\u00e1di\u00f3<\/title>\n<meta name=\"robots\" content=\"index, follow, max-snippet:-1, max-image-preview:large, max-video-preview:-1\" \/>\n<link rel=\"canonical\" href=\"https:\/\/www.bocskairadio.org\/en\/hungarian-cultural-garden-at-one-world-day\/\" \/>\n<meta property=\"og:locale\" content=\"en_US\" \/>\n<meta property=\"og:type\" content=\"article\" \/>\n<meta property=\"og:title\" content=\"Hungarian Cultural Garden at One World Day &#8211; Bocskai R\u00e1di\u00f3\" \/>\n<meta property=\"og:description\" content=\"The big day is this Sunday! \u00a0The 70th annual One World Day in the Cleveland Cultural Gardens will be this Sunday August 23 and the Hungarian Cultural Garden is a big part of it.  Be sure to visit the Hungarian Cultural Garden and The Budapest Cafe featuring: \u00b7 \u00a0 \u00a0 \u00a0 \u00a0Wiener Schnitzel Sandwiches and Pogacsa \u00b7 \u00a0 \u00a0 \u00a0 \u00a0Hungarian pastry: \u00a0Nut and poppy seed rolls, Linzer cookies and strudel \u00b7 \u00a0 \u00a0 \u00a0 \u00a0Budapest Ice Coffee  Relax and enjoy the music of Endre Check on the Hungarian Cimbalon.  Also, Ernie Mihaly will be on stage and recognized for his great service to the Hungarian Cultural Garden over the years. \u00a0Read about it in the free 80 page collector\u2019s edition book that will be handed out at One World Day.  Still need convincing? \u00a0Here are a few other highlights of One World Day:  \u00b7 \u00a0 \u00a0 \u00a0 \u00a0Free admission and free parking. \u00b7 \u00a0 \u00a0 \u00a0 \u00a0The Parade of Flags with dozens of heritages represented with traditional costumes. \u00a0Get dressed and march with fellow Hungarians. \u00b7 \u00a0 \u00a0 \u00a0 \u00a0Inspiring Naturalization ceremony featuring the Oath of Citizenship for 25 people from \u00a0Albania, Azerbaijan, Bhutan, Bosnia-Herzegovina, Canada, Czech Republic, Dominican Republic, India, Macedonia, Nigeria, Philippines, Russia, South Korea, Spain, Togo, Turkey and Ukraine. \u00b7 \u00a0 \u00a0 \u00a0 \u00a0Free guided Trolley Tours (3 trolleys) to let you visit ALL the Cultural Gardens. \u00b7 \u00a0 \u00a0 \u00a0 \u00a03 stages of diverse ethnic entertainment plus more activities in many of the Gardens. \u00a0Watch world-renown concert pianist Stanislav Khristenko perform on a 9 foot grand piano in the Russian Garden. \u00a0The 3 main stages will also feature Moises Borges and Brazilian Jazz quintet with Grammy award winning trumpeter Kenny Davis, Jasmine Dragon Aerial silk arts and break dancing, Ukrainian \u00b7 \u00a0 \u00a0 \u00a0 \u00a0Free Passport Program so kids, of all ages, can get a passport and do activities in the gardens. \u00b7 \u00a0 \u00a0 \u00a0 \u00a080 page One World Day collector\u2019s edition booklet with history, map and info on the Gardens and more. \u00b7 \u00a0 \u00a0 \u00a0 \u00a0Great ethnic food in many of the Gardens or enjoy a Slyman\u2019s corned beef sandwich, a Frosted Malt from Weber&#039;s Premium Ice Cream or treats from Rudy&#039;s Strudel and Bakery or Cleveland \u00a0 \u00a0 \u00a0 \u00a0 \u00a0 \u00a0 \u00a0 \u00a0 \u00a0Pickle or on and on. \u00b7 \u00a0 \u00a0 \u00a0 \u00a0Join Cleveland Mayor Frank Jackson, County Executive Armond Budish, Councilman Kevin Conwell and others along with the Cleveland Cultural Gardens Federation (CCGF) in kicking off the \u00a0 \u00a0 \u00a0 \u00a0 \u00a0 \u00a0 \u00a0 \u00a0 \u00a0Centennial Year of the Gardens. \u00a0The first Garden was established in 1916 so the CCGF, City of Cleveland and the community will have a year-long celebration planned.  And much more! \u00a0Visit the website at https:\/\/clevelandoneworldday.org\/ or the Facebook page at https:\/\/www.facebook.com\/events\/402905399892240\/  Be sure to visit the ClevelandPeople.Com booth and place a sticker on Hungary on the large maps of the world to represent your heritage. \u00a0See you Sunday!  -------------------------------------------------- Dan Hanson ClevelandPeople.Com 2800 Euclid Ave. Suite 325 Cleveland, OH 44115 216-781-1757 dan@clevelandpeople.com https:\/\/www.clevelandpeople.com https:\/\/twitter.com\/ClevelandPeople https:\/\/www.facebook.com\/cleveland.people\" \/>\n<meta property=\"og:url\" content=\"https:\/\/www.bocskairadio.org\/en\/hungarian-cultural-garden-at-one-world-day\/\" \/>\n<meta property=\"og:site_name\" content=\"Bocskai R\u00e1di\u00f3\" \/>\n<meta property=\"article:publisher\" content=\"https:\/\/www.facebook.com\/BocskaiRadio\" \/>\n<meta property=\"article:published_time\" content=\"2015-08-19T23:09:35+00:00\" \/>\n<meta property=\"article:modified_time\" content=\"2015-08-19T23:10:17+00:00\" \/>\n<meta property=\"og:image\" content=\"https:\/\/www.bocskairadio.org\/wp-content\/uploads\/2015\/08\/OWD.jpg\" \/>\n\t<meta property=\"og:image:width\" content=\"851\" \/>\n\t<meta property=\"og:image:height\" content=\"315\" \/>\n\t<meta property=\"og:image:type\" content=\"image\/jpeg\" \/>\n<meta name=\"author\" content=\"Bocskai R\u00e1di\u00f3\" \/>\n<meta name=\"twitter:card\" content=\"summary_large_image\" \/>\n<meta name=\"twitter:creator\" content=\"@BocskaiRadio\" \/>\n<meta name=\"twitter:site\" content=\"@BocskaiRadio\" \/>\n<script type=\"application\/ld+json\" class=\"yoast-schema-graph\">{\"@context\":\"https:\\\/\\\/schema.org\",\"@graph\":[{\"@type\":\"Article\",\"@id\":\"https:\\\/\\\/www.bocskairadio.org\\\/en\\\/hungarian-cultural-garden-at-one-world-day\\\/#article\",\"isPartOf\":{\"@id\":\"https:\\\/\\\/www.bocskairadio.org\\\/en\\\/hungarian-cultural-garden-at-one-world-day\\\/\"},\"author\":{\"name\":\"Bocskai R\u00e1di\u00f3\",\"@id\":\"https:\\\/\\\/www.bocskairadio.org\\\/en\\\/#\\\/schema\\\/person\\\/8bcb55a841d5aae0d74dd77c82785eeb\"},\"headline\":\"Hungarian Cultural Garden at One World Day\",\"datePublished\":\"2015-08-19T23:09:35+00:00\",\"dateModified\":\"2015-08-19T23:10:17+00:00\",\"mainEntityOfPage\":{\"@id\":\"https:\\\/\\\/www.bocskairadio.org\\\/en\\\/hungarian-cultural-garden-at-one-world-day\\\/\"},\"wordCount\":469,\"commentCount\":0,\"publisher\":{\"@id\":\"https:\\\/\\\/www.bocskairadio.org\\\/en\\\/#organization\"},\"image\":{\"@id\":\"https:\\\/\\\/www.bocskairadio.org\\\/en\\\/hungarian-cultural-garden-at-one-world-day\\\/#primaryimage\"},\"thumbnailUrl\":\"https:\\\/\\\/www.bocskairadio.org\\\/wp-content\\\/uploads\\\/2015\\\/08\\\/OWD.jpg\",\"articleSection\":[\"News\"],\"inLanguage\":\"en-US\",\"potentialAction\":[{\"@type\":\"CommentAction\",\"name\":\"Comment\",\"target\":[\"https:\\\/\\\/www.bocskairadio.org\\\/en\\\/hungarian-cultural-garden-at-one-world-day\\\/#respond\"]}]},{\"@type\":\"WebPage\",\"@id\":\"https:\\\/\\\/www.bocskairadio.org\\\/en\\\/hungarian-cultural-garden-at-one-world-day\\\/\",\"url\":\"https:\\\/\\\/www.bocskairadio.org\\\/en\\\/hungarian-cultural-garden-at-one-world-day\\\/\",\"name\":\"Hungarian Cultural Garden at One World Day &#8211; Bocskai R\u00e1di\u00f3\",\"isPartOf\":{\"@id\":\"https:\\\/\\\/www.bocskairadio.org\\\/en\\\/#website\"},\"primaryImageOfPage\":{\"@id\":\"https:\\\/\\\/www.bocskairadio.org\\\/en\\\/hungarian-cultural-garden-at-one-world-day\\\/#primaryimage\"},\"image\":{\"@id\":\"https:\\\/\\\/www.bocskairadio.org\\\/en\\\/hungarian-cultural-garden-at-one-world-day\\\/#primaryimage\"},\"thumbnailUrl\":\"https:\\\/\\\/www.bocskairadio.org\\\/wp-content\\\/uploads\\\/2015\\\/08\\\/OWD.jpg\",\"datePublished\":\"2015-08-19T23:09:35+00:00\",\"dateModified\":\"2015-08-19T23:10:17+00:00\",\"inLanguage\":\"en-US\",\"potentialAction\":[{\"@type\":\"ReadAction\",\"target\":[\"https:\\\/\\\/www.bocskairadio.org\\\/en\\\/hungarian-cultural-garden-at-one-world-day\\\/\"]}]},{\"@type\":\"ImageObject\",\"inLanguage\":\"en-US\",\"@id\":\"https:\\\/\\\/www.bocskairadio.org\\\/en\\\/hungarian-cultural-garden-at-one-world-day\\\/#primaryimage\",\"url\":\"https:\\\/\\\/www.bocskairadio.org\\\/wp-content\\\/uploads\\\/2015\\\/08\\\/OWD.jpg\",\"contentUrl\":\"https:\\\/\\\/www.bocskairadio.org\\\/wp-content\\\/uploads\\\/2015\\\/08\\\/OWD.jpg\",\"width\":851,\"height\":315},{\"@type\":\"WebSite\",\"@id\":\"https:\\\/\\\/www.bocskairadio.org\\\/en\\\/#website\",\"url\":\"https:\\\/\\\/www.bocskairadio.org\\\/en\\\/\",\"name\":\"Bocskai R\u00e1di\u00f3\",\"description\":\"The Voice of Cleveland Hungarians\",\"publisher\":{\"@id\":\"https:\\\/\\\/www.bocskairadio.org\\\/en\\\/#organization\"},\"potentialAction\":[{\"@type\":\"SearchAction\",\"target\":{\"@type\":\"EntryPoint\",\"urlTemplate\":\"https:\\\/\\\/www.bocskairadio.org\\\/en\\\/?s={search_term_string}\"},\"query-input\":{\"@type\":\"PropertyValueSpecification\",\"valueRequired\":true,\"valueName\":\"search_term_string\"}}],\"inLanguage\":\"en-US\"},{\"@type\":\"Organization\",\"@id\":\"https:\\\/\\\/www.bocskairadio.org\\\/en\\\/#organization\",\"name\":\"Bocskai R\u00e1di\u00f3\",\"url\":\"https:\\\/\\\/www.bocskairadio.org\\\/en\\\/\",\"logo\":{\"@type\":\"ImageObject\",\"inLanguage\":\"en-US\",\"@id\":\"https:\\\/\\\/www.bocskairadio.org\\\/en\\\/#\\\/schema\\\/logo\\\/image\\\/\",\"url\":\"https:\\\/\\\/www.bocskairadio.org\\\/wp-content\\\/uploads\\\/2016\\\/11\\\/var3_basic.jpg\",\"contentUrl\":\"https:\\\/\\\/www.bocskairadio.org\\\/wp-content\\\/uploads\\\/2016\\\/11\\\/var3_basic.jpg\",\"width\":500,\"height\":500,\"caption\":\"Bocskai R\u00e1di\u00f3\"},\"image\":{\"@id\":\"https:\\\/\\\/www.bocskairadio.org\\\/en\\\/#\\\/schema\\\/logo\\\/image\\\/\"},\"sameAs\":[\"https:\\\/\\\/www.facebook.com\\\/BocskaiRadio\",\"https:\\\/\\\/x.com\\\/BocskaiRadio\",\"https:\\\/\\\/www.instagram.com\\\/bocskairadio\\\/\",\"https:\\\/\\\/www.youtube.com\\\/user\\\/bocskairadio\",\"https:\\\/\\\/hu.wikipedia.org\\\/wiki\\\/Bocskai_R\u00e1di\u00f3\"]},{\"@type\":\"Person\",\"@id\":\"https:\\\/\\\/www.bocskairadio.org\\\/en\\\/#\\\/schema\\\/person\\\/8bcb55a841d5aae0d74dd77c82785eeb\",\"name\":\"Bocskai R\u00e1di\u00f3\",\"image\":{\"@type\":\"ImageObject\",\"inLanguage\":\"en-US\",\"@id\":\"https:\\\/\\\/secure.gravatar.com\\\/avatar\\\/6fce2003e5af7c39ae22c801dc811050604aadb4c486939afbea6cc35598b724?s=96&d=mm&r=g\",\"url\":\"https:\\\/\\\/secure.gravatar.com\\\/avatar\\\/6fce2003e5af7c39ae22c801dc811050604aadb4c486939afbea6cc35598b724?s=96&d=mm&r=g\",\"contentUrl\":\"https:\\\/\\\/secure.gravatar.com\\\/avatar\\\/6fce2003e5af7c39ae22c801dc811050604aadb4c486939afbea6cc35598b724?s=96&d=mm&r=g\",\"caption\":\"Bocskai R\u00e1di\u00f3\"},\"description\":\"A Bocskai R\u00e1di\u00f3 l\u00e9tez\u00e9se \u00e9s fenn\u00e1ll\u00e1sa \u00f3ta arra t\u00f6rekszik hogy a Cleveland k\u00f6rny\u00e9ki magyar lakoss\u00e1got szolg\u00e1lja az \u00e9kes magyar sz\u00f3val, kicsiny de ragyog\u00f3 haz\u00e1nk h\u00edreivel, csod\u00e1latos magyar kult\u00far\u00e1val; irodalommal \u00e9s mes\u00e9s magyar muzsik\u00e1val. A r\u00e1di\u00f3m\u0171sorokban nagy szerepe van a helyi magyar egyh\u00e1zi szervezeteknek is. Olvasd tov\u00e1bb itt.\",\"sameAs\":[\"https:\\\/\\\/bocskairadio.org\"],\"url\":\"https:\\\/\\\/www.bocskairadio.org\\\/en\\\/author\\\/bocskairadio\\\/\"}]}<\/script>\n<!-- \/ Yoast SEO plugin. -->","yoast_head_json":{"title":"Hungarian Cultural Garden at One World Day &#8211; Bocskai R\u00e1di\u00f3","robots":{"index":"index","follow":"follow","max-snippet":"max-snippet:-1","max-image-preview":"max-image-preview:large","max-video-preview":"max-video-preview:-1"},"canonical":"https:\/\/www.bocskairadio.org\/en\/hungarian-cultural-garden-at-one-world-day\/","og_locale":"en_US","og_type":"article","og_title":"Hungarian Cultural Garden at One World Day &#8211; Bocskai R\u00e1di\u00f3","og_description":"The big day is this Sunday! \u00a0The 70th annual One World Day in the Cleveland Cultural Gardens will be this Sunday August 23 and the Hungarian Cultural Garden is a big part of it.  Be sure to visit the Hungarian Cultural Garden and The Budapest Cafe featuring: \u00b7 \u00a0 \u00a0 \u00a0 \u00a0Wiener Schnitzel Sandwiches and Pogacsa \u00b7 \u00a0 \u00a0 \u00a0 \u00a0Hungarian pastry: \u00a0Nut and poppy seed rolls, Linzer cookies and strudel \u00b7 \u00a0 \u00a0 \u00a0 \u00a0Budapest Ice Coffee  Relax and enjoy the music of Endre Check on the Hungarian Cimbalon.  Also, Ernie Mihaly will be on stage and recognized for his great service to the Hungarian Cultural Garden over the years. \u00a0Read about it in the free 80 page collector\u2019s edition book that will be handed out at One World Day.  Still need convincing? \u00a0Here are a few other highlights of One World Day:  \u00b7 \u00a0 \u00a0 \u00a0 \u00a0Free admission and free parking. \u00b7 \u00a0 \u00a0 \u00a0 \u00a0The Parade of Flags with dozens of heritages represented with traditional costumes. \u00a0Get dressed and march with fellow Hungarians. \u00b7 \u00a0 \u00a0 \u00a0 \u00a0Inspiring Naturalization ceremony featuring the Oath of Citizenship for 25 people from \u00a0Albania, Azerbaijan, Bhutan, Bosnia-Herzegovina, Canada, Czech Republic, Dominican Republic, India, Macedonia, Nigeria, Philippines, Russia, South Korea, Spain, Togo, Turkey and Ukraine. \u00b7 \u00a0 \u00a0 \u00a0 \u00a0Free guided Trolley Tours (3 trolleys) to let you visit ALL the Cultural Gardens. \u00b7 \u00a0 \u00a0 \u00a0 \u00a03 stages of diverse ethnic entertainment plus more activities in many of the Gardens. \u00a0Watch world-renown concert pianist Stanislav Khristenko perform on a 9 foot grand piano in the Russian Garden. \u00a0The 3 main stages will also feature Moises Borges and Brazilian Jazz quintet with Grammy award winning trumpeter Kenny Davis, Jasmine Dragon Aerial silk arts and break dancing, Ukrainian \u00b7 \u00a0 \u00a0 \u00a0 \u00a0Free Passport Program so kids, of all ages, can get a passport and do activities in the gardens. \u00b7 \u00a0 \u00a0 \u00a0 \u00a080 page One World Day collector\u2019s edition booklet with history, map and info on the Gardens and more. \u00b7 \u00a0 \u00a0 \u00a0 \u00a0Great ethnic food in many of the Gardens or enjoy a Slyman\u2019s corned beef sandwich, a Frosted Malt from Weber's Premium Ice Cream or treats from Rudy's Strudel and Bakery or Cleveland \u00a0 \u00a0 \u00a0 \u00a0 \u00a0 \u00a0 \u00a0 \u00a0 \u00a0Pickle or on and on. \u00b7 \u00a0 \u00a0 \u00a0 \u00a0Join Cleveland Mayor Frank Jackson, County Executive Armond Budish, Councilman Kevin Conwell and others along with the Cleveland Cultural Gardens Federation (CCGF) in kicking off the \u00a0 \u00a0 \u00a0 \u00a0 \u00a0 \u00a0 \u00a0 \u00a0 \u00a0Centennial Year of the Gardens. \u00a0The first Garden was established in 1916 so the CCGF, City of Cleveland and the community will have a year-long celebration planned.  And much more! \u00a0Visit the website at https:\/\/clevelandoneworldday.org\/ or the Facebook page at https:\/\/www.facebook.com\/events\/402905399892240\/  Be sure to visit the ClevelandPeople.Com booth and place a sticker on Hungary on the large maps of the world to represent your heritage. \u00a0See you Sunday!  -------------------------------------------------- Dan Hanson ClevelandPeople.Com 2800 Euclid Ave. Suite 325 Cleveland, OH 44115 216-781-1757 dan@clevelandpeople.com https:\/\/www.clevelandpeople.com https:\/\/twitter.com\/ClevelandPeople https:\/\/www.facebook.com\/cleveland.people","og_url":"https:\/\/www.bocskairadio.org\/en\/hungarian-cultural-garden-at-one-world-day\/","og_site_name":"Bocskai R\u00e1di\u00f3","article_publisher":"https:\/\/www.facebook.com\/BocskaiRadio","article_published_time":"2015-08-19T23:09:35+00:00","article_modified_time":"2015-08-19T23:10:17+00:00","og_image":[{"width":851,"height":315,"url":"https:\/\/www.bocskairadio.org\/wp-content\/uploads\/2015\/08\/OWD.jpg","type":"image\/jpeg"}],"author":"Bocskai R\u00e1di\u00f3","twitter_card":"summary_large_image","twitter_creator":"@BocskaiRadio","twitter_site":"@BocskaiRadio","schema":{"@context":"https:\/\/schema.org","@graph":[{"@type":"Article","@id":"https:\/\/www.bocskairadio.org\/en\/hungarian-cultural-garden-at-one-world-day\/#article","isPartOf":{"@id":"https:\/\/www.bocskairadio.org\/en\/hungarian-cultural-garden-at-one-world-day\/"},"author":{"name":"Bocskai R\u00e1di\u00f3","@id":"https:\/\/www.bocskairadio.org\/en\/#\/schema\/person\/8bcb55a841d5aae0d74dd77c82785eeb"},"headline":"Hungarian Cultural Garden at One World Day","datePublished":"2015-08-19T23:09:35+00:00","dateModified":"2015-08-19T23:10:17+00:00","mainEntityOfPage":{"@id":"https:\/\/www.bocskairadio.org\/en\/hungarian-cultural-garden-at-one-world-day\/"},"wordCount":469,"commentCount":0,"publisher":{"@id":"https:\/\/www.bocskairadio.org\/en\/#organization"},"image":{"@id":"https:\/\/www.bocskairadio.org\/en\/hungarian-cultural-garden-at-one-world-day\/#primaryimage"},"thumbnailUrl":"https:\/\/www.bocskairadio.org\/wp-content\/uploads\/2015\/08\/OWD.jpg","articleSection":["News"],"inLanguage":"en-US","potentialAction":[{"@type":"CommentAction","name":"Comment","target":["https:\/\/www.bocskairadio.org\/en\/hungarian-cultural-garden-at-one-world-day\/#respond"]}]},{"@type":"WebPage","@id":"https:\/\/www.bocskairadio.org\/en\/hungarian-cultural-garden-at-one-world-day\/","url":"https:\/\/www.bocskairadio.org\/en\/hungarian-cultural-garden-at-one-world-day\/","name":"Hungarian Cultural Garden at One World Day &#8211; Bocskai R\u00e1di\u00f3","isPartOf":{"@id":"https:\/\/www.bocskairadio.org\/en\/#website"},"primaryImageOfPage":{"@id":"https:\/\/www.bocskairadio.org\/en\/hungarian-cultural-garden-at-one-world-day\/#primaryimage"},"image":{"@id":"https:\/\/www.bocskairadio.org\/en\/hungarian-cultural-garden-at-one-world-day\/#primaryimage"},"thumbnailUrl":"https:\/\/www.bocskairadio.org\/wp-content\/uploads\/2015\/08\/OWD.jpg","datePublished":"2015-08-19T23:09:35+00:00","dateModified":"2015-08-19T23:10:17+00:00","inLanguage":"en-US","potentialAction":[{"@type":"ReadAction","target":["https:\/\/www.bocskairadio.org\/en\/hungarian-cultural-garden-at-one-world-day\/"]}]},{"@type":"ImageObject","inLanguage":"en-US","@id":"https:\/\/www.bocskairadio.org\/en\/hungarian-cultural-garden-at-one-world-day\/#primaryimage","url":"https:\/\/www.bocskairadio.org\/wp-content\/uploads\/2015\/08\/OWD.jpg","contentUrl":"https:\/\/www.bocskairadio.org\/wp-content\/uploads\/2015\/08\/OWD.jpg","width":851,"height":315},{"@type":"WebSite","@id":"https:\/\/www.bocskairadio.org\/en\/#website","url":"https:\/\/www.bocskairadio.org\/en\/","name":"Bocskai R\u00e1di\u00f3","description":"The Voice of Cleveland Hungarians","publisher":{"@id":"https:\/\/www.bocskairadio.org\/en\/#organization"},"potentialAction":[{"@type":"SearchAction","target":{"@type":"EntryPoint","urlTemplate":"https:\/\/www.bocskairadio.org\/en\/?s={search_term_string}"},"query-input":{"@type":"PropertyValueSpecification","valueRequired":true,"valueName":"search_term_string"}}],"inLanguage":"en-US"},{"@type":"Organization","@id":"https:\/\/www.bocskairadio.org\/en\/#organization","name":"Bocskai R\u00e1di\u00f3","url":"https:\/\/www.bocskairadio.org\/en\/","logo":{"@type":"ImageObject","inLanguage":"en-US","@id":"https:\/\/www.bocskairadio.org\/en\/#\/schema\/logo\/image\/","url":"https:\/\/www.bocskairadio.org\/wp-content\/uploads\/2016\/11\/var3_basic.jpg","contentUrl":"https:\/\/www.bocskairadio.org\/wp-content\/uploads\/2016\/11\/var3_basic.jpg","width":500,"height":500,"caption":"Bocskai R\u00e1di\u00f3"},"image":{"@id":"https:\/\/www.bocskairadio.org\/en\/#\/schema\/logo\/image\/"},"sameAs":["https:\/\/www.facebook.com\/BocskaiRadio","https:\/\/x.com\/BocskaiRadio","https:\/\/www.instagram.com\/bocskairadio\/","https:\/\/www.youtube.com\/user\/bocskairadio","https:\/\/hu.wikipedia.org\/wiki\/Bocskai_R\u00e1di\u00f3"]},{"@type":"Person","@id":"https:\/\/www.bocskairadio.org\/en\/#\/schema\/person\/8bcb55a841d5aae0d74dd77c82785eeb","name":"Bocskai R\u00e1di\u00f3","image":{"@type":"ImageObject","inLanguage":"en-US","@id":"https:\/\/secure.gravatar.com\/avatar\/6fce2003e5af7c39ae22c801dc811050604aadb4c486939afbea6cc35598b724?s=96&d=mm&r=g","url":"https:\/\/secure.gravatar.com\/avatar\/6fce2003e5af7c39ae22c801dc811050604aadb4c486939afbea6cc35598b724?s=96&d=mm&r=g","contentUrl":"https:\/\/secure.gravatar.com\/avatar\/6fce2003e5af7c39ae22c801dc811050604aadb4c486939afbea6cc35598b724?s=96&d=mm&r=g","caption":"Bocskai R\u00e1di\u00f3"},"description":"A Bocskai R\u00e1di\u00f3 l\u00e9tez\u00e9se \u00e9s fenn\u00e1ll\u00e1sa \u00f3ta arra t\u00f6rekszik hogy a Cleveland k\u00f6rny\u00e9ki magyar lakoss\u00e1got szolg\u00e1lja az \u00e9kes magyar sz\u00f3val, kicsiny de ragyog\u00f3 haz\u00e1nk h\u00edreivel, csod\u00e1latos magyar kult\u00far\u00e1val; irodalommal \u00e9s mes\u00e9s magyar muzsik\u00e1val. A r\u00e1di\u00f3m\u0171sorokban nagy szerepe van a helyi magyar egyh\u00e1zi szervezeteknek is. Olvasd tov\u00e1bb itt.","sameAs":["https:\/\/bocskairadio.org"],"url":"https:\/\/www.bocskairadio.org\/en\/author\/bocskairadio\/"}]}},"_links":{"self":[{"href":"https:\/\/www.bocskairadio.org\/en\/wp-json\/wp\/v2\/posts\/17503","targetHints":{"allow":["GET"]}}],"collection":[{"href":"https:\/\/www.bocskairadio.org\/en\/wp-json\/wp\/v2\/posts"}],"about":[{"href":"https:\/\/www.bocskairadio.org\/en\/wp-json\/wp\/v2\/types\/post"}],"author":[{"embeddable":true,"href":"https:\/\/www.bocskairadio.org\/en\/wp-json\/wp\/v2\/users\/2"}],"replies":[{"embeddable":true,"href":"https:\/\/www.bocskairadio.org\/en\/wp-json\/wp\/v2\/comments?post=17503"}],"version-history":[{"count":0,"href":"https:\/\/www.bocskairadio.org\/en\/wp-json\/wp\/v2\/posts\/17503\/revisions"}],"wp:featuredmedia":[{"embeddable":true,"href":"https:\/\/www.bocskairadio.org\/en\/wp-json\/wp\/v2\/media\/17504"}],"wp:attachment":[{"href":"https:\/\/www.bocskairadio.org\/en\/wp-json\/wp\/v2\/media?parent=17503"}],"wp:term":[{"taxonomy":"category","embeddable":true,"href":"https:\/\/www.bocskairadio.org\/en\/wp-json\/wp\/v2\/categories?post=17503"},{"taxonomy":"post_tag","embeddable":true,"href":"https:\/\/www.bocskairadio.org\/en\/wp-json\/wp\/v2\/tags?post=17503"}],"curies":[{"name":"wp","href":"https:\/\/api.w.org\/{rel}","templated":true}]}}