{"id":18481,"date":"2015-10-03T23:06:24","date_gmt":"2015-10-04T03:06:24","guid":{"rendered":"https:\/\/www.bocskairadio.org\/?p=18481"},"modified":"2015-10-03T23:20:11","modified_gmt":"2015-10-04T03:20:11","slug":"annual-gala-dinner-honors-j-joe-adorjan-and-the-hungarian-missouri-educational-partnership","status":"publish","type":"post","link":"https:\/\/www.bocskairadio.org\/en\/annual-gala-dinner-honors-j-joe-adorjan-and-the-hungarian-missouri-educational-partnership\/","title":{"rendered":"Annual Gala Dinner Honors J. Joe Adorjan and the Hungarian-Missouri Educational Partnership"},"content":{"rendered":"<p>Washington, DC \u2013 On September 29, 2015, the Hungarian American Coalition (Coalition) hosted its eleventh annual Gala Dinner at the House of Sweden.\u00a0 His Excellency J\u00e1nos \u00c1der, President of Hungary, was Honorary Chairman of the event.\u00a0 This year\u2019s honoree was J. Joe Adorjan, Honorary Consul General of Missouri and founder of the Hungarian-Missouri Educational Partnership (HMEP).<\/p>\n<p>Coalition Vice President Andrea Lauer Rice welcomed the distinguished guests, including this year\u2019s honoree Mr. Adorjan, his wife Dianna, their 3 children and extended family; Ambassador George Herbert Walker III, Gala Co-Chair, and Mrs. Carol Walker; Mr. Michael F. Neidorff, Gala Co-Chair, and Mrs. Noemi Neidorff; Ambassador R\u00e9ka Szemerk\u00e9nyi, Hungary\u2019s Ambassador to the United States and Governor George Pataki, the first-ever Hungarian American candidate for President of the United States.<\/p>\n<figure id=\"attachment_18489\" aria-describedby=\"caption-attachment-18489\" style=\"width: 600px\" class=\"wp-caption aligncenter\"><a href=\"https:\/\/www.bocskairadio.org\/wp-content\/uploads\/2015\/10\/12074633_894752050612728_7472543639632303330_n1.jpg\"><img loading=\"lazy\" decoding=\"async\" class=\"size-large wp-image-18489\" src=\"https:\/\/www.bocskairadio.org\/wp-content\/uploads\/2015\/10\/12074633_894752050612728_7472543639632303330_n1-600x400.jpg\" alt=\"Mr. J. Joe Adorjan, delivers his acceptance remarks. Photo by Mike Olliver\" width=\"600\" height=\"400\" srcset=\"https:\/\/www.bocskairadio.org\/wp-content\/uploads\/2015\/10\/12074633_894752050612728_7472543639632303330_n1-600x400.jpg 600w, https:\/\/www.bocskairadio.org\/wp-content\/uploads\/2015\/10\/12074633_894752050612728_7472543639632303330_n1.jpg 768w, https:\/\/www.bocskairadio.org\/wp-content\/uploads\/2015\/10\/12074633_894752050612728_7472543639632303330_n1-696x464.jpg 696w, https:\/\/www.bocskairadio.org\/wp-content\/uploads\/2015\/10\/12074633_894752050612728_7472543639632303330_n1-630x420.jpg 630w, https:\/\/www.bocskairadio.org\/wp-content\/uploads\/2015\/10\/12074633_894752050612728_7472543639632303330_n1-300x200.jpg 300w\" sizes=\"auto, (max-width: 600px) 100vw, 600px\" \/><\/a><figcaption id=\"caption-attachment-18489\" class=\"wp-caption-text\">Mr. J. Joe Adorjan, delivers his acceptance remarks. Photo by Mike Olliver<\/figcaption><\/figure>\n<p>Other prominent guests included Dr. Tam\u00e1s Fellegi, President and CEO of the Hungary Initiatives Foundation; Mr. John Lipsky, former First Vice President of the International Monetary Fund and Mrs. Zsuzsanna K\u00e1r\u00e1sz Lipsky; Ambassador April Foley, Chairman of the Hungary Initiatives Foundation Board; Ms. Susan Hutchison, Chairwoman of the Republican Party from the state of Washington; Mr. D\u00e1vid J\u00f3zsef Szab\u00f3, Program Director at Sz\u00e1zadv\u00e9g Foundation; Dr. Ariel Cohen, Founder and Director of the Center for Energy, Natural Resources and Geopolitics and Senior Fellow at the Institute for Analysis of Global Security; Mrs. Edith Lauer, Chair Emerita of the Coalition and Mr. John Lauer; Mr. L\u00e1szl\u00f3 H\u00e1mos, President of the American Diaspora Council and the Hungarian Human Rights Foundation; Mr. and Mrs. Stefan Fedor, Founders of the American Hungarian Heritage House in Washington D.C.; Mrs. Hajnalka Horv\u00e1th-T\u00f3th, Prime Minister\u2019s Office and Mr. Peter T\u00f3th; Mr. Marion Smith, Executive Director of the Victims of Communism Memorial Foundation and \u00a0Mrs. Anna Smith Lacey; and Mr. Peter Kalotai, Deputy Chief of Mission at the Hungarian Embassy.<\/p>\n<p>Coalition board members in attendance included Zsolt Szekeres, Treasurer; Dr. Agnes Virga, President of the Hungarian Society of Massachusetts; and Mrs. Csilla Grauzer, Honorary Consul President of the Minnesota Hungarians. Many Coalition friends were also present: Enik\u0151 Basa Moln\u00e1r, Executive Director of the American Hungarian Educators Association and the Coalition interns\u2019 \u201cguardian angel\u201d; Colonel Matt Smith and his wife Laura Balser; Krisztina Osv\u00e1t, Counsellor at the Embassy of Hungary in charge of outreach to the Hungarian American community.<\/p>\n<p>Following Mrs. Lauer Rice\u2019s welcoming remarks, Ambassador Szemerk\u00e9nyi highlighted the challenges of the current migration crisis facing Hungary, emphasizing the global nature of the crisis and the need to strengthen the transatlantic relationship. \u00a0She expressed high praise for Mr. Adorjan, the Coalition\u2019s honoree, by saying that he is a \u201cspecial treasure to both Hungary and the Hungarian American community.\u201d<\/p>\n<p>After Amb. Szemerk\u00e9nyi\u2019s remarks, Mrs. Lauer Rice reviewed the main ongoing Coalition programs, including the Congressional Internship Program, the Dr. Elem\u00e9r and \u00c9va Kiss Scholarship Fund and The Bogn\u00e1r Family Hungarian Scholarship Fund, as well as the Hungarian Americans Together (HATOG) conference series. \u00a0She described the significance of the 2015 Jubilee Scout Camp organized last month in Fillmore, NY, by Coalition founding member, the Hungarian Scout Association in Exteris. The organization celebrated its 70th anniversary this year.<\/p>\n<p>Mrs. Lauer-Rice also introduced The Memory Project, a new initiative undertaken with Coalition member and award-winning documentary filmmaker R\u00e9ka Pigniczky.\u00a0 They have filmed interviews with more than 35 Hungarian-Americans who immigrated to the US after the Second World War and after the 1956 Hungarian Revolution. \u00a0These interviews, whose subjects include several leaders of the Coalition, not only provide a historic glimpse into the war and revolution in Hungary, but also reveal their personal stories of immigration to the United States and the challenges of remaining Hungarian while settling into a new country. \u00a0The video presentation was received with several rounds of applause by the audience.<\/p>\n<p>In his introductory remarks following dinner, Ambassador George H. Walker III, Gala Co-Chair, praised his good friend, Mr. Adorjan by saying that \u201cnot only has Joe\u2019s professional career been a tremendous success story, but what he has done in the last ten years to strengthen the ties between the U.S. and Hungary has been truly extraordinary.\u201d<\/p>\n<p>Coalition President Max Teleki then highlighted the milestones of the honoree\u2019s life, stressing Mr. Adorjan\u2019s tireless activities on behalf of the Hungarian-Missouri Educational Partnership. In addition to educational exchange, the program encourages personal ties among future U.S. and Hungarian leaders.<\/p>\n<p>In accepting the award, Mr. J. Joe Adorjan said: \u201cIn my belief, by investing in the next generation of young Hungarians, we will make a difference in that country; we will build and strengthen our relationship with the United Stated and on behalf of HMEP I just want to thank you all for this wonderful honor.\u201d<\/p>\n<p>After the award ceremony, Ms. Susan Hutchison and Governor Pataki gave toasts about the importance of the traditional values held by Mr. Adorjan, and the connection felt by many in the room to their Hungarian heritage.<\/p>\n<p>As Mrs. Lauer Rice concluded the evening, she thanked Zsolt Szekeres, No\u00e9mi B\u00e1nhidi, Program Coordinator, and the four Coalition interns \u2013 No\u00e9mi Dalma Nagy, L\u00e1szl\u00f3 Baksay, L\u0151rinc Thurnay and Benj\u00e1min Babicz for all their efforts that assured the success of the Gala Dinner.<\/p>\n<p><span class=\"date\">October 1, 2015 | Washington, DC<\/span><\/p>\n<p>Source: <a href=\"https:\/\/www.hacusa.org\/en\/news\/annual-gala-dinner-honors-j-joe-adorjan--and-the-hungarian-missouri-educational-partnership\" target=\"_blank\">hacusa.org<\/a><\/p>\n","protected":false},"excerpt":{"rendered":"<p>Washington, DC \u2013 On September 29, 2015, the Hungarian American Coalition (Coalition) hosted its eleventh annual Gala Dinner at the House of Sweden.\u00a0 His Excellency J\u00e1nos \u00c1der, President of Hungary, was Honorary Chairman of the event.\u00a0 This year\u2019s honoree was J. Joe Adorjan, Honorary Consul General of Missouri and founder of the Hungarian-Missouri Educational Partnership (HMEP).<\/p>\n<p>Coalition Vice President Andrea Lauer Rice welcomed the distinguished guests, including this year\u2019s honoree Mr. Adorjan, his wife Dianna, their 3 children and extended family; Ambassador George Herbert Walker III, Gala Co-Chair, and Mrs. Carol Walker; Mr. Michael F. Neidorff, Gala Co-Chair, and Mrs. Noemi Neidorff; Ambassador R\u00e9ka Szemerk\u00e9nyi, Hungary\u2019s Ambassador to the United States and Governor George Pataki, the first-ever Hungarian American candidate for President of the United States.<\/p>\n[caption id=\"attachment_18489\" align=\"aligncenter\" width=\"600\"]<a href=\"https:\/\/www.bocskairadio.org\/wp-content\/uploads\/2015\/10\/12074633_894752050612728_7472543639632303330_n1.jpg\"><img loading=\"lazy\" decoding=\"async\" class=\"size-large wp-image-18489\" src=\"https:\/\/www.bocskairadio.org\/wp-content\/uploads\/2015\/10\/12074633_894752050612728_7472543639632303330_n1-600x400.jpg\" alt=\"Mr. J. Joe Adorjan, delivers his acceptance remarks. Photo by Mike Olliver\" width=\"600\" height=\"400\" srcset=\"https:\/\/www.bocskairadio.org\/wp-content\/uploads\/2015\/10\/12074633_894752050612728_7472543639632303330_n1-600x400.jpg 600w, https:\/\/www.bocskairadio.org\/wp-content\/uploads\/2015\/10\/12074633_894752050612728_7472543639632303330_n1.jpg 768w, https:\/\/www.bocskairadio.org\/wp-content\/uploads\/2015\/10\/12074633_894752050612728_7472543639632303330_n1-696x464.jpg 696w, https:\/\/www.bocskairadio.org\/wp-content\/uploads\/2015\/10\/12074633_894752050612728_7472543639632303330_n1-630x420.jpg 630w, https:\/\/www.bocskairadio.org\/wp-content\/uploads\/2015\/10\/12074633_894752050612728_7472543639632303330_n1-300x200.jpg 300w\" sizes=\"auto, (max-width: 600px) 100vw, 600px\" \/><\/a> Mr. J. Joe Adorjan, delivers his acceptance remarks. Photo by Mike Olliver[\/caption]\n<p>Other prominent guests included Dr. Tam\u00e1s Fellegi, President and CEO of the Hungary Initiatives Foundation; Mr. John Lipsky, former First Vice President of the International Monetary Fund and Mrs. Zsuzsanna K\u00e1r\u00e1sz Lipsky; Ambassador April Foley, Chairman of the Hungary Initiatives Foundation Board; Ms. Susan Hutchison, Chairwoman of the Republican Party from the state of Washington; Mr. D\u00e1vid J\u00f3zsef Szab\u00f3, Program Director at Sz\u00e1zadv\u00e9g Foundation; Dr. Ariel Cohen, Founder and Director of the Center for Energy, Natural Resources and Geopolitics and Senior Fellow at the Institute for Analysis of Global Security; Mrs. Edith Lauer, Chair Emerita of the Coalition and Mr. John Lauer; Mr. L\u00e1szl\u00f3 H\u00e1mos, President of the American Diaspora Council and the Hungarian Human Rights Foundation; Mr. and Mrs. Stefan Fedor, Founders of the American Hungarian Heritage House in Washington D.C.; Mrs. Hajnalka Horv\u00e1th-T\u00f3th, Prime Minister\u2019s Office and Mr. Peter T\u00f3th; Mr. Marion Smith, Executive Director of the Victims of Communism Memorial Foundation and \u00a0Mrs. Anna Smith Lacey; and Mr. Peter Kalotai, Deputy Chief of Mission at the Hungarian Embassy.<\/p>\n<p>Coalition board members in attendance included Zsolt Szekeres, Treasurer; Dr. Agnes Virga, President of the Hungarian Society of Massachusetts; and Mrs. Csilla Grauzer, Honorary Consul President of the Minnesota Hungarians. Many Coalition friends were also present: Enik\u0151 Basa Moln\u00e1r, Executive Director of the American Hungarian Educators Association and the Coalition interns\u2019 \u201cguardian angel\u201d; Colonel Matt Smith and his wife Laura Balser; Krisztina Osv\u00e1t, Counsellor at the Embassy of Hungary in charge of outreach to the Hungarian American community.<\/p>\n<p>Following Mrs. Lauer Rice\u2019s welcoming remarks, Ambassador Szemerk\u00e9nyi highlighted the challenges of the current migration crisis facing Hungary, emphasizing the global nature of the crisis and the need to strengthen the transatlantic relationship. \u00a0She expressed high praise for Mr. Adorjan, the Coalition\u2019s honoree, by saying that he is a \u201cspecial treasure to both Hungary and the Hungarian American community.\u201d<\/p>\n<p>After Amb. Szemerk\u00e9nyi\u2019s remarks, Mrs. Lauer Rice reviewed the main ongoing Coalition programs, including the Congressional Internship Program, the Dr. Elem\u00e9r and \u00c9va Kiss Scholarship Fund and The Bogn\u00e1r Family Hungarian Scholarship Fund, as well as the Hungarian Americans Together (HATOG) conference series. \u00a0She described the significance of the 2015 Jubilee Scout Camp organized last month in Fillmore, NY, by Coalition founding member, the Hungarian Scout Association in Exteris. The organization celebrated its 70th anniversary this year.<\/p>\n<p>Mrs. Lauer-Rice also introduced The Memory Project, a new initiative undertaken with Coalition member and award-winning documentary filmmaker R\u00e9ka Pigniczky.\u00a0 They have filmed interviews with more than 35 Hungarian-Americans who immigrated to the US after the Second World War and after the 1956 Hungarian Revolution. \u00a0These interviews, whose subjects include several leaders of the Coalition, not only provide a historic glimpse into the war and revolution in Hungary, but also reveal their personal stories of immigration to the United States and the challenges of remaining Hungarian while settling into a new country. \u00a0The video presentation was received with several rounds of applause by the audience.<\/p>\n<p>In his introductory remarks following dinner, Ambassador George H. Walker III, Gala Co-Chair, praised his good friend, Mr. Adorjan by saying that \u201cnot only has Joe\u2019s professional career been a tremendous success story, but what he has done in the last ten years to strengthen the ties between the U.S. and Hungary has been truly extraordinary.\u201d<\/p>\n<p>Coalition President Max Teleki then highlighted the milestones of the honoree\u2019s life, stressing Mr. Adorjan\u2019s tireless activities on behalf of the Hungarian-Missouri Educational Partnership. In addition to educational exchange, the program encourages personal ties among future U.S. and Hungarian leaders.<\/p>\n<p>In accepting the award, Mr. J. Joe Adorjan said: \u201cIn my belief, by investing in the next generation of young Hungarians, we will make a difference in that country; we will build and strengthen our relationship with the United Stated and on behalf of HMEP I just want to thank you all for this wonderful honor.\u201d<\/p>\n<p>After the award ceremony, Ms. Susan Hutchison and Governor Pataki gave toasts about the importance of the traditional values held by Mr. Adorjan, and the connection felt by many in the room to their Hungarian heritage.<\/p>\n<p>As Mrs. Lauer Rice concluded the evening, she thanked Zsolt Szekeres, No\u00e9mi B\u00e1nhidi, Program Coordinator, and the four Coalition interns \u2013 No\u00e9mi Dalma Nagy, L\u00e1szl\u00f3 Baksay, L\u0151rinc Thurnay and Benj\u00e1min Babicz for all their efforts that assured the success of the Gala Dinner.<\/p>\n<p><span class=\"date\">October 1, 2015 | Washington, DC<\/span><\/p>\n<p>Source: <a href=\"https:\/\/www.hacusa.org\/en\/news\/annual-gala-dinner-honors-j-joe-adorjan--and-the-hungarian-missouri-educational-partnership\" target=\"_blank\">hacusa.org<\/a><\/p>\n","protected":false},"author":1,"featured_media":18489,"comment_status":"open","ping_status":"open","sticky":false,"template":"","format":"standard","meta":{"footnotes":""},"categories":[166],"tags":[],"class_list":["post-18481","post","type-post","status-publish","format-standard","has-post-thumbnail","category-news"],"yoast_head":"<!-- This site is optimized with the Yoast SEO plugin v27.4 - https:\/\/yoast.com\/product\/yoast-seo-wordpress\/ -->\n<title>Annual Gala Dinner Honors J. Joe Adorjan and the Hungarian-Missouri Educational Partnership &#8211; Bocskai R\u00e1di\u00f3<\/title>\n<meta name=\"robots\" content=\"index, follow, max-snippet:-1, max-image-preview:large, max-video-preview:-1\" \/>\n<link rel=\"canonical\" href=\"https:\/\/www.bocskairadio.org\/en\/annual-gala-dinner-honors-j-joe-adorjan-and-the-hungarian-missouri-educational-partnership\/\" \/>\n<meta property=\"og:locale\" content=\"en_US\" \/>\n<meta property=\"og:type\" content=\"article\" \/>\n<meta property=\"og:title\" content=\"Annual Gala Dinner Honors J. Joe Adorjan and the Hungarian-Missouri Educational Partnership &#8211; Bocskai R\u00e1di\u00f3\" \/>\n<meta property=\"og:description\" content=\"Washington, DC \u2013 On September 29, 2015, the Hungarian American Coalition (Coalition) hosted its eleventh annual Gala Dinner at the House of Sweden.\u00a0 His Excellency J\u00e1nos \u00c1der, President of Hungary, was Honorary Chairman of the event.\u00a0 This year\u2019s honoree was J. Joe Adorjan, Honorary Consul General of Missouri and founder of the Hungarian-Missouri Educational Partnership (HMEP).  Coalition Vice President Andrea Lauer Rice welcomed the distinguished guests, including this year\u2019s honoree Mr. Adorjan, his wife Dianna, their 3 children and extended family; Ambassador George Herbert Walker III, Gala Co-Chair, and Mrs. Carol Walker; Mr. Michael F. Neidorff, Gala Co-Chair, and Mrs. Noemi Neidorff; Ambassador R\u00e9ka Szemerk\u00e9nyi, Hungary\u2019s Ambassador to the United States and Governor George Pataki, the first-ever Hungarian American candidate for President of the United States.    Other prominent guests included Dr. Tam\u00e1s Fellegi, President and CEO of the Hungary Initiatives Foundation; Mr. John Lipsky, former First Vice President of the International Monetary Fund and Mrs. Zsuzsanna K\u00e1r\u00e1sz Lipsky; Ambassador April Foley, Chairman of the Hungary Initiatives Foundation Board; Ms. Susan Hutchison, Chairwoman of the Republican Party from the state of Washington; Mr. D\u00e1vid J\u00f3zsef Szab\u00f3, Program Director at Sz\u00e1zadv\u00e9g Foundation; Dr. Ariel Cohen, Founder and Director of the Center for Energy, Natural Resources and Geopolitics and Senior Fellow at the Institute for Analysis of Global Security; Mrs. Edith Lauer, Chair Emerita of the Coalition and Mr. John Lauer; Mr. L\u00e1szl\u00f3 H\u00e1mos, President of the American Diaspora Council and the Hungarian Human Rights Foundation; Mr. and Mrs. Stefan Fedor, Founders of the American Hungarian Heritage House in Washington D.C.; Mrs. Hajnalka Horv\u00e1th-T\u00f3th, Prime Minister\u2019s Office and Mr. Peter T\u00f3th; Mr. Marion Smith, Executive Director of the Victims of Communism Memorial Foundation and \u00a0Mrs. Anna Smith Lacey; and Mr. Peter Kalotai, Deputy Chief of Mission at the Hungarian Embassy.  Coalition board members in attendance included Zsolt Szekeres, Treasurer; Dr. Agnes Virga, President of the Hungarian Society of Massachusetts; and Mrs. Csilla Grauzer, Honorary Consul President of the Minnesota Hungarians. Many Coalition friends were also present: Enik\u0151 Basa Moln\u00e1r, Executive Director of the American Hungarian Educators Association and the Coalition interns\u2019 \u201cguardian angel\u201d; Colonel Matt Smith and his wife Laura Balser; Krisztina Osv\u00e1t, Counsellor at the Embassy of Hungary in charge of outreach to the Hungarian American community.  Following Mrs. Lauer Rice\u2019s welcoming remarks, Ambassador Szemerk\u00e9nyi highlighted the challenges of the current migration crisis facing Hungary, emphasizing the global nature of the crisis and the need to strengthen the transatlantic relationship. \u00a0She expressed high praise for Mr. Adorjan, the Coalition\u2019s honoree, by saying that he is a \u201cspecial treasure to both Hungary and the Hungarian American community.\u201d  After Amb. Szemerk\u00e9nyi\u2019s remarks, Mrs. Lauer Rice reviewed the main ongoing Coalition programs, including the Congressional Internship Program, the Dr. Elem\u00e9r and \u00c9va Kiss Scholarship Fund and The Bogn\u00e1r Family Hungarian Scholarship Fund, as well as the Hungarian Americans Together (HATOG) conference series. \u00a0She described the significance of the 2015 Jubilee Scout Camp organized last month in Fillmore, NY, by Coalition founding member, the Hungarian Scout Association in Exteris. The organization celebrated its 70th anniversary this year.  Mrs. Lauer-Rice also introduced The Memory Project, a new initiative undertaken with Coalition member and award-winning documentary filmmaker R\u00e9ka Pigniczky.\u00a0 They have filmed interviews with more than 35 Hungarian-Americans who immigrated to the US after the Second World War and after the 1956 Hungarian Revolution. \u00a0These interviews, whose subjects include several leaders of the Coalition, not only provide a historic glimpse into the war and revolution in Hungary, but also reveal their personal stories of immigration to the United States and the challenges of remaining Hungarian while settling into a new country. \u00a0The video presentation was received with several rounds of applause by the audience.  In his introductory remarks following dinner, Ambassador George H. Walker III, Gala Co-Chair, praised his good friend, Mr. Adorjan by saying that \u201cnot only has Joe\u2019s professional career been a tremendous success story, but what he has done in the last ten years to strengthen the ties between the U.S. and Hungary has been truly extraordinary.\u201d  Coalition President Max Teleki then highlighted the milestones of the honoree\u2019s life, stressing Mr. Adorjan\u2019s tireless activities on behalf of the Hungarian-Missouri Educational Partnership. In addition to educational exchange, the program encourages personal ties among future U.S. and Hungarian leaders.  In accepting the award, Mr. J. Joe Adorjan said: \u201cIn my belief, by investing in the next generation of young Hungarians, we will make a difference in that country; we will build and strengthen our relationship with the United Stated and on behalf of HMEP I just want to thank you all for this wonderful honor.\u201d  After the award ceremony, Ms. Susan Hutchison and Governor Pataki gave toasts about the importance of the traditional values held by Mr. Adorjan, and the connection felt by many in the room to their Hungarian heritage.  As Mrs. Lauer Rice concluded the evening, she thanked Zsolt Szekeres, No\u00e9mi B\u00e1nhidi, Program Coordinator, and the four Coalition interns \u2013 No\u00e9mi Dalma Nagy, L\u00e1szl\u00f3 Baksay, L\u0151rinc Thurnay and Benj\u00e1min Babicz for all their efforts that assured the success of the Gala Dinner.  October 1, 2015 | Washington, DC  Source: hacusa.org\" \/>\n<meta property=\"og:url\" content=\"https:\/\/www.bocskairadio.org\/en\/annual-gala-dinner-honors-j-joe-adorjan-and-the-hungarian-missouri-educational-partnership\/\" \/>\n<meta property=\"og:site_name\" content=\"Bocskai R\u00e1di\u00f3\" \/>\n<meta property=\"article:publisher\" content=\"https:\/\/www.facebook.com\/BocskaiRadio\" \/>\n<meta property=\"article:author\" content=\"https:\/\/www.facebook.com\/molnarzsolt74\" \/>\n<meta property=\"article:published_time\" content=\"2015-10-04T03:06:24+00:00\" \/>\n<meta property=\"article:modified_time\" content=\"2015-10-04T03:20:11+00:00\" \/>\n<meta property=\"og:image\" content=\"https:\/\/www.bocskairadio.org\/wp-content\/uploads\/2015\/10\/12074633_894752050612728_7472543639632303330_n1.jpg\" \/>\n\t<meta property=\"og:image:width\" content=\"768\" \/>\n\t<meta property=\"og:image:height\" content=\"512\" \/>\n\t<meta property=\"og:image:type\" content=\"image\/jpeg\" \/>\n<meta name=\"author\" content=\"Moln\u00e1r Zsolt\" \/>\n<meta name=\"twitter:card\" content=\"summary_large_image\" \/>\n<meta name=\"twitter:creator\" content=\"@molnarzsolt74\" \/>\n<meta name=\"twitter:site\" content=\"@BocskaiRadio\" \/>\n<script type=\"application\/ld+json\" class=\"yoast-schema-graph\">{\"@context\":\"https:\\\/\\\/schema.org\",\"@graph\":[{\"@type\":\"Article\",\"@id\":\"https:\\\/\\\/www.bocskairadio.org\\\/en\\\/annual-gala-dinner-honors-j-joe-adorjan-and-the-hungarian-missouri-educational-partnership\\\/#article\",\"isPartOf\":{\"@id\":\"https:\\\/\\\/www.bocskairadio.org\\\/en\\\/annual-gala-dinner-honors-j-joe-adorjan-and-the-hungarian-missouri-educational-partnership\\\/\"},\"author\":{\"name\":\"Moln\u00e1r Zsolt\",\"@id\":\"https:\\\/\\\/www.bocskairadio.org\\\/en\\\/#\\\/schema\\\/person\\\/87e31754469cf7717bee741efa6897cc\"},\"headline\":\"Annual Gala Dinner Honors J. Joe Adorjan and the Hungarian-Missouri Educational Partnership\",\"datePublished\":\"2015-10-04T03:06:24+00:00\",\"dateModified\":\"2015-10-04T03:20:11+00:00\",\"mainEntityOfPage\":{\"@id\":\"https:\\\/\\\/www.bocskairadio.org\\\/en\\\/annual-gala-dinner-honors-j-joe-adorjan-and-the-hungarian-missouri-educational-partnership\\\/\"},\"wordCount\":917,\"commentCount\":0,\"publisher\":{\"@id\":\"https:\\\/\\\/www.bocskairadio.org\\\/en\\\/#organization\"},\"image\":{\"@id\":\"https:\\\/\\\/www.bocskairadio.org\\\/en\\\/annual-gala-dinner-honors-j-joe-adorjan-and-the-hungarian-missouri-educational-partnership\\\/#primaryimage\"},\"thumbnailUrl\":\"https:\\\/\\\/www.bocskairadio.org\\\/wp-content\\\/uploads\\\/2015\\\/10\\\/12074633_894752050612728_7472543639632303330_n1.jpg\",\"articleSection\":[\"News\"],\"inLanguage\":\"en-US\",\"potentialAction\":[{\"@type\":\"CommentAction\",\"name\":\"Comment\",\"target\":[\"https:\\\/\\\/www.bocskairadio.org\\\/en\\\/annual-gala-dinner-honors-j-joe-adorjan-and-the-hungarian-missouri-educational-partnership\\\/#respond\"]}]},{\"@type\":\"WebPage\",\"@id\":\"https:\\\/\\\/www.bocskairadio.org\\\/en\\\/annual-gala-dinner-honors-j-joe-adorjan-and-the-hungarian-missouri-educational-partnership\\\/\",\"url\":\"https:\\\/\\\/www.bocskairadio.org\\\/en\\\/annual-gala-dinner-honors-j-joe-adorjan-and-the-hungarian-missouri-educational-partnership\\\/\",\"name\":\"Annual Gala Dinner Honors J. Joe Adorjan and the Hungarian-Missouri Educational Partnership &#8211; Bocskai R\u00e1di\u00f3\",\"isPartOf\":{\"@id\":\"https:\\\/\\\/www.bocskairadio.org\\\/en\\\/#website\"},\"primaryImageOfPage\":{\"@id\":\"https:\\\/\\\/www.bocskairadio.org\\\/en\\\/annual-gala-dinner-honors-j-joe-adorjan-and-the-hungarian-missouri-educational-partnership\\\/#primaryimage\"},\"image\":{\"@id\":\"https:\\\/\\\/www.bocskairadio.org\\\/en\\\/annual-gala-dinner-honors-j-joe-adorjan-and-the-hungarian-missouri-educational-partnership\\\/#primaryimage\"},\"thumbnailUrl\":\"https:\\\/\\\/www.bocskairadio.org\\\/wp-content\\\/uploads\\\/2015\\\/10\\\/12074633_894752050612728_7472543639632303330_n1.jpg\",\"datePublished\":\"2015-10-04T03:06:24+00:00\",\"dateModified\":\"2015-10-04T03:20:11+00:00\",\"inLanguage\":\"en-US\",\"potentialAction\":[{\"@type\":\"ReadAction\",\"target\":[\"https:\\\/\\\/www.bocskairadio.org\\\/en\\\/annual-gala-dinner-honors-j-joe-adorjan-and-the-hungarian-missouri-educational-partnership\\\/\"]}]},{\"@type\":\"ImageObject\",\"inLanguage\":\"en-US\",\"@id\":\"https:\\\/\\\/www.bocskairadio.org\\\/en\\\/annual-gala-dinner-honors-j-joe-adorjan-and-the-hungarian-missouri-educational-partnership\\\/#primaryimage\",\"url\":\"https:\\\/\\\/www.bocskairadio.org\\\/wp-content\\\/uploads\\\/2015\\\/10\\\/12074633_894752050612728_7472543639632303330_n1.jpg\",\"contentUrl\":\"https:\\\/\\\/www.bocskairadio.org\\\/wp-content\\\/uploads\\\/2015\\\/10\\\/12074633_894752050612728_7472543639632303330_n1.jpg\",\"width\":768,\"height\":512,\"caption\":\"Mr. J. Joe Adorjan, delivers his acceptance remarks. Photo by Mike Olliver\"},{\"@type\":\"WebSite\",\"@id\":\"https:\\\/\\\/www.bocskairadio.org\\\/en\\\/#website\",\"url\":\"https:\\\/\\\/www.bocskairadio.org\\\/en\\\/\",\"name\":\"Bocskai R\u00e1di\u00f3\",\"description\":\"The Voice of Cleveland Hungarians\",\"publisher\":{\"@id\":\"https:\\\/\\\/www.bocskairadio.org\\\/en\\\/#organization\"},\"potentialAction\":[{\"@type\":\"SearchAction\",\"target\":{\"@type\":\"EntryPoint\",\"urlTemplate\":\"https:\\\/\\\/www.bocskairadio.org\\\/en\\\/?s={search_term_string}\"},\"query-input\":{\"@type\":\"PropertyValueSpecification\",\"valueRequired\":true,\"valueName\":\"search_term_string\"}}],\"inLanguage\":\"en-US\"},{\"@type\":\"Organization\",\"@id\":\"https:\\\/\\\/www.bocskairadio.org\\\/en\\\/#organization\",\"name\":\"Bocskai R\u00e1di\u00f3\",\"url\":\"https:\\\/\\\/www.bocskairadio.org\\\/en\\\/\",\"logo\":{\"@type\":\"ImageObject\",\"inLanguage\":\"en-US\",\"@id\":\"https:\\\/\\\/www.bocskairadio.org\\\/en\\\/#\\\/schema\\\/logo\\\/image\\\/\",\"url\":\"https:\\\/\\\/www.bocskairadio.org\\\/wp-content\\\/uploads\\\/2016\\\/11\\\/var3_basic.jpg\",\"contentUrl\":\"https:\\\/\\\/www.bocskairadio.org\\\/wp-content\\\/uploads\\\/2016\\\/11\\\/var3_basic.jpg\",\"width\":500,\"height\":500,\"caption\":\"Bocskai R\u00e1di\u00f3\"},\"image\":{\"@id\":\"https:\\\/\\\/www.bocskairadio.org\\\/en\\\/#\\\/schema\\\/logo\\\/image\\\/\"},\"sameAs\":[\"https:\\\/\\\/www.facebook.com\\\/BocskaiRadio\",\"https:\\\/\\\/x.com\\\/BocskaiRadio\",\"https:\\\/\\\/www.instagram.com\\\/bocskairadio\\\/\",\"https:\\\/\\\/www.youtube.com\\\/user\\\/bocskairadio\",\"https:\\\/\\\/hu.wikipedia.org\\\/wiki\\\/Bocskai_R\u00e1di\u00f3\"]},{\"@type\":\"Person\",\"@id\":\"https:\\\/\\\/www.bocskairadio.org\\\/en\\\/#\\\/schema\\\/person\\\/87e31754469cf7717bee741efa6897cc\",\"name\":\"Moln\u00e1r Zsolt\",\"image\":{\"@type\":\"ImageObject\",\"inLanguage\":\"en-US\",\"@id\":\"https:\\\/\\\/secure.gravatar.com\\\/avatar\\\/83a59b11c342f6b991be83bbceb12cf01e7717d1a76894e47cd4b36d625c9986?s=96&d=mm&r=g\",\"url\":\"https:\\\/\\\/secure.gravatar.com\\\/avatar\\\/83a59b11c342f6b991be83bbceb12cf01e7717d1a76894e47cd4b36d625c9986?s=96&d=mm&r=g\",\"contentUrl\":\"https:\\\/\\\/secure.gravatar.com\\\/avatar\\\/83a59b11c342f6b991be83bbceb12cf01e7717d1a76894e47cd4b36d625c9986?s=96&d=mm&r=g\",\"caption\":\"Moln\u00e1r Zsolt\"},\"description\":\"2012 nyar\u00e1t\u00f3l technikai seg\u00edt\u0151je a Bocskai R\u00e1di\u00f3nak, ahol 2013 m\u00e1rcius\u00e1t\u00f3l adminisztrat\u00edv \u00e9s technikai vezet\u0151je is. Fel\u00e1ll\u00edtotta \u00e9s \u00fczemelteti a Bocskai R\u00e1di\u00f3 honlapj\u00e1t, ami jelenleg a legl\u00e1togatottabb a clevelandi magyar honlapok k\u00f6z\u00fcl. A r\u00e1di\u00f3 hallgat\u00f3inak hetente internetes h\u00edrlevelet k\u00fcld ki aktu\u00e1lis h\u00edrekkel \u00e9s inform\u00e1ci\u00f3kkal.\",\"sameAs\":[\"https:\\\/\\\/www.zsoltmolnar.com\",\"https:\\\/\\\/www.facebook.com\\\/molnarzsolt74\",\"https:\\\/\\\/x.com\\\/molnarzsolt74\"],\"url\":\"https:\\\/\\\/www.bocskairadio.org\\\/en\\\/author\\\/zsoltmolnar\\\/\"}]}<\/script>\n<!-- \/ Yoast SEO plugin. -->","yoast_head_json":{"title":"Annual Gala Dinner Honors J. Joe Adorjan and the Hungarian-Missouri Educational Partnership &#8211; Bocskai R\u00e1di\u00f3","robots":{"index":"index","follow":"follow","max-snippet":"max-snippet:-1","max-image-preview":"max-image-preview:large","max-video-preview":"max-video-preview:-1"},"canonical":"https:\/\/www.bocskairadio.org\/en\/annual-gala-dinner-honors-j-joe-adorjan-and-the-hungarian-missouri-educational-partnership\/","og_locale":"en_US","og_type":"article","og_title":"Annual Gala Dinner Honors J. Joe Adorjan and the Hungarian-Missouri Educational Partnership &#8211; Bocskai R\u00e1di\u00f3","og_description":"Washington, DC \u2013 On September 29, 2015, the Hungarian American Coalition (Coalition) hosted its eleventh annual Gala Dinner at the House of Sweden.\u00a0 His Excellency J\u00e1nos \u00c1der, President of Hungary, was Honorary Chairman of the event.\u00a0 This year\u2019s honoree was J. Joe Adorjan, Honorary Consul General of Missouri and founder of the Hungarian-Missouri Educational Partnership (HMEP).  Coalition Vice President Andrea Lauer Rice welcomed the distinguished guests, including this year\u2019s honoree Mr. Adorjan, his wife Dianna, their 3 children and extended family; Ambassador George Herbert Walker III, Gala Co-Chair, and Mrs. Carol Walker; Mr. Michael F. Neidorff, Gala Co-Chair, and Mrs. Noemi Neidorff; Ambassador R\u00e9ka Szemerk\u00e9nyi, Hungary\u2019s Ambassador to the United States and Governor George Pataki, the first-ever Hungarian American candidate for President of the United States.    Other prominent guests included Dr. Tam\u00e1s Fellegi, President and CEO of the Hungary Initiatives Foundation; Mr. John Lipsky, former First Vice President of the International Monetary Fund and Mrs. Zsuzsanna K\u00e1r\u00e1sz Lipsky; Ambassador April Foley, Chairman of the Hungary Initiatives Foundation Board; Ms. Susan Hutchison, Chairwoman of the Republican Party from the state of Washington; Mr. D\u00e1vid J\u00f3zsef Szab\u00f3, Program Director at Sz\u00e1zadv\u00e9g Foundation; Dr. Ariel Cohen, Founder and Director of the Center for Energy, Natural Resources and Geopolitics and Senior Fellow at the Institute for Analysis of Global Security; Mrs. Edith Lauer, Chair Emerita of the Coalition and Mr. John Lauer; Mr. L\u00e1szl\u00f3 H\u00e1mos, President of the American Diaspora Council and the Hungarian Human Rights Foundation; Mr. and Mrs. Stefan Fedor, Founders of the American Hungarian Heritage House in Washington D.C.; Mrs. Hajnalka Horv\u00e1th-T\u00f3th, Prime Minister\u2019s Office and Mr. Peter T\u00f3th; Mr. Marion Smith, Executive Director of the Victims of Communism Memorial Foundation and \u00a0Mrs. Anna Smith Lacey; and Mr. Peter Kalotai, Deputy Chief of Mission at the Hungarian Embassy.  Coalition board members in attendance included Zsolt Szekeres, Treasurer; Dr. Agnes Virga, President of the Hungarian Society of Massachusetts; and Mrs. Csilla Grauzer, Honorary Consul President of the Minnesota Hungarians. Many Coalition friends were also present: Enik\u0151 Basa Moln\u00e1r, Executive Director of the American Hungarian Educators Association and the Coalition interns\u2019 \u201cguardian angel\u201d; Colonel Matt Smith and his wife Laura Balser; Krisztina Osv\u00e1t, Counsellor at the Embassy of Hungary in charge of outreach to the Hungarian American community.  Following Mrs. Lauer Rice\u2019s welcoming remarks, Ambassador Szemerk\u00e9nyi highlighted the challenges of the current migration crisis facing Hungary, emphasizing the global nature of the crisis and the need to strengthen the transatlantic relationship. \u00a0She expressed high praise for Mr. Adorjan, the Coalition\u2019s honoree, by saying that he is a \u201cspecial treasure to both Hungary and the Hungarian American community.\u201d  After Amb. Szemerk\u00e9nyi\u2019s remarks, Mrs. Lauer Rice reviewed the main ongoing Coalition programs, including the Congressional Internship Program, the Dr. Elem\u00e9r and \u00c9va Kiss Scholarship Fund and The Bogn\u00e1r Family Hungarian Scholarship Fund, as well as the Hungarian Americans Together (HATOG) conference series. \u00a0She described the significance of the 2015 Jubilee Scout Camp organized last month in Fillmore, NY, by Coalition founding member, the Hungarian Scout Association in Exteris. The organization celebrated its 70th anniversary this year.  Mrs. Lauer-Rice also introduced The Memory Project, a new initiative undertaken with Coalition member and award-winning documentary filmmaker R\u00e9ka Pigniczky.\u00a0 They have filmed interviews with more than 35 Hungarian-Americans who immigrated to the US after the Second World War and after the 1956 Hungarian Revolution. \u00a0These interviews, whose subjects include several leaders of the Coalition, not only provide a historic glimpse into the war and revolution in Hungary, but also reveal their personal stories of immigration to the United States and the challenges of remaining Hungarian while settling into a new country. \u00a0The video presentation was received with several rounds of applause by the audience.  In his introductory remarks following dinner, Ambassador George H. Walker III, Gala Co-Chair, praised his good friend, Mr. Adorjan by saying that \u201cnot only has Joe\u2019s professional career been a tremendous success story, but what he has done in the last ten years to strengthen the ties between the U.S. and Hungary has been truly extraordinary.\u201d  Coalition President Max Teleki then highlighted the milestones of the honoree\u2019s life, stressing Mr. Adorjan\u2019s tireless activities on behalf of the Hungarian-Missouri Educational Partnership. In addition to educational exchange, the program encourages personal ties among future U.S. and Hungarian leaders.  In accepting the award, Mr. J. Joe Adorjan said: \u201cIn my belief, by investing in the next generation of young Hungarians, we will make a difference in that country; we will build and strengthen our relationship with the United Stated and on behalf of HMEP I just want to thank you all for this wonderful honor.\u201d  After the award ceremony, Ms. Susan Hutchison and Governor Pataki gave toasts about the importance of the traditional values held by Mr. Adorjan, and the connection felt by many in the room to their Hungarian heritage.  As Mrs. Lauer Rice concluded the evening, she thanked Zsolt Szekeres, No\u00e9mi B\u00e1nhidi, Program Coordinator, and the four Coalition interns \u2013 No\u00e9mi Dalma Nagy, L\u00e1szl\u00f3 Baksay, L\u0151rinc Thurnay and Benj\u00e1min Babicz for all their efforts that assured the success of the Gala Dinner.  October 1, 2015 | Washington, DC  Source: hacusa.org","og_url":"https:\/\/www.bocskairadio.org\/en\/annual-gala-dinner-honors-j-joe-adorjan-and-the-hungarian-missouri-educational-partnership\/","og_site_name":"Bocskai R\u00e1di\u00f3","article_publisher":"https:\/\/www.facebook.com\/BocskaiRadio","article_author":"https:\/\/www.facebook.com\/molnarzsolt74","article_published_time":"2015-10-04T03:06:24+00:00","article_modified_time":"2015-10-04T03:20:11+00:00","og_image":[{"width":768,"height":512,"url":"https:\/\/www.bocskairadio.org\/wp-content\/uploads\/2015\/10\/12074633_894752050612728_7472543639632303330_n1.jpg","type":"image\/jpeg"}],"author":"Moln\u00e1r Zsolt","twitter_card":"summary_large_image","twitter_creator":"@molnarzsolt74","twitter_site":"@BocskaiRadio","schema":{"@context":"https:\/\/schema.org","@graph":[{"@type":"Article","@id":"https:\/\/www.bocskairadio.org\/en\/annual-gala-dinner-honors-j-joe-adorjan-and-the-hungarian-missouri-educational-partnership\/#article","isPartOf":{"@id":"https:\/\/www.bocskairadio.org\/en\/annual-gala-dinner-honors-j-joe-adorjan-and-the-hungarian-missouri-educational-partnership\/"},"author":{"name":"Moln\u00e1r Zsolt","@id":"https:\/\/www.bocskairadio.org\/en\/#\/schema\/person\/87e31754469cf7717bee741efa6897cc"},"headline":"Annual Gala Dinner Honors J. Joe Adorjan and the Hungarian-Missouri Educational Partnership","datePublished":"2015-10-04T03:06:24+00:00","dateModified":"2015-10-04T03:20:11+00:00","mainEntityOfPage":{"@id":"https:\/\/www.bocskairadio.org\/en\/annual-gala-dinner-honors-j-joe-adorjan-and-the-hungarian-missouri-educational-partnership\/"},"wordCount":917,"commentCount":0,"publisher":{"@id":"https:\/\/www.bocskairadio.org\/en\/#organization"},"image":{"@id":"https:\/\/www.bocskairadio.org\/en\/annual-gala-dinner-honors-j-joe-adorjan-and-the-hungarian-missouri-educational-partnership\/#primaryimage"},"thumbnailUrl":"https:\/\/www.bocskairadio.org\/wp-content\/uploads\/2015\/10\/12074633_894752050612728_7472543639632303330_n1.jpg","articleSection":["News"],"inLanguage":"en-US","potentialAction":[{"@type":"CommentAction","name":"Comment","target":["https:\/\/www.bocskairadio.org\/en\/annual-gala-dinner-honors-j-joe-adorjan-and-the-hungarian-missouri-educational-partnership\/#respond"]}]},{"@type":"WebPage","@id":"https:\/\/www.bocskairadio.org\/en\/annual-gala-dinner-honors-j-joe-adorjan-and-the-hungarian-missouri-educational-partnership\/","url":"https:\/\/www.bocskairadio.org\/en\/annual-gala-dinner-honors-j-joe-adorjan-and-the-hungarian-missouri-educational-partnership\/","name":"Annual Gala Dinner Honors J. Joe Adorjan and the Hungarian-Missouri Educational Partnership &#8211; Bocskai R\u00e1di\u00f3","isPartOf":{"@id":"https:\/\/www.bocskairadio.org\/en\/#website"},"primaryImageOfPage":{"@id":"https:\/\/www.bocskairadio.org\/en\/annual-gala-dinner-honors-j-joe-adorjan-and-the-hungarian-missouri-educational-partnership\/#primaryimage"},"image":{"@id":"https:\/\/www.bocskairadio.org\/en\/annual-gala-dinner-honors-j-joe-adorjan-and-the-hungarian-missouri-educational-partnership\/#primaryimage"},"thumbnailUrl":"https:\/\/www.bocskairadio.org\/wp-content\/uploads\/2015\/10\/12074633_894752050612728_7472543639632303330_n1.jpg","datePublished":"2015-10-04T03:06:24+00:00","dateModified":"2015-10-04T03:20:11+00:00","inLanguage":"en-US","potentialAction":[{"@type":"ReadAction","target":["https:\/\/www.bocskairadio.org\/en\/annual-gala-dinner-honors-j-joe-adorjan-and-the-hungarian-missouri-educational-partnership\/"]}]},{"@type":"ImageObject","inLanguage":"en-US","@id":"https:\/\/www.bocskairadio.org\/en\/annual-gala-dinner-honors-j-joe-adorjan-and-the-hungarian-missouri-educational-partnership\/#primaryimage","url":"https:\/\/www.bocskairadio.org\/wp-content\/uploads\/2015\/10\/12074633_894752050612728_7472543639632303330_n1.jpg","contentUrl":"https:\/\/www.bocskairadio.org\/wp-content\/uploads\/2015\/10\/12074633_894752050612728_7472543639632303330_n1.jpg","width":768,"height":512,"caption":"Mr. J. Joe Adorjan, delivers his acceptance remarks. Photo by Mike Olliver"},{"@type":"WebSite","@id":"https:\/\/www.bocskairadio.org\/en\/#website","url":"https:\/\/www.bocskairadio.org\/en\/","name":"Bocskai R\u00e1di\u00f3","description":"The Voice of Cleveland Hungarians","publisher":{"@id":"https:\/\/www.bocskairadio.org\/en\/#organization"},"potentialAction":[{"@type":"SearchAction","target":{"@type":"EntryPoint","urlTemplate":"https:\/\/www.bocskairadio.org\/en\/?s={search_term_string}"},"query-input":{"@type":"PropertyValueSpecification","valueRequired":true,"valueName":"search_term_string"}}],"inLanguage":"en-US"},{"@type":"Organization","@id":"https:\/\/www.bocskairadio.org\/en\/#organization","name":"Bocskai R\u00e1di\u00f3","url":"https:\/\/www.bocskairadio.org\/en\/","logo":{"@type":"ImageObject","inLanguage":"en-US","@id":"https:\/\/www.bocskairadio.org\/en\/#\/schema\/logo\/image\/","url":"https:\/\/www.bocskairadio.org\/wp-content\/uploads\/2016\/11\/var3_basic.jpg","contentUrl":"https:\/\/www.bocskairadio.org\/wp-content\/uploads\/2016\/11\/var3_basic.jpg","width":500,"height":500,"caption":"Bocskai R\u00e1di\u00f3"},"image":{"@id":"https:\/\/www.bocskairadio.org\/en\/#\/schema\/logo\/image\/"},"sameAs":["https:\/\/www.facebook.com\/BocskaiRadio","https:\/\/x.com\/BocskaiRadio","https:\/\/www.instagram.com\/bocskairadio\/","https:\/\/www.youtube.com\/user\/bocskairadio","https:\/\/hu.wikipedia.org\/wiki\/Bocskai_R\u00e1di\u00f3"]},{"@type":"Person","@id":"https:\/\/www.bocskairadio.org\/en\/#\/schema\/person\/87e31754469cf7717bee741efa6897cc","name":"Moln\u00e1r Zsolt","image":{"@type":"ImageObject","inLanguage":"en-US","@id":"https:\/\/secure.gravatar.com\/avatar\/83a59b11c342f6b991be83bbceb12cf01e7717d1a76894e47cd4b36d625c9986?s=96&d=mm&r=g","url":"https:\/\/secure.gravatar.com\/avatar\/83a59b11c342f6b991be83bbceb12cf01e7717d1a76894e47cd4b36d625c9986?s=96&d=mm&r=g","contentUrl":"https:\/\/secure.gravatar.com\/avatar\/83a59b11c342f6b991be83bbceb12cf01e7717d1a76894e47cd4b36d625c9986?s=96&d=mm&r=g","caption":"Moln\u00e1r Zsolt"},"description":"2012 nyar\u00e1t\u00f3l technikai seg\u00edt\u0151je a Bocskai R\u00e1di\u00f3nak, ahol 2013 m\u00e1rcius\u00e1t\u00f3l adminisztrat\u00edv \u00e9s technikai vezet\u0151je is. Fel\u00e1ll\u00edtotta \u00e9s \u00fczemelteti a Bocskai R\u00e1di\u00f3 honlapj\u00e1t, ami jelenleg a legl\u00e1togatottabb a clevelandi magyar honlapok k\u00f6z\u00fcl. A r\u00e1di\u00f3 hallgat\u00f3inak hetente internetes h\u00edrlevelet k\u00fcld ki aktu\u00e1lis h\u00edrekkel \u00e9s inform\u00e1ci\u00f3kkal.","sameAs":["https:\/\/www.zsoltmolnar.com","https:\/\/www.facebook.com\/molnarzsolt74","https:\/\/x.com\/molnarzsolt74"],"url":"https:\/\/www.bocskairadio.org\/en\/author\/zsoltmolnar\/"}]}},"_links":{"self":[{"href":"https:\/\/www.bocskairadio.org\/en\/wp-json\/wp\/v2\/posts\/18481","targetHints":{"allow":["GET"]}}],"collection":[{"href":"https:\/\/www.bocskairadio.org\/en\/wp-json\/wp\/v2\/posts"}],"about":[{"href":"https:\/\/www.bocskairadio.org\/en\/wp-json\/wp\/v2\/types\/post"}],"author":[{"embeddable":true,"href":"https:\/\/www.bocskairadio.org\/en\/wp-json\/wp\/v2\/users\/1"}],"replies":[{"embeddable":true,"href":"https:\/\/www.bocskairadio.org\/en\/wp-json\/wp\/v2\/comments?post=18481"}],"version-history":[{"count":0,"href":"https:\/\/www.bocskairadio.org\/en\/wp-json\/wp\/v2\/posts\/18481\/revisions"}],"wp:featuredmedia":[{"embeddable":true,"href":"https:\/\/www.bocskairadio.org\/en\/wp-json\/wp\/v2\/media\/18489"}],"wp:attachment":[{"href":"https:\/\/www.bocskairadio.org\/en\/wp-json\/wp\/v2\/media?parent=18481"}],"wp:term":[{"taxonomy":"category","embeddable":true,"href":"https:\/\/www.bocskairadio.org\/en\/wp-json\/wp\/v2\/categories?post=18481"},{"taxonomy":"post_tag","embeddable":true,"href":"https:\/\/www.bocskairadio.org\/en\/wp-json\/wp\/v2\/tags?post=18481"}],"curies":[{"name":"wp","href":"https:\/\/api.w.org\/{rel}","templated":true}]}}