{"id":21896,"date":"2016-03-20T01:21:49","date_gmt":"2016-03-20T05:21:49","guid":{"rendered":"https:\/\/www.bocskairadio.org\/en\/?p=21896"},"modified":"2016-03-20T01:21:49","modified_gmt":"2016-03-20T05:21:49","slug":"hungarians-celebrate-march-15","status":"publish","type":"post","link":"https:\/\/www.bocskairadio.org\/en\/hungarians-celebrate-march-15\/","title":{"rendered":"WHAT DO HUNGARIANS CELEBRATE ON MARCH 15?"},"content":{"rendered":"<p><a href=\"https:\/\/www.bocskairadio.org\/wp-content\/uploads\/2016\/03\/1848-hungary-600x400.jpg\" rel=\"attachment wp-att-21897\"><img loading=\"lazy\" decoding=\"async\" class=\"aligncenter size-large wp-image-21897\" src=\"https:\/\/www.bocskairadio.org\/wp-content\/uploads\/2016\/03\/1848-hungary-600x400-600x400.jpg\" alt=\"1848-hungary-600x400\" width=\"600\" height=\"400\" srcset=\"https:\/\/www.bocskairadio.org\/wp-content\/uploads\/2016\/03\/1848-hungary-600x400.jpg 600w, https:\/\/www.bocskairadio.org\/wp-content\/uploads\/2016\/03\/1848-hungary-600x400-300x200.jpg 300w\" sizes=\"auto, (max-width: 600px) 100vw, 600px\" \/><\/a><\/p>\n<p style=\"text-align: justify;\">More than 160 years passed, but the Hungarian Revolution of 1848 associated with Pet\u0151fi\u2019s name is still commemorated by the Hungarian people. Multiple elements of the 12 points composed by the Pilvax Circle are still a relevant topic in the present,\u00a0utisugo.hu reports. A long time under pressure eventually led to a revolution on March 15, 1848. The same monarch ruled over the Kingdom of Hungary and the Austrian Empire, and the National Assembly of Hungary could only hold sessions in Latin or German language. Hungary couldn\u2019t gain autonomy and the lowered taxes alone were not enough for the positive perception of the social opinion climate. Although the French Revolution of 1789 ended decades ago, it had an enormous influence on the intellectual class. Moreover, the French declared war against the Habsburg Monarchy, which reached the territory of Hungary in 1805. Napoleon then ordered Hungarian nobilities to separate from the Habsburg dynasty, however, he lost the war in 1815. The demand for home products then decreased rapidly and the inflation hit.<\/p>\n<p style=\"text-align: justify;\">Lajos Kossuth informed his nation about the controversy behind the curtain in his periodical called \u00b4Orsz\u00e1ggy\u0171l\u00e9si Tud\u00f3s\u00edt\u00e1sok\u00b4, which launched in 1832. Consequently, reform movements began to play a bigger role in the country. Count Lajos Batthy\u00e1ny became the leader of the opposition, in which Ferenc De\u00e1k also took part. Meanwhile in February 1848, a revolution started in France, then another in Vienna, March 13. The news spreaded quickly and made an impact on Pilvax Circle members like S\u00e1ndor Pet\u0151fi, M\u00f3r J\u00f3kai and P\u00e1l Vasv\u00e1ri. Only a few people headed to the press of Lajos Landerer and Guszt\u00e1v Heckenast to print J\u00f3zsef Irinyi\u2018s 12 points and Pet\u0151fi\u2018s National Poem, without censure. Despite the small number of participants at the press, more, than 10 000 people joined the congress on March 15 in front of the Hungarian National Museum. The congress then entered the Castle, where the Governor\u2019s Council approved their demands. Mih\u00e1ly T\u00e1ncsics was set free, and the revolution succeeded without spilling blood. Unfortunately, the celebration and freedom couldn\u2019t last long. The Hungarian Revolution of 1848 will be celebrated in Budapest: 9.00 \u2013 Hoisting of the national flag.<\/p>\n<p>10.30 \u2013 Viktor Orb\u00e1n\u2019s speech in M\u00fazeumkert.<\/p>\n<p>10.00 \u2013 17.00 Family activities in Buda Castle.<\/p>\n<p>&nbsp;<\/p>\n<p>Source: https:\/\/www.utisugo.hu\/<\/p>\n","protected":false},"excerpt":{"rendered":"<p><a href=\"https:\/\/www.bocskairadio.org\/wp-content\/uploads\/2016\/03\/1848-hungary-600x400.jpg\" rel=\"attachment wp-att-21897\"><img loading=\"lazy\" decoding=\"async\" class=\"aligncenter size-large wp-image-21897\" src=\"https:\/\/www.bocskairadio.org\/wp-content\/uploads\/2016\/03\/1848-hungary-600x400-600x400.jpg\" alt=\"1848-hungary-600x400\" width=\"600\" height=\"400\" srcset=\"https:\/\/www.bocskairadio.org\/wp-content\/uploads\/2016\/03\/1848-hungary-600x400.jpg 600w, https:\/\/www.bocskairadio.org\/wp-content\/uploads\/2016\/03\/1848-hungary-600x400-300x200.jpg 300w\" sizes=\"auto, (max-width: 600px) 100vw, 600px\" \/><\/a><\/p>\n<p style=\"text-align: justify;\">More than 160 years passed, but the Hungarian Revolution of 1848 associated with Pet\u0151fi\u2019s name is still commemorated by the Hungarian people. Multiple elements of the 12 points composed by the Pilvax Circle are still a relevant topic in the present,\u00a0utisugo.hu reports. A long time under pressure eventually led to a revolution on March 15, 1848. The same monarch ruled over the Kingdom of Hungary and the Austrian Empire, and the National Assembly of Hungary could only hold sessions in Latin or German language. Hungary couldn\u2019t gain autonomy and the lowered taxes alone were not enough for the positive perception of the social opinion climate. Although the French Revolution of 1789 ended decades ago, it had an enormous influence on the intellectual class. Moreover, the French declared war against the Habsburg Monarchy, which reached the territory of Hungary in 1805. Napoleon then ordered Hungarian nobilities to separate from the Habsburg dynasty, however, he lost the war in 1815. The demand for home products then decreased rapidly and the inflation hit.<\/p>\n<p style=\"text-align: justify;\">Lajos Kossuth informed his nation about the controversy behind the curtain in his periodical called \u00b4Orsz\u00e1ggy\u0171l\u00e9si Tud\u00f3s\u00edt\u00e1sok\u00b4, which launched in 1832. Consequently, reform movements began to play a bigger role in the country. Count Lajos Batthy\u00e1ny became the leader of the opposition, in which Ferenc De\u00e1k also took part. Meanwhile in February 1848, a revolution started in France, then another in Vienna, March 13. The news spreaded quickly and made an impact on Pilvax Circle members like S\u00e1ndor Pet\u0151fi, M\u00f3r J\u00f3kai and P\u00e1l Vasv\u00e1ri. Only a few people headed to the press of Lajos Landerer and Guszt\u00e1v Heckenast to print J\u00f3zsef Irinyi\u2018s 12 points and Pet\u0151fi\u2018s National Poem, without censure. Despite the small number of participants at the press, more, than 10 000 people joined the congress on March 15 in front of the Hungarian National Museum. The congress then entered the Castle, where the Governor\u2019s Council approved their demands. Mih\u00e1ly T\u00e1ncsics was set free, and the revolution succeeded without spilling blood. Unfortunately, the celebration and freedom couldn\u2019t last long. The Hungarian Revolution of 1848 will be celebrated in Budapest: 9.00 \u2013 Hoisting of the national flag.<\/p>\n<p>10.30 \u2013 Viktor Orb\u00e1n\u2019s speech in M\u00fazeumkert.<\/p>\n<p>10.00 \u2013 17.00 Family activities in Buda Castle.<\/p>\n<p>&nbsp;<\/p>\n<p>Source: https:\/\/www.utisugo.hu\/<\/p>\n","protected":false},"author":7,"featured_media":21897,"comment_status":"open","ping_status":"open","sticky":false,"template":"","format":"standard","meta":{"footnotes":""},"categories":[166],"tags":[],"class_list":["post-21896","post","type-post","status-publish","format-standard","has-post-thumbnail","category-news"],"yoast_head":"<!-- This site is optimized with the Yoast SEO plugin v27.5 - https:\/\/yoast.com\/product\/yoast-seo-wordpress\/ -->\n<title>WHAT DO HUNGARIANS CELEBRATE ON MARCH 15? &#8211; Bocskai R\u00e1di\u00f3<\/title>\n<meta name=\"robots\" content=\"index, follow, max-snippet:-1, max-image-preview:large, max-video-preview:-1\" \/>\n<link rel=\"canonical\" href=\"https:\/\/www.bocskairadio.org\/en\/hungarians-celebrate-march-15\/\" \/>\n<meta property=\"og:locale\" content=\"en_US\" \/>\n<meta property=\"og:type\" content=\"article\" \/>\n<meta property=\"og:title\" content=\"WHAT DO HUNGARIANS CELEBRATE ON MARCH 15? &#8211; Bocskai R\u00e1di\u00f3\" \/>\n<meta property=\"og:description\" content=\"More than 160 years passed, but the Hungarian Revolution of 1848 associated with Pet\u0151fi\u2019s name is still commemorated by the Hungarian people. Multiple elements of the 12 points composed by the Pilvax Circle are still a relevant topic in the present,\u00a0utisugo.hu reports. A long time under pressure eventually led to a revolution on March 15, 1848. The same monarch ruled over the Kingdom of Hungary and the Austrian Empire, and the National Assembly of Hungary could only hold sessions in Latin or German language. Hungary couldn\u2019t gain autonomy and the lowered taxes alone were not enough for the positive perception of the social opinion climate. Although the French Revolution of 1789 ended decades ago, it had an enormous influence on the intellectual class. Moreover, the French declared war against the Habsburg Monarchy, which reached the territory of Hungary in 1805. Napoleon then ordered Hungarian nobilities to separate from the Habsburg dynasty, however, he lost the war in 1815. The demand for home products then decreased rapidly and the inflation hit. Lajos Kossuth informed his nation about the controversy behind the curtain in his periodical called \u00b4Orsz\u00e1ggy\u0171l\u00e9si Tud\u00f3s\u00edt\u00e1sok\u00b4, which launched in 1832. Consequently, reform movements began to play a bigger role in the country. Count Lajos Batthy\u00e1ny became the leader of the opposition, in which Ferenc De\u00e1k also took part. Meanwhile in February 1848, a revolution started in France, then another in Vienna, March 13. The news spreaded quickly and made an impact on Pilvax Circle members like S\u00e1ndor Pet\u0151fi, M\u00f3r J\u00f3kai and P\u00e1l Vasv\u00e1ri. Only a few people headed to the press of Lajos Landerer and Guszt\u00e1v Heckenast to print J\u00f3zsef Irinyi\u2018s 12 points and Pet\u0151fi\u2018s National Poem, without censure. Despite the small number of participants at the press, more, than 10 000 people joined the congress on March 15 in front of the Hungarian National Museum. The congress then entered the Castle, where the Governor\u2019s Council approved their demands. Mih\u00e1ly T\u00e1ncsics was set free, and the revolution succeeded without spilling blood. Unfortunately, the celebration and freedom couldn\u2019t last long. The Hungarian Revolution of 1848 will be celebrated in Budapest: 9.00 \u2013 Hoisting of the national flag. 10.30 \u2013 Viktor Orb\u00e1n\u2019s speech in M\u00fazeumkert.  10.00 \u2013 17.00 Family activities in Buda Castle.  &nbsp;  Source: https:\/\/www.utisugo.hu\/\" \/>\n<meta property=\"og:url\" content=\"https:\/\/www.bocskairadio.org\/en\/hungarians-celebrate-march-15\/\" \/>\n<meta property=\"og:site_name\" content=\"Bocskai R\u00e1di\u00f3\" \/>\n<meta property=\"article:publisher\" content=\"https:\/\/www.facebook.com\/BocskaiRadio\" \/>\n<meta property=\"article:published_time\" content=\"2016-03-20T05:21:49+00:00\" \/>\n<meta name=\"author\" content=\"Csibi Lor\u00e1nd\" \/>\n<meta name=\"twitter:card\" content=\"summary_large_image\" \/>\n<meta name=\"twitter:image\" content=\"https:\/\/www.bocskairadio.org\/wp-content\/uploads\/2016\/03\/1848-hungary-600x400.jpg\" \/>\n<meta name=\"twitter:creator\" content=\"@BocskaiRadio\" \/>\n<meta name=\"twitter:site\" content=\"@BocskaiRadio\" \/>\n<script type=\"application\/ld+json\" class=\"yoast-schema-graph\">{\"@context\":\"https:\\\/\\\/schema.org\",\"@graph\":[{\"@type\":\"Article\",\"@id\":\"https:\\\/\\\/www.bocskairadio.org\\\/en\\\/hungarians-celebrate-march-15\\\/#article\",\"isPartOf\":{\"@id\":\"https:\\\/\\\/www.bocskairadio.org\\\/en\\\/hungarians-celebrate-march-15\\\/\"},\"author\":{\"name\":\"Csibi Lor\u00e1nd\",\"@id\":\"https:\\\/\\\/www.bocskairadio.org\\\/en\\\/#\\\/schema\\\/person\\\/10edfc7ddc0e006131357c2bcb81b96b\"},\"headline\":\"WHAT DO HUNGARIANS CELEBRATE ON MARCH 15?\",\"datePublished\":\"2016-03-20T05:21:49+00:00\",\"mainEntityOfPage\":{\"@id\":\"https:\\\/\\\/www.bocskairadio.org\\\/en\\\/hungarians-celebrate-march-15\\\/\"},\"wordCount\":392,\"commentCount\":0,\"publisher\":{\"@id\":\"https:\\\/\\\/www.bocskairadio.org\\\/en\\\/#organization\"},\"image\":{\"@id\":\"https:\\\/\\\/www.bocskairadio.org\\\/en\\\/hungarians-celebrate-march-15\\\/#primaryimage\"},\"thumbnailUrl\":\"https:\\\/\\\/www.bocskairadio.org\\\/wp-content\\\/uploads\\\/2016\\\/03\\\/1848-hungary-600x400.jpg\",\"articleSection\":[\"News\"],\"inLanguage\":\"en-US\",\"potentialAction\":[{\"@type\":\"CommentAction\",\"name\":\"Comment\",\"target\":[\"https:\\\/\\\/www.bocskairadio.org\\\/en\\\/hungarians-celebrate-march-15\\\/#respond\"]}]},{\"@type\":\"WebPage\",\"@id\":\"https:\\\/\\\/www.bocskairadio.org\\\/en\\\/hungarians-celebrate-march-15\\\/\",\"url\":\"https:\\\/\\\/www.bocskairadio.org\\\/en\\\/hungarians-celebrate-march-15\\\/\",\"name\":\"WHAT DO HUNGARIANS CELEBRATE ON MARCH 15? &#8211; Bocskai R\u00e1di\u00f3\",\"isPartOf\":{\"@id\":\"https:\\\/\\\/www.bocskairadio.org\\\/en\\\/#website\"},\"primaryImageOfPage\":{\"@id\":\"https:\\\/\\\/www.bocskairadio.org\\\/en\\\/hungarians-celebrate-march-15\\\/#primaryimage\"},\"image\":{\"@id\":\"https:\\\/\\\/www.bocskairadio.org\\\/en\\\/hungarians-celebrate-march-15\\\/#primaryimage\"},\"thumbnailUrl\":\"https:\\\/\\\/www.bocskairadio.org\\\/wp-content\\\/uploads\\\/2016\\\/03\\\/1848-hungary-600x400.jpg\",\"datePublished\":\"2016-03-20T05:21:49+00:00\",\"inLanguage\":\"en-US\",\"potentialAction\":[{\"@type\":\"ReadAction\",\"target\":[\"https:\\\/\\\/www.bocskairadio.org\\\/en\\\/hungarians-celebrate-march-15\\\/\"]}]},{\"@type\":\"ImageObject\",\"inLanguage\":\"en-US\",\"@id\":\"https:\\\/\\\/www.bocskairadio.org\\\/en\\\/hungarians-celebrate-march-15\\\/#primaryimage\",\"url\":\"https:\\\/\\\/www.bocskairadio.org\\\/wp-content\\\/uploads\\\/2016\\\/03\\\/1848-hungary-600x400.jpg\",\"contentUrl\":\"https:\\\/\\\/www.bocskairadio.org\\\/wp-content\\\/uploads\\\/2016\\\/03\\\/1848-hungary-600x400.jpg\",\"width\":600,\"height\":400},{\"@type\":\"WebSite\",\"@id\":\"https:\\\/\\\/www.bocskairadio.org\\\/en\\\/#website\",\"url\":\"https:\\\/\\\/www.bocskairadio.org\\\/en\\\/\",\"name\":\"Bocskai R\u00e1di\u00f3\",\"description\":\"The Voice of Cleveland Hungarians\",\"publisher\":{\"@id\":\"https:\\\/\\\/www.bocskairadio.org\\\/en\\\/#organization\"},\"potentialAction\":[{\"@type\":\"SearchAction\",\"target\":{\"@type\":\"EntryPoint\",\"urlTemplate\":\"https:\\\/\\\/www.bocskairadio.org\\\/en\\\/?s={search_term_string}\"},\"query-input\":{\"@type\":\"PropertyValueSpecification\",\"valueRequired\":true,\"valueName\":\"search_term_string\"}}],\"inLanguage\":\"en-US\"},{\"@type\":\"Organization\",\"@id\":\"https:\\\/\\\/www.bocskairadio.org\\\/en\\\/#organization\",\"name\":\"Bocskai R\u00e1di\u00f3\",\"url\":\"https:\\\/\\\/www.bocskairadio.org\\\/en\\\/\",\"logo\":{\"@type\":\"ImageObject\",\"inLanguage\":\"en-US\",\"@id\":\"https:\\\/\\\/www.bocskairadio.org\\\/en\\\/#\\\/schema\\\/logo\\\/image\\\/\",\"url\":\"https:\\\/\\\/www.bocskairadio.org\\\/wp-content\\\/uploads\\\/2016\\\/11\\\/var3_basic.jpg\",\"contentUrl\":\"https:\\\/\\\/www.bocskairadio.org\\\/wp-content\\\/uploads\\\/2016\\\/11\\\/var3_basic.jpg\",\"width\":500,\"height\":500,\"caption\":\"Bocskai R\u00e1di\u00f3\"},\"image\":{\"@id\":\"https:\\\/\\\/www.bocskairadio.org\\\/en\\\/#\\\/schema\\\/logo\\\/image\\\/\"},\"sameAs\":[\"https:\\\/\\\/www.facebook.com\\\/BocskaiRadio\",\"https:\\\/\\\/x.com\\\/BocskaiRadio\",\"https:\\\/\\\/www.instagram.com\\\/bocskairadio\\\/\",\"https:\\\/\\\/www.youtube.com\\\/user\\\/bocskairadio\",\"https:\\\/\\\/hu.wikipedia.org\\\/wiki\\\/Bocskai_R\u00e1di\u00f3\"]},{\"@type\":\"Person\",\"@id\":\"https:\\\/\\\/www.bocskairadio.org\\\/en\\\/#\\\/schema\\\/person\\\/10edfc7ddc0e006131357c2bcb81b96b\",\"name\":\"Csibi Lor\u00e1nd\",\"image\":{\"@type\":\"ImageObject\",\"inLanguage\":\"en-US\",\"@id\":\"https:\\\/\\\/secure.gravatar.com\\\/avatar\\\/0d49f9198d2018a84ee306138a7a0466777b8f100435a4212859f16ba458f47a?s=96&d=mm&r=g\",\"url\":\"https:\\\/\\\/secure.gravatar.com\\\/avatar\\\/0d49f9198d2018a84ee306138a7a0466777b8f100435a4212859f16ba458f47a?s=96&d=mm&r=g\",\"contentUrl\":\"https:\\\/\\\/secure.gravatar.com\\\/avatar\\\/0d49f9198d2018a84ee306138a7a0466777b8f100435a4212859f16ba458f47a?s=96&d=mm&r=g\",\"caption\":\"Csibi Lor\u00e1nd\"},\"url\":\"https:\\\/\\\/www.bocskairadio.org\\\/en\\\/author\\\/csibilori\\\/\"}]}<\/script>\n<!-- \/ Yoast SEO plugin. -->","yoast_head_json":{"title":"WHAT DO HUNGARIANS CELEBRATE ON MARCH 15? &#8211; Bocskai R\u00e1di\u00f3","robots":{"index":"index","follow":"follow","max-snippet":"max-snippet:-1","max-image-preview":"max-image-preview:large","max-video-preview":"max-video-preview:-1"},"canonical":"https:\/\/www.bocskairadio.org\/en\/hungarians-celebrate-march-15\/","og_locale":"en_US","og_type":"article","og_title":"WHAT DO HUNGARIANS CELEBRATE ON MARCH 15? &#8211; Bocskai R\u00e1di\u00f3","og_description":"More than 160 years passed, but the Hungarian Revolution of 1848 associated with Pet\u0151fi\u2019s name is still commemorated by the Hungarian people. Multiple elements of the 12 points composed by the Pilvax Circle are still a relevant topic in the present,\u00a0utisugo.hu reports. A long time under pressure eventually led to a revolution on March 15, 1848. The same monarch ruled over the Kingdom of Hungary and the Austrian Empire, and the National Assembly of Hungary could only hold sessions in Latin or German language. Hungary couldn\u2019t gain autonomy and the lowered taxes alone were not enough for the positive perception of the social opinion climate. Although the French Revolution of 1789 ended decades ago, it had an enormous influence on the intellectual class. Moreover, the French declared war against the Habsburg Monarchy, which reached the territory of Hungary in 1805. Napoleon then ordered Hungarian nobilities to separate from the Habsburg dynasty, however, he lost the war in 1815. The demand for home products then decreased rapidly and the inflation hit. Lajos Kossuth informed his nation about the controversy behind the curtain in his periodical called \u00b4Orsz\u00e1ggy\u0171l\u00e9si Tud\u00f3s\u00edt\u00e1sok\u00b4, which launched in 1832. Consequently, reform movements began to play a bigger role in the country. Count Lajos Batthy\u00e1ny became the leader of the opposition, in which Ferenc De\u00e1k also took part. Meanwhile in February 1848, a revolution started in France, then another in Vienna, March 13. The news spreaded quickly and made an impact on Pilvax Circle members like S\u00e1ndor Pet\u0151fi, M\u00f3r J\u00f3kai and P\u00e1l Vasv\u00e1ri. Only a few people headed to the press of Lajos Landerer and Guszt\u00e1v Heckenast to print J\u00f3zsef Irinyi\u2018s 12 points and Pet\u0151fi\u2018s National Poem, without censure. Despite the small number of participants at the press, more, than 10 000 people joined the congress on March 15 in front of the Hungarian National Museum. The congress then entered the Castle, where the Governor\u2019s Council approved their demands. Mih\u00e1ly T\u00e1ncsics was set free, and the revolution succeeded without spilling blood. Unfortunately, the celebration and freedom couldn\u2019t last long. The Hungarian Revolution of 1848 will be celebrated in Budapest: 9.00 \u2013 Hoisting of the national flag. 10.30 \u2013 Viktor Orb\u00e1n\u2019s speech in M\u00fazeumkert.  10.00 \u2013 17.00 Family activities in Buda Castle.  &nbsp;  Source: https:\/\/www.utisugo.hu\/","og_url":"https:\/\/www.bocskairadio.org\/en\/hungarians-celebrate-march-15\/","og_site_name":"Bocskai R\u00e1di\u00f3","article_publisher":"https:\/\/www.facebook.com\/BocskaiRadio","article_published_time":"2016-03-20T05:21:49+00:00","author":"Csibi Lor\u00e1nd","twitter_card":"summary_large_image","twitter_image":"https:\/\/www.bocskairadio.org\/wp-content\/uploads\/2016\/03\/1848-hungary-600x400.jpg","twitter_creator":"@BocskaiRadio","twitter_site":"@BocskaiRadio","schema":{"@context":"https:\/\/schema.org","@graph":[{"@type":"Article","@id":"https:\/\/www.bocskairadio.org\/en\/hungarians-celebrate-march-15\/#article","isPartOf":{"@id":"https:\/\/www.bocskairadio.org\/en\/hungarians-celebrate-march-15\/"},"author":{"name":"Csibi Lor\u00e1nd","@id":"https:\/\/www.bocskairadio.org\/en\/#\/schema\/person\/10edfc7ddc0e006131357c2bcb81b96b"},"headline":"WHAT DO HUNGARIANS CELEBRATE ON MARCH 15?","datePublished":"2016-03-20T05:21:49+00:00","mainEntityOfPage":{"@id":"https:\/\/www.bocskairadio.org\/en\/hungarians-celebrate-march-15\/"},"wordCount":392,"commentCount":0,"publisher":{"@id":"https:\/\/www.bocskairadio.org\/en\/#organization"},"image":{"@id":"https:\/\/www.bocskairadio.org\/en\/hungarians-celebrate-march-15\/#primaryimage"},"thumbnailUrl":"https:\/\/www.bocskairadio.org\/wp-content\/uploads\/2016\/03\/1848-hungary-600x400.jpg","articleSection":["News"],"inLanguage":"en-US","potentialAction":[{"@type":"CommentAction","name":"Comment","target":["https:\/\/www.bocskairadio.org\/en\/hungarians-celebrate-march-15\/#respond"]}]},{"@type":"WebPage","@id":"https:\/\/www.bocskairadio.org\/en\/hungarians-celebrate-march-15\/","url":"https:\/\/www.bocskairadio.org\/en\/hungarians-celebrate-march-15\/","name":"WHAT DO HUNGARIANS CELEBRATE ON MARCH 15? &#8211; Bocskai R\u00e1di\u00f3","isPartOf":{"@id":"https:\/\/www.bocskairadio.org\/en\/#website"},"primaryImageOfPage":{"@id":"https:\/\/www.bocskairadio.org\/en\/hungarians-celebrate-march-15\/#primaryimage"},"image":{"@id":"https:\/\/www.bocskairadio.org\/en\/hungarians-celebrate-march-15\/#primaryimage"},"thumbnailUrl":"https:\/\/www.bocskairadio.org\/wp-content\/uploads\/2016\/03\/1848-hungary-600x400.jpg","datePublished":"2016-03-20T05:21:49+00:00","inLanguage":"en-US","potentialAction":[{"@type":"ReadAction","target":["https:\/\/www.bocskairadio.org\/en\/hungarians-celebrate-march-15\/"]}]},{"@type":"ImageObject","inLanguage":"en-US","@id":"https:\/\/www.bocskairadio.org\/en\/hungarians-celebrate-march-15\/#primaryimage","url":"https:\/\/www.bocskairadio.org\/wp-content\/uploads\/2016\/03\/1848-hungary-600x400.jpg","contentUrl":"https:\/\/www.bocskairadio.org\/wp-content\/uploads\/2016\/03\/1848-hungary-600x400.jpg","width":600,"height":400},{"@type":"WebSite","@id":"https:\/\/www.bocskairadio.org\/en\/#website","url":"https:\/\/www.bocskairadio.org\/en\/","name":"Bocskai R\u00e1di\u00f3","description":"The Voice of Cleveland Hungarians","publisher":{"@id":"https:\/\/www.bocskairadio.org\/en\/#organization"},"potentialAction":[{"@type":"SearchAction","target":{"@type":"EntryPoint","urlTemplate":"https:\/\/www.bocskairadio.org\/en\/?s={search_term_string}"},"query-input":{"@type":"PropertyValueSpecification","valueRequired":true,"valueName":"search_term_string"}}],"inLanguage":"en-US"},{"@type":"Organization","@id":"https:\/\/www.bocskairadio.org\/en\/#organization","name":"Bocskai R\u00e1di\u00f3","url":"https:\/\/www.bocskairadio.org\/en\/","logo":{"@type":"ImageObject","inLanguage":"en-US","@id":"https:\/\/www.bocskairadio.org\/en\/#\/schema\/logo\/image\/","url":"https:\/\/www.bocskairadio.org\/wp-content\/uploads\/2016\/11\/var3_basic.jpg","contentUrl":"https:\/\/www.bocskairadio.org\/wp-content\/uploads\/2016\/11\/var3_basic.jpg","width":500,"height":500,"caption":"Bocskai R\u00e1di\u00f3"},"image":{"@id":"https:\/\/www.bocskairadio.org\/en\/#\/schema\/logo\/image\/"},"sameAs":["https:\/\/www.facebook.com\/BocskaiRadio","https:\/\/x.com\/BocskaiRadio","https:\/\/www.instagram.com\/bocskairadio\/","https:\/\/www.youtube.com\/user\/bocskairadio","https:\/\/hu.wikipedia.org\/wiki\/Bocskai_R\u00e1di\u00f3"]},{"@type":"Person","@id":"https:\/\/www.bocskairadio.org\/en\/#\/schema\/person\/10edfc7ddc0e006131357c2bcb81b96b","name":"Csibi Lor\u00e1nd","image":{"@type":"ImageObject","inLanguage":"en-US","@id":"https:\/\/secure.gravatar.com\/avatar\/0d49f9198d2018a84ee306138a7a0466777b8f100435a4212859f16ba458f47a?s=96&d=mm&r=g","url":"https:\/\/secure.gravatar.com\/avatar\/0d49f9198d2018a84ee306138a7a0466777b8f100435a4212859f16ba458f47a?s=96&d=mm&r=g","contentUrl":"https:\/\/secure.gravatar.com\/avatar\/0d49f9198d2018a84ee306138a7a0466777b8f100435a4212859f16ba458f47a?s=96&d=mm&r=g","caption":"Csibi Lor\u00e1nd"},"url":"https:\/\/www.bocskairadio.org\/en\/author\/csibilori\/"}]}},"_links":{"self":[{"href":"https:\/\/www.bocskairadio.org\/en\/wp-json\/wp\/v2\/posts\/21896","targetHints":{"allow":["GET"]}}],"collection":[{"href":"https:\/\/www.bocskairadio.org\/en\/wp-json\/wp\/v2\/posts"}],"about":[{"href":"https:\/\/www.bocskairadio.org\/en\/wp-json\/wp\/v2\/types\/post"}],"author":[{"embeddable":true,"href":"https:\/\/www.bocskairadio.org\/en\/wp-json\/wp\/v2\/users\/7"}],"replies":[{"embeddable":true,"href":"https:\/\/www.bocskairadio.org\/en\/wp-json\/wp\/v2\/comments?post=21896"}],"version-history":[{"count":0,"href":"https:\/\/www.bocskairadio.org\/en\/wp-json\/wp\/v2\/posts\/21896\/revisions"}],"wp:featuredmedia":[{"embeddable":true,"href":"https:\/\/www.bocskairadio.org\/en\/wp-json\/wp\/v2\/media\/21897"}],"wp:attachment":[{"href":"https:\/\/www.bocskairadio.org\/en\/wp-json\/wp\/v2\/media?parent=21896"}],"wp:term":[{"taxonomy":"category","embeddable":true,"href":"https:\/\/www.bocskairadio.org\/en\/wp-json\/wp\/v2\/categories?post=21896"},{"taxonomy":"post_tag","embeddable":true,"href":"https:\/\/www.bocskairadio.org\/en\/wp-json\/wp\/v2\/tags?post=21896"}],"curies":[{"name":"wp","href":"https:\/\/api.w.org\/{rel}","templated":true}]}}