{"id":22081,"date":"2016-04-02T03:56:19","date_gmt":"2016-04-02T07:56:19","guid":{"rendered":"https:\/\/www.bocskairadio.org\/en\/?p=22081"},"modified":"2018-06-23T23:19:52","modified_gmt":"2018-06-24T03:19:52","slug":"hungarian-cultural-garden-association-bit-history","status":"publish","type":"post","link":"https:\/\/www.bocskairadio.org\/en\/hungarian-cultural-garden-association-bit-history\/","title":{"rendered":"Hungarian Cultural Garden Association, a Bit of History"},"content":{"rendered":"<p><a href=\"https:\/\/www.bocskairadio.org\/wp-content\/uploads\/2016\/04\/Garden.jpg\" rel=\"attachment wp-att-22082\"><img loading=\"lazy\" decoding=\"async\" class=\"aligncenter size-medium wp-image-22082\" src=\"https:\/\/spcdn.shortpixel.ai\/spio\/ret_img,q_cdnize,to_webp,s_webp\/www.bocskairadio.org\/wp-content\/uploads\/2016\/04\/Garden-300x218.jpg\" alt=\"Garden\" width=\"300\" height=\"218\" srcset=\"https:\/\/spcdn.shortpixel.ai\/spio\/ret_img,q_cdnize,to_webp,s_webp\/www.bocskairadio.org\/wp-content\/uploads\/2016\/04\/Garden-300x218.jpg 300w, https:\/\/spcdn.shortpixel.ai\/spio\/ret_img,q_cdnize,to_webp,s_webp\/www.bocskairadio.org\/wp-content\/uploads\/2016\/04\/Garden-600x435.jpg 600w, https:\/\/spcdn.shortpixel.ai\/spio\/ret_img,q_cdnize,to_webp,s_webp\/www.bocskairadio.org\/wp-content\/uploads\/2016\/04\/Garden-324x235.jpg 324w, https:\/\/spcdn.shortpixel.ai\/spio\/ret_img,q_cdnize,to_webp,s_webp\/www.bocskairadio.org\/wp-content\/uploads\/2016\/04\/Garden-696x505.jpg 696w, https:\/\/spcdn.shortpixel.ai\/spio\/ret_img,q_cdnize,to_webp,s_webp\/www.bocskairadio.org\/wp-content\/uploads\/2016\/04\/Garden-579x420.jpg 579w, https:\/\/spcdn.shortpixel.ai\/spio\/ret_img,q_cdnize,to_webp,s_webp\/www.bocskairadio.org\/wp-content\/uploads\/2016\/04\/Garden.jpg 768w\" sizes=\"auto, (max-width: 300px) 100vw, 300px\" \/><\/a><\/p>\n<p>&nbsp;<\/p>\n<p><span style=\"font-weight: 400;\">To weld the various nationalities of the cosmopolitan city of Cleveland into a close fellowship and to acquaint their cultural background with the native citizens, \u00a0a chain of cultural gardens was proposed to be designed and built by the various nationality groups each to symbolize something of that cultural background of which they were most proud of and best known.<\/span><\/p>\n<p><span style=\"font-weight: 400;\">The United Hungarian Societies of Cleveland delegated Albert A. Tudja and Stephen Gombozy to keep in touch with the movement and from time to time to report about its progress. In 1933 a committee was appointed under the auspices of the United Hungarian Societies to secure the plot of land and prepare plans for the Hungarian Garden. The committee selected a strip of land between the Shakespeare Garden in the German cultural Garden resembling the general contours of the Great Hungarian Plains and its surrounding and plans for the garden were drawn up by the landscape artists in Hungary.<\/span><\/p>\n<p><span style=\"font-weight: 400;\">In the fall of 1936 the United Hungarian Societies appointed a committee composed of the officers of the organization and several outside individuals. This committee was authorized to organize itself into the Hungarian Cultural Garden Association and to conduct the Affairs of the Garden. In the spring of 1939 a beautiful wrought iron gate &#8212; a Sz\u00e9kely Kapu&#8211; was built and donated by the Verhovay Fraternal Insurance Association of Pittsburgh Pennsylvania and on the 11th of July of the same year the garden was dedicated with fitting ceremony.\u00a0<\/span><span style=\"font-weight: 400;\"> A procession of about 5000 Hungarian Americans in native costumes opened the occasion that was attended by over 25,000 people. A choir of over 200 sang, noted speakers came from many parts of the country and the festival is remembered as one of the most impressive occasions of the city during the last few years.<\/span><\/p>\n<p><span style=\"font-weight: 400;\">In the spring of 1941 by authority of the United Hungarian Societies of Cleveland the Association was the organized with paying members. In December of the same year the garden was presented by the Magyar Club of Cleveland with a 40 foot flagpole and the American flag was dedicated with proper ceremony in the month of September.\u00a0<\/span><span style=\"font-weight: 400;\">The Hungarian Cultural Garden Association expressed hope that the organization as well as the large Hungarian community of Cleveland Ohio will make donations from time to time to perpetuate the great work of our rich Hungarian tradition. <\/span><\/p>\n<p>&nbsp;<\/p>\n<p><span style=\"font-weight: 400;\">Source: Hungarians in America, <\/span><i><span style=\"font-weight: 400;\">Az Amerikai Magyars\u00e1g Aranyk\u00f6nyve<\/span><\/i><span style=\"font-weight: 400;\">, published by Szabads\u00e1g in 1941.<\/span><\/p>\n","protected":false},"excerpt":{"rendered":"<p><a href=\"https:\/\/www.bocskairadio.org\/wp-content\/uploads\/2016\/04\/Garden.jpg\" rel=\"attachment wp-att-22082\"><img loading=\"lazy\" decoding=\"async\" class=\"aligncenter size-medium wp-image-22082\" src=\"https:\/\/spcdn.shortpixel.ai\/spio\/ret_img,q_cdnize,to_webp,s_webp\/www.bocskairadio.org\/wp-content\/uploads\/2016\/04\/Garden-300x218.jpg\" alt=\"Garden\" width=\"300\" height=\"218\" srcset=\"https:\/\/spcdn.shortpixel.ai\/spio\/ret_img,q_cdnize,to_webp,s_webp\/www.bocskairadio.org\/wp-content\/uploads\/2016\/04\/Garden-300x218.jpg 300w, https:\/\/spcdn.shortpixel.ai\/spio\/ret_img,q_cdnize,to_webp,s_webp\/www.bocskairadio.org\/wp-content\/uploads\/2016\/04\/Garden-600x435.jpg 600w, https:\/\/spcdn.shortpixel.ai\/spio\/ret_img,q_cdnize,to_webp,s_webp\/www.bocskairadio.org\/wp-content\/uploads\/2016\/04\/Garden-324x235.jpg 324w, https:\/\/spcdn.shortpixel.ai\/spio\/ret_img,q_cdnize,to_webp,s_webp\/www.bocskairadio.org\/wp-content\/uploads\/2016\/04\/Garden-696x505.jpg 696w, https:\/\/spcdn.shortpixel.ai\/spio\/ret_img,q_cdnize,to_webp,s_webp\/www.bocskairadio.org\/wp-content\/uploads\/2016\/04\/Garden-579x420.jpg 579w, https:\/\/spcdn.shortpixel.ai\/spio\/ret_img,q_cdnize,to_webp,s_webp\/www.bocskairadio.org\/wp-content\/uploads\/2016\/04\/Garden.jpg 768w\" sizes=\"auto, (max-width: 300px) 100vw, 300px\" \/><\/a><\/p>\n<p>&nbsp;<\/p>\n<p><span style=\"font-weight: 400;\">To weld the various nationalities of the cosmopolitan city of Cleveland into a close fellowship and to acquaint their cultural background with the native citizens, \u00a0a chain of cultural gardens was proposed to be designed and built by the various nationality groups each to symbolize something of that cultural background of which they were most proud of and best known.<\/span><\/p>\n<p><span style=\"font-weight: 400;\">The United Hungarian Societies of Cleveland delegated Albert A. Tudja and Stephen Gombozy to keep in touch with the movement and from time to time to report about its progress. In 1933 a committee was appointed under the auspices of the United Hungarian Societies to secure the plot of land and prepare plans for the Hungarian Garden. The committee selected a strip of land between the Shakespeare Garden in the German cultural Garden resembling the general contours of the Great Hungarian Plains and its surrounding and plans for the garden were drawn up by the landscape artists in Hungary.<\/span><\/p>\n<p><span style=\"font-weight: 400;\">In the fall of 1936 the United Hungarian Societies appointed a committee composed of the officers of the organization and several outside individuals. This committee was authorized to organize itself into the Hungarian Cultural Garden Association and to conduct the Affairs of the Garden. In the spring of 1939 a beautiful wrought iron gate &#8212; a Sz\u00e9kely Kapu&#8211; was built and donated by the Verhovay Fraternal Insurance Association of Pittsburgh Pennsylvania and on the 11th of July of the same year the garden was dedicated with fitting ceremony.\u00a0<\/span><span style=\"font-weight: 400;\"> A procession of about 5000 Hungarian Americans in native costumes opened the occasion that was attended by over 25,000 people. A choir of over 200 sang, noted speakers came from many parts of the country and the festival is remembered as one of the most impressive occasions of the city during the last few years.<\/span><\/p>\n<p><span style=\"font-weight: 400;\">In the spring of 1941 by authority of the United Hungarian Societies of Cleveland the Association was the organized with paying members. In December of the same year the garden was presented by the Magyar Club of Cleveland with a 40 foot flagpole and the American flag was dedicated with proper ceremony in the month of September.\u00a0<\/span><span style=\"font-weight: 400;\">The Hungarian Cultural Garden Association expressed hope that the organization as well as the large Hungarian community of Cleveland Ohio will make donations from time to time to perpetuate the great work of our rich Hungarian tradition. <\/span><\/p>\n<p>&nbsp;<\/p>\n<p><span style=\"font-weight: 400;\">Source: Hungarians in America, <\/span><i><span style=\"font-weight: 400;\">Az Amerikai Magyars\u00e1g Aranyk\u00f6nyve<\/span><\/i><span style=\"font-weight: 400;\">, published by Szabads\u00e1g in 1941.<\/span><\/p>\n","protected":false},"author":9,"featured_media":22082,"comment_status":"open","ping_status":"open","sticky":false,"template":"","format":"standard","meta":{"footnotes":""},"categories":[196],"tags":[],"class_list":["post-22081","post","type-post","status-publish","format-standard","has-post-thumbnail","category-local-events-and-news"],"yoast_head":"<!-- This site is optimized with the Yoast SEO plugin v27.4 - https:\/\/yoast.com\/product\/yoast-seo-wordpress\/ -->\n<title>Hungarian Cultural Garden Association, a Bit of History &#8211; Bocskai R\u00e1di\u00f3<\/title>\n<meta name=\"robots\" content=\"index, follow, max-snippet:-1, max-image-preview:large, max-video-preview:-1\" \/>\n<link rel=\"canonical\" href=\"https:\/\/www.bocskairadio.org\/en\/hungarian-cultural-garden-association-bit-history\/\" \/>\n<meta property=\"og:locale\" content=\"en_US\" \/>\n<meta property=\"og:type\" content=\"article\" \/>\n<meta property=\"og:title\" content=\"Hungarian Cultural Garden Association, a Bit of History &#8211; Bocskai R\u00e1di\u00f3\" \/>\n<meta property=\"og:description\" content=\"&nbsp;  To weld the various nationalities of the cosmopolitan city of Cleveland into a close fellowship and to acquaint their cultural background with the native citizens, \u00a0a chain of cultural gardens was proposed to be designed and built by the various nationality groups each to symbolize something of that cultural background of which they were most proud of and best known.  The United Hungarian Societies of Cleveland delegated Albert A. Tudja and Stephen Gombozy to keep in touch with the movement and from time to time to report about its progress. In 1933 a committee was appointed under the auspices of the United Hungarian Societies to secure the plot of land and prepare plans for the Hungarian Garden. The committee selected a strip of land between the Shakespeare Garden in the German cultural Garden resembling the general contours of the Great Hungarian Plains and its surrounding and plans for the garden were drawn up by the landscape artists in Hungary.  In the fall of 1936 the United Hungarian Societies appointed a committee composed of the officers of the organization and several outside individuals. This committee was authorized to organize itself into the Hungarian Cultural Garden Association and to conduct the Affairs of the Garden. In the spring of 1939 a beautiful wrought iron gate -- a Sz\u00e9kely Kapu-- was built and donated by the Verhovay Fraternal Insurance Association of Pittsburgh Pennsylvania and on the 11th of July of the same year the garden was dedicated with fitting ceremony.\u00a0 A procession of about 5000 Hungarian Americans in native costumes opened the occasion that was attended by over 25,000 people. A choir of over 200 sang, noted speakers came from many parts of the country and the festival is remembered as one of the most impressive occasions of the city during the last few years.  In the spring of 1941 by authority of the United Hungarian Societies of Cleveland the Association was the organized with paying members. In December of the same year the garden was presented by the Magyar Club of Cleveland with a 40 foot flagpole and the American flag was dedicated with proper ceremony in the month of September.\u00a0The Hungarian Cultural Garden Association expressed hope that the organization as well as the large Hungarian community of Cleveland Ohio will make donations from time to time to perpetuate the great work of our rich Hungarian tradition.   &nbsp;  Source: Hungarians in America, Az Amerikai Magyars\u00e1g Aranyk\u00f6nyve, published by Szabads\u00e1g in 1941.\" \/>\n<meta property=\"og:url\" content=\"https:\/\/www.bocskairadio.org\/en\/hungarian-cultural-garden-association-bit-history\/\" \/>\n<meta property=\"og:site_name\" content=\"Bocskai R\u00e1di\u00f3\" \/>\n<meta property=\"article:publisher\" content=\"https:\/\/www.facebook.com\/BocskaiRadio\" \/>\n<meta property=\"article:published_time\" content=\"2016-04-02T07:56:19+00:00\" \/>\n<meta property=\"article:modified_time\" content=\"2018-06-24T03:19:52+00:00\" \/>\n<meta property=\"og:image\" content=\"https:\/\/www.bocskairadio.org\/wp-content\/uploads\/2016\/04\/Hungarden1.jpg\" \/>\n\t<meta property=\"og:image:width\" content=\"768\" \/>\n\t<meta property=\"og:image:height\" content=\"512\" \/>\n\t<meta property=\"og:image:type\" content=\"image\/jpeg\" \/>\n<meta name=\"author\" content=\"Hargitai Istv\u00e1n\" \/>\n<meta name=\"twitter:card\" content=\"summary_large_image\" \/>\n<meta name=\"twitter:creator\" content=\"@BocskaiRadio\" \/>\n<meta name=\"twitter:site\" content=\"@BocskaiRadio\" \/>\n<script type=\"application\/ld+json\" class=\"yoast-schema-graph\">{\"@context\":\"https:\\\/\\\/schema.org\",\"@graph\":[{\"@type\":\"Article\",\"@id\":\"https:\\\/\\\/www.bocskairadio.org\\\/en\\\/hungarian-cultural-garden-association-bit-history\\\/#article\",\"isPartOf\":{\"@id\":\"https:\\\/\\\/www.bocskairadio.org\\\/en\\\/hungarian-cultural-garden-association-bit-history\\\/\"},\"author\":{\"name\":\"Hargitai Istv\u00e1n\",\"@id\":\"https:\\\/\\\/www.bocskairadio.org\\\/en\\\/#\\\/schema\\\/person\\\/6cbe8ea8388116f6941a0c3ce8f8ec1b\"},\"headline\":\"Hungarian Cultural Garden Association, a Bit of History\",\"datePublished\":\"2016-04-02T07:56:19+00:00\",\"dateModified\":\"2018-06-24T03:19:52+00:00\",\"mainEntityOfPage\":{\"@id\":\"https:\\\/\\\/www.bocskairadio.org\\\/en\\\/hungarian-cultural-garden-association-bit-history\\\/\"},\"wordCount\":414,\"commentCount\":0,\"publisher\":{\"@id\":\"https:\\\/\\\/www.bocskairadio.org\\\/en\\\/#organization\"},\"image\":{\"@id\":\"https:\\\/\\\/www.bocskairadio.org\\\/en\\\/hungarian-cultural-garden-association-bit-history\\\/#primaryimage\"},\"thumbnailUrl\":\"https:\\\/\\\/www.bocskairadio.org\\\/wp-content\\\/uploads\\\/2016\\\/04\\\/Garden.jpg\",\"articleSection\":[\"Local events and news\"],\"inLanguage\":\"en-US\",\"potentialAction\":[{\"@type\":\"CommentAction\",\"name\":\"Comment\",\"target\":[\"https:\\\/\\\/www.bocskairadio.org\\\/en\\\/hungarian-cultural-garden-association-bit-history\\\/#respond\"]}]},{\"@type\":\"WebPage\",\"@id\":\"https:\\\/\\\/www.bocskairadio.org\\\/en\\\/hungarian-cultural-garden-association-bit-history\\\/\",\"url\":\"https:\\\/\\\/www.bocskairadio.org\\\/en\\\/hungarian-cultural-garden-association-bit-history\\\/\",\"name\":\"Hungarian Cultural Garden Association, a Bit of History &#8211; Bocskai R\u00e1di\u00f3\",\"isPartOf\":{\"@id\":\"https:\\\/\\\/www.bocskairadio.org\\\/en\\\/#website\"},\"primaryImageOfPage\":{\"@id\":\"https:\\\/\\\/www.bocskairadio.org\\\/en\\\/hungarian-cultural-garden-association-bit-history\\\/#primaryimage\"},\"image\":{\"@id\":\"https:\\\/\\\/www.bocskairadio.org\\\/en\\\/hungarian-cultural-garden-association-bit-history\\\/#primaryimage\"},\"thumbnailUrl\":\"https:\\\/\\\/www.bocskairadio.org\\\/wp-content\\\/uploads\\\/2016\\\/04\\\/Garden.jpg\",\"datePublished\":\"2016-04-02T07:56:19+00:00\",\"dateModified\":\"2018-06-24T03:19:52+00:00\",\"inLanguage\":\"en-US\",\"potentialAction\":[{\"@type\":\"ReadAction\",\"target\":[\"https:\\\/\\\/www.bocskairadio.org\\\/en\\\/hungarian-cultural-garden-association-bit-history\\\/\"]}]},{\"@type\":\"ImageObject\",\"inLanguage\":\"en-US\",\"@id\":\"https:\\\/\\\/www.bocskairadio.org\\\/en\\\/hungarian-cultural-garden-association-bit-history\\\/#primaryimage\",\"url\":\"https:\\\/\\\/www.bocskairadio.org\\\/wp-content\\\/uploads\\\/2016\\\/04\\\/Garden.jpg\",\"contentUrl\":\"https:\\\/\\\/www.bocskairadio.org\\\/wp-content\\\/uploads\\\/2016\\\/04\\\/Garden.jpg\",\"width\":768,\"height\":557},{\"@type\":\"WebSite\",\"@id\":\"https:\\\/\\\/www.bocskairadio.org\\\/en\\\/#website\",\"url\":\"https:\\\/\\\/www.bocskairadio.org\\\/en\\\/\",\"name\":\"Bocskai R\u00e1di\u00f3\",\"description\":\"The Voice of Cleveland Hungarians\",\"publisher\":{\"@id\":\"https:\\\/\\\/www.bocskairadio.org\\\/en\\\/#organization\"},\"potentialAction\":[{\"@type\":\"SearchAction\",\"target\":{\"@type\":\"EntryPoint\",\"urlTemplate\":\"https:\\\/\\\/www.bocskairadio.org\\\/en\\\/?s={search_term_string}\"},\"query-input\":{\"@type\":\"PropertyValueSpecification\",\"valueRequired\":true,\"valueName\":\"search_term_string\"}}],\"inLanguage\":\"en-US\"},{\"@type\":\"Organization\",\"@id\":\"https:\\\/\\\/www.bocskairadio.org\\\/en\\\/#organization\",\"name\":\"Bocskai R\u00e1di\u00f3\",\"url\":\"https:\\\/\\\/www.bocskairadio.org\\\/en\\\/\",\"logo\":{\"@type\":\"ImageObject\",\"inLanguage\":\"en-US\",\"@id\":\"https:\\\/\\\/www.bocskairadio.org\\\/en\\\/#\\\/schema\\\/logo\\\/image\\\/\",\"url\":\"https:\\\/\\\/www.bocskairadio.org\\\/wp-content\\\/uploads\\\/2016\\\/11\\\/var3_basic.jpg\",\"contentUrl\":\"https:\\\/\\\/www.bocskairadio.org\\\/wp-content\\\/uploads\\\/2016\\\/11\\\/var3_basic.jpg\",\"width\":500,\"height\":500,\"caption\":\"Bocskai R\u00e1di\u00f3\"},\"image\":{\"@id\":\"https:\\\/\\\/www.bocskairadio.org\\\/en\\\/#\\\/schema\\\/logo\\\/image\\\/\"},\"sameAs\":[\"https:\\\/\\\/www.facebook.com\\\/BocskaiRadio\",\"https:\\\/\\\/x.com\\\/BocskaiRadio\",\"https:\\\/\\\/www.instagram.com\\\/bocskairadio\\\/\",\"https:\\\/\\\/www.youtube.com\\\/user\\\/bocskairadio\",\"https:\\\/\\\/hu.wikipedia.org\\\/wiki\\\/Bocskai_R\u00e1di\u00f3\"]},{\"@type\":\"Person\",\"@id\":\"https:\\\/\\\/www.bocskairadio.org\\\/en\\\/#\\\/schema\\\/person\\\/6cbe8ea8388116f6941a0c3ce8f8ec1b\",\"name\":\"Hargitai Istv\u00e1n\",\"image\":{\"@type\":\"ImageObject\",\"inLanguage\":\"en-US\",\"@id\":\"https:\\\/\\\/secure.gravatar.com\\\/avatar\\\/29e250ecdfe108ad3ede776a036cd7d9a28ffb51a47724fcbeb51e74a694ecdd?s=96&d=mm&r=g\",\"url\":\"https:\\\/\\\/secure.gravatar.com\\\/avatar\\\/29e250ecdfe108ad3ede776a036cd7d9a28ffb51a47724fcbeb51e74a694ecdd?s=96&d=mm&r=g\",\"contentUrl\":\"https:\\\/\\\/secure.gravatar.com\\\/avatar\\\/29e250ecdfe108ad3ede776a036cd7d9a28ffb51a47724fcbeb51e74a694ecdd?s=96&d=mm&r=g\",\"caption\":\"Hargitai Istv\u00e1n\"},\"sameAs\":[\"https:\\\/\\\/www.bocskairadio.org\"],\"url\":\"https:\\\/\\\/www.bocskairadio.org\\\/en\\\/author\\\/hargitaiistvan\\\/\"}]}<\/script>\n<!-- \/ Yoast SEO plugin. -->","yoast_head_json":{"title":"Hungarian Cultural Garden Association, a Bit of History &#8211; Bocskai R\u00e1di\u00f3","robots":{"index":"index","follow":"follow","max-snippet":"max-snippet:-1","max-image-preview":"max-image-preview:large","max-video-preview":"max-video-preview:-1"},"canonical":"https:\/\/www.bocskairadio.org\/en\/hungarian-cultural-garden-association-bit-history\/","og_locale":"en_US","og_type":"article","og_title":"Hungarian Cultural Garden Association, a Bit of History &#8211; Bocskai R\u00e1di\u00f3","og_description":"&nbsp;  To weld the various nationalities of the cosmopolitan city of Cleveland into a close fellowship and to acquaint their cultural background with the native citizens, \u00a0a chain of cultural gardens was proposed to be designed and built by the various nationality groups each to symbolize something of that cultural background of which they were most proud of and best known.  The United Hungarian Societies of Cleveland delegated Albert A. Tudja and Stephen Gombozy to keep in touch with the movement and from time to time to report about its progress. In 1933 a committee was appointed under the auspices of the United Hungarian Societies to secure the plot of land and prepare plans for the Hungarian Garden. The committee selected a strip of land between the Shakespeare Garden in the German cultural Garden resembling the general contours of the Great Hungarian Plains and its surrounding and plans for the garden were drawn up by the landscape artists in Hungary.  In the fall of 1936 the United Hungarian Societies appointed a committee composed of the officers of the organization and several outside individuals. This committee was authorized to organize itself into the Hungarian Cultural Garden Association and to conduct the Affairs of the Garden. In the spring of 1939 a beautiful wrought iron gate -- a Sz\u00e9kely Kapu-- was built and donated by the Verhovay Fraternal Insurance Association of Pittsburgh Pennsylvania and on the 11th of July of the same year the garden was dedicated with fitting ceremony.\u00a0 A procession of about 5000 Hungarian Americans in native costumes opened the occasion that was attended by over 25,000 people. A choir of over 200 sang, noted speakers came from many parts of the country and the festival is remembered as one of the most impressive occasions of the city during the last few years.  In the spring of 1941 by authority of the United Hungarian Societies of Cleveland the Association was the organized with paying members. In December of the same year the garden was presented by the Magyar Club of Cleveland with a 40 foot flagpole and the American flag was dedicated with proper ceremony in the month of September.\u00a0The Hungarian Cultural Garden Association expressed hope that the organization as well as the large Hungarian community of Cleveland Ohio will make donations from time to time to perpetuate the great work of our rich Hungarian tradition.   &nbsp;  Source: Hungarians in America, Az Amerikai Magyars\u00e1g Aranyk\u00f6nyve, published by Szabads\u00e1g in 1941.","og_url":"https:\/\/www.bocskairadio.org\/en\/hungarian-cultural-garden-association-bit-history\/","og_site_name":"Bocskai R\u00e1di\u00f3","article_publisher":"https:\/\/www.facebook.com\/BocskaiRadio","article_published_time":"2016-04-02T07:56:19+00:00","article_modified_time":"2018-06-24T03:19:52+00:00","og_image":[{"width":768,"height":512,"url":"https:\/\/www.bocskairadio.org\/wp-content\/uploads\/2016\/04\/Hungarden1.jpg","type":"image\/jpeg"}],"author":"Hargitai Istv\u00e1n","twitter_card":"summary_large_image","twitter_creator":"@BocskaiRadio","twitter_site":"@BocskaiRadio","schema":{"@context":"https:\/\/schema.org","@graph":[{"@type":"Article","@id":"https:\/\/www.bocskairadio.org\/en\/hungarian-cultural-garden-association-bit-history\/#article","isPartOf":{"@id":"https:\/\/www.bocskairadio.org\/en\/hungarian-cultural-garden-association-bit-history\/"},"author":{"name":"Hargitai Istv\u00e1n","@id":"https:\/\/www.bocskairadio.org\/en\/#\/schema\/person\/6cbe8ea8388116f6941a0c3ce8f8ec1b"},"headline":"Hungarian Cultural Garden Association, a Bit of History","datePublished":"2016-04-02T07:56:19+00:00","dateModified":"2018-06-24T03:19:52+00:00","mainEntityOfPage":{"@id":"https:\/\/www.bocskairadio.org\/en\/hungarian-cultural-garden-association-bit-history\/"},"wordCount":414,"commentCount":0,"publisher":{"@id":"https:\/\/www.bocskairadio.org\/en\/#organization"},"image":{"@id":"https:\/\/www.bocskairadio.org\/en\/hungarian-cultural-garden-association-bit-history\/#primaryimage"},"thumbnailUrl":"https:\/\/www.bocskairadio.org\/wp-content\/uploads\/2016\/04\/Garden.jpg","articleSection":["Local events and news"],"inLanguage":"en-US","potentialAction":[{"@type":"CommentAction","name":"Comment","target":["https:\/\/www.bocskairadio.org\/en\/hungarian-cultural-garden-association-bit-history\/#respond"]}]},{"@type":"WebPage","@id":"https:\/\/www.bocskairadio.org\/en\/hungarian-cultural-garden-association-bit-history\/","url":"https:\/\/www.bocskairadio.org\/en\/hungarian-cultural-garden-association-bit-history\/","name":"Hungarian Cultural Garden Association, a Bit of History &#8211; Bocskai R\u00e1di\u00f3","isPartOf":{"@id":"https:\/\/www.bocskairadio.org\/en\/#website"},"primaryImageOfPage":{"@id":"https:\/\/www.bocskairadio.org\/en\/hungarian-cultural-garden-association-bit-history\/#primaryimage"},"image":{"@id":"https:\/\/www.bocskairadio.org\/en\/hungarian-cultural-garden-association-bit-history\/#primaryimage"},"thumbnailUrl":"https:\/\/www.bocskairadio.org\/wp-content\/uploads\/2016\/04\/Garden.jpg","datePublished":"2016-04-02T07:56:19+00:00","dateModified":"2018-06-24T03:19:52+00:00","inLanguage":"en-US","potentialAction":[{"@type":"ReadAction","target":["https:\/\/www.bocskairadio.org\/en\/hungarian-cultural-garden-association-bit-history\/"]}]},{"@type":"ImageObject","inLanguage":"en-US","@id":"https:\/\/www.bocskairadio.org\/en\/hungarian-cultural-garden-association-bit-history\/#primaryimage","url":"https:\/\/www.bocskairadio.org\/wp-content\/uploads\/2016\/04\/Garden.jpg","contentUrl":"https:\/\/www.bocskairadio.org\/wp-content\/uploads\/2016\/04\/Garden.jpg","width":768,"height":557},{"@type":"WebSite","@id":"https:\/\/www.bocskairadio.org\/en\/#website","url":"https:\/\/www.bocskairadio.org\/en\/","name":"Bocskai R\u00e1di\u00f3","description":"The Voice of Cleveland Hungarians","publisher":{"@id":"https:\/\/www.bocskairadio.org\/en\/#organization"},"potentialAction":[{"@type":"SearchAction","target":{"@type":"EntryPoint","urlTemplate":"https:\/\/www.bocskairadio.org\/en\/?s={search_term_string}"},"query-input":{"@type":"PropertyValueSpecification","valueRequired":true,"valueName":"search_term_string"}}],"inLanguage":"en-US"},{"@type":"Organization","@id":"https:\/\/www.bocskairadio.org\/en\/#organization","name":"Bocskai R\u00e1di\u00f3","url":"https:\/\/www.bocskairadio.org\/en\/","logo":{"@type":"ImageObject","inLanguage":"en-US","@id":"https:\/\/www.bocskairadio.org\/en\/#\/schema\/logo\/image\/","url":"https:\/\/www.bocskairadio.org\/wp-content\/uploads\/2016\/11\/var3_basic.jpg","contentUrl":"https:\/\/www.bocskairadio.org\/wp-content\/uploads\/2016\/11\/var3_basic.jpg","width":500,"height":500,"caption":"Bocskai R\u00e1di\u00f3"},"image":{"@id":"https:\/\/www.bocskairadio.org\/en\/#\/schema\/logo\/image\/"},"sameAs":["https:\/\/www.facebook.com\/BocskaiRadio","https:\/\/x.com\/BocskaiRadio","https:\/\/www.instagram.com\/bocskairadio\/","https:\/\/www.youtube.com\/user\/bocskairadio","https:\/\/hu.wikipedia.org\/wiki\/Bocskai_R\u00e1di\u00f3"]},{"@type":"Person","@id":"https:\/\/www.bocskairadio.org\/en\/#\/schema\/person\/6cbe8ea8388116f6941a0c3ce8f8ec1b","name":"Hargitai Istv\u00e1n","image":{"@type":"ImageObject","inLanguage":"en-US","@id":"https:\/\/secure.gravatar.com\/avatar\/29e250ecdfe108ad3ede776a036cd7d9a28ffb51a47724fcbeb51e74a694ecdd?s=96&d=mm&r=g","url":"https:\/\/secure.gravatar.com\/avatar\/29e250ecdfe108ad3ede776a036cd7d9a28ffb51a47724fcbeb51e74a694ecdd?s=96&d=mm&r=g","contentUrl":"https:\/\/secure.gravatar.com\/avatar\/29e250ecdfe108ad3ede776a036cd7d9a28ffb51a47724fcbeb51e74a694ecdd?s=96&d=mm&r=g","caption":"Hargitai Istv\u00e1n"},"sameAs":["https:\/\/www.bocskairadio.org"],"url":"https:\/\/www.bocskairadio.org\/en\/author\/hargitaiistvan\/"}]}},"_links":{"self":[{"href":"https:\/\/www.bocskairadio.org\/en\/wp-json\/wp\/v2\/posts\/22081","targetHints":{"allow":["GET"]}}],"collection":[{"href":"https:\/\/www.bocskairadio.org\/en\/wp-json\/wp\/v2\/posts"}],"about":[{"href":"https:\/\/www.bocskairadio.org\/en\/wp-json\/wp\/v2\/types\/post"}],"author":[{"embeddable":true,"href":"https:\/\/www.bocskairadio.org\/en\/wp-json\/wp\/v2\/users\/9"}],"replies":[{"embeddable":true,"href":"https:\/\/www.bocskairadio.org\/en\/wp-json\/wp\/v2\/comments?post=22081"}],"version-history":[{"count":0,"href":"https:\/\/www.bocskairadio.org\/en\/wp-json\/wp\/v2\/posts\/22081\/revisions"}],"wp:featuredmedia":[{"embeddable":true,"href":"https:\/\/www.bocskairadio.org\/en\/wp-json\/wp\/v2\/media\/22082"}],"wp:attachment":[{"href":"https:\/\/www.bocskairadio.org\/en\/wp-json\/wp\/v2\/media?parent=22081"}],"wp:term":[{"taxonomy":"category","embeddable":true,"href":"https:\/\/www.bocskairadio.org\/en\/wp-json\/wp\/v2\/categories?post=22081"},{"taxonomy":"post_tag","embeddable":true,"href":"https:\/\/www.bocskairadio.org\/en\/wp-json\/wp\/v2\/tags?post=22081"}],"curies":[{"name":"wp","href":"https:\/\/api.w.org\/{rel}","templated":true}]}}