{"id":22868,"date":"2016-05-08T00:22:57","date_gmt":"2016-05-08T04:22:57","guid":{"rendered":"https:\/\/www.bocskairadio.org\/en\/?p=22868"},"modified":"2016-05-08T22:57:21","modified_gmt":"2016-05-09T02:57:21","slug":"annual-gala-dinner-honors-dr-janos-martonyi","status":"publish","type":"post","link":"https:\/\/www.bocskairadio.org\/en\/annual-gala-dinner-honors-dr-janos-martonyi\/","title":{"rendered":"Annual Gala Dinner Honors Dr. J\u00e1nos Martonyi"},"content":{"rendered":"<p style=\"text-align: justify;\">Washington, DC &#8211;\u00a0On May 3, 2016, the Hungarian American Coalition (Coalition) honored Dr. J\u00e1nos Martonyi, Hungary\u2019s former Minister of Foreign Affairs, at its 12th annual Gala Dinner. This year\u2019s Gala also marked the 25th anniversary of the Coalition, which was founded in 1991 to provide advocacy and community leadership.<\/p>\n<p style=\"text-align: justify;\">His Excellency J\u00e1nos \u00c1der, President of Hungary, was Honorary Chairman of the event, held at the House of Sweden in Washington.<\/p>\n<p style=\"text-align: justify;\">Coalition Vice President Andrea Lauer Rice welcomed the distinguished guests, including Dr. J\u00e1nos Martonyi, and his wife Dr. Roz\u00e1lia R\u00e1bai; Governor George Pataki, Gala Co-Chair; Co-Chairs Ambassador Richard Swett and Dr. Katrina Lantos Swett, Chairman of the Lantos Foundation for Human Rights and Justice; Ambassador George Herbert Walker and Mrs. Carol Walker; Ambassador R\u00e9ka Szemerk\u00e9nyi, Hungary\u2019s Ambassador to the United States; Mr. Sunil Sabwarhal, Alternate U.S. Executive Director, IMF and Mrs. Gabrielle Tabori Sabwarhal; Ambassador Thomas Robertson and Mrs. Antoinette Robertson; Mrs. Annette Lantos Tillemann-Dick and her daughter Mercina Tillemann-Dick; Mr. David Kostelancik, the incoming DCM of the US Embassy in Hungary; Ms. Karyn Posner-Mullen, former Counselor for Public Affairs at the US Embassy in Hungary; and Dr. Lee Edwards, Chairman of the Victims of Communism Memorial Foundation.<\/p>\n<p style=\"text-align: justify;\">Other prominent guests included: Mrs. Edith Lauer, Chair Emerita of the Coalition, and Mr. John Lauer; Mr. Stefan and Mrs. Erika Fedor, founders of the Washington Hungarian Heritage House; Mr. and Mrs. Blaise Pasztory; Mrs. Enik\u0151 Basa Moln\u00e1r, Executive Director of the American Hungarian Educators Association and the Coalition interns\u2019 guardian angel.\u00a0 Also in attendance were Coalition board members Zsolt Szekeres, Treasurer; Mrs. Anne Bader; Mr. L\u00e1szl\u00f3 B\u00f6jt\u00f6s, Honorary Consul of Cleveland and Mrs. Georgianna B\u00f6jt\u00f6s; Mr. L\u00e1szl\u00f3 H\u00e1mos, President of the US Section of the Diaspora Council and the Hungarian Human Rights Foundation; Mr. Leslie Megyeri; Mr. George Pogan, Coalition Secretary and Mrs. Sandy Pogan; Mr. Tibor Purger, the Coalition\u2019s Head of Communications; Mr. Gabe Rozsa, Chairman of the Kossuth Foundation; and Mr. Julius Varallyay.<\/p>\n<p style=\"text-align: justify;\">Many Embassy of Hungary staff were also in attendance: Ms. Krisztina Osv\u00e1t, Counselor in charge of outreach to the Hungarian American community; Ms. Dorottya M\u00e1rtonffy-Nagy, Commercial and Economic Attach\u00e9; Mr. Ferenc Kalm\u00e1r, Third Secretary, Political-Military Affairs; Ms. Anita Demeter, Consul; Brigadier General Zsolt S\u00e1ndor, Defense, Military and Air Attach\u00e9; and Mr. P\u00e9ter Rada, Third Secretary, Congressional Liaison Officer.<\/p>\n<p><a href=\"https:\/\/www.bocskairadio.org\/wp-content\/uploads\/2016\/05\/DSC_5136.jpg\"><img loading=\"lazy\" decoding=\"async\" class=\"aligncenter size-large wp-image-22843\" src=\"https:\/\/www.bocskairadio.org\/wp-content\/uploads\/2016\/05\/DSC_5136-600x400.jpg\" alt=\"DSC_5136\" width=\"600\" height=\"400\" srcset=\"https:\/\/www.bocskairadio.org\/wp-content\/uploads\/2016\/05\/DSC_5136-600x400.jpg 600w, https:\/\/www.bocskairadio.org\/wp-content\/uploads\/2016\/05\/DSC_5136-300x200.jpg 300w, https:\/\/www.bocskairadio.org\/wp-content\/uploads\/2016\/05\/DSC_5136.jpg 768w\" sizes=\"auto, (max-width: 600px) 100vw, 600px\" \/><\/a><\/p>\n<p style=\"text-align: justify;\">In her welcoming remarks, Mrs. Lauer Rice emphasized that 2016 marks not only the Coalition\u2019s 25th anniversary, but is also the 60th anniversary of the 1956 Hungarian Revolution, which shaped the lives, passion and contributions of so many Coalition founders.\u00a0 After presenting a capsule history of the Coalition in statistics, Mrs. Lauer Rice thanked everyone who has worked with and supported the Coalition in its efforts to strengthen the US-Hungary relationship.<\/p>\n<p style=\"text-align: justify;\">Mrs. Lauer Rice reported on the latest developments of the Coalition\u2019s Memory Project initiative, launched earlier this year by Mrs. Lauer Rice and R\u00e9ka Pigniczky, Coalition member and award-winning documentary filmmaker. The Memory Project commemorates and celebrates the spirit of 1956 through video interviews with Hungarian-Americans who were witnesses and participants in the 1956 events. The Memory Project, with its latest work in the D.C. area, has just completed its 66th interview.<\/p>\n<p style=\"text-align: justify;\">Following Mrs. Lauer Rice\u2019s remarks, Ambassador R\u00e9ka Szemerk\u00e9nyi highlighted the major achievements of the Coalition, including its role in Hungary\u2019s NATO accession; the successful negotiation of the Visa Waiver Program; and its ongoing educational programs.\u00a0 The Coalition, Ambassador Szemerk\u00e9nyi said, \u201chas been a major strategic asset for successive Ambassadors, that is, to have friends like you helping to advance Hungary\u2019s national interests here in Washington. \u00a0This has taken many forms over the years, but one thing has remained constant: we could always count on the support of the Coalition.\u201d<\/p>\n<p style=\"text-align: justify;\">Ambassador Szemerk\u00e9nyi praised Dr. J\u00e1nos Martonyi, the Coalition\u2019s honoree, as a true European and an Atlanticist whose leadership and policy decisions have always exuded a confident certainty of Hungary\u2019s place in the world as a member of the democratic European family of nations in a strong alliance with the United States.<\/p>\n<p style=\"text-align: justify;\">In his remarks following dinner, Coalition President Max Teleki introduced Dr. Martonyi, highlighting his commitment to Hungary\u2019s accession to the European Union, NATO and other Western democratic institutions.\u00a0 A short video interview with Dr. Martonyi was shown (the video is available on the\u00a0<a href=\"https:\/\/www.hacusa.org\/en\/videos\/video-interview-with-dr-janos-martonyi\" target=\"_blank\">Coalition\u2019s home page<\/a>).<\/p>\n<p style=\"text-align: justify;\">In accepting the award, Dr. Martonyi said that among the many recognitions he has received in his career as civil servant, this award was the most meaningful, because it comes from those who share his commitment to ensure that all Hungarians dispersed throughout the world are part of a free and sovereign Hungarian nation.<\/p>\n<audio class=\"wp-audio-shortcode\" id=\"audio-22868-1\" preload=\"none\" style=\"width: 100%;\" controls=\"controls\"><source type=\"audio\/mpeg\" src=\"https:\/\/www.bocskairadio.org\/wp-content\/uploads\/2016\/05\/MartonyiJanos.mp3?_=1\" \/><a href=\"https:\/\/www.bocskairadio.org\/wp-content\/uploads\/2016\/05\/MartonyiJanos.mp3\">https:\/\/www.bocskairadio.org\/wp-content\/uploads\/2016\/05\/MartonyiJanos.mp3<\/a><\/audio>\n<p style=\"text-align: justify;\">Source:\u00a0<a href=\"https:\/\/www.hacusa.org\/en\/news\/annual-gala-dinner-honors-dr-janos-martonyi\">www.hacusa.org<\/a><\/p>\n","protected":false},"excerpt":{"rendered":"<p style=\"text-align: justify;\">Washington, DC &#8211;\u00a0On May 3, 2016, the Hungarian American Coalition (Coalition) honored Dr. J\u00e1nos Martonyi, Hungary\u2019s former Minister of Foreign Affairs, at its 12th annual Gala Dinner. This year\u2019s Gala also marked the 25th anniversary of the Coalition, which was founded in 1991 to provide advocacy and community leadership.<\/p>\n<p style=\"text-align: justify;\">His Excellency J\u00e1nos \u00c1der, President of Hungary, was Honorary Chairman of the event, held at the House of Sweden in Washington.<\/p>\n<p style=\"text-align: justify;\">Coalition Vice President Andrea Lauer Rice welcomed the distinguished guests, including Dr. J\u00e1nos Martonyi, and his wife Dr. Roz\u00e1lia R\u00e1bai; Governor George Pataki, Gala Co-Chair; Co-Chairs Ambassador Richard Swett and Dr. Katrina Lantos Swett, Chairman of the Lantos Foundation for Human Rights and Justice; Ambassador George Herbert Walker and Mrs. Carol Walker; Ambassador R\u00e9ka Szemerk\u00e9nyi, Hungary\u2019s Ambassador to the United States; Mr. Sunil Sabwarhal, Alternate U.S. Executive Director, IMF and Mrs. Gabrielle Tabori Sabwarhal; Ambassador Thomas Robertson and Mrs. Antoinette Robertson; Mrs. Annette Lantos Tillemann-Dick and her daughter Mercina Tillemann-Dick; Mr. David Kostelancik, the incoming DCM of the US Embassy in Hungary; Ms. Karyn Posner-Mullen, former Counselor for Public Affairs at the US Embassy in Hungary; and Dr. Lee Edwards, Chairman of the Victims of Communism Memorial Foundation.<\/p>\n<p style=\"text-align: justify;\">Other prominent guests included: Mrs. Edith Lauer, Chair Emerita of the Coalition, and Mr. John Lauer; Mr. Stefan and Mrs. Erika Fedor, founders of the Washington Hungarian Heritage House; Mr. and Mrs. Blaise Pasztory; Mrs. Enik\u0151 Basa Moln\u00e1r, Executive Director of the American Hungarian Educators Association and the Coalition interns\u2019 guardian angel.\u00a0 Also in attendance were Coalition board members Zsolt Szekeres, Treasurer; Mrs. Anne Bader; Mr. L\u00e1szl\u00f3 B\u00f6jt\u00f6s, Honorary Consul of Cleveland and Mrs. Georgianna B\u00f6jt\u00f6s; Mr. L\u00e1szl\u00f3 H\u00e1mos, President of the US Section of the Diaspora Council and the Hungarian Human Rights Foundation; Mr. Leslie Megyeri; Mr. George Pogan, Coalition Secretary and Mrs. Sandy Pogan; Mr. Tibor Purger, the Coalition\u2019s Head of Communications; Mr. Gabe Rozsa, Chairman of the Kossuth Foundation; and Mr. Julius Varallyay.<\/p>\n<p style=\"text-align: justify;\">Many Embassy of Hungary staff were also in attendance: Ms. Krisztina Osv\u00e1t, Counselor in charge of outreach to the Hungarian American community; Ms. Dorottya M\u00e1rtonffy-Nagy, Commercial and Economic Attach\u00e9; Mr. Ferenc Kalm\u00e1r, Third Secretary, Political-Military Affairs; Ms. Anita Demeter, Consul; Brigadier General Zsolt S\u00e1ndor, Defense, Military and Air Attach\u00e9; and Mr. P\u00e9ter Rada, Third Secretary, Congressional Liaison Officer.<\/p>\n<p><a href=\"https:\/\/www.bocskairadio.org\/wp-content\/uploads\/2016\/05\/DSC_5136.jpg\"><img loading=\"lazy\" decoding=\"async\" class=\"aligncenter size-large wp-image-22843\" src=\"https:\/\/www.bocskairadio.org\/wp-content\/uploads\/2016\/05\/DSC_5136-600x400.jpg\" alt=\"DSC_5136\" width=\"600\" height=\"400\" srcset=\"https:\/\/www.bocskairadio.org\/wp-content\/uploads\/2016\/05\/DSC_5136-600x400.jpg 600w, https:\/\/www.bocskairadio.org\/wp-content\/uploads\/2016\/05\/DSC_5136-300x200.jpg 300w, https:\/\/www.bocskairadio.org\/wp-content\/uploads\/2016\/05\/DSC_5136.jpg 768w\" sizes=\"auto, (max-width: 600px) 100vw, 600px\" \/><\/a><\/p>\n<p style=\"text-align: justify;\">In her welcoming remarks, Mrs. Lauer Rice emphasized that 2016 marks not only the Coalition\u2019s 25th anniversary, but is also the 60th anniversary of the 1956 Hungarian Revolution, which shaped the lives, passion and contributions of so many Coalition founders.\u00a0 After presenting a capsule history of the Coalition in statistics, Mrs. Lauer Rice thanked everyone who has worked with and supported the Coalition in its efforts to strengthen the US-Hungary relationship.<\/p>\n<p style=\"text-align: justify;\">Mrs. Lauer Rice reported on the latest developments of the Coalition\u2019s Memory Project initiative, launched earlier this year by Mrs. Lauer Rice and R\u00e9ka Pigniczky, Coalition member and award-winning documentary filmmaker. The Memory Project commemorates and celebrates the spirit of 1956 through video interviews with Hungarian-Americans who were witnesses and participants in the 1956 events. The Memory Project, with its latest work in the D.C. area, has just completed its 66th interview.<\/p>\n<p style=\"text-align: justify;\">Following Mrs. Lauer Rice\u2019s remarks, Ambassador R\u00e9ka Szemerk\u00e9nyi highlighted the major achievements of the Coalition, including its role in Hungary\u2019s NATO accession; the successful negotiation of the Visa Waiver Program; and its ongoing educational programs.\u00a0 The Coalition, Ambassador Szemerk\u00e9nyi said, \u201chas been a major strategic asset for successive Ambassadors, that is, to have friends like you helping to advance Hungary\u2019s national interests here in Washington. \u00a0This has taken many forms over the years, but one thing has remained constant: we could always count on the support of the Coalition.\u201d<\/p>\n<p style=\"text-align: justify;\">Ambassador Szemerk\u00e9nyi praised Dr. J\u00e1nos Martonyi, the Coalition\u2019s honoree, as a true European and an Atlanticist whose leadership and policy decisions have always exuded a confident certainty of Hungary\u2019s place in the world as a member of the democratic European family of nations in a strong alliance with the United States.<\/p>\n<p style=\"text-align: justify;\">In his remarks following dinner, Coalition President Max Teleki introduced Dr. Martonyi, highlighting his commitment to Hungary\u2019s accession to the European Union, NATO and other Western democratic institutions.\u00a0 A short video interview with Dr. Martonyi was shown (the video is available on the\u00a0<a href=\"https:\/\/www.hacusa.org\/en\/videos\/video-interview-with-dr-janos-martonyi\" target=\"_blank\">Coalition\u2019s home page<\/a>).<\/p>\n<p style=\"text-align: justify;\">In accepting the award, Dr. Martonyi said that among the many recognitions he has received in his career as civil servant, this award was the most meaningful, because it comes from those who share his commitment to ensure that all Hungarians dispersed throughout the world are part of a free and sovereign Hungarian nation.<\/p>\n[audio mp3=\"https:\/\/www.bocskairadio.org\/wp-content\/uploads\/2016\/05\/MartonyiJanos.mp3\"][\/audio]\n<p style=\"text-align: justify;\">Source:\u00a0<a href=\"https:\/\/www.hacusa.org\/en\/news\/annual-gala-dinner-honors-dr-janos-martonyi\">www.hacusa.org<\/a><\/p>\n","protected":false},"author":2,"featured_media":22844,"comment_status":"open","ping_status":"open","sticky":false,"template":"","format":"standard","meta":{"footnotes":""},"categories":[166],"tags":[],"class_list":["post-22868","post","type-post","status-publish","format-standard","has-post-thumbnail","category-news"],"yoast_head":"<!-- This site is optimized with the Yoast SEO plugin v27.4 - https:\/\/yoast.com\/product\/yoast-seo-wordpress\/ -->\n<title>Annual Gala Dinner Honors Dr. J\u00e1nos Martonyi &#8211; Bocskai R\u00e1di\u00f3<\/title>\n<meta name=\"robots\" content=\"index, follow, max-snippet:-1, max-image-preview:large, max-video-preview:-1\" \/>\n<link rel=\"canonical\" href=\"https:\/\/www.bocskairadio.org\/en\/annual-gala-dinner-honors-dr-janos-martonyi\/\" \/>\n<meta property=\"og:locale\" content=\"en_US\" \/>\n<meta property=\"og:type\" content=\"article\" \/>\n<meta property=\"og:title\" content=\"Annual Gala Dinner Honors Dr. J\u00e1nos Martonyi &#8211; Bocskai R\u00e1di\u00f3\" \/>\n<meta property=\"og:description\" content=\"Washington, DC -\u00a0On May 3, 2016, the Hungarian American Coalition (Coalition) honored Dr. J\u00e1nos Martonyi, Hungary\u2019s former Minister of Foreign Affairs, at its 12th annual Gala Dinner. This year\u2019s Gala also marked the 25th anniversary of the Coalition, which was founded in 1991 to provide advocacy and community leadership. His Excellency J\u00e1nos \u00c1der, President of Hungary, was Honorary Chairman of the event, held at the House of Sweden in Washington. Coalition Vice President Andrea Lauer Rice welcomed the distinguished guests, including Dr. J\u00e1nos Martonyi, and his wife Dr. Roz\u00e1lia R\u00e1bai; Governor George Pataki, Gala Co-Chair; Co-Chairs Ambassador Richard Swett and Dr. Katrina Lantos Swett, Chairman of the Lantos Foundation for Human Rights and Justice; Ambassador George Herbert Walker and Mrs. Carol Walker; Ambassador R\u00e9ka Szemerk\u00e9nyi, Hungary\u2019s Ambassador to the United States; Mr. Sunil Sabwarhal, Alternate U.S. Executive Director, IMF and Mrs. Gabrielle Tabori Sabwarhal; Ambassador Thomas Robertson and Mrs. Antoinette Robertson; Mrs. Annette Lantos Tillemann-Dick and her daughter Mercina Tillemann-Dick; Mr. David Kostelancik, the incoming DCM of the US Embassy in Hungary; Ms. Karyn Posner-Mullen, former Counselor for Public Affairs at the US Embassy in Hungary; and Dr. Lee Edwards, Chairman of the Victims of Communism Memorial Foundation. Other prominent guests included: Mrs. Edith Lauer, Chair Emerita of the Coalition, and Mr. John Lauer; Mr. Stefan and Mrs. Erika Fedor, founders of the Washington Hungarian Heritage House; Mr. and Mrs. Blaise Pasztory; Mrs. Enik\u0151 Basa Moln\u00e1r, Executive Director of the American Hungarian Educators Association and the Coalition interns\u2019 guardian angel.\u00a0 Also in attendance were Coalition board members Zsolt Szekeres, Treasurer; Mrs. Anne Bader; Mr. L\u00e1szl\u00f3 B\u00f6jt\u00f6s, Honorary Consul of Cleveland and Mrs. Georgianna B\u00f6jt\u00f6s; Mr. L\u00e1szl\u00f3 H\u00e1mos, President of the US Section of the Diaspora Council and the Hungarian Human Rights Foundation; Mr. Leslie Megyeri; Mr. George Pogan, Coalition Secretary and Mrs. Sandy Pogan; Mr. Tibor Purger, the Coalition\u2019s Head of Communications; Mr. Gabe Rozsa, Chairman of the Kossuth Foundation; and Mr. Julius Varallyay. Many Embassy of Hungary staff were also in attendance: Ms. Krisztina Osv\u00e1t, Counselor in charge of outreach to the Hungarian American community; Ms. Dorottya M\u00e1rtonffy-Nagy, Commercial and Economic Attach\u00e9; Mr. Ferenc Kalm\u00e1r, Third Secretary, Political-Military Affairs; Ms. Anita Demeter, Consul; Brigadier General Zsolt S\u00e1ndor, Defense, Military and Air Attach\u00e9; and Mr. P\u00e9ter Rada, Third Secretary, Congressional Liaison Officer.  In her welcoming remarks, Mrs. Lauer Rice emphasized that 2016 marks not only the Coalition\u2019s 25th anniversary, but is also the 60th anniversary of the 1956 Hungarian Revolution, which shaped the lives, passion and contributions of so many Coalition founders.\u00a0 After presenting a capsule history of the Coalition in statistics, Mrs. Lauer Rice thanked everyone who has worked with and supported the Coalition in its efforts to strengthen the US-Hungary relationship. Mrs. Lauer Rice reported on the latest developments of the Coalition\u2019s Memory Project initiative, launched earlier this year by Mrs. Lauer Rice and R\u00e9ka Pigniczky, Coalition member and award-winning documentary filmmaker. The Memory Project commemorates and celebrates the spirit of 1956 through video interviews with Hungarian-Americans who were witnesses and participants in the 1956 events. The Memory Project, with its latest work in the D.C. area, has just completed its 66th interview. Following Mrs. Lauer Rice\u2019s remarks, Ambassador R\u00e9ka Szemerk\u00e9nyi highlighted the major achievements of the Coalition, including its role in Hungary\u2019s NATO accession; the successful negotiation of the Visa Waiver Program; and its ongoing educational programs.\u00a0 The Coalition, Ambassador Szemerk\u00e9nyi said, \u201chas been a major strategic asset for successive Ambassadors, that is, to have friends like you helping to advance Hungary\u2019s national interests here in Washington. \u00a0This has taken many forms over the years, but one thing has remained constant: we could always count on the support of the Coalition.\u201d Ambassador Szemerk\u00e9nyi praised Dr. J\u00e1nos Martonyi, the Coalition\u2019s honoree, as a true European and an Atlanticist whose leadership and policy decisions have always exuded a confident certainty of Hungary\u2019s place in the world as a member of the democratic European family of nations in a strong alliance with the United States. In his remarks following dinner, Coalition President Max Teleki introduced Dr. Martonyi, highlighting his commitment to Hungary\u2019s accession to the European Union, NATO and other Western democratic institutions.\u00a0 A short video interview with Dr. Martonyi was shown (the video is available on the\u00a0Coalition\u2019s home page). In accepting the award, Dr. Martonyi said that among the many recognitions he has received in his career as civil servant, this award was the most meaningful, because it comes from those who share his commitment to ensure that all Hungarians dispersed throughout the world are part of a free and sovereign Hungarian nation.  Source:\u00a0www.hacusa.org\" \/>\n<meta property=\"og:url\" content=\"https:\/\/www.bocskairadio.org\/en\/annual-gala-dinner-honors-dr-janos-martonyi\/\" \/>\n<meta property=\"og:site_name\" content=\"Bocskai R\u00e1di\u00f3\" \/>\n<meta property=\"article:publisher\" content=\"https:\/\/www.facebook.com\/BocskaiRadio\" \/>\n<meta property=\"article:published_time\" content=\"2016-05-08T04:22:57+00:00\" \/>\n<meta property=\"article:modified_time\" content=\"2016-05-09T02:57:21+00:00\" \/>\n<meta property=\"og:image\" content=\"https:\/\/www.bocskairadio.org\/wp-content\/uploads\/2016\/05\/DSC_5136.jpg\" \/>\n\t<meta property=\"og:image:width\" content=\"768\" \/>\n\t<meta property=\"og:image:height\" content=\"512\" \/>\n\t<meta property=\"og:image:type\" content=\"image\/jpeg\" \/>\n<meta name=\"author\" content=\"Bocskai R\u00e1di\u00f3\" \/>\n<meta name=\"twitter:card\" content=\"summary_large_image\" \/>\n<meta name=\"twitter:creator\" content=\"@BocskaiRadio\" \/>\n<meta name=\"twitter:site\" content=\"@BocskaiRadio\" \/>\n<script type=\"application\/ld+json\" class=\"yoast-schema-graph\">{\"@context\":\"https:\\\/\\\/schema.org\",\"@graph\":[{\"@type\":\"Article\",\"@id\":\"https:\\\/\\\/www.bocskairadio.org\\\/en\\\/annual-gala-dinner-honors-dr-janos-martonyi\\\/#article\",\"isPartOf\":{\"@id\":\"https:\\\/\\\/www.bocskairadio.org\\\/en\\\/annual-gala-dinner-honors-dr-janos-martonyi\\\/\"},\"author\":{\"name\":\"Bocskai R\u00e1di\u00f3\",\"@id\":\"https:\\\/\\\/www.bocskairadio.org\\\/en\\\/#\\\/schema\\\/person\\\/8bcb55a841d5aae0d74dd77c82785eeb\"},\"headline\":\"Annual Gala Dinner Honors Dr. J\u00e1nos Martonyi\",\"datePublished\":\"2016-05-08T04:22:57+00:00\",\"dateModified\":\"2016-05-09T02:57:21+00:00\",\"mainEntityOfPage\":{\"@id\":\"https:\\\/\\\/www.bocskairadio.org\\\/en\\\/annual-gala-dinner-honors-dr-janos-martonyi\\\/\"},\"wordCount\":823,\"commentCount\":0,\"publisher\":{\"@id\":\"https:\\\/\\\/www.bocskairadio.org\\\/en\\\/#organization\"},\"image\":{\"@id\":\"https:\\\/\\\/www.bocskairadio.org\\\/en\\\/annual-gala-dinner-honors-dr-janos-martonyi\\\/#primaryimage\"},\"thumbnailUrl\":\"https:\\\/\\\/www.bocskairadio.org\\\/wp-content\\\/uploads\\\/2016\\\/05\\\/DSC_5136.jpg\",\"articleSection\":[\"News\"],\"inLanguage\":\"en-US\",\"potentialAction\":[{\"@type\":\"CommentAction\",\"name\":\"Comment\",\"target\":[\"https:\\\/\\\/www.bocskairadio.org\\\/en\\\/annual-gala-dinner-honors-dr-janos-martonyi\\\/#respond\"]}]},{\"@type\":\"WebPage\",\"@id\":\"https:\\\/\\\/www.bocskairadio.org\\\/en\\\/annual-gala-dinner-honors-dr-janos-martonyi\\\/\",\"url\":\"https:\\\/\\\/www.bocskairadio.org\\\/en\\\/annual-gala-dinner-honors-dr-janos-martonyi\\\/\",\"name\":\"Annual Gala Dinner Honors Dr. J\u00e1nos Martonyi &#8211; Bocskai R\u00e1di\u00f3\",\"isPartOf\":{\"@id\":\"https:\\\/\\\/www.bocskairadio.org\\\/en\\\/#website\"},\"primaryImageOfPage\":{\"@id\":\"https:\\\/\\\/www.bocskairadio.org\\\/en\\\/annual-gala-dinner-honors-dr-janos-martonyi\\\/#primaryimage\"},\"image\":{\"@id\":\"https:\\\/\\\/www.bocskairadio.org\\\/en\\\/annual-gala-dinner-honors-dr-janos-martonyi\\\/#primaryimage\"},\"thumbnailUrl\":\"https:\\\/\\\/www.bocskairadio.org\\\/wp-content\\\/uploads\\\/2016\\\/05\\\/DSC_5136.jpg\",\"datePublished\":\"2016-05-08T04:22:57+00:00\",\"dateModified\":\"2016-05-09T02:57:21+00:00\",\"inLanguage\":\"en-US\",\"potentialAction\":[{\"@type\":\"ReadAction\",\"target\":[\"https:\\\/\\\/www.bocskairadio.org\\\/en\\\/annual-gala-dinner-honors-dr-janos-martonyi\\\/\"]}]},{\"@type\":\"ImageObject\",\"inLanguage\":\"en-US\",\"@id\":\"https:\\\/\\\/www.bocskairadio.org\\\/en\\\/annual-gala-dinner-honors-dr-janos-martonyi\\\/#primaryimage\",\"url\":\"https:\\\/\\\/www.bocskairadio.org\\\/wp-content\\\/uploads\\\/2016\\\/05\\\/DSC_5136.jpg\",\"contentUrl\":\"https:\\\/\\\/www.bocskairadio.org\\\/wp-content\\\/uploads\\\/2016\\\/05\\\/DSC_5136.jpg\",\"width\":768,\"height\":512},{\"@type\":\"WebSite\",\"@id\":\"https:\\\/\\\/www.bocskairadio.org\\\/en\\\/#website\",\"url\":\"https:\\\/\\\/www.bocskairadio.org\\\/en\\\/\",\"name\":\"Bocskai R\u00e1di\u00f3\",\"description\":\"The Voice of Cleveland Hungarians\",\"publisher\":{\"@id\":\"https:\\\/\\\/www.bocskairadio.org\\\/en\\\/#organization\"},\"potentialAction\":[{\"@type\":\"SearchAction\",\"target\":{\"@type\":\"EntryPoint\",\"urlTemplate\":\"https:\\\/\\\/www.bocskairadio.org\\\/en\\\/?s={search_term_string}\"},\"query-input\":{\"@type\":\"PropertyValueSpecification\",\"valueRequired\":true,\"valueName\":\"search_term_string\"}}],\"inLanguage\":\"en-US\"},{\"@type\":\"Organization\",\"@id\":\"https:\\\/\\\/www.bocskairadio.org\\\/en\\\/#organization\",\"name\":\"Bocskai R\u00e1di\u00f3\",\"url\":\"https:\\\/\\\/www.bocskairadio.org\\\/en\\\/\",\"logo\":{\"@type\":\"ImageObject\",\"inLanguage\":\"en-US\",\"@id\":\"https:\\\/\\\/www.bocskairadio.org\\\/en\\\/#\\\/schema\\\/logo\\\/image\\\/\",\"url\":\"https:\\\/\\\/www.bocskairadio.org\\\/wp-content\\\/uploads\\\/2016\\\/11\\\/var3_basic.jpg\",\"contentUrl\":\"https:\\\/\\\/www.bocskairadio.org\\\/wp-content\\\/uploads\\\/2016\\\/11\\\/var3_basic.jpg\",\"width\":500,\"height\":500,\"caption\":\"Bocskai R\u00e1di\u00f3\"},\"image\":{\"@id\":\"https:\\\/\\\/www.bocskairadio.org\\\/en\\\/#\\\/schema\\\/logo\\\/image\\\/\"},\"sameAs\":[\"https:\\\/\\\/www.facebook.com\\\/BocskaiRadio\",\"https:\\\/\\\/x.com\\\/BocskaiRadio\",\"https:\\\/\\\/www.instagram.com\\\/bocskairadio\\\/\",\"https:\\\/\\\/www.youtube.com\\\/user\\\/bocskairadio\",\"https:\\\/\\\/hu.wikipedia.org\\\/wiki\\\/Bocskai_R\u00e1di\u00f3\"]},{\"@type\":\"Person\",\"@id\":\"https:\\\/\\\/www.bocskairadio.org\\\/en\\\/#\\\/schema\\\/person\\\/8bcb55a841d5aae0d74dd77c82785eeb\",\"name\":\"Bocskai R\u00e1di\u00f3\",\"image\":{\"@type\":\"ImageObject\",\"inLanguage\":\"en-US\",\"@id\":\"https:\\\/\\\/secure.gravatar.com\\\/avatar\\\/6fce2003e5af7c39ae22c801dc811050604aadb4c486939afbea6cc35598b724?s=96&d=mm&r=g\",\"url\":\"https:\\\/\\\/secure.gravatar.com\\\/avatar\\\/6fce2003e5af7c39ae22c801dc811050604aadb4c486939afbea6cc35598b724?s=96&d=mm&r=g\",\"contentUrl\":\"https:\\\/\\\/secure.gravatar.com\\\/avatar\\\/6fce2003e5af7c39ae22c801dc811050604aadb4c486939afbea6cc35598b724?s=96&d=mm&r=g\",\"caption\":\"Bocskai R\u00e1di\u00f3\"},\"description\":\"A Bocskai R\u00e1di\u00f3 l\u00e9tez\u00e9se \u00e9s fenn\u00e1ll\u00e1sa \u00f3ta arra t\u00f6rekszik hogy a Cleveland k\u00f6rny\u00e9ki magyar lakoss\u00e1got szolg\u00e1lja az \u00e9kes magyar sz\u00f3val, kicsiny de ragyog\u00f3 haz\u00e1nk h\u00edreivel, csod\u00e1latos magyar kult\u00far\u00e1val; irodalommal \u00e9s mes\u00e9s magyar muzsik\u00e1val. A r\u00e1di\u00f3m\u0171sorokban nagy szerepe van a helyi magyar egyh\u00e1zi szervezeteknek is. Olvasd tov\u00e1bb itt.\",\"sameAs\":[\"https:\\\/\\\/bocskairadio.org\"],\"url\":\"https:\\\/\\\/www.bocskairadio.org\\\/en\\\/author\\\/bocskairadio\\\/\"}]}<\/script>\n<!-- \/ Yoast SEO plugin. -->","yoast_head_json":{"title":"Annual Gala Dinner Honors Dr. J\u00e1nos Martonyi &#8211; Bocskai R\u00e1di\u00f3","robots":{"index":"index","follow":"follow","max-snippet":"max-snippet:-1","max-image-preview":"max-image-preview:large","max-video-preview":"max-video-preview:-1"},"canonical":"https:\/\/www.bocskairadio.org\/en\/annual-gala-dinner-honors-dr-janos-martonyi\/","og_locale":"en_US","og_type":"article","og_title":"Annual Gala Dinner Honors Dr. J\u00e1nos Martonyi &#8211; Bocskai R\u00e1di\u00f3","og_description":"Washington, DC -\u00a0On May 3, 2016, the Hungarian American Coalition (Coalition) honored Dr. J\u00e1nos Martonyi, Hungary\u2019s former Minister of Foreign Affairs, at its 12th annual Gala Dinner. This year\u2019s Gala also marked the 25th anniversary of the Coalition, which was founded in 1991 to provide advocacy and community leadership. His Excellency J\u00e1nos \u00c1der, President of Hungary, was Honorary Chairman of the event, held at the House of Sweden in Washington. Coalition Vice President Andrea Lauer Rice welcomed the distinguished guests, including Dr. J\u00e1nos Martonyi, and his wife Dr. Roz\u00e1lia R\u00e1bai; Governor George Pataki, Gala Co-Chair; Co-Chairs Ambassador Richard Swett and Dr. Katrina Lantos Swett, Chairman of the Lantos Foundation for Human Rights and Justice; Ambassador George Herbert Walker and Mrs. Carol Walker; Ambassador R\u00e9ka Szemerk\u00e9nyi, Hungary\u2019s Ambassador to the United States; Mr. Sunil Sabwarhal, Alternate U.S. Executive Director, IMF and Mrs. Gabrielle Tabori Sabwarhal; Ambassador Thomas Robertson and Mrs. Antoinette Robertson; Mrs. Annette Lantos Tillemann-Dick and her daughter Mercina Tillemann-Dick; Mr. David Kostelancik, the incoming DCM of the US Embassy in Hungary; Ms. Karyn Posner-Mullen, former Counselor for Public Affairs at the US Embassy in Hungary; and Dr. Lee Edwards, Chairman of the Victims of Communism Memorial Foundation. Other prominent guests included: Mrs. Edith Lauer, Chair Emerita of the Coalition, and Mr. John Lauer; Mr. Stefan and Mrs. Erika Fedor, founders of the Washington Hungarian Heritage House; Mr. and Mrs. Blaise Pasztory; Mrs. Enik\u0151 Basa Moln\u00e1r, Executive Director of the American Hungarian Educators Association and the Coalition interns\u2019 guardian angel.\u00a0 Also in attendance were Coalition board members Zsolt Szekeres, Treasurer; Mrs. Anne Bader; Mr. L\u00e1szl\u00f3 B\u00f6jt\u00f6s, Honorary Consul of Cleveland and Mrs. Georgianna B\u00f6jt\u00f6s; Mr. L\u00e1szl\u00f3 H\u00e1mos, President of the US Section of the Diaspora Council and the Hungarian Human Rights Foundation; Mr. Leslie Megyeri; Mr. George Pogan, Coalition Secretary and Mrs. Sandy Pogan; Mr. Tibor Purger, the Coalition\u2019s Head of Communications; Mr. Gabe Rozsa, Chairman of the Kossuth Foundation; and Mr. Julius Varallyay. Many Embassy of Hungary staff were also in attendance: Ms. Krisztina Osv\u00e1t, Counselor in charge of outreach to the Hungarian American community; Ms. Dorottya M\u00e1rtonffy-Nagy, Commercial and Economic Attach\u00e9; Mr. Ferenc Kalm\u00e1r, Third Secretary, Political-Military Affairs; Ms. Anita Demeter, Consul; Brigadier General Zsolt S\u00e1ndor, Defense, Military and Air Attach\u00e9; and Mr. P\u00e9ter Rada, Third Secretary, Congressional Liaison Officer.  In her welcoming remarks, Mrs. Lauer Rice emphasized that 2016 marks not only the Coalition\u2019s 25th anniversary, but is also the 60th anniversary of the 1956 Hungarian Revolution, which shaped the lives, passion and contributions of so many Coalition founders.\u00a0 After presenting a capsule history of the Coalition in statistics, Mrs. Lauer Rice thanked everyone who has worked with and supported the Coalition in its efforts to strengthen the US-Hungary relationship. Mrs. Lauer Rice reported on the latest developments of the Coalition\u2019s Memory Project initiative, launched earlier this year by Mrs. Lauer Rice and R\u00e9ka Pigniczky, Coalition member and award-winning documentary filmmaker. The Memory Project commemorates and celebrates the spirit of 1956 through video interviews with Hungarian-Americans who were witnesses and participants in the 1956 events. The Memory Project, with its latest work in the D.C. area, has just completed its 66th interview. Following Mrs. Lauer Rice\u2019s remarks, Ambassador R\u00e9ka Szemerk\u00e9nyi highlighted the major achievements of the Coalition, including its role in Hungary\u2019s NATO accession; the successful negotiation of the Visa Waiver Program; and its ongoing educational programs.\u00a0 The Coalition, Ambassador Szemerk\u00e9nyi said, \u201chas been a major strategic asset for successive Ambassadors, that is, to have friends like you helping to advance Hungary\u2019s national interests here in Washington. \u00a0This has taken many forms over the years, but one thing has remained constant: we could always count on the support of the Coalition.\u201d Ambassador Szemerk\u00e9nyi praised Dr. J\u00e1nos Martonyi, the Coalition\u2019s honoree, as a true European and an Atlanticist whose leadership and policy decisions have always exuded a confident certainty of Hungary\u2019s place in the world as a member of the democratic European family of nations in a strong alliance with the United States. In his remarks following dinner, Coalition President Max Teleki introduced Dr. Martonyi, highlighting his commitment to Hungary\u2019s accession to the European Union, NATO and other Western democratic institutions.\u00a0 A short video interview with Dr. Martonyi was shown (the video is available on the\u00a0Coalition\u2019s home page). In accepting the award, Dr. Martonyi said that among the many recognitions he has received in his career as civil servant, this award was the most meaningful, because it comes from those who share his commitment to ensure that all Hungarians dispersed throughout the world are part of a free and sovereign Hungarian nation.  Source:\u00a0www.hacusa.org","og_url":"https:\/\/www.bocskairadio.org\/en\/annual-gala-dinner-honors-dr-janos-martonyi\/","og_site_name":"Bocskai R\u00e1di\u00f3","article_publisher":"https:\/\/www.facebook.com\/BocskaiRadio","article_published_time":"2016-05-08T04:22:57+00:00","article_modified_time":"2016-05-09T02:57:21+00:00","og_image":[{"width":768,"height":512,"url":"https:\/\/www.bocskairadio.org\/wp-content\/uploads\/2016\/05\/DSC_5136.jpg","type":"image\/jpeg"}],"author":"Bocskai R\u00e1di\u00f3","twitter_card":"summary_large_image","twitter_creator":"@BocskaiRadio","twitter_site":"@BocskaiRadio","schema":{"@context":"https:\/\/schema.org","@graph":[{"@type":"Article","@id":"https:\/\/www.bocskairadio.org\/en\/annual-gala-dinner-honors-dr-janos-martonyi\/#article","isPartOf":{"@id":"https:\/\/www.bocskairadio.org\/en\/annual-gala-dinner-honors-dr-janos-martonyi\/"},"author":{"name":"Bocskai R\u00e1di\u00f3","@id":"https:\/\/www.bocskairadio.org\/en\/#\/schema\/person\/8bcb55a841d5aae0d74dd77c82785eeb"},"headline":"Annual Gala Dinner Honors Dr. J\u00e1nos Martonyi","datePublished":"2016-05-08T04:22:57+00:00","dateModified":"2016-05-09T02:57:21+00:00","mainEntityOfPage":{"@id":"https:\/\/www.bocskairadio.org\/en\/annual-gala-dinner-honors-dr-janos-martonyi\/"},"wordCount":823,"commentCount":0,"publisher":{"@id":"https:\/\/www.bocskairadio.org\/en\/#organization"},"image":{"@id":"https:\/\/www.bocskairadio.org\/en\/annual-gala-dinner-honors-dr-janos-martonyi\/#primaryimage"},"thumbnailUrl":"https:\/\/www.bocskairadio.org\/wp-content\/uploads\/2016\/05\/DSC_5136.jpg","articleSection":["News"],"inLanguage":"en-US","potentialAction":[{"@type":"CommentAction","name":"Comment","target":["https:\/\/www.bocskairadio.org\/en\/annual-gala-dinner-honors-dr-janos-martonyi\/#respond"]}]},{"@type":"WebPage","@id":"https:\/\/www.bocskairadio.org\/en\/annual-gala-dinner-honors-dr-janos-martonyi\/","url":"https:\/\/www.bocskairadio.org\/en\/annual-gala-dinner-honors-dr-janos-martonyi\/","name":"Annual Gala Dinner Honors Dr. J\u00e1nos Martonyi &#8211; Bocskai R\u00e1di\u00f3","isPartOf":{"@id":"https:\/\/www.bocskairadio.org\/en\/#website"},"primaryImageOfPage":{"@id":"https:\/\/www.bocskairadio.org\/en\/annual-gala-dinner-honors-dr-janos-martonyi\/#primaryimage"},"image":{"@id":"https:\/\/www.bocskairadio.org\/en\/annual-gala-dinner-honors-dr-janos-martonyi\/#primaryimage"},"thumbnailUrl":"https:\/\/www.bocskairadio.org\/wp-content\/uploads\/2016\/05\/DSC_5136.jpg","datePublished":"2016-05-08T04:22:57+00:00","dateModified":"2016-05-09T02:57:21+00:00","inLanguage":"en-US","potentialAction":[{"@type":"ReadAction","target":["https:\/\/www.bocskairadio.org\/en\/annual-gala-dinner-honors-dr-janos-martonyi\/"]}]},{"@type":"ImageObject","inLanguage":"en-US","@id":"https:\/\/www.bocskairadio.org\/en\/annual-gala-dinner-honors-dr-janos-martonyi\/#primaryimage","url":"https:\/\/www.bocskairadio.org\/wp-content\/uploads\/2016\/05\/DSC_5136.jpg","contentUrl":"https:\/\/www.bocskairadio.org\/wp-content\/uploads\/2016\/05\/DSC_5136.jpg","width":768,"height":512},{"@type":"WebSite","@id":"https:\/\/www.bocskairadio.org\/en\/#website","url":"https:\/\/www.bocskairadio.org\/en\/","name":"Bocskai R\u00e1di\u00f3","description":"The Voice of Cleveland Hungarians","publisher":{"@id":"https:\/\/www.bocskairadio.org\/en\/#organization"},"potentialAction":[{"@type":"SearchAction","target":{"@type":"EntryPoint","urlTemplate":"https:\/\/www.bocskairadio.org\/en\/?s={search_term_string}"},"query-input":{"@type":"PropertyValueSpecification","valueRequired":true,"valueName":"search_term_string"}}],"inLanguage":"en-US"},{"@type":"Organization","@id":"https:\/\/www.bocskairadio.org\/en\/#organization","name":"Bocskai R\u00e1di\u00f3","url":"https:\/\/www.bocskairadio.org\/en\/","logo":{"@type":"ImageObject","inLanguage":"en-US","@id":"https:\/\/www.bocskairadio.org\/en\/#\/schema\/logo\/image\/","url":"https:\/\/www.bocskairadio.org\/wp-content\/uploads\/2016\/11\/var3_basic.jpg","contentUrl":"https:\/\/www.bocskairadio.org\/wp-content\/uploads\/2016\/11\/var3_basic.jpg","width":500,"height":500,"caption":"Bocskai R\u00e1di\u00f3"},"image":{"@id":"https:\/\/www.bocskairadio.org\/en\/#\/schema\/logo\/image\/"},"sameAs":["https:\/\/www.facebook.com\/BocskaiRadio","https:\/\/x.com\/BocskaiRadio","https:\/\/www.instagram.com\/bocskairadio\/","https:\/\/www.youtube.com\/user\/bocskairadio","https:\/\/hu.wikipedia.org\/wiki\/Bocskai_R\u00e1di\u00f3"]},{"@type":"Person","@id":"https:\/\/www.bocskairadio.org\/en\/#\/schema\/person\/8bcb55a841d5aae0d74dd77c82785eeb","name":"Bocskai R\u00e1di\u00f3","image":{"@type":"ImageObject","inLanguage":"en-US","@id":"https:\/\/secure.gravatar.com\/avatar\/6fce2003e5af7c39ae22c801dc811050604aadb4c486939afbea6cc35598b724?s=96&d=mm&r=g","url":"https:\/\/secure.gravatar.com\/avatar\/6fce2003e5af7c39ae22c801dc811050604aadb4c486939afbea6cc35598b724?s=96&d=mm&r=g","contentUrl":"https:\/\/secure.gravatar.com\/avatar\/6fce2003e5af7c39ae22c801dc811050604aadb4c486939afbea6cc35598b724?s=96&d=mm&r=g","caption":"Bocskai R\u00e1di\u00f3"},"description":"A Bocskai R\u00e1di\u00f3 l\u00e9tez\u00e9se \u00e9s fenn\u00e1ll\u00e1sa \u00f3ta arra t\u00f6rekszik hogy a Cleveland k\u00f6rny\u00e9ki magyar lakoss\u00e1got szolg\u00e1lja az \u00e9kes magyar sz\u00f3val, kicsiny de ragyog\u00f3 haz\u00e1nk h\u00edreivel, csod\u00e1latos magyar kult\u00far\u00e1val; irodalommal \u00e9s mes\u00e9s magyar muzsik\u00e1val. A r\u00e1di\u00f3m\u0171sorokban nagy szerepe van a helyi magyar egyh\u00e1zi szervezeteknek is. Olvasd tov\u00e1bb itt.","sameAs":["https:\/\/bocskairadio.org"],"url":"https:\/\/www.bocskairadio.org\/en\/author\/bocskairadio\/"}]}},"_links":{"self":[{"href":"https:\/\/www.bocskairadio.org\/en\/wp-json\/wp\/v2\/posts\/22868","targetHints":{"allow":["GET"]}}],"collection":[{"href":"https:\/\/www.bocskairadio.org\/en\/wp-json\/wp\/v2\/posts"}],"about":[{"href":"https:\/\/www.bocskairadio.org\/en\/wp-json\/wp\/v2\/types\/post"}],"author":[{"embeddable":true,"href":"https:\/\/www.bocskairadio.org\/en\/wp-json\/wp\/v2\/users\/2"}],"replies":[{"embeddable":true,"href":"https:\/\/www.bocskairadio.org\/en\/wp-json\/wp\/v2\/comments?post=22868"}],"version-history":[{"count":0,"href":"https:\/\/www.bocskairadio.org\/en\/wp-json\/wp\/v2\/posts\/22868\/revisions"}],"wp:featuredmedia":[{"embeddable":true,"href":"https:\/\/www.bocskairadio.org\/en\/wp-json\/wp\/v2\/media\/22844"}],"wp:attachment":[{"href":"https:\/\/www.bocskairadio.org\/en\/wp-json\/wp\/v2\/media?parent=22868"}],"wp:term":[{"taxonomy":"category","embeddable":true,"href":"https:\/\/www.bocskairadio.org\/en\/wp-json\/wp\/v2\/categories?post=22868"},{"taxonomy":"post_tag","embeddable":true,"href":"https:\/\/www.bocskairadio.org\/en\/wp-json\/wp\/v2\/tags?post=22868"}],"curies":[{"name":"wp","href":"https:\/\/api.w.org\/{rel}","templated":true}]}}