{"id":27673,"date":"2017-01-14T22:54:16","date_gmt":"2017-01-15T03:54:16","guid":{"rendered":"https:\/\/www.bocskairadio.org\/?p=27673\/"},"modified":"2017-01-14T22:54:16","modified_gmt":"2017-01-15T03:54:16","slug":"interview-orban-clashes-brussels-expected-migration-economic-issues","status":"publish","type":"post","link":"https:\/\/www.bocskairadio.org\/en\/interview-orban-clashes-brussels-expected-migration-economic-issues\/","title":{"rendered":"INTERVIEW \u2013 ORB\u00c1N: CLASHES WITH BRUSSELS EXPECTED ON MIGRATION AND ECONOMIC ISSUES"},"content":{"rendered":"<p>Budapest, January 13 (MTI) \u2013 Further clashes with Brussels are expected this year on issues concerning migration and economic management, Prime Minister Viktor Orb\u00e1n said in an interview to public radio on Friday.\u00a0Hungarians should have access to information about all public personalities and their sources of financing, he said.<\/p>\n<p><a href=\"https:\/\/www.bocskairadio.org\/wp-content\/uploads\/2017\/01\/D_NOE20170113013.jpg\"><img loading=\"lazy\" decoding=\"async\" class=\"aligncenter size-large wp-image-27674\" src=\"https:\/\/www.bocskairadio.org\/wp-content\/uploads\/2017\/01\/D_NOE20170113013-600x300.jpg\" alt=\"\" width=\"600\" height=\"300\" srcset=\"https:\/\/www.bocskairadio.org\/wp-content\/uploads\/2017\/01\/D_NOE20170113013-600x300.jpg 600w, https:\/\/www.bocskairadio.org\/wp-content\/uploads\/2017\/01\/D_NOE20170113013-696x348.jpg 696w, https:\/\/www.bocskairadio.org\/wp-content\/uploads\/2017\/01\/D_NOE20170113013-300x150.jpg 300w, https:\/\/www.bocskairadio.org\/wp-content\/uploads\/2017\/01\/D_NOE20170113013.jpg 768w, https:\/\/www.bocskairadio.org\/wp-content\/uploads\/2017\/01\/D_NOE20170113013-200x100.jpg 200w, https:\/\/www.bocskairadio.org\/wp-content\/uploads\/2017\/01\/D_NOE20170113013-400x200.jpg 400w, https:\/\/www.bocskairadio.org\/wp-content\/uploads\/2017\/01\/D_NOE20170113013-500x250.jpg 500w\" sizes=\"auto, (max-width: 600px) 100vw, 600px\" \/><\/a><\/p>\n<p>\u201cWe\u2019ll have to defend the country\u2019s sovereignty,\u201d the prime minister said.<\/p>\n<p>Attempts by Brussels to curb national competencies on migration issues should be stopped, Orb\u00e1n said.<\/p>\n<p>Hungary has reinstated the detention of asylum seekers, a step which clearly conflicts with EU policy but necessary due to heightened terror threat in Europe, he said. Laws that make terrorism easier to carry out should be changed for reasons of self defense, he added.<\/p>\n<p>Of the second \u201cbattle\u201d, Orb\u00e1n said Brussels was increasingly interfering in economic management. Citing matters such as energy prices, taxes and wages, he insisted this tendency must be stopped.<\/p>\n<p>Orb\u00e1n highlighted measures to cut household utility fees, saying the scheme must be protected in light of EU plans to harmonise energy fees, thereby taking price-setting out of the hands of national governments. This would put an end to Hungary\u2019s centralised measures to cut utility fees, he warned.<\/p>\n<p>Orb\u00e1n dubbed 2017 the \u201cyear of revolt\u201d. EU member states will openly and unrelentingly oppose EU policies which \u201ccovertly or overtly\u201d deprive them of their competencies, Orb\u00e1n said. French presidential candidate Francois Fillon\u2019s programme is \u201crevolutionary\u201d and opposed to EU immigration policies, among others, Orb\u00e1n said.<\/p>\n<p>This year will bring serious strain between policies aiming to protect national policymaking and the EU tendency to curb it, he said.<\/p>\n<p>\u201cWestern reasoning is defined by frustration,\u201d Orb\u00e1n added. The West has been used to setting norms for eastern European countries in terms of modernising and democracy. \u201cAnd now, they are failing: their indices are bad and ours are good because we do not do things their way. They do not want to admit our way works better\u201d, he said. Instead of facing reality, western countries \u201ckeep on playing the same old record\u201d, he added.<\/p>\n<p>Commenting on Visegrad Four cooperation, he said that during the Hungarian presidency starting in July he would attempt to further deepen cooperation within the group. Referring to Hungarian-Polish relations, he said \u201csolidarity is working well\u201d, citing Hungary\u2019s stand in the European Union on the issue of coal mining in Poland\u2019s favour and Warsaw\u2019s backing for Hungary in efforts to have the VAT on internet services reduced to 5 percent.<\/p>\n<p>Orb\u00e1n said government economic policies were bearing fruit and \u201ca change is slowly happening in people\u2019s lives resulting from the work-based economy\u201d. Everybody has the opportunity to work, unemployment is rapidly falling, wages are growing and taxes and contribution payments are being cut, Orb\u00e1n said. Commenting on the shortage of labour, he said this showed that investment in Hungary was continually expanding.<\/p>\n<p>Referring to the extreme cold weather currently experienced in Hungary, he asked homeless people to use the available shelters. He added that more places are available than the number of homeless.<\/p>\n<p>The prime minister said Hungary\u2019s energy reserves were sufficient to guarantee the country\u2019s operation, adding that the scheme to cut household utility fees meant that energy bills were now \u201ctolerable\u201d.<\/p>\n<p>Orb\u00e1n: Sources of financing for public personalities should be made transparent<\/p>\n<p>In response to a question about NGOs, Orb\u00e1n said in an interview to public radio Kossuth that \u201cwe live in a world today\u201d where attempts to influence are frequent in all countries and by almost all countries.<\/p>\n<p>He cited the example of the US during the presidency of Barack Obama which had developed many varied methods for trying to exert influence around the world.<\/p>\n<p>\u201cI could tell you about it in length \u2026 we have seen it all in the recent period, including the most primitive methods to exert influence,\u201d Orb\u00e1n said. He added that since the US was an ally he would not focus on the past. Orb\u00e1n said he trusted that such attempts by the US would not be made in the future.<\/p>\n<p>The opportunity should be given to all Hungarian citizens to find out where public personalities receive funding from, whether from Hungary or abroad, the prime minister said. In the case of foreigners, it is also important to know whether they are subject to certain expectations.<\/p>\n<p>\u201cWe want transparency,\u201d Orb\u00e1n said, adding that Hungarians have the right to understand \u201cthe system of manipulation that attempts to exert influence on our everyday political life.\u201d<\/p>\n<p>Commenting on President-elect Donald Trump, he said a new style of US leadership is about to start. While the outgoing Obama administration has been \u201cglobalist\u201d, the next one would not prevaricate or overcomplicate, Orb\u00e1n said. The Europeans will need to readjust to the new attitude and new system of relations, he added.<\/p>\n<p>In response to a question about a future US visit, Orb\u00e1n said no concrete details are as yet publicly available.<\/p>\n<p>Photo: MTI<\/p>\n<p>Source: MTI<\/p>\n","protected":false},"excerpt":{"rendered":"<p>Budapest, January 13 (MTI) \u2013 Further clashes with Brussels are expected this year on issues concerning migration and economic management, Prime Minister Viktor Orb\u00e1n said in an interview to public radio on Friday.\u00a0Hungarians should have access to information about all public personalities and their sources of financing, he said.<\/p>\n<p><a href=\"https:\/\/www.bocskairadio.org\/wp-content\/uploads\/2017\/01\/D_NOE20170113013.jpg\"><img loading=\"lazy\" decoding=\"async\" class=\"aligncenter size-large wp-image-27674\" src=\"https:\/\/www.bocskairadio.org\/wp-content\/uploads\/2017\/01\/D_NOE20170113013-600x300.jpg\" alt=\"\" width=\"600\" height=\"300\" srcset=\"https:\/\/www.bocskairadio.org\/wp-content\/uploads\/2017\/01\/D_NOE20170113013-600x300.jpg 600w, https:\/\/www.bocskairadio.org\/wp-content\/uploads\/2017\/01\/D_NOE20170113013-696x348.jpg 696w, https:\/\/www.bocskairadio.org\/wp-content\/uploads\/2017\/01\/D_NOE20170113013-300x150.jpg 300w, https:\/\/www.bocskairadio.org\/wp-content\/uploads\/2017\/01\/D_NOE20170113013.jpg 768w, https:\/\/www.bocskairadio.org\/wp-content\/uploads\/2017\/01\/D_NOE20170113013-200x100.jpg 200w, https:\/\/www.bocskairadio.org\/wp-content\/uploads\/2017\/01\/D_NOE20170113013-400x200.jpg 400w, https:\/\/www.bocskairadio.org\/wp-content\/uploads\/2017\/01\/D_NOE20170113013-500x250.jpg 500w\" sizes=\"auto, (max-width: 600px) 100vw, 600px\" \/><\/a><\/p>\n<p>\u201cWe\u2019ll have to defend the country\u2019s sovereignty,\u201d the prime minister said.<\/p>\n<p>Attempts by Brussels to curb national competencies on migration issues should be stopped, Orb\u00e1n said.<\/p>\n<p>Hungary has reinstated the detention of asylum seekers, a step which clearly conflicts with EU policy but necessary due to heightened terror threat in Europe, he said. Laws that make terrorism easier to carry out should be changed for reasons of self defense, he added.<\/p>\n<p>Of the second \u201cbattle\u201d, Orb\u00e1n said Brussels was increasingly interfering in economic management. Citing matters such as energy prices, taxes and wages, he insisted this tendency must be stopped.<\/p>\n<p>Orb\u00e1n highlighted measures to cut household utility fees, saying the scheme must be protected in light of EU plans to harmonise energy fees, thereby taking price-setting out of the hands of national governments. This would put an end to Hungary\u2019s centralised measures to cut utility fees, he warned.<\/p>\n<p>Orb\u00e1n dubbed 2017 the \u201cyear of revolt\u201d. EU member states will openly and unrelentingly oppose EU policies which \u201ccovertly or overtly\u201d deprive them of their competencies, Orb\u00e1n said. French presidential candidate Francois Fillon\u2019s programme is \u201crevolutionary\u201d and opposed to EU immigration policies, among others, Orb\u00e1n said.<\/p>\n<p>This year will bring serious strain between policies aiming to protect national policymaking and the EU tendency to curb it, he said.<\/p>\n<p>\u201cWestern reasoning is defined by frustration,\u201d Orb\u00e1n added. The West has been used to setting norms for eastern European countries in terms of modernising and democracy. \u201cAnd now, they are failing: their indices are bad and ours are good because we do not do things their way. They do not want to admit our way works better\u201d, he said. Instead of facing reality, western countries \u201ckeep on playing the same old record\u201d, he added.<\/p>\n<p>Commenting on Visegrad Four cooperation, he said that during the Hungarian presidency starting in July he would attempt to further deepen cooperation within the group. Referring to Hungarian-Polish relations, he said \u201csolidarity is working well\u201d, citing Hungary\u2019s stand in the European Union on the issue of coal mining in Poland\u2019s favour and Warsaw\u2019s backing for Hungary in efforts to have the VAT on internet services reduced to 5 percent.<\/p>\n<p>Orb\u00e1n said government economic policies were bearing fruit and \u201ca change is slowly happening in people\u2019s lives resulting from the work-based economy\u201d. Everybody has the opportunity to work, unemployment is rapidly falling, wages are growing and taxes and contribution payments are being cut, Orb\u00e1n said. Commenting on the shortage of labour, he said this showed that investment in Hungary was continually expanding.<\/p>\n<p>Referring to the extreme cold weather currently experienced in Hungary, he asked homeless people to use the available shelters. He added that more places are available than the number of homeless.<\/p>\n<p>The prime minister said Hungary\u2019s energy reserves were sufficient to guarantee the country\u2019s operation, adding that the scheme to cut household utility fees meant that energy bills were now \u201ctolerable\u201d.<\/p>\n<p>Orb\u00e1n: Sources of financing for public personalities should be made transparent<\/p>\n<p>In response to a question about NGOs, Orb\u00e1n said in an interview to public radio Kossuth that \u201cwe live in a world today\u201d where attempts to influence are frequent in all countries and by almost all countries.<\/p>\n<p>He cited the example of the US during the presidency of Barack Obama which had developed many varied methods for trying to exert influence around the world.<\/p>\n<p>\u201cI could tell you about it in length \u2026 we have seen it all in the recent period, including the most primitive methods to exert influence,\u201d Orb\u00e1n said. He added that since the US was an ally he would not focus on the past. Orb\u00e1n said he trusted that such attempts by the US would not be made in the future.<\/p>\n<p>The opportunity should be given to all Hungarian citizens to find out where public personalities receive funding from, whether from Hungary or abroad, the prime minister said. In the case of foreigners, it is also important to know whether they are subject to certain expectations.<\/p>\n<p>\u201cWe want transparency,\u201d Orb\u00e1n said, adding that Hungarians have the right to understand \u201cthe system of manipulation that attempts to exert influence on our everyday political life.\u201d<\/p>\n<p>Commenting on President-elect Donald Trump, he said a new style of US leadership is about to start. While the outgoing Obama administration has been \u201cglobalist\u201d, the next one would not prevaricate or overcomplicate, Orb\u00e1n said. The Europeans will need to readjust to the new attitude and new system of relations, he added.<\/p>\n<p>In response to a question about a future US visit, Orb\u00e1n said no concrete details are as yet publicly available.<\/p>\n<p>Photo: MTI<\/p>\n<p>Source: MTI<\/p>\n","protected":false},"author":7,"featured_media":27674,"comment_status":"open","ping_status":"open","sticky":false,"template":"","format":"standard","meta":{"footnotes":""},"categories":[166],"tags":[],"class_list":["post-27673","post","type-post","status-publish","format-standard","has-post-thumbnail","category-news"],"yoast_head":"<!-- This site is optimized with the Yoast SEO plugin v27.4 - https:\/\/yoast.com\/product\/yoast-seo-wordpress\/ -->\n<title>INTERVIEW \u2013 ORB\u00c1N: CLASHES WITH BRUSSELS EXPECTED ON MIGRATION AND ECONOMIC ISSUES &#8211; Bocskai R\u00e1di\u00f3<\/title>\n<meta name=\"robots\" content=\"index, follow, max-snippet:-1, max-image-preview:large, max-video-preview:-1\" \/>\n<link rel=\"canonical\" href=\"https:\/\/www.bocskairadio.org\/en\/interview-orban-clashes-brussels-expected-migration-economic-issues\/\" \/>\n<meta property=\"og:locale\" content=\"en_US\" \/>\n<meta property=\"og:type\" content=\"article\" \/>\n<meta property=\"og:title\" content=\"INTERVIEW \u2013 ORB\u00c1N: CLASHES WITH BRUSSELS EXPECTED ON MIGRATION AND ECONOMIC ISSUES &#8211; Bocskai R\u00e1di\u00f3\" \/>\n<meta property=\"og:description\" content=\"Budapest, January 13 (MTI) \u2013 Further clashes with Brussels are expected this year on issues concerning migration and economic management, Prime Minister Viktor Orb\u00e1n said in an interview to public radio on Friday.\u00a0Hungarians should have access to information about all public personalities and their sources of financing, he said.    \u201cWe\u2019ll have to defend the country\u2019s sovereignty,\u201d the prime minister said.  Attempts by Brussels to curb national competencies on migration issues should be stopped, Orb\u00e1n said.  Hungary has reinstated the detention of asylum seekers, a step which clearly conflicts with EU policy but necessary due to heightened terror threat in Europe, he said. Laws that make terrorism easier to carry out should be changed for reasons of self defense, he added.  Of the second \u201cbattle\u201d, Orb\u00e1n said Brussels was increasingly interfering in economic management. Citing matters such as energy prices, taxes and wages, he insisted this tendency must be stopped.  Orb\u00e1n highlighted measures to cut household utility fees, saying the scheme must be protected in light of EU plans to harmonise energy fees, thereby taking price-setting out of the hands of national governments. This would put an end to Hungary\u2019s centralised measures to cut utility fees, he warned.  Orb\u00e1n dubbed 2017 the \u201cyear of revolt\u201d. EU member states will openly and unrelentingly oppose EU policies which \u201ccovertly or overtly\u201d deprive them of their competencies, Orb\u00e1n said. French presidential candidate Francois Fillon\u2019s programme is \u201crevolutionary\u201d and opposed to EU immigration policies, among others, Orb\u00e1n said.  This year will bring serious strain between policies aiming to protect national policymaking and the EU tendency to curb it, he said.  \u201cWestern reasoning is defined by frustration,\u201d Orb\u00e1n added. The West has been used to setting norms for eastern European countries in terms of modernising and democracy. \u201cAnd now, they are failing: their indices are bad and ours are good because we do not do things their way. They do not want to admit our way works better\u201d, he said. Instead of facing reality, western countries \u201ckeep on playing the same old record\u201d, he added.  Commenting on Visegrad Four cooperation, he said that during the Hungarian presidency starting in July he would attempt to further deepen cooperation within the group. Referring to Hungarian-Polish relations, he said \u201csolidarity is working well\u201d, citing Hungary\u2019s stand in the European Union on the issue of coal mining in Poland\u2019s favour and Warsaw\u2019s backing for Hungary in efforts to have the VAT on internet services reduced to 5 percent.  Orb\u00e1n said government economic policies were bearing fruit and \u201ca change is slowly happening in people\u2019s lives resulting from the work-based economy\u201d. Everybody has the opportunity to work, unemployment is rapidly falling, wages are growing and taxes and contribution payments are being cut, Orb\u00e1n said. Commenting on the shortage of labour, he said this showed that investment in Hungary was continually expanding.  Referring to the extreme cold weather currently experienced in Hungary, he asked homeless people to use the available shelters. He added that more places are available than the number of homeless.  The prime minister said Hungary\u2019s energy reserves were sufficient to guarantee the country\u2019s operation, adding that the scheme to cut household utility fees meant that energy bills were now \u201ctolerable\u201d.  Orb\u00e1n: Sources of financing for public personalities should be made transparent  In response to a question about NGOs, Orb\u00e1n said in an interview to public radio Kossuth that \u201cwe live in a world today\u201d where attempts to influence are frequent in all countries and by almost all countries.  He cited the example of the US during the presidency of Barack Obama which had developed many varied methods for trying to exert influence around the world.  \u201cI could tell you about it in length \u2026 we have seen it all in the recent period, including the most primitive methods to exert influence,\u201d Orb\u00e1n said. He added that since the US was an ally he would not focus on the past. Orb\u00e1n said he trusted that such attempts by the US would not be made in the future.  The opportunity should be given to all Hungarian citizens to find out where public personalities receive funding from, whether from Hungary or abroad, the prime minister said. In the case of foreigners, it is also important to know whether they are subject to certain expectations.  \u201cWe want transparency,\u201d Orb\u00e1n said, adding that Hungarians have the right to understand \u201cthe system of manipulation that attempts to exert influence on our everyday political life.\u201d  Commenting on President-elect Donald Trump, he said a new style of US leadership is about to start. While the outgoing Obama administration has been \u201cglobalist\u201d, the next one would not prevaricate or overcomplicate, Orb\u00e1n said. The Europeans will need to readjust to the new attitude and new system of relations, he added.  In response to a question about a future US visit, Orb\u00e1n said no concrete details are as yet publicly available.  Photo: MTI  Source: MTI\" \/>\n<meta property=\"og:url\" content=\"https:\/\/www.bocskairadio.org\/en\/interview-orban-clashes-brussels-expected-migration-economic-issues\/\" \/>\n<meta property=\"og:site_name\" content=\"Bocskai R\u00e1di\u00f3\" \/>\n<meta property=\"article:publisher\" content=\"https:\/\/www.facebook.com\/BocskaiRadio\" \/>\n<meta property=\"article:published_time\" content=\"2017-01-15T03:54:16+00:00\" \/>\n<meta property=\"og:image\" content=\"https:\/\/www.bocskairadio.org\/wp-content\/uploads\/2017\/01\/D_NOE20170113013.jpg\" \/>\n\t<meta property=\"og:image:width\" content=\"768\" \/>\n\t<meta property=\"og:image:height\" content=\"384\" \/>\n\t<meta property=\"og:image:type\" content=\"image\/jpeg\" \/>\n<meta name=\"author\" content=\"Csibi Lor\u00e1nd\" \/>\n<meta name=\"twitter:card\" content=\"summary_large_image\" \/>\n<meta name=\"twitter:creator\" content=\"@BocskaiRadio\" \/>\n<meta name=\"twitter:site\" content=\"@BocskaiRadio\" \/>\n<script type=\"application\/ld+json\" class=\"yoast-schema-graph\">{\"@context\":\"https:\\\/\\\/schema.org\",\"@graph\":[{\"@type\":\"Article\",\"@id\":\"https:\\\/\\\/www.bocskairadio.org\\\/en\\\/interview-orban-clashes-brussels-expected-migration-economic-issues\\\/#article\",\"isPartOf\":{\"@id\":\"https:\\\/\\\/www.bocskairadio.org\\\/en\\\/interview-orban-clashes-brussels-expected-migration-economic-issues\\\/\"},\"author\":{\"name\":\"Csibi Lor\u00e1nd\",\"@id\":\"https:\\\/\\\/www.bocskairadio.org\\\/en\\\/#\\\/schema\\\/person\\\/10edfc7ddc0e006131357c2bcb81b96b\"},\"headline\":\"INTERVIEW \u2013 ORB\u00c1N: CLASHES WITH BRUSSELS EXPECTED ON MIGRATION AND ECONOMIC ISSUES\",\"datePublished\":\"2017-01-15T03:54:16+00:00\",\"mainEntityOfPage\":{\"@id\":\"https:\\\/\\\/www.bocskairadio.org\\\/en\\\/interview-orban-clashes-brussels-expected-migration-economic-issues\\\/\"},\"wordCount\":850,\"commentCount\":0,\"publisher\":{\"@id\":\"https:\\\/\\\/www.bocskairadio.org\\\/en\\\/#organization\"},\"image\":{\"@id\":\"https:\\\/\\\/www.bocskairadio.org\\\/en\\\/interview-orban-clashes-brussels-expected-migration-economic-issues\\\/#primaryimage\"},\"thumbnailUrl\":\"https:\\\/\\\/www.bocskairadio.org\\\/wp-content\\\/uploads\\\/2017\\\/01\\\/D_NOE20170113013.jpg\",\"articleSection\":[\"News\"],\"inLanguage\":\"en-US\",\"potentialAction\":[{\"@type\":\"CommentAction\",\"name\":\"Comment\",\"target\":[\"https:\\\/\\\/www.bocskairadio.org\\\/en\\\/interview-orban-clashes-brussels-expected-migration-economic-issues\\\/#respond\"]}]},{\"@type\":\"WebPage\",\"@id\":\"https:\\\/\\\/www.bocskairadio.org\\\/en\\\/interview-orban-clashes-brussels-expected-migration-economic-issues\\\/\",\"url\":\"https:\\\/\\\/www.bocskairadio.org\\\/en\\\/interview-orban-clashes-brussels-expected-migration-economic-issues\\\/\",\"name\":\"INTERVIEW \u2013 ORB\u00c1N: CLASHES WITH BRUSSELS EXPECTED ON MIGRATION AND ECONOMIC ISSUES &#8211; Bocskai R\u00e1di\u00f3\",\"isPartOf\":{\"@id\":\"https:\\\/\\\/www.bocskairadio.org\\\/en\\\/#website\"},\"primaryImageOfPage\":{\"@id\":\"https:\\\/\\\/www.bocskairadio.org\\\/en\\\/interview-orban-clashes-brussels-expected-migration-economic-issues\\\/#primaryimage\"},\"image\":{\"@id\":\"https:\\\/\\\/www.bocskairadio.org\\\/en\\\/interview-orban-clashes-brussels-expected-migration-economic-issues\\\/#primaryimage\"},\"thumbnailUrl\":\"https:\\\/\\\/www.bocskairadio.org\\\/wp-content\\\/uploads\\\/2017\\\/01\\\/D_NOE20170113013.jpg\",\"datePublished\":\"2017-01-15T03:54:16+00:00\",\"inLanguage\":\"en-US\",\"potentialAction\":[{\"@type\":\"ReadAction\",\"target\":[\"https:\\\/\\\/www.bocskairadio.org\\\/en\\\/interview-orban-clashes-brussels-expected-migration-economic-issues\\\/\"]}]},{\"@type\":\"ImageObject\",\"inLanguage\":\"en-US\",\"@id\":\"https:\\\/\\\/www.bocskairadio.org\\\/en\\\/interview-orban-clashes-brussels-expected-migration-economic-issues\\\/#primaryimage\",\"url\":\"https:\\\/\\\/www.bocskairadio.org\\\/wp-content\\\/uploads\\\/2017\\\/01\\\/D_NOE20170113013.jpg\",\"contentUrl\":\"https:\\\/\\\/www.bocskairadio.org\\\/wp-content\\\/uploads\\\/2017\\\/01\\\/D_NOE20170113013.jpg\",\"width\":768,\"height\":384},{\"@type\":\"WebSite\",\"@id\":\"https:\\\/\\\/www.bocskairadio.org\\\/en\\\/#website\",\"url\":\"https:\\\/\\\/www.bocskairadio.org\\\/en\\\/\",\"name\":\"Bocskai R\u00e1di\u00f3\",\"description\":\"The Voice of Cleveland Hungarians\",\"publisher\":{\"@id\":\"https:\\\/\\\/www.bocskairadio.org\\\/en\\\/#organization\"},\"potentialAction\":[{\"@type\":\"SearchAction\",\"target\":{\"@type\":\"EntryPoint\",\"urlTemplate\":\"https:\\\/\\\/www.bocskairadio.org\\\/en\\\/?s={search_term_string}\"},\"query-input\":{\"@type\":\"PropertyValueSpecification\",\"valueRequired\":true,\"valueName\":\"search_term_string\"}}],\"inLanguage\":\"en-US\"},{\"@type\":\"Organization\",\"@id\":\"https:\\\/\\\/www.bocskairadio.org\\\/en\\\/#organization\",\"name\":\"Bocskai R\u00e1di\u00f3\",\"url\":\"https:\\\/\\\/www.bocskairadio.org\\\/en\\\/\",\"logo\":{\"@type\":\"ImageObject\",\"inLanguage\":\"en-US\",\"@id\":\"https:\\\/\\\/www.bocskairadio.org\\\/en\\\/#\\\/schema\\\/logo\\\/image\\\/\",\"url\":\"https:\\\/\\\/www.bocskairadio.org\\\/wp-content\\\/uploads\\\/2016\\\/11\\\/var3_basic.jpg\",\"contentUrl\":\"https:\\\/\\\/www.bocskairadio.org\\\/wp-content\\\/uploads\\\/2016\\\/11\\\/var3_basic.jpg\",\"width\":500,\"height\":500,\"caption\":\"Bocskai R\u00e1di\u00f3\"},\"image\":{\"@id\":\"https:\\\/\\\/www.bocskairadio.org\\\/en\\\/#\\\/schema\\\/logo\\\/image\\\/\"},\"sameAs\":[\"https:\\\/\\\/www.facebook.com\\\/BocskaiRadio\",\"https:\\\/\\\/x.com\\\/BocskaiRadio\",\"https:\\\/\\\/www.instagram.com\\\/bocskairadio\\\/\",\"https:\\\/\\\/www.youtube.com\\\/user\\\/bocskairadio\",\"https:\\\/\\\/hu.wikipedia.org\\\/wiki\\\/Bocskai_R\u00e1di\u00f3\"]},{\"@type\":\"Person\",\"@id\":\"https:\\\/\\\/www.bocskairadio.org\\\/en\\\/#\\\/schema\\\/person\\\/10edfc7ddc0e006131357c2bcb81b96b\",\"name\":\"Csibi Lor\u00e1nd\",\"image\":{\"@type\":\"ImageObject\",\"inLanguage\":\"en-US\",\"@id\":\"https:\\\/\\\/secure.gravatar.com\\\/avatar\\\/0d49f9198d2018a84ee306138a7a0466777b8f100435a4212859f16ba458f47a?s=96&d=mm&r=g\",\"url\":\"https:\\\/\\\/secure.gravatar.com\\\/avatar\\\/0d49f9198d2018a84ee306138a7a0466777b8f100435a4212859f16ba458f47a?s=96&d=mm&r=g\",\"contentUrl\":\"https:\\\/\\\/secure.gravatar.com\\\/avatar\\\/0d49f9198d2018a84ee306138a7a0466777b8f100435a4212859f16ba458f47a?s=96&d=mm&r=g\",\"caption\":\"Csibi Lor\u00e1nd\"},\"url\":\"https:\\\/\\\/www.bocskairadio.org\\\/en\\\/author\\\/csibilori\\\/\"}]}<\/script>\n<!-- \/ Yoast SEO plugin. -->","yoast_head_json":{"title":"INTERVIEW \u2013 ORB\u00c1N: CLASHES WITH BRUSSELS EXPECTED ON MIGRATION AND ECONOMIC ISSUES &#8211; Bocskai R\u00e1di\u00f3","robots":{"index":"index","follow":"follow","max-snippet":"max-snippet:-1","max-image-preview":"max-image-preview:large","max-video-preview":"max-video-preview:-1"},"canonical":"https:\/\/www.bocskairadio.org\/en\/interview-orban-clashes-brussels-expected-migration-economic-issues\/","og_locale":"en_US","og_type":"article","og_title":"INTERVIEW \u2013 ORB\u00c1N: CLASHES WITH BRUSSELS EXPECTED ON MIGRATION AND ECONOMIC ISSUES &#8211; Bocskai R\u00e1di\u00f3","og_description":"Budapest, January 13 (MTI) \u2013 Further clashes with Brussels are expected this year on issues concerning migration and economic management, Prime Minister Viktor Orb\u00e1n said in an interview to public radio on Friday.\u00a0Hungarians should have access to information about all public personalities and their sources of financing, he said.    \u201cWe\u2019ll have to defend the country\u2019s sovereignty,\u201d the prime minister said.  Attempts by Brussels to curb national competencies on migration issues should be stopped, Orb\u00e1n said.  Hungary has reinstated the detention of asylum seekers, a step which clearly conflicts with EU policy but necessary due to heightened terror threat in Europe, he said. Laws that make terrorism easier to carry out should be changed for reasons of self defense, he added.  Of the second \u201cbattle\u201d, Orb\u00e1n said Brussels was increasingly interfering in economic management. Citing matters such as energy prices, taxes and wages, he insisted this tendency must be stopped.  Orb\u00e1n highlighted measures to cut household utility fees, saying the scheme must be protected in light of EU plans to harmonise energy fees, thereby taking price-setting out of the hands of national governments. This would put an end to Hungary\u2019s centralised measures to cut utility fees, he warned.  Orb\u00e1n dubbed 2017 the \u201cyear of revolt\u201d. EU member states will openly and unrelentingly oppose EU policies which \u201ccovertly or overtly\u201d deprive them of their competencies, Orb\u00e1n said. French presidential candidate Francois Fillon\u2019s programme is \u201crevolutionary\u201d and opposed to EU immigration policies, among others, Orb\u00e1n said.  This year will bring serious strain between policies aiming to protect national policymaking and the EU tendency to curb it, he said.  \u201cWestern reasoning is defined by frustration,\u201d Orb\u00e1n added. The West has been used to setting norms for eastern European countries in terms of modernising and democracy. \u201cAnd now, they are failing: their indices are bad and ours are good because we do not do things their way. They do not want to admit our way works better\u201d, he said. Instead of facing reality, western countries \u201ckeep on playing the same old record\u201d, he added.  Commenting on Visegrad Four cooperation, he said that during the Hungarian presidency starting in July he would attempt to further deepen cooperation within the group. Referring to Hungarian-Polish relations, he said \u201csolidarity is working well\u201d, citing Hungary\u2019s stand in the European Union on the issue of coal mining in Poland\u2019s favour and Warsaw\u2019s backing for Hungary in efforts to have the VAT on internet services reduced to 5 percent.  Orb\u00e1n said government economic policies were bearing fruit and \u201ca change is slowly happening in people\u2019s lives resulting from the work-based economy\u201d. Everybody has the opportunity to work, unemployment is rapidly falling, wages are growing and taxes and contribution payments are being cut, Orb\u00e1n said. Commenting on the shortage of labour, he said this showed that investment in Hungary was continually expanding.  Referring to the extreme cold weather currently experienced in Hungary, he asked homeless people to use the available shelters. He added that more places are available than the number of homeless.  The prime minister said Hungary\u2019s energy reserves were sufficient to guarantee the country\u2019s operation, adding that the scheme to cut household utility fees meant that energy bills were now \u201ctolerable\u201d.  Orb\u00e1n: Sources of financing for public personalities should be made transparent  In response to a question about NGOs, Orb\u00e1n said in an interview to public radio Kossuth that \u201cwe live in a world today\u201d where attempts to influence are frequent in all countries and by almost all countries.  He cited the example of the US during the presidency of Barack Obama which had developed many varied methods for trying to exert influence around the world.  \u201cI could tell you about it in length \u2026 we have seen it all in the recent period, including the most primitive methods to exert influence,\u201d Orb\u00e1n said. He added that since the US was an ally he would not focus on the past. Orb\u00e1n said he trusted that such attempts by the US would not be made in the future.  The opportunity should be given to all Hungarian citizens to find out where public personalities receive funding from, whether from Hungary or abroad, the prime minister said. In the case of foreigners, it is also important to know whether they are subject to certain expectations.  \u201cWe want transparency,\u201d Orb\u00e1n said, adding that Hungarians have the right to understand \u201cthe system of manipulation that attempts to exert influence on our everyday political life.\u201d  Commenting on President-elect Donald Trump, he said a new style of US leadership is about to start. While the outgoing Obama administration has been \u201cglobalist\u201d, the next one would not prevaricate or overcomplicate, Orb\u00e1n said. The Europeans will need to readjust to the new attitude and new system of relations, he added.  In response to a question about a future US visit, Orb\u00e1n said no concrete details are as yet publicly available.  Photo: MTI  Source: MTI","og_url":"https:\/\/www.bocskairadio.org\/en\/interview-orban-clashes-brussels-expected-migration-economic-issues\/","og_site_name":"Bocskai R\u00e1di\u00f3","article_publisher":"https:\/\/www.facebook.com\/BocskaiRadio","article_published_time":"2017-01-15T03:54:16+00:00","og_image":[{"width":768,"height":384,"url":"https:\/\/www.bocskairadio.org\/wp-content\/uploads\/2017\/01\/D_NOE20170113013.jpg","type":"image\/jpeg"}],"author":"Csibi Lor\u00e1nd","twitter_card":"summary_large_image","twitter_creator":"@BocskaiRadio","twitter_site":"@BocskaiRadio","schema":{"@context":"https:\/\/schema.org","@graph":[{"@type":"Article","@id":"https:\/\/www.bocskairadio.org\/en\/interview-orban-clashes-brussels-expected-migration-economic-issues\/#article","isPartOf":{"@id":"https:\/\/www.bocskairadio.org\/en\/interview-orban-clashes-brussels-expected-migration-economic-issues\/"},"author":{"name":"Csibi Lor\u00e1nd","@id":"https:\/\/www.bocskairadio.org\/en\/#\/schema\/person\/10edfc7ddc0e006131357c2bcb81b96b"},"headline":"INTERVIEW \u2013 ORB\u00c1N: CLASHES WITH BRUSSELS EXPECTED ON MIGRATION AND ECONOMIC ISSUES","datePublished":"2017-01-15T03:54:16+00:00","mainEntityOfPage":{"@id":"https:\/\/www.bocskairadio.org\/en\/interview-orban-clashes-brussels-expected-migration-economic-issues\/"},"wordCount":850,"commentCount":0,"publisher":{"@id":"https:\/\/www.bocskairadio.org\/en\/#organization"},"image":{"@id":"https:\/\/www.bocskairadio.org\/en\/interview-orban-clashes-brussels-expected-migration-economic-issues\/#primaryimage"},"thumbnailUrl":"https:\/\/www.bocskairadio.org\/wp-content\/uploads\/2017\/01\/D_NOE20170113013.jpg","articleSection":["News"],"inLanguage":"en-US","potentialAction":[{"@type":"CommentAction","name":"Comment","target":["https:\/\/www.bocskairadio.org\/en\/interview-orban-clashes-brussels-expected-migration-economic-issues\/#respond"]}]},{"@type":"WebPage","@id":"https:\/\/www.bocskairadio.org\/en\/interview-orban-clashes-brussels-expected-migration-economic-issues\/","url":"https:\/\/www.bocskairadio.org\/en\/interview-orban-clashes-brussels-expected-migration-economic-issues\/","name":"INTERVIEW \u2013 ORB\u00c1N: CLASHES WITH BRUSSELS EXPECTED ON MIGRATION AND ECONOMIC ISSUES &#8211; Bocskai R\u00e1di\u00f3","isPartOf":{"@id":"https:\/\/www.bocskairadio.org\/en\/#website"},"primaryImageOfPage":{"@id":"https:\/\/www.bocskairadio.org\/en\/interview-orban-clashes-brussels-expected-migration-economic-issues\/#primaryimage"},"image":{"@id":"https:\/\/www.bocskairadio.org\/en\/interview-orban-clashes-brussels-expected-migration-economic-issues\/#primaryimage"},"thumbnailUrl":"https:\/\/www.bocskairadio.org\/wp-content\/uploads\/2017\/01\/D_NOE20170113013.jpg","datePublished":"2017-01-15T03:54:16+00:00","inLanguage":"en-US","potentialAction":[{"@type":"ReadAction","target":["https:\/\/www.bocskairadio.org\/en\/interview-orban-clashes-brussels-expected-migration-economic-issues\/"]}]},{"@type":"ImageObject","inLanguage":"en-US","@id":"https:\/\/www.bocskairadio.org\/en\/interview-orban-clashes-brussels-expected-migration-economic-issues\/#primaryimage","url":"https:\/\/www.bocskairadio.org\/wp-content\/uploads\/2017\/01\/D_NOE20170113013.jpg","contentUrl":"https:\/\/www.bocskairadio.org\/wp-content\/uploads\/2017\/01\/D_NOE20170113013.jpg","width":768,"height":384},{"@type":"WebSite","@id":"https:\/\/www.bocskairadio.org\/en\/#website","url":"https:\/\/www.bocskairadio.org\/en\/","name":"Bocskai R\u00e1di\u00f3","description":"The Voice of Cleveland Hungarians","publisher":{"@id":"https:\/\/www.bocskairadio.org\/en\/#organization"},"potentialAction":[{"@type":"SearchAction","target":{"@type":"EntryPoint","urlTemplate":"https:\/\/www.bocskairadio.org\/en\/?s={search_term_string}"},"query-input":{"@type":"PropertyValueSpecification","valueRequired":true,"valueName":"search_term_string"}}],"inLanguage":"en-US"},{"@type":"Organization","@id":"https:\/\/www.bocskairadio.org\/en\/#organization","name":"Bocskai R\u00e1di\u00f3","url":"https:\/\/www.bocskairadio.org\/en\/","logo":{"@type":"ImageObject","inLanguage":"en-US","@id":"https:\/\/www.bocskairadio.org\/en\/#\/schema\/logo\/image\/","url":"https:\/\/www.bocskairadio.org\/wp-content\/uploads\/2016\/11\/var3_basic.jpg","contentUrl":"https:\/\/www.bocskairadio.org\/wp-content\/uploads\/2016\/11\/var3_basic.jpg","width":500,"height":500,"caption":"Bocskai R\u00e1di\u00f3"},"image":{"@id":"https:\/\/www.bocskairadio.org\/en\/#\/schema\/logo\/image\/"},"sameAs":["https:\/\/www.facebook.com\/BocskaiRadio","https:\/\/x.com\/BocskaiRadio","https:\/\/www.instagram.com\/bocskairadio\/","https:\/\/www.youtube.com\/user\/bocskairadio","https:\/\/hu.wikipedia.org\/wiki\/Bocskai_R\u00e1di\u00f3"]},{"@type":"Person","@id":"https:\/\/www.bocskairadio.org\/en\/#\/schema\/person\/10edfc7ddc0e006131357c2bcb81b96b","name":"Csibi Lor\u00e1nd","image":{"@type":"ImageObject","inLanguage":"en-US","@id":"https:\/\/secure.gravatar.com\/avatar\/0d49f9198d2018a84ee306138a7a0466777b8f100435a4212859f16ba458f47a?s=96&d=mm&r=g","url":"https:\/\/secure.gravatar.com\/avatar\/0d49f9198d2018a84ee306138a7a0466777b8f100435a4212859f16ba458f47a?s=96&d=mm&r=g","contentUrl":"https:\/\/secure.gravatar.com\/avatar\/0d49f9198d2018a84ee306138a7a0466777b8f100435a4212859f16ba458f47a?s=96&d=mm&r=g","caption":"Csibi Lor\u00e1nd"},"url":"https:\/\/www.bocskairadio.org\/en\/author\/csibilori\/"}]}},"_links":{"self":[{"href":"https:\/\/www.bocskairadio.org\/en\/wp-json\/wp\/v2\/posts\/27673","targetHints":{"allow":["GET"]}}],"collection":[{"href":"https:\/\/www.bocskairadio.org\/en\/wp-json\/wp\/v2\/posts"}],"about":[{"href":"https:\/\/www.bocskairadio.org\/en\/wp-json\/wp\/v2\/types\/post"}],"author":[{"embeddable":true,"href":"https:\/\/www.bocskairadio.org\/en\/wp-json\/wp\/v2\/users\/7"}],"replies":[{"embeddable":true,"href":"https:\/\/www.bocskairadio.org\/en\/wp-json\/wp\/v2\/comments?post=27673"}],"version-history":[{"count":0,"href":"https:\/\/www.bocskairadio.org\/en\/wp-json\/wp\/v2\/posts\/27673\/revisions"}],"wp:featuredmedia":[{"embeddable":true,"href":"https:\/\/www.bocskairadio.org\/en\/wp-json\/wp\/v2\/media\/27674"}],"wp:attachment":[{"href":"https:\/\/www.bocskairadio.org\/en\/wp-json\/wp\/v2\/media?parent=27673"}],"wp:term":[{"taxonomy":"category","embeddable":true,"href":"https:\/\/www.bocskairadio.org\/en\/wp-json\/wp\/v2\/categories?post=27673"},{"taxonomy":"post_tag","embeddable":true,"href":"https:\/\/www.bocskairadio.org\/en\/wp-json\/wp\/v2\/tags?post=27673"}],"curies":[{"name":"wp","href":"https:\/\/api.w.org\/{rel}","templated":true}]}}