{"id":29008,"date":"2017-03-18T21:02:41","date_gmt":"2017-03-19T01:02:41","guid":{"rendered":"https:\/\/www.bocskairadio.org\/?p=29008\/"},"modified":"2017-03-18T21:09:16","modified_gmt":"2017-03-19T01:09:16","slug":"hungarians-celebrate-march-15-2","status":"publish","type":"post","link":"https:\/\/www.bocskairadio.org\/en\/hungarians-celebrate-march-15-2\/","title":{"rendered":"WHAT DO HUNGARIANS CELEBRATE ON MARCH 15?"},"content":{"rendered":"<p><a href=\"https:\/\/www.bocskairadio.org\/wp-content\/uploads\/2017\/03\/1848-hungary.jpg\"><img loading=\"lazy\" decoding=\"async\" class=\"aligncenter size-large wp-image-29009\" src=\"https:\/\/www.bocskairadio.org\/wp-content\/uploads\/2017\/03\/1848-hungary-600x398.jpg\" alt=\"\" width=\"600\" height=\"398\" srcset=\"https:\/\/www.bocskairadio.org\/wp-content\/uploads\/2017\/03\/1848-hungary-600x398.jpg 600w, https:\/\/www.bocskairadio.org\/wp-content\/uploads\/2017\/03\/1848-hungary-696x461.jpg 696w, https:\/\/www.bocskairadio.org\/wp-content\/uploads\/2017\/03\/1848-hungary-634x420.jpg 634w, https:\/\/www.bocskairadio.org\/wp-content\/uploads\/2017\/03\/1848-hungary-300x199.jpg 300w, https:\/\/www.bocskairadio.org\/wp-content\/uploads\/2017\/03\/1848-hungary.jpg 768w, https:\/\/www.bocskairadio.org\/wp-content\/uploads\/2017\/03\/1848-hungary-200x133.jpg 200w, https:\/\/www.bocskairadio.org\/wp-content\/uploads\/2017\/03\/1848-hungary-400x265.jpg 400w, https:\/\/www.bocskairadio.org\/wp-content\/uploads\/2017\/03\/1848-hungary-500x332.jpg 500w\" sizes=\"auto, (max-width: 600px) 100vw, 600px\" \/><\/a><\/p>\n<p>More than 160 years passed, but the Hungarian Revolution of 1848 associated with Pet\u0151fi\u2019s name is still commemorated by the Hungarian people. Multiple elements of the 12 points composed by the Pilvax Circle are still a relevant topic in the present,\u00a0utisugo.hu reports.<\/p>\n<p>A long time under pressure eventually led to a revolution on March 15, 1848. The same monarch ruled over the Kingdom of Hungary and the Austrian Empire, and the National Assembly of Hungary could only hold sessions in Latin or German language. Hungary couldn\u2019t gain autonomy and the lowered taxes alone were not enough for the positive perception of the social opinion climate.<\/p>\n<p>Although the French Revolution of 1789 ended decades ago, it had an enormous influence on the intellectual class. Moreover, the French declared war against the Habsburg Monarchy, which reached the territory of Hungary in 1805. Napoleon then ordered Hungarian nobilities to separate from the Habsburg dynasty, however, he lost the war in 1815. The demand for home products then decreased rapidly and the inflation hit.<\/p>\n<p>More than 160 years passed, but the Hungarian Revolution of 1848 associated with Pet\u0151fi\u2019s name is still commemorated by the Hungarian people. Multiple elements of the 12 points composed by the Pilvax Circle are still a relevant topic in the present,\u00a0utisugo.hu reports.<\/p>\n<p>A long time under pressure eventually led to a revolution on March 15, 1848. The same monarch ruled over the Kingdom of Hungary and the Austrian Empire, and the National Assembly of Hungary could only hold sessions in Latin or German language. Hungary couldn\u2019t gain autonomy and the lowered taxes alone were not enough for the positive perception of the social opinion climate.<\/p>\n<p>Although the French Revolution of 1789 ended decades ago, it had an enormous influence on the intellectual class. Moreover, the French declared war against the Habsburg Monarchy, which reached the territory of Hungary in 1805. Napoleon then ordered Hungarian nobilities to separate from the Habsburg dynasty, however, he lost the war in 1815. The demand for home products then decreased rapidly and the inflation hit.<\/p>\n<p>&nbsp;<\/p>\n<p>translated by R\u00e9ka Jancskar<\/p>\n<p>Photo:\u00a0cultura.hu,\u00a0abonyvaros.blogspot.com<\/p>\n<p>Source: utisugo.hu \/\u00a0<a href=\"https:\/\/dailynewshungary.com\/what-do-hungarians-celebrate-on-march-15\/\">dailynewshungary.com<\/a><\/p>\n","protected":false},"excerpt":{"rendered":"<p><a href=\"https:\/\/www.bocskairadio.org\/wp-content\/uploads\/2017\/03\/1848-hungary.jpg\"><img loading=\"lazy\" decoding=\"async\" class=\"aligncenter size-large wp-image-29009\" src=\"https:\/\/www.bocskairadio.org\/wp-content\/uploads\/2017\/03\/1848-hungary-600x398.jpg\" alt=\"\" width=\"600\" height=\"398\" srcset=\"https:\/\/www.bocskairadio.org\/wp-content\/uploads\/2017\/03\/1848-hungary-600x398.jpg 600w, https:\/\/www.bocskairadio.org\/wp-content\/uploads\/2017\/03\/1848-hungary-696x461.jpg 696w, https:\/\/www.bocskairadio.org\/wp-content\/uploads\/2017\/03\/1848-hungary-634x420.jpg 634w, https:\/\/www.bocskairadio.org\/wp-content\/uploads\/2017\/03\/1848-hungary-300x199.jpg 300w, https:\/\/www.bocskairadio.org\/wp-content\/uploads\/2017\/03\/1848-hungary.jpg 768w, https:\/\/www.bocskairadio.org\/wp-content\/uploads\/2017\/03\/1848-hungary-200x133.jpg 200w, https:\/\/www.bocskairadio.org\/wp-content\/uploads\/2017\/03\/1848-hungary-400x265.jpg 400w, https:\/\/www.bocskairadio.org\/wp-content\/uploads\/2017\/03\/1848-hungary-500x332.jpg 500w\" sizes=\"auto, (max-width: 600px) 100vw, 600px\" \/><\/a><\/p>\n<p>More than 160 years passed, but the Hungarian Revolution of 1848 associated with Pet\u0151fi\u2019s name is still commemorated by the Hungarian people. Multiple elements of the 12 points composed by the Pilvax Circle are still a relevant topic in the present,\u00a0utisugo.hu reports.<\/p>\n<p>A long time under pressure eventually led to a revolution on March 15, 1848. The same monarch ruled over the Kingdom of Hungary and the Austrian Empire, and the National Assembly of Hungary could only hold sessions in Latin or German language. Hungary couldn\u2019t gain autonomy and the lowered taxes alone were not enough for the positive perception of the social opinion climate.<\/p>\n<p>Although the French Revolution of 1789 ended decades ago, it had an enormous influence on the intellectual class. Moreover, the French declared war against the Habsburg Monarchy, which reached the territory of Hungary in 1805. Napoleon then ordered Hungarian nobilities to separate from the Habsburg dynasty, however, he lost the war in 1815. The demand for home products then decreased rapidly and the inflation hit.<\/p>\n<p>More than 160 years passed, but the Hungarian Revolution of 1848 associated with Pet\u0151fi\u2019s name is still commemorated by the Hungarian people. Multiple elements of the 12 points composed by the Pilvax Circle are still a relevant topic in the present,\u00a0utisugo.hu reports.<\/p>\n<p>A long time under pressure eventually led to a revolution on March 15, 1848. The same monarch ruled over the Kingdom of Hungary and the Austrian Empire, and the National Assembly of Hungary could only hold sessions in Latin or German language. Hungary couldn\u2019t gain autonomy and the lowered taxes alone were not enough for the positive perception of the social opinion climate.<\/p>\n<p>Although the French Revolution of 1789 ended decades ago, it had an enormous influence on the intellectual class. Moreover, the French declared war against the Habsburg Monarchy, which reached the territory of Hungary in 1805. Napoleon then ordered Hungarian nobilities to separate from the Habsburg dynasty, however, he lost the war in 1815. The demand for home products then decreased rapidly and the inflation hit.<\/p>\n<p>&nbsp;<\/p>\n<p>translated by R\u00e9ka Jancskar<\/p>\n<p>Photo:\u00a0cultura.hu,\u00a0abonyvaros.blogspot.com<\/p>\n<p>Source: utisugo.hu \/\u00a0<a href=\"https:\/\/dailynewshungary.com\/what-do-hungarians-celebrate-on-march-15\/\">dailynewshungary.com<\/a><\/p>\n","protected":false},"author":7,"featured_media":29009,"comment_status":"open","ping_status":"open","sticky":false,"template":"","format":"standard","meta":{"footnotes":""},"categories":[166],"tags":[],"class_list":["post-29008","post","type-post","status-publish","format-standard","has-post-thumbnail","category-news"],"yoast_head":"<!-- This site is optimized with the Yoast SEO plugin v27.4 - https:\/\/yoast.com\/product\/yoast-seo-wordpress\/ -->\n<title>WHAT DO HUNGARIANS CELEBRATE ON MARCH 15? &#8211; Bocskai R\u00e1di\u00f3<\/title>\n<meta name=\"robots\" content=\"index, follow, max-snippet:-1, max-image-preview:large, max-video-preview:-1\" \/>\n<link rel=\"canonical\" href=\"https:\/\/www.bocskairadio.org\/en\/hungarians-celebrate-march-15-2\/\" \/>\n<meta property=\"og:locale\" content=\"en_US\" \/>\n<meta property=\"og:type\" content=\"article\" \/>\n<meta property=\"og:title\" content=\"WHAT DO HUNGARIANS CELEBRATE ON MARCH 15? &#8211; Bocskai R\u00e1di\u00f3\" \/>\n<meta property=\"og:description\" content=\"More than 160 years passed, but the Hungarian Revolution of 1848 associated with Pet\u0151fi\u2019s name is still commemorated by the Hungarian people. Multiple elements of the 12 points composed by the Pilvax Circle are still a relevant topic in the present,\u00a0utisugo.hu reports.  A long time under pressure eventually led to a revolution on March 15, 1848. The same monarch ruled over the Kingdom of Hungary and the Austrian Empire, and the National Assembly of Hungary could only hold sessions in Latin or German language. Hungary couldn\u2019t gain autonomy and the lowered taxes alone were not enough for the positive perception of the social opinion climate.  Although the French Revolution of 1789 ended decades ago, it had an enormous influence on the intellectual class. Moreover, the French declared war against the Habsburg Monarchy, which reached the territory of Hungary in 1805. Napoleon then ordered Hungarian nobilities to separate from the Habsburg dynasty, however, he lost the war in 1815. The demand for home products then decreased rapidly and the inflation hit.  More than 160 years passed, but the Hungarian Revolution of 1848 associated with Pet\u0151fi\u2019s name is still commemorated by the Hungarian people. Multiple elements of the 12 points composed by the Pilvax Circle are still a relevant topic in the present,\u00a0utisugo.hu reports.  A long time under pressure eventually led to a revolution on March 15, 1848. The same monarch ruled over the Kingdom of Hungary and the Austrian Empire, and the National Assembly of Hungary could only hold sessions in Latin or German language. Hungary couldn\u2019t gain autonomy and the lowered taxes alone were not enough for the positive perception of the social opinion climate.  Although the French Revolution of 1789 ended decades ago, it had an enormous influence on the intellectual class. Moreover, the French declared war against the Habsburg Monarchy, which reached the territory of Hungary in 1805. Napoleon then ordered Hungarian nobilities to separate from the Habsburg dynasty, however, he lost the war in 1815. The demand for home products then decreased rapidly and the inflation hit.  &nbsp;  translated by R\u00e9ka Jancskar  Photo:\u00a0cultura.hu,\u00a0abonyvaros.blogspot.com  Source: utisugo.hu \/\u00a0dailynewshungary.com\" \/>\n<meta property=\"og:url\" content=\"https:\/\/www.bocskairadio.org\/en\/hungarians-celebrate-march-15-2\/\" \/>\n<meta property=\"og:site_name\" content=\"Bocskai R\u00e1di\u00f3\" \/>\n<meta property=\"article:publisher\" content=\"https:\/\/www.facebook.com\/BocskaiRadio\" \/>\n<meta property=\"article:published_time\" content=\"2017-03-19T01:02:41+00:00\" \/>\n<meta property=\"article:modified_time\" content=\"2017-03-19T01:09:16+00:00\" \/>\n<meta property=\"og:image\" content=\"https:\/\/www.bocskairadio.org\/wp-content\/uploads\/2017\/03\/1848-hungary.jpg\" \/>\n\t<meta property=\"og:image:width\" content=\"768\" \/>\n\t<meta property=\"og:image:height\" content=\"509\" \/>\n\t<meta property=\"og:image:type\" content=\"image\/jpeg\" \/>\n<meta name=\"author\" content=\"Csibi Lor\u00e1nd\" \/>\n<meta name=\"twitter:card\" content=\"summary_large_image\" \/>\n<meta name=\"twitter:creator\" content=\"@BocskaiRadio\" \/>\n<meta name=\"twitter:site\" content=\"@BocskaiRadio\" \/>\n<script type=\"application\/ld+json\" class=\"yoast-schema-graph\">{\"@context\":\"https:\\\/\\\/schema.org\",\"@graph\":[{\"@type\":\"Article\",\"@id\":\"https:\\\/\\\/www.bocskairadio.org\\\/en\\\/hungarians-celebrate-march-15-2\\\/#article\",\"isPartOf\":{\"@id\":\"https:\\\/\\\/www.bocskairadio.org\\\/en\\\/hungarians-celebrate-march-15-2\\\/\"},\"author\":{\"name\":\"Csibi Lor\u00e1nd\",\"@id\":\"https:\\\/\\\/www.bocskairadio.org\\\/en\\\/#\\\/schema\\\/person\\\/10edfc7ddc0e006131357c2bcb81b96b\"},\"headline\":\"WHAT DO HUNGARIANS CELEBRATE ON MARCH 15?\",\"datePublished\":\"2017-03-19T01:02:41+00:00\",\"dateModified\":\"2017-03-19T01:09:16+00:00\",\"mainEntityOfPage\":{\"@id\":\"https:\\\/\\\/www.bocskairadio.org\\\/en\\\/hungarians-celebrate-march-15-2\\\/\"},\"wordCount\":357,\"commentCount\":0,\"publisher\":{\"@id\":\"https:\\\/\\\/www.bocskairadio.org\\\/en\\\/#organization\"},\"image\":{\"@id\":\"https:\\\/\\\/www.bocskairadio.org\\\/en\\\/hungarians-celebrate-march-15-2\\\/#primaryimage\"},\"thumbnailUrl\":\"https:\\\/\\\/www.bocskairadio.org\\\/wp-content\\\/uploads\\\/2017\\\/03\\\/1848-hungary.jpg\",\"articleSection\":[\"News\"],\"inLanguage\":\"en-US\",\"potentialAction\":[{\"@type\":\"CommentAction\",\"name\":\"Comment\",\"target\":[\"https:\\\/\\\/www.bocskairadio.org\\\/en\\\/hungarians-celebrate-march-15-2\\\/#respond\"]}]},{\"@type\":\"WebPage\",\"@id\":\"https:\\\/\\\/www.bocskairadio.org\\\/en\\\/hungarians-celebrate-march-15-2\\\/\",\"url\":\"https:\\\/\\\/www.bocskairadio.org\\\/en\\\/hungarians-celebrate-march-15-2\\\/\",\"name\":\"WHAT DO HUNGARIANS CELEBRATE ON MARCH 15? &#8211; Bocskai R\u00e1di\u00f3\",\"isPartOf\":{\"@id\":\"https:\\\/\\\/www.bocskairadio.org\\\/en\\\/#website\"},\"primaryImageOfPage\":{\"@id\":\"https:\\\/\\\/www.bocskairadio.org\\\/en\\\/hungarians-celebrate-march-15-2\\\/#primaryimage\"},\"image\":{\"@id\":\"https:\\\/\\\/www.bocskairadio.org\\\/en\\\/hungarians-celebrate-march-15-2\\\/#primaryimage\"},\"thumbnailUrl\":\"https:\\\/\\\/www.bocskairadio.org\\\/wp-content\\\/uploads\\\/2017\\\/03\\\/1848-hungary.jpg\",\"datePublished\":\"2017-03-19T01:02:41+00:00\",\"dateModified\":\"2017-03-19T01:09:16+00:00\",\"inLanguage\":\"en-US\",\"potentialAction\":[{\"@type\":\"ReadAction\",\"target\":[\"https:\\\/\\\/www.bocskairadio.org\\\/en\\\/hungarians-celebrate-march-15-2\\\/\"]}]},{\"@type\":\"ImageObject\",\"inLanguage\":\"en-US\",\"@id\":\"https:\\\/\\\/www.bocskairadio.org\\\/en\\\/hungarians-celebrate-march-15-2\\\/#primaryimage\",\"url\":\"https:\\\/\\\/www.bocskairadio.org\\\/wp-content\\\/uploads\\\/2017\\\/03\\\/1848-hungary.jpg\",\"contentUrl\":\"https:\\\/\\\/www.bocskairadio.org\\\/wp-content\\\/uploads\\\/2017\\\/03\\\/1848-hungary.jpg\",\"width\":768,\"height\":509},{\"@type\":\"WebSite\",\"@id\":\"https:\\\/\\\/www.bocskairadio.org\\\/en\\\/#website\",\"url\":\"https:\\\/\\\/www.bocskairadio.org\\\/en\\\/\",\"name\":\"Bocskai R\u00e1di\u00f3\",\"description\":\"The Voice of Cleveland Hungarians\",\"publisher\":{\"@id\":\"https:\\\/\\\/www.bocskairadio.org\\\/en\\\/#organization\"},\"potentialAction\":[{\"@type\":\"SearchAction\",\"target\":{\"@type\":\"EntryPoint\",\"urlTemplate\":\"https:\\\/\\\/www.bocskairadio.org\\\/en\\\/?s={search_term_string}\"},\"query-input\":{\"@type\":\"PropertyValueSpecification\",\"valueRequired\":true,\"valueName\":\"search_term_string\"}}],\"inLanguage\":\"en-US\"},{\"@type\":\"Organization\",\"@id\":\"https:\\\/\\\/www.bocskairadio.org\\\/en\\\/#organization\",\"name\":\"Bocskai R\u00e1di\u00f3\",\"url\":\"https:\\\/\\\/www.bocskairadio.org\\\/en\\\/\",\"logo\":{\"@type\":\"ImageObject\",\"inLanguage\":\"en-US\",\"@id\":\"https:\\\/\\\/www.bocskairadio.org\\\/en\\\/#\\\/schema\\\/logo\\\/image\\\/\",\"url\":\"https:\\\/\\\/www.bocskairadio.org\\\/wp-content\\\/uploads\\\/2016\\\/11\\\/var3_basic.jpg\",\"contentUrl\":\"https:\\\/\\\/www.bocskairadio.org\\\/wp-content\\\/uploads\\\/2016\\\/11\\\/var3_basic.jpg\",\"width\":500,\"height\":500,\"caption\":\"Bocskai R\u00e1di\u00f3\"},\"image\":{\"@id\":\"https:\\\/\\\/www.bocskairadio.org\\\/en\\\/#\\\/schema\\\/logo\\\/image\\\/\"},\"sameAs\":[\"https:\\\/\\\/www.facebook.com\\\/BocskaiRadio\",\"https:\\\/\\\/x.com\\\/BocskaiRadio\",\"https:\\\/\\\/www.instagram.com\\\/bocskairadio\\\/\",\"https:\\\/\\\/www.youtube.com\\\/user\\\/bocskairadio\",\"https:\\\/\\\/hu.wikipedia.org\\\/wiki\\\/Bocskai_R\u00e1di\u00f3\"]},{\"@type\":\"Person\",\"@id\":\"https:\\\/\\\/www.bocskairadio.org\\\/en\\\/#\\\/schema\\\/person\\\/10edfc7ddc0e006131357c2bcb81b96b\",\"name\":\"Csibi Lor\u00e1nd\",\"image\":{\"@type\":\"ImageObject\",\"inLanguage\":\"en-US\",\"@id\":\"https:\\\/\\\/secure.gravatar.com\\\/avatar\\\/0d49f9198d2018a84ee306138a7a0466777b8f100435a4212859f16ba458f47a?s=96&d=mm&r=g\",\"url\":\"https:\\\/\\\/secure.gravatar.com\\\/avatar\\\/0d49f9198d2018a84ee306138a7a0466777b8f100435a4212859f16ba458f47a?s=96&d=mm&r=g\",\"contentUrl\":\"https:\\\/\\\/secure.gravatar.com\\\/avatar\\\/0d49f9198d2018a84ee306138a7a0466777b8f100435a4212859f16ba458f47a?s=96&d=mm&r=g\",\"caption\":\"Csibi Lor\u00e1nd\"},\"url\":\"https:\\\/\\\/www.bocskairadio.org\\\/en\\\/author\\\/csibilori\\\/\"}]}<\/script>\n<!-- \/ Yoast SEO plugin. -->","yoast_head_json":{"title":"WHAT DO HUNGARIANS CELEBRATE ON MARCH 15? &#8211; Bocskai R\u00e1di\u00f3","robots":{"index":"index","follow":"follow","max-snippet":"max-snippet:-1","max-image-preview":"max-image-preview:large","max-video-preview":"max-video-preview:-1"},"canonical":"https:\/\/www.bocskairadio.org\/en\/hungarians-celebrate-march-15-2\/","og_locale":"en_US","og_type":"article","og_title":"WHAT DO HUNGARIANS CELEBRATE ON MARCH 15? &#8211; Bocskai R\u00e1di\u00f3","og_description":"More than 160 years passed, but the Hungarian Revolution of 1848 associated with Pet\u0151fi\u2019s name is still commemorated by the Hungarian people. Multiple elements of the 12 points composed by the Pilvax Circle are still a relevant topic in the present,\u00a0utisugo.hu reports.  A long time under pressure eventually led to a revolution on March 15, 1848. The same monarch ruled over the Kingdom of Hungary and the Austrian Empire, and the National Assembly of Hungary could only hold sessions in Latin or German language. Hungary couldn\u2019t gain autonomy and the lowered taxes alone were not enough for the positive perception of the social opinion climate.  Although the French Revolution of 1789 ended decades ago, it had an enormous influence on the intellectual class. Moreover, the French declared war against the Habsburg Monarchy, which reached the territory of Hungary in 1805. Napoleon then ordered Hungarian nobilities to separate from the Habsburg dynasty, however, he lost the war in 1815. The demand for home products then decreased rapidly and the inflation hit.  More than 160 years passed, but the Hungarian Revolution of 1848 associated with Pet\u0151fi\u2019s name is still commemorated by the Hungarian people. Multiple elements of the 12 points composed by the Pilvax Circle are still a relevant topic in the present,\u00a0utisugo.hu reports.  A long time under pressure eventually led to a revolution on March 15, 1848. The same monarch ruled over the Kingdom of Hungary and the Austrian Empire, and the National Assembly of Hungary could only hold sessions in Latin or German language. Hungary couldn\u2019t gain autonomy and the lowered taxes alone were not enough for the positive perception of the social opinion climate.  Although the French Revolution of 1789 ended decades ago, it had an enormous influence on the intellectual class. Moreover, the French declared war against the Habsburg Monarchy, which reached the territory of Hungary in 1805. Napoleon then ordered Hungarian nobilities to separate from the Habsburg dynasty, however, he lost the war in 1815. The demand for home products then decreased rapidly and the inflation hit.  &nbsp;  translated by R\u00e9ka Jancskar  Photo:\u00a0cultura.hu,\u00a0abonyvaros.blogspot.com  Source: utisugo.hu \/\u00a0dailynewshungary.com","og_url":"https:\/\/www.bocskairadio.org\/en\/hungarians-celebrate-march-15-2\/","og_site_name":"Bocskai R\u00e1di\u00f3","article_publisher":"https:\/\/www.facebook.com\/BocskaiRadio","article_published_time":"2017-03-19T01:02:41+00:00","article_modified_time":"2017-03-19T01:09:16+00:00","og_image":[{"width":768,"height":509,"url":"https:\/\/www.bocskairadio.org\/wp-content\/uploads\/2017\/03\/1848-hungary.jpg","type":"image\/jpeg"}],"author":"Csibi Lor\u00e1nd","twitter_card":"summary_large_image","twitter_creator":"@BocskaiRadio","twitter_site":"@BocskaiRadio","schema":{"@context":"https:\/\/schema.org","@graph":[{"@type":"Article","@id":"https:\/\/www.bocskairadio.org\/en\/hungarians-celebrate-march-15-2\/#article","isPartOf":{"@id":"https:\/\/www.bocskairadio.org\/en\/hungarians-celebrate-march-15-2\/"},"author":{"name":"Csibi Lor\u00e1nd","@id":"https:\/\/www.bocskairadio.org\/en\/#\/schema\/person\/10edfc7ddc0e006131357c2bcb81b96b"},"headline":"WHAT DO HUNGARIANS CELEBRATE ON MARCH 15?","datePublished":"2017-03-19T01:02:41+00:00","dateModified":"2017-03-19T01:09:16+00:00","mainEntityOfPage":{"@id":"https:\/\/www.bocskairadio.org\/en\/hungarians-celebrate-march-15-2\/"},"wordCount":357,"commentCount":0,"publisher":{"@id":"https:\/\/www.bocskairadio.org\/en\/#organization"},"image":{"@id":"https:\/\/www.bocskairadio.org\/en\/hungarians-celebrate-march-15-2\/#primaryimage"},"thumbnailUrl":"https:\/\/www.bocskairadio.org\/wp-content\/uploads\/2017\/03\/1848-hungary.jpg","articleSection":["News"],"inLanguage":"en-US","potentialAction":[{"@type":"CommentAction","name":"Comment","target":["https:\/\/www.bocskairadio.org\/en\/hungarians-celebrate-march-15-2\/#respond"]}]},{"@type":"WebPage","@id":"https:\/\/www.bocskairadio.org\/en\/hungarians-celebrate-march-15-2\/","url":"https:\/\/www.bocskairadio.org\/en\/hungarians-celebrate-march-15-2\/","name":"WHAT DO HUNGARIANS CELEBRATE ON MARCH 15? &#8211; Bocskai R\u00e1di\u00f3","isPartOf":{"@id":"https:\/\/www.bocskairadio.org\/en\/#website"},"primaryImageOfPage":{"@id":"https:\/\/www.bocskairadio.org\/en\/hungarians-celebrate-march-15-2\/#primaryimage"},"image":{"@id":"https:\/\/www.bocskairadio.org\/en\/hungarians-celebrate-march-15-2\/#primaryimage"},"thumbnailUrl":"https:\/\/www.bocskairadio.org\/wp-content\/uploads\/2017\/03\/1848-hungary.jpg","datePublished":"2017-03-19T01:02:41+00:00","dateModified":"2017-03-19T01:09:16+00:00","inLanguage":"en-US","potentialAction":[{"@type":"ReadAction","target":["https:\/\/www.bocskairadio.org\/en\/hungarians-celebrate-march-15-2\/"]}]},{"@type":"ImageObject","inLanguage":"en-US","@id":"https:\/\/www.bocskairadio.org\/en\/hungarians-celebrate-march-15-2\/#primaryimage","url":"https:\/\/www.bocskairadio.org\/wp-content\/uploads\/2017\/03\/1848-hungary.jpg","contentUrl":"https:\/\/www.bocskairadio.org\/wp-content\/uploads\/2017\/03\/1848-hungary.jpg","width":768,"height":509},{"@type":"WebSite","@id":"https:\/\/www.bocskairadio.org\/en\/#website","url":"https:\/\/www.bocskairadio.org\/en\/","name":"Bocskai R\u00e1di\u00f3","description":"The Voice of Cleveland Hungarians","publisher":{"@id":"https:\/\/www.bocskairadio.org\/en\/#organization"},"potentialAction":[{"@type":"SearchAction","target":{"@type":"EntryPoint","urlTemplate":"https:\/\/www.bocskairadio.org\/en\/?s={search_term_string}"},"query-input":{"@type":"PropertyValueSpecification","valueRequired":true,"valueName":"search_term_string"}}],"inLanguage":"en-US"},{"@type":"Organization","@id":"https:\/\/www.bocskairadio.org\/en\/#organization","name":"Bocskai R\u00e1di\u00f3","url":"https:\/\/www.bocskairadio.org\/en\/","logo":{"@type":"ImageObject","inLanguage":"en-US","@id":"https:\/\/www.bocskairadio.org\/en\/#\/schema\/logo\/image\/","url":"https:\/\/www.bocskairadio.org\/wp-content\/uploads\/2016\/11\/var3_basic.jpg","contentUrl":"https:\/\/www.bocskairadio.org\/wp-content\/uploads\/2016\/11\/var3_basic.jpg","width":500,"height":500,"caption":"Bocskai R\u00e1di\u00f3"},"image":{"@id":"https:\/\/www.bocskairadio.org\/en\/#\/schema\/logo\/image\/"},"sameAs":["https:\/\/www.facebook.com\/BocskaiRadio","https:\/\/x.com\/BocskaiRadio","https:\/\/www.instagram.com\/bocskairadio\/","https:\/\/www.youtube.com\/user\/bocskairadio","https:\/\/hu.wikipedia.org\/wiki\/Bocskai_R\u00e1di\u00f3"]},{"@type":"Person","@id":"https:\/\/www.bocskairadio.org\/en\/#\/schema\/person\/10edfc7ddc0e006131357c2bcb81b96b","name":"Csibi Lor\u00e1nd","image":{"@type":"ImageObject","inLanguage":"en-US","@id":"https:\/\/secure.gravatar.com\/avatar\/0d49f9198d2018a84ee306138a7a0466777b8f100435a4212859f16ba458f47a?s=96&d=mm&r=g","url":"https:\/\/secure.gravatar.com\/avatar\/0d49f9198d2018a84ee306138a7a0466777b8f100435a4212859f16ba458f47a?s=96&d=mm&r=g","contentUrl":"https:\/\/secure.gravatar.com\/avatar\/0d49f9198d2018a84ee306138a7a0466777b8f100435a4212859f16ba458f47a?s=96&d=mm&r=g","caption":"Csibi Lor\u00e1nd"},"url":"https:\/\/www.bocskairadio.org\/en\/author\/csibilori\/"}]}},"_links":{"self":[{"href":"https:\/\/www.bocskairadio.org\/en\/wp-json\/wp\/v2\/posts\/29008","targetHints":{"allow":["GET"]}}],"collection":[{"href":"https:\/\/www.bocskairadio.org\/en\/wp-json\/wp\/v2\/posts"}],"about":[{"href":"https:\/\/www.bocskairadio.org\/en\/wp-json\/wp\/v2\/types\/post"}],"author":[{"embeddable":true,"href":"https:\/\/www.bocskairadio.org\/en\/wp-json\/wp\/v2\/users\/7"}],"replies":[{"embeddable":true,"href":"https:\/\/www.bocskairadio.org\/en\/wp-json\/wp\/v2\/comments?post=29008"}],"version-history":[{"count":0,"href":"https:\/\/www.bocskairadio.org\/en\/wp-json\/wp\/v2\/posts\/29008\/revisions"}],"wp:featuredmedia":[{"embeddable":true,"href":"https:\/\/www.bocskairadio.org\/en\/wp-json\/wp\/v2\/media\/29009"}],"wp:attachment":[{"href":"https:\/\/www.bocskairadio.org\/en\/wp-json\/wp\/v2\/media?parent=29008"}],"wp:term":[{"taxonomy":"category","embeddable":true,"href":"https:\/\/www.bocskairadio.org\/en\/wp-json\/wp\/v2\/categories?post=29008"},{"taxonomy":"post_tag","embeddable":true,"href":"https:\/\/www.bocskairadio.org\/en\/wp-json\/wp\/v2\/tags?post=29008"}],"curies":[{"name":"wp","href":"https:\/\/api.w.org\/{rel}","templated":true}]}}