{"id":29342,"date":"2017-03-25T23:33:00","date_gmt":"2017-03-26T03:33:00","guid":{"rendered":"https:\/\/www.bocskairadio.org\/?p=29342\/"},"modified":"2017-03-25T23:33:31","modified_gmt":"2017-03-26T03:33:31","slug":"hungarian-foreign-minister-meets-trump-aides-including-sebastian-gorka-washington-d-c","status":"publish","type":"post","link":"https:\/\/www.bocskairadio.org\/en\/hungarian-foreign-minister-meets-trump-aides-including-sebastian-gorka-washington-d-c\/","title":{"rendered":"HUNGARIAN FOREIGN MINISTER MEETS TRUMP AIDES, INCLUDING SEBASTIAN GORKA, IN WASHINGTON D.C."},"content":{"rendered":"<figure id=\"attachment_29343\" aria-describedby=\"caption-attachment-29343\" style=\"width: 600px\" class=\"wp-caption aligncenter\"><a href=\"https:\/\/www.bocskairadio.org\/wp-content\/uploads\/2017\/03\/szijarto-gorka.jpg\"><img loading=\"lazy\" decoding=\"async\" class=\"wp-image-29343 size-large\" src=\"https:\/\/www.bocskairadio.org\/wp-content\/uploads\/2017\/03\/szijarto-gorka-600x332.jpg\" alt=\"\" width=\"600\" height=\"332\" srcset=\"https:\/\/www.bocskairadio.org\/wp-content\/uploads\/2017\/03\/szijarto-gorka-600x332.jpg 600w, https:\/\/www.bocskairadio.org\/wp-content\/uploads\/2017\/03\/szijarto-gorka-696x385.jpg 696w, https:\/\/www.bocskairadio.org\/wp-content\/uploads\/2017\/03\/szijarto-gorka-300x166.jpg 300w, https:\/\/www.bocskairadio.org\/wp-content\/uploads\/2017\/03\/szijarto-gorka-200x111.jpg 200w, https:\/\/www.bocskairadio.org\/wp-content\/uploads\/2017\/03\/szijarto-gorka-400x222.jpg 400w, https:\/\/www.bocskairadio.org\/wp-content\/uploads\/2017\/03\/szijarto-gorka-500x277.jpg 500w, https:\/\/www.bocskairadio.org\/wp-content\/uploads\/2017\/03\/szijarto-gorka.jpg 749w\" sizes=\"auto, (max-width: 600px) 100vw, 600px\" \/><\/a><figcaption id=\"caption-attachment-29343\" class=\"wp-caption-text\">Hungarian Foreign Minister P\u00e9ter Szijj\u00e1rt\u00f3 and International Negotiator Hungarian-American Sebastian Gorka<\/figcaption><\/figure>\n<p style=\"text-align: justify;\"><strong>According to Hungarian wire service MTI, Hungarian Foreign Minister P\u00e9ter Szijj\u00e1rt\u00f3 met several members of US President Donald Trump\u2019s White House Staff in Washington D.C. on Tuesday.\u00a0<\/strong><\/p>\n<p style=\"text-align: justify;\">These included Jason Greenblatt, Trump\u2019s former lawyer and the incumbent of the newly-created position of United States Special Representative for International Negotiations, as well as Hungarian-American <a href=\"https:\/\/hungarytoday.hu\/news\/hungarian-national-security-expert-sebastian-gorka-joined-trumps-white-house-89743\">Sebastian Gorka<\/a>, Deputy Assistant to the President for national security affairs.<\/p>\n<figure id=\"attachment_29345\" aria-describedby=\"caption-attachment-29345\" style=\"width: 600px\" class=\"wp-caption aligncenter\"><a href=\"https:\/\/www.bocskairadio.org\/wp-content\/uploads\/2017\/03\/szijjarto-greenblat.jpg\"><img loading=\"lazy\" decoding=\"async\" class=\"size-large wp-image-29345\" src=\"https:\/\/www.bocskairadio.org\/wp-content\/uploads\/2017\/03\/szijjarto-greenblat-600x413.jpg\" alt=\"\" width=\"600\" height=\"413\" srcset=\"https:\/\/www.bocskairadio.org\/wp-content\/uploads\/2017\/03\/szijjarto-greenblat-600x413.jpg 600w, https:\/\/www.bocskairadio.org\/wp-content\/uploads\/2017\/03\/szijjarto-greenblat-218x150.jpg 218w, https:\/\/www.bocskairadio.org\/wp-content\/uploads\/2017\/03\/szijjarto-greenblat-696x479.jpg 696w, https:\/\/www.bocskairadio.org\/wp-content\/uploads\/2017\/03\/szijjarto-greenblat-610x420.jpg 610w, https:\/\/www.bocskairadio.org\/wp-content\/uploads\/2017\/03\/szijjarto-greenblat-300x206.jpg 300w, https:\/\/www.bocskairadio.org\/wp-content\/uploads\/2017\/03\/szijjarto-greenblat-200x138.jpg 200w, https:\/\/www.bocskairadio.org\/wp-content\/uploads\/2017\/03\/szijjarto-greenblat-400x275.jpg 400w, https:\/\/www.bocskairadio.org\/wp-content\/uploads\/2017\/03\/szijjarto-greenblat-500x344.jpg 500w, https:\/\/www.bocskairadio.org\/wp-content\/uploads\/2017\/03\/szijjarto-greenblat.jpg 750w\" sizes=\"auto, (max-width: 600px) 100vw, 600px\" \/><\/a><figcaption id=\"caption-attachment-29345\" class=\"wp-caption-text\">Hungarian Foreign Minister P\u00e9ter Szijj\u00e1rt\u00f3 (right), with United States Special Representative for International Negotiations Jason Greenblatt (PHOTO: MTI- KKM)<\/figcaption><\/figure>\n<p style=\"text-align: justify;\"><a href=\"https:\/\/hungarytoday.hu\/news\/hungarian-white-house-aide-sebastian-gorka-defends-trump-press-conference-accuses-bbc-fake-news-video-85684\">Gorka<\/a>, a national security expert who has served as a Fox News contributor and national security editor for far-right news site Breitbart, has been in news lately over a controversy surrounding his father\u2019s membership in the Order of Vit\u00e9z (Vit\u00e9zi Rend). This has led to some news outlets accusing Gorka of somehow having \u2018Nazi\u2019 affiliations (read our in-depth <a href=\"https:\/\/hungarytoday.hu\/news\/hungarian-trump-aide-sebastian-gorka-order-vitez-controversy-67726\">article on the \u201ccontroversy\u201d here<\/a>).<\/p>\n<p style=\"text-align: justify;\">He was also charged with a weapons offense last year for attempting to bring a gun onto an airplane, a charge which has since been dismissed.<\/p>\n<p style=\"text-align: justify;\">Born in London to parents who had fled the Hungarian Revolution of 1956, Mr. Gorka has in the past served as an advisor to Hungarian Prime Minister Viktor Orb\u00e1n. He also worked at the Hungarian Ministry of Defense during the Prime Ministry of J\u00f3zsef Antall, Hungary\u2019s first PM following the end of Communism.<\/p>\n<p style=\"text-align: justify;\">In addition to meeting Gorka and Greeblatt, the Hungarian Foreign Minister officially opened Hungary\u2019s <a href=\"https:\/\/hungarytoday.hu\/news\/hungarian-foreign-ministry-acquires-historic-mansion-washington-dc-88275\">new embassy building<\/a> in Washington D.C.<\/p>\n<p style=\"text-align: justify;\">Following a greeting by Hungarian Ambassador to the United States <a href=\"https:\/\/hungarytoday.hu\/news\/washington-hungarian-ambassador-reka-szemerkenyi-builds-relationships-trump-administration-84288\">R\u00e9ka Szemerk\u00e9nyi<\/a>, Szijj\u00e1rt\u00f3 expressed his hope that the inauguration of the new embassy building would mark the start of a better relationship between Hungary and the United States.<\/p>\n<p style=\"text-align: justify;\">Speaking after Ambassador Reka Szemerk\u00e9nyi\u2019s opening address, Szijj\u00e1rt\u00f3 expressed hope that the opening of the new building would mark the start of new initiatives resulting in a \u201ccommon success story\u201d with the United States. The Foreign Minister claimed that, since Donald Trump\u2019s election, America is pursuing \u201cmore patriotic\u201d policies. He also expressed the Hungarian government\u2019s view that Trump\u2019s presidency will \u201cbe successful in making America safer and greater,\u201d which, he claimed, would make the world a safer and greater place.<\/p>\n<p style=\"text-align: justify;\">Szijj\u00e1rt\u00f3 claimed the world is now facing a discernable fresh start a \u201cfresh start\u201d. He expressed his belief that what he termed the \u201cage of hypocrisy and political correctness\u201d has come to an end. He argued that the previous US Administration\u2019s \u201cintrusion into Hungary\u2019s internal affairs\u201d has also ended, and that \u201cAmerica\u2019s new approach to Hungary is much more constructive.<\/p>\n<figure id=\"attachment_21191\" class=\"wp-caption aligncenter\">\n<p><figure id=\"attachment_21191\" aria-describedby=\"caption-attachment-21191\" style=\"width: 750px\" class=\"wp-caption aligncenter\"><a href=\"https:\/\/hungarytoday.hu\/wp-content\/uploads\/2017\/03\/szijarto-szemerkenyi.jpg\"><img loading=\"lazy\" decoding=\"async\" class=\"wp-image-21191 size-full\" src=\"https:\/\/hungarytoday.hu\/wp-content\/uploads\/2017\/03\/szijarto-szemerkenyi.jpg\" sizes=\"auto, (max-width: 750px) 100vw, 750px\" srcset=\"https:\/\/hungarytoday.hu\/wp-content\/uploads\/2017\/03\/szijarto-szemerkenyi.jpg 750w, https:\/\/hungarytoday.hu\/wp-content\/uploads\/2017\/03\/szijarto-szemerkenyi-300x199.jpg 300w, https:\/\/hungarytoday.hu\/wp-content\/uploads\/2017\/03\/szijarto-szemerkenyi-100x66.jpg 100w\" alt=\"Washington, 2017. m\u00e1rcius 22. A K\u00fclgazdas\u00e1gi \u00e9s K\u00fcl\u00fcgyminiszt\u00e9rium (KKM) \u00e1ltal k\u00f6zreadott k\u00e9pen Szijj\u00e1rt\u00f3 P\u00e9ter k\u00fclgazdas\u00e1gi \u00e9s k\u00fcl\u00fcgyminiszter \u00e9s Szemerk\u00e9nyi R\u00e9ka washingtoni magyar nagyk\u00f6vet felavatja Magyarorsz\u00e1g \u00faj washingtoni nagyk\u00f6vets\u00e9g\u00e9nek \u00e9p\u00fclet\u00e9t 2017. m\u00e1rcius 21-\u00e9n. MTI Fot\u00f3: KKM\" width=\"750\" height=\"498\" \/><\/a><figcaption id=\"caption-attachment-21191\" class=\"wp-caption-text\">Hungarian Foreign Minister P\u00e9ter Szijj\u00e1rt\u00f3 officially opening Hungary\u2019s new embassy building in Washington, DC, with Hungarian Ambassador to the United States R\u00e9ka Szemerk\u00e9nyi (Photo: MTI- KKM)<\/figcaption><\/figure><\/figure>\n<p style=\"text-align: justify;\">Szijj\u00e1rt\u00f3 added that the fight against ISIS, and against terrorism in general, remains the greatest threat currently facing the civilized world. He called for a redoubling of efforts to defeat the Islamic State, and expressed Hungary\u2019s pride in being one of 27 countries fighting alongside the United States in this effort.<\/p>\n<p style=\"text-align: justify;\">Perhaps referring to Trump\u2019s hardline stance and recent, controversial executive actions regarding \u201cillegal migration,\u201d Hungary\u2019s Foreign Minister said that it was \u201conly natural\u201d for a country\u2019s leadership to put the security of the nation and its citizens first, adding that \u201cHungary has been doing the same, heavy criticism notwithstanding.\u201d<\/p>\n<p style=\"text-align: justify;\">Later in the day, Szijj\u00e1rt\u00f3 spoke at a business dinner held by the American-Hungarian Chamber of Commerce, where he praised the effects on world economics of supposed \u201cchanges in American economic policy.\u201d Attendees at the event included representatives of Lockheed Martin, Fedex, Comcast, Citibank and Procter and Gamble.<\/p>\n<p style=\"text-align: justify;\">The next day, Wednesday, Szijj\u00e1rt\u00f3 addressed a meeting of the foreign ministers of the countries that are part of the global coalition fighting ISIS and terrorism.<\/p>\n<p>Via MTI \/\u00a0<a href=\"https:\/\/hungarytoday.hu\/news\/hungarian-foreign-minister-meets-trump-aides-including-sebastian-gorka-washington-d-c-31936\">hungarytoday.hu<\/a><\/p>\n<p>Images via MTI<\/p>\n","protected":false},"excerpt":{"rendered":"[caption id=\"attachment_29343\" align=\"aligncenter\" width=\"600\"]<a href=\"https:\/\/www.bocskairadio.org\/wp-content\/uploads\/2017\/03\/szijarto-gorka.jpg\"><img loading=\"lazy\" decoding=\"async\" class=\"wp-image-29343 size-large\" src=\"https:\/\/www.bocskairadio.org\/wp-content\/uploads\/2017\/03\/szijarto-gorka-600x332.jpg\" alt=\"\" width=\"600\" height=\"332\" srcset=\"https:\/\/www.bocskairadio.org\/wp-content\/uploads\/2017\/03\/szijarto-gorka-600x332.jpg 600w, https:\/\/www.bocskairadio.org\/wp-content\/uploads\/2017\/03\/szijarto-gorka-696x385.jpg 696w, https:\/\/www.bocskairadio.org\/wp-content\/uploads\/2017\/03\/szijarto-gorka-300x166.jpg 300w, https:\/\/www.bocskairadio.org\/wp-content\/uploads\/2017\/03\/szijarto-gorka-200x111.jpg 200w, https:\/\/www.bocskairadio.org\/wp-content\/uploads\/2017\/03\/szijarto-gorka-400x222.jpg 400w, https:\/\/www.bocskairadio.org\/wp-content\/uploads\/2017\/03\/szijarto-gorka-500x277.jpg 500w, https:\/\/www.bocskairadio.org\/wp-content\/uploads\/2017\/03\/szijarto-gorka.jpg 749w\" sizes=\"auto, (max-width: 600px) 100vw, 600px\" \/><\/a> Hungarian Foreign Minister P\u00e9ter Szijj\u00e1rt\u00f3 and International Negotiator Hungarian-American Sebastian Gorka[\/caption]\n<p style=\"text-align: justify;\"><strong>According to Hungarian wire service MTI, Hungarian Foreign Minister P\u00e9ter Szijj\u00e1rt\u00f3 met several members of US President Donald Trump\u2019s White House Staff in Washington D.C. on Tuesday.\u00a0<\/strong><\/p>\n<p style=\"text-align: justify;\">These included Jason Greenblatt, Trump\u2019s former lawyer and the incumbent of the newly-created position of United States Special Representative for International Negotiations, as well as Hungarian-American <a href=\"https:\/\/hungarytoday.hu\/news\/hungarian-national-security-expert-sebastian-gorka-joined-trumps-white-house-89743\">Sebastian Gorka<\/a>, Deputy Assistant to the President for national security affairs.<\/p>\n[caption id=\"attachment_29345\" align=\"aligncenter\" width=\"600\"]<a href=\"https:\/\/www.bocskairadio.org\/wp-content\/uploads\/2017\/03\/szijjarto-greenblat.jpg\"><img loading=\"lazy\" decoding=\"async\" class=\"size-large wp-image-29345\" src=\"https:\/\/www.bocskairadio.org\/wp-content\/uploads\/2017\/03\/szijjarto-greenblat-600x413.jpg\" alt=\"\" width=\"600\" height=\"413\" srcset=\"https:\/\/www.bocskairadio.org\/wp-content\/uploads\/2017\/03\/szijjarto-greenblat-600x413.jpg 600w, https:\/\/www.bocskairadio.org\/wp-content\/uploads\/2017\/03\/szijjarto-greenblat-218x150.jpg 218w, https:\/\/www.bocskairadio.org\/wp-content\/uploads\/2017\/03\/szijjarto-greenblat-696x479.jpg 696w, https:\/\/www.bocskairadio.org\/wp-content\/uploads\/2017\/03\/szijjarto-greenblat-610x420.jpg 610w, https:\/\/www.bocskairadio.org\/wp-content\/uploads\/2017\/03\/szijjarto-greenblat-300x206.jpg 300w, https:\/\/www.bocskairadio.org\/wp-content\/uploads\/2017\/03\/szijjarto-greenblat-200x138.jpg 200w, https:\/\/www.bocskairadio.org\/wp-content\/uploads\/2017\/03\/szijjarto-greenblat-400x275.jpg 400w, https:\/\/www.bocskairadio.org\/wp-content\/uploads\/2017\/03\/szijjarto-greenblat-500x344.jpg 500w, https:\/\/www.bocskairadio.org\/wp-content\/uploads\/2017\/03\/szijjarto-greenblat.jpg 750w\" sizes=\"auto, (max-width: 600px) 100vw, 600px\" \/><\/a> Hungarian Foreign Minister P\u00e9ter Szijj\u00e1rt\u00f3 (right), with United States Special Representative for International Negotiations Jason Greenblatt (PHOTO: MTI- KKM)[\/caption]\n<p style=\"text-align: justify;\"><a href=\"https:\/\/hungarytoday.hu\/news\/hungarian-white-house-aide-sebastian-gorka-defends-trump-press-conference-accuses-bbc-fake-news-video-85684\">Gorka<\/a>, a national security expert who has served as a Fox News contributor and national security editor for far-right news site Breitbart, has been in news lately over a controversy surrounding his father\u2019s membership in the Order of Vit\u00e9z (Vit\u00e9zi Rend). This has led to some news outlets accusing Gorka of somehow having \u2018Nazi\u2019 affiliations (read our in-depth <a href=\"https:\/\/hungarytoday.hu\/news\/hungarian-trump-aide-sebastian-gorka-order-vitez-controversy-67726\">article on the \u201ccontroversy\u201d here<\/a>).<\/p>\n<p style=\"text-align: justify;\">He was also charged with a weapons offense last year for attempting to bring a gun onto an airplane, a charge which has since been dismissed.<\/p>\n<p style=\"text-align: justify;\">Born in London to parents who had fled the Hungarian Revolution of 1956, Mr. Gorka has in the past served as an advisor to Hungarian Prime Minister Viktor Orb\u00e1n. He also worked at the Hungarian Ministry of Defense during the Prime Ministry of J\u00f3zsef Antall, Hungary\u2019s first PM following the end of Communism.<\/p>\n<p style=\"text-align: justify;\">In addition to meeting Gorka and Greeblatt, the Hungarian Foreign Minister officially opened Hungary\u2019s <a href=\"https:\/\/hungarytoday.hu\/news\/hungarian-foreign-ministry-acquires-historic-mansion-washington-dc-88275\">new embassy building<\/a> in Washington D.C.<\/p>\n<p style=\"text-align: justify;\">Following a greeting by Hungarian Ambassador to the United States <a href=\"https:\/\/hungarytoday.hu\/news\/washington-hungarian-ambassador-reka-szemerkenyi-builds-relationships-trump-administration-84288\">R\u00e9ka Szemerk\u00e9nyi<\/a>, Szijj\u00e1rt\u00f3 expressed his hope that the inauguration of the new embassy building would mark the start of a better relationship between Hungary and the United States.<\/p>\n<p style=\"text-align: justify;\">Speaking after Ambassador Reka Szemerk\u00e9nyi\u2019s opening address, Szijj\u00e1rt\u00f3 expressed hope that the opening of the new building would mark the start of new initiatives resulting in a \u201ccommon success story\u201d with the United States. The Foreign Minister claimed that, since Donald Trump\u2019s election, America is pursuing \u201cmore patriotic\u201d policies. He also expressed the Hungarian government\u2019s view that Trump\u2019s presidency will \u201cbe successful in making America safer and greater,\u201d which, he claimed, would make the world a safer and greater place.<\/p>\n<p style=\"text-align: justify;\">Szijj\u00e1rt\u00f3 claimed the world is now facing a discernable fresh start a \u201cfresh start\u201d. He expressed his belief that what he termed the \u201cage of hypocrisy and political correctness\u201d has come to an end. He argued that the previous US Administration\u2019s \u201cintrusion into Hungary\u2019s internal affairs\u201d has also ended, and that \u201cAmerica\u2019s new approach to Hungary is much more constructive.<\/p>\n<figure id=\"attachment_21191\" class=\"wp-caption aligncenter\">\n<p>[caption id=\"attachment_21191\" align=\"aligncenter\" width=\"750\"]<a href=\"https:\/\/hungarytoday.hu\/wp-content\/uploads\/2017\/03\/szijarto-szemerkenyi.jpg\"><img loading=\"lazy\" decoding=\"async\" class=\"wp-image-21191 size-full\" src=\"https:\/\/hungarytoday.hu\/wp-content\/uploads\/2017\/03\/szijarto-szemerkenyi.jpg\" sizes=\"auto, (max-width: 750px) 100vw, 750px\" srcset=\"https:\/\/hungarytoday.hu\/wp-content\/uploads\/2017\/03\/szijarto-szemerkenyi.jpg 750w, https:\/\/hungarytoday.hu\/wp-content\/uploads\/2017\/03\/szijarto-szemerkenyi-300x199.jpg 300w, https:\/\/hungarytoday.hu\/wp-content\/uploads\/2017\/03\/szijarto-szemerkenyi-100x66.jpg 100w\" alt=\"Washington, 2017. m\u00e1rcius 22. A K\u00fclgazdas\u00e1gi \u00e9s K\u00fcl\u00fcgyminiszt\u00e9rium (KKM) \u00e1ltal k\u00f6zreadott k\u00e9pen Szijj\u00e1rt\u00f3 P\u00e9ter k\u00fclgazdas\u00e1gi \u00e9s k\u00fcl\u00fcgyminiszter \u00e9s Szemerk\u00e9nyi R\u00e9ka washingtoni magyar nagyk\u00f6vet felavatja Magyarorsz\u00e1g \u00faj washingtoni nagyk\u00f6vets\u00e9g\u00e9nek \u00e9p\u00fclet\u00e9t 2017. m\u00e1rcius 21-\u00e9n. MTI Fot\u00f3: KKM\" width=\"750\" height=\"498\" \/><\/a> Hungarian Foreign Minister P\u00e9ter Szijj\u00e1rt\u00f3 officially opening Hungary\u2019s new embassy building in Washington, DC, with Hungarian Ambassador to the United States R\u00e9ka Szemerk\u00e9nyi (Photo: MTI- KKM)[\/caption]<\/figure>\n<p style=\"text-align: justify;\">Szijj\u00e1rt\u00f3 added that the fight against ISIS, and against terrorism in general, remains the greatest threat currently facing the civilized world. He called for a redoubling of efforts to defeat the Islamic State, and expressed Hungary\u2019s pride in being one of 27 countries fighting alongside the United States in this effort.<\/p>\n<p style=\"text-align: justify;\">Perhaps referring to Trump\u2019s hardline stance and recent, controversial executive actions regarding \u201cillegal migration,\u201d Hungary\u2019s Foreign Minister said that it was \u201conly natural\u201d for a country\u2019s leadership to put the security of the nation and its citizens first, adding that \u201cHungary has been doing the same, heavy criticism notwithstanding.\u201d<\/p>\n<p style=\"text-align: justify;\">Later in the day, Szijj\u00e1rt\u00f3 spoke at a business dinner held by the American-Hungarian Chamber of Commerce, where he praised the effects on world economics of supposed \u201cchanges in American economic policy.\u201d Attendees at the event included representatives of Lockheed Martin, Fedex, Comcast, Citibank and Procter and Gamble.<\/p>\n<p style=\"text-align: justify;\">The next day, Wednesday, Szijj\u00e1rt\u00f3 addressed a meeting of the foreign ministers of the countries that are part of the global coalition fighting ISIS and terrorism.<\/p>\n<p>Via MTI \/\u00a0<a href=\"https:\/\/hungarytoday.hu\/news\/hungarian-foreign-minister-meets-trump-aides-including-sebastian-gorka-washington-d-c-31936\">hungarytoday.hu<\/a><\/p>\n<p>Images via MTI<\/p>\n","protected":false},"author":7,"featured_media":29345,"comment_status":"open","ping_status":"open","sticky":false,"template":"","format":"standard","meta":{"footnotes":""},"categories":[166],"tags":[],"class_list":["post-29342","post","type-post","status-publish","format-standard","has-post-thumbnail","category-news"],"yoast_head":"<!-- This site is optimized with the Yoast SEO plugin v27.4 - https:\/\/yoast.com\/product\/yoast-seo-wordpress\/ -->\n<title>HUNGARIAN FOREIGN MINISTER MEETS TRUMP AIDES, INCLUDING SEBASTIAN GORKA, IN WASHINGTON D.C. &#8211; Bocskai R\u00e1di\u00f3<\/title>\n<meta name=\"robots\" content=\"index, follow, max-snippet:-1, max-image-preview:large, max-video-preview:-1\" \/>\n<link rel=\"canonical\" href=\"https:\/\/www.bocskairadio.org\/en\/hungarian-foreign-minister-meets-trump-aides-including-sebastian-gorka-washington-d-c\/\" \/>\n<meta property=\"og:locale\" content=\"en_US\" \/>\n<meta property=\"og:type\" content=\"article\" \/>\n<meta property=\"og:title\" content=\"HUNGARIAN FOREIGN MINISTER MEETS TRUMP AIDES, INCLUDING SEBASTIAN GORKA, IN WASHINGTON D.C. &#8211; Bocskai R\u00e1di\u00f3\" \/>\n<meta property=\"og:description\" content=\"According to Hungarian wire service MTI, Hungarian Foreign Minister P\u00e9ter Szijj\u00e1rt\u00f3 met several members of US President Donald Trump\u2019s White House Staff in Washington D.C. on Tuesday.\u00a0 These included Jason Greenblatt, Trump\u2019s former lawyer and the incumbent of the newly-created position of United States Special Representative for International Negotiations, as well as Hungarian-American Sebastian Gorka, Deputy Assistant to the President for national security affairs.    Gorka, a national security expert who has served as a Fox News contributor and national security editor for far-right news site Breitbart, has been in news lately over a controversy surrounding his father\u2019s membership in the Order of Vit\u00e9z (Vit\u00e9zi Rend). This has led to some news outlets accusing Gorka of somehow having \u2018Nazi\u2019 affiliations (read our in-depth article on the \u201ccontroversy\u201d here). He was also charged with a weapons offense last year for attempting to bring a gun onto an airplane, a charge which has since been dismissed. Born in London to parents who had fled the Hungarian Revolution of 1956, Mr. Gorka has in the past served as an advisor to Hungarian Prime Minister Viktor Orb\u00e1n. He also worked at the Hungarian Ministry of Defense during the Prime Ministry of J\u00f3zsef Antall, Hungary\u2019s first PM following the end of Communism. In addition to meeting Gorka and Greeblatt, the Hungarian Foreign Minister officially opened Hungary\u2019s new embassy building in Washington D.C. Following a greeting by Hungarian Ambassador to the United States R\u00e9ka Szemerk\u00e9nyi, Szijj\u00e1rt\u00f3 expressed his hope that the inauguration of the new embassy building would mark the start of a better relationship between Hungary and the United States. Speaking after Ambassador Reka Szemerk\u00e9nyi\u2019s opening address, Szijj\u00e1rt\u00f3 expressed hope that the opening of the new building would mark the start of new initiatives resulting in a \u201ccommon success story\u201d with the United States. The Foreign Minister claimed that, since Donald Trump\u2019s election, America is pursuing \u201cmore patriotic\u201d policies. He also expressed the Hungarian government\u2019s view that Trump\u2019s presidency will \u201cbe successful in making America safer and greater,\u201d which, he claimed, would make the world a safer and greater place. Szijj\u00e1rt\u00f3 claimed the world is now facing a discernable fresh start a \u201cfresh start\u201d. He expressed his belief that what he termed the \u201cage of hypocrisy and political correctness\u201d has come to an end. He argued that the previous US Administration\u2019s \u201cintrusion into Hungary\u2019s internal affairs\u201d has also ended, and that \u201cAmerica\u2019s new approach to Hungary is much more constructive.     Szijj\u00e1rt\u00f3 added that the fight against ISIS, and against terrorism in general, remains the greatest threat currently facing the civilized world. He called for a redoubling of efforts to defeat the Islamic State, and expressed Hungary\u2019s pride in being one of 27 countries fighting alongside the United States in this effort. Perhaps referring to Trump\u2019s hardline stance and recent, controversial executive actions regarding \u201cillegal migration,\u201d Hungary\u2019s Foreign Minister said that it was \u201conly natural\u201d for a country\u2019s leadership to put the security of the nation and its citizens first, adding that \u201cHungary has been doing the same, heavy criticism notwithstanding.\u201d Later in the day, Szijj\u00e1rt\u00f3 spoke at a business dinner held by the American-Hungarian Chamber of Commerce, where he praised the effects on world economics of supposed \u201cchanges in American economic policy.\u201d Attendees at the event included representatives of Lockheed Martin, Fedex, Comcast, Citibank and Procter and Gamble. The next day, Wednesday, Szijj\u00e1rt\u00f3 addressed a meeting of the foreign ministers of the countries that are part of the global coalition fighting ISIS and terrorism. Via MTI \/\u00a0hungarytoday.hu  Images via MTI\" \/>\n<meta property=\"og:url\" content=\"https:\/\/www.bocskairadio.org\/en\/hungarian-foreign-minister-meets-trump-aides-including-sebastian-gorka-washington-d-c\/\" \/>\n<meta property=\"og:site_name\" content=\"Bocskai R\u00e1di\u00f3\" \/>\n<meta property=\"article:publisher\" content=\"https:\/\/www.facebook.com\/BocskaiRadio\" \/>\n<meta property=\"article:published_time\" content=\"2017-03-26T03:33:00+00:00\" \/>\n<meta property=\"article:modified_time\" content=\"2017-03-26T03:33:31+00:00\" \/>\n<meta property=\"og:image\" content=\"https:\/\/www.bocskairadio.org\/wp-content\/uploads\/2017\/03\/szijarto-gorka.jpg\" \/>\n\t<meta property=\"og:image:width\" content=\"749\" \/>\n\t<meta property=\"og:image:height\" content=\"415\" \/>\n\t<meta property=\"og:image:type\" content=\"image\/jpeg\" \/>\n<meta name=\"author\" content=\"Csibi Lor\u00e1nd\" \/>\n<meta name=\"twitter:card\" content=\"summary_large_image\" \/>\n<meta name=\"twitter:creator\" content=\"@BocskaiRadio\" \/>\n<meta name=\"twitter:site\" content=\"@BocskaiRadio\" \/>\n<script type=\"application\/ld+json\" class=\"yoast-schema-graph\">{\"@context\":\"https:\\\/\\\/schema.org\",\"@graph\":[{\"@type\":\"Article\",\"@id\":\"https:\\\/\\\/www.bocskairadio.org\\\/en\\\/hungarian-foreign-minister-meets-trump-aides-including-sebastian-gorka-washington-d-c\\\/#article\",\"isPartOf\":{\"@id\":\"https:\\\/\\\/www.bocskairadio.org\\\/en\\\/hungarian-foreign-minister-meets-trump-aides-including-sebastian-gorka-washington-d-c\\\/\"},\"author\":{\"name\":\"Csibi Lor\u00e1nd\",\"@id\":\"https:\\\/\\\/www.bocskairadio.org\\\/en\\\/#\\\/schema\\\/person\\\/10edfc7ddc0e006131357c2bcb81b96b\"},\"headline\":\"HUNGARIAN FOREIGN MINISTER MEETS TRUMP AIDES, INCLUDING SEBASTIAN GORKA, IN WASHINGTON D.C.\",\"datePublished\":\"2017-03-26T03:33:00+00:00\",\"dateModified\":\"2017-03-26T03:33:31+00:00\",\"mainEntityOfPage\":{\"@id\":\"https:\\\/\\\/www.bocskairadio.org\\\/en\\\/hungarian-foreign-minister-meets-trump-aides-including-sebastian-gorka-washington-d-c\\\/\"},\"wordCount\":715,\"commentCount\":0,\"publisher\":{\"@id\":\"https:\\\/\\\/www.bocskairadio.org\\\/en\\\/#organization\"},\"image\":{\"@id\":\"https:\\\/\\\/www.bocskairadio.org\\\/en\\\/hungarian-foreign-minister-meets-trump-aides-including-sebastian-gorka-washington-d-c\\\/#primaryimage\"},\"thumbnailUrl\":\"https:\\\/\\\/www.bocskairadio.org\\\/wp-content\\\/uploads\\\/2017\\\/03\\\/szijjarto-greenblat.jpg\",\"articleSection\":[\"News\"],\"inLanguage\":\"en-US\",\"potentialAction\":[{\"@type\":\"CommentAction\",\"name\":\"Comment\",\"target\":[\"https:\\\/\\\/www.bocskairadio.org\\\/en\\\/hungarian-foreign-minister-meets-trump-aides-including-sebastian-gorka-washington-d-c\\\/#respond\"]}]},{\"@type\":\"WebPage\",\"@id\":\"https:\\\/\\\/www.bocskairadio.org\\\/en\\\/hungarian-foreign-minister-meets-trump-aides-including-sebastian-gorka-washington-d-c\\\/\",\"url\":\"https:\\\/\\\/www.bocskairadio.org\\\/en\\\/hungarian-foreign-minister-meets-trump-aides-including-sebastian-gorka-washington-d-c\\\/\",\"name\":\"HUNGARIAN FOREIGN MINISTER MEETS TRUMP AIDES, INCLUDING SEBASTIAN GORKA, IN WASHINGTON D.C. &#8211; Bocskai R\u00e1di\u00f3\",\"isPartOf\":{\"@id\":\"https:\\\/\\\/www.bocskairadio.org\\\/en\\\/#website\"},\"primaryImageOfPage\":{\"@id\":\"https:\\\/\\\/www.bocskairadio.org\\\/en\\\/hungarian-foreign-minister-meets-trump-aides-including-sebastian-gorka-washington-d-c\\\/#primaryimage\"},\"image\":{\"@id\":\"https:\\\/\\\/www.bocskairadio.org\\\/en\\\/hungarian-foreign-minister-meets-trump-aides-including-sebastian-gorka-washington-d-c\\\/#primaryimage\"},\"thumbnailUrl\":\"https:\\\/\\\/www.bocskairadio.org\\\/wp-content\\\/uploads\\\/2017\\\/03\\\/szijjarto-greenblat.jpg\",\"datePublished\":\"2017-03-26T03:33:00+00:00\",\"dateModified\":\"2017-03-26T03:33:31+00:00\",\"inLanguage\":\"en-US\",\"potentialAction\":[{\"@type\":\"ReadAction\",\"target\":[\"https:\\\/\\\/www.bocskairadio.org\\\/en\\\/hungarian-foreign-minister-meets-trump-aides-including-sebastian-gorka-washington-d-c\\\/\"]}]},{\"@type\":\"ImageObject\",\"inLanguage\":\"en-US\",\"@id\":\"https:\\\/\\\/www.bocskairadio.org\\\/en\\\/hungarian-foreign-minister-meets-trump-aides-including-sebastian-gorka-washington-d-c\\\/#primaryimage\",\"url\":\"https:\\\/\\\/www.bocskairadio.org\\\/wp-content\\\/uploads\\\/2017\\\/03\\\/szijjarto-greenblat.jpg\",\"contentUrl\":\"https:\\\/\\\/www.bocskairadio.org\\\/wp-content\\\/uploads\\\/2017\\\/03\\\/szijjarto-greenblat.jpg\",\"width\":750,\"height\":516,\"caption\":\"Hungarian Foreign Minister P\u00e9ter Szijj\u00e1rt\u00f3 (right), with United States Special Representative for International Negotiations Jason Greenblatt (PHOTO: MTI- KKM)\"},{\"@type\":\"WebSite\",\"@id\":\"https:\\\/\\\/www.bocskairadio.org\\\/en\\\/#website\",\"url\":\"https:\\\/\\\/www.bocskairadio.org\\\/en\\\/\",\"name\":\"Bocskai R\u00e1di\u00f3\",\"description\":\"The Voice of Cleveland Hungarians\",\"publisher\":{\"@id\":\"https:\\\/\\\/www.bocskairadio.org\\\/en\\\/#organization\"},\"potentialAction\":[{\"@type\":\"SearchAction\",\"target\":{\"@type\":\"EntryPoint\",\"urlTemplate\":\"https:\\\/\\\/www.bocskairadio.org\\\/en\\\/?s={search_term_string}\"},\"query-input\":{\"@type\":\"PropertyValueSpecification\",\"valueRequired\":true,\"valueName\":\"search_term_string\"}}],\"inLanguage\":\"en-US\"},{\"@type\":\"Organization\",\"@id\":\"https:\\\/\\\/www.bocskairadio.org\\\/en\\\/#organization\",\"name\":\"Bocskai R\u00e1di\u00f3\",\"url\":\"https:\\\/\\\/www.bocskairadio.org\\\/en\\\/\",\"logo\":{\"@type\":\"ImageObject\",\"inLanguage\":\"en-US\",\"@id\":\"https:\\\/\\\/www.bocskairadio.org\\\/en\\\/#\\\/schema\\\/logo\\\/image\\\/\",\"url\":\"https:\\\/\\\/www.bocskairadio.org\\\/wp-content\\\/uploads\\\/2016\\\/11\\\/var3_basic.jpg\",\"contentUrl\":\"https:\\\/\\\/www.bocskairadio.org\\\/wp-content\\\/uploads\\\/2016\\\/11\\\/var3_basic.jpg\",\"width\":500,\"height\":500,\"caption\":\"Bocskai R\u00e1di\u00f3\"},\"image\":{\"@id\":\"https:\\\/\\\/www.bocskairadio.org\\\/en\\\/#\\\/schema\\\/logo\\\/image\\\/\"},\"sameAs\":[\"https:\\\/\\\/www.facebook.com\\\/BocskaiRadio\",\"https:\\\/\\\/x.com\\\/BocskaiRadio\",\"https:\\\/\\\/www.instagram.com\\\/bocskairadio\\\/\",\"https:\\\/\\\/www.youtube.com\\\/user\\\/bocskairadio\",\"https:\\\/\\\/hu.wikipedia.org\\\/wiki\\\/Bocskai_R\u00e1di\u00f3\"]},{\"@type\":\"Person\",\"@id\":\"https:\\\/\\\/www.bocskairadio.org\\\/en\\\/#\\\/schema\\\/person\\\/10edfc7ddc0e006131357c2bcb81b96b\",\"name\":\"Csibi Lor\u00e1nd\",\"image\":{\"@type\":\"ImageObject\",\"inLanguage\":\"en-US\",\"@id\":\"https:\\\/\\\/secure.gravatar.com\\\/avatar\\\/0d49f9198d2018a84ee306138a7a0466777b8f100435a4212859f16ba458f47a?s=96&d=mm&r=g\",\"url\":\"https:\\\/\\\/secure.gravatar.com\\\/avatar\\\/0d49f9198d2018a84ee306138a7a0466777b8f100435a4212859f16ba458f47a?s=96&d=mm&r=g\",\"contentUrl\":\"https:\\\/\\\/secure.gravatar.com\\\/avatar\\\/0d49f9198d2018a84ee306138a7a0466777b8f100435a4212859f16ba458f47a?s=96&d=mm&r=g\",\"caption\":\"Csibi Lor\u00e1nd\"},\"url\":\"https:\\\/\\\/www.bocskairadio.org\\\/en\\\/author\\\/csibilori\\\/\"}]}<\/script>\n<!-- \/ Yoast SEO plugin. -->","yoast_head_json":{"title":"HUNGARIAN FOREIGN MINISTER MEETS TRUMP AIDES, INCLUDING SEBASTIAN GORKA, IN WASHINGTON D.C. &#8211; Bocskai R\u00e1di\u00f3","robots":{"index":"index","follow":"follow","max-snippet":"max-snippet:-1","max-image-preview":"max-image-preview:large","max-video-preview":"max-video-preview:-1"},"canonical":"https:\/\/www.bocskairadio.org\/en\/hungarian-foreign-minister-meets-trump-aides-including-sebastian-gorka-washington-d-c\/","og_locale":"en_US","og_type":"article","og_title":"HUNGARIAN FOREIGN MINISTER MEETS TRUMP AIDES, INCLUDING SEBASTIAN GORKA, IN WASHINGTON D.C. &#8211; Bocskai R\u00e1di\u00f3","og_description":"According to Hungarian wire service MTI, Hungarian Foreign Minister P\u00e9ter Szijj\u00e1rt\u00f3 met several members of US President Donald Trump\u2019s White House Staff in Washington D.C. on Tuesday.\u00a0 These included Jason Greenblatt, Trump\u2019s former lawyer and the incumbent of the newly-created position of United States Special Representative for International Negotiations, as well as Hungarian-American Sebastian Gorka, Deputy Assistant to the President for national security affairs.    Gorka, a national security expert who has served as a Fox News contributor and national security editor for far-right news site Breitbart, has been in news lately over a controversy surrounding his father\u2019s membership in the Order of Vit\u00e9z (Vit\u00e9zi Rend). This has led to some news outlets accusing Gorka of somehow having \u2018Nazi\u2019 affiliations (read our in-depth article on the \u201ccontroversy\u201d here). He was also charged with a weapons offense last year for attempting to bring a gun onto an airplane, a charge which has since been dismissed. Born in London to parents who had fled the Hungarian Revolution of 1956, Mr. Gorka has in the past served as an advisor to Hungarian Prime Minister Viktor Orb\u00e1n. He also worked at the Hungarian Ministry of Defense during the Prime Ministry of J\u00f3zsef Antall, Hungary\u2019s first PM following the end of Communism. In addition to meeting Gorka and Greeblatt, the Hungarian Foreign Minister officially opened Hungary\u2019s new embassy building in Washington D.C. Following a greeting by Hungarian Ambassador to the United States R\u00e9ka Szemerk\u00e9nyi, Szijj\u00e1rt\u00f3 expressed his hope that the inauguration of the new embassy building would mark the start of a better relationship between Hungary and the United States. Speaking after Ambassador Reka Szemerk\u00e9nyi\u2019s opening address, Szijj\u00e1rt\u00f3 expressed hope that the opening of the new building would mark the start of new initiatives resulting in a \u201ccommon success story\u201d with the United States. The Foreign Minister claimed that, since Donald Trump\u2019s election, America is pursuing \u201cmore patriotic\u201d policies. He also expressed the Hungarian government\u2019s view that Trump\u2019s presidency will \u201cbe successful in making America safer and greater,\u201d which, he claimed, would make the world a safer and greater place. Szijj\u00e1rt\u00f3 claimed the world is now facing a discernable fresh start a \u201cfresh start\u201d. He expressed his belief that what he termed the \u201cage of hypocrisy and political correctness\u201d has come to an end. He argued that the previous US Administration\u2019s \u201cintrusion into Hungary\u2019s internal affairs\u201d has also ended, and that \u201cAmerica\u2019s new approach to Hungary is much more constructive.     Szijj\u00e1rt\u00f3 added that the fight against ISIS, and against terrorism in general, remains the greatest threat currently facing the civilized world. He called for a redoubling of efforts to defeat the Islamic State, and expressed Hungary\u2019s pride in being one of 27 countries fighting alongside the United States in this effort. Perhaps referring to Trump\u2019s hardline stance and recent, controversial executive actions regarding \u201cillegal migration,\u201d Hungary\u2019s Foreign Minister said that it was \u201conly natural\u201d for a country\u2019s leadership to put the security of the nation and its citizens first, adding that \u201cHungary has been doing the same, heavy criticism notwithstanding.\u201d Later in the day, Szijj\u00e1rt\u00f3 spoke at a business dinner held by the American-Hungarian Chamber of Commerce, where he praised the effects on world economics of supposed \u201cchanges in American economic policy.\u201d Attendees at the event included representatives of Lockheed Martin, Fedex, Comcast, Citibank and Procter and Gamble. The next day, Wednesday, Szijj\u00e1rt\u00f3 addressed a meeting of the foreign ministers of the countries that are part of the global coalition fighting ISIS and terrorism. Via MTI \/\u00a0hungarytoday.hu  Images via MTI","og_url":"https:\/\/www.bocskairadio.org\/en\/hungarian-foreign-minister-meets-trump-aides-including-sebastian-gorka-washington-d-c\/","og_site_name":"Bocskai R\u00e1di\u00f3","article_publisher":"https:\/\/www.facebook.com\/BocskaiRadio","article_published_time":"2017-03-26T03:33:00+00:00","article_modified_time":"2017-03-26T03:33:31+00:00","og_image":[{"width":749,"height":415,"url":"https:\/\/www.bocskairadio.org\/wp-content\/uploads\/2017\/03\/szijarto-gorka.jpg","type":"image\/jpeg"}],"author":"Csibi Lor\u00e1nd","twitter_card":"summary_large_image","twitter_creator":"@BocskaiRadio","twitter_site":"@BocskaiRadio","schema":{"@context":"https:\/\/schema.org","@graph":[{"@type":"Article","@id":"https:\/\/www.bocskairadio.org\/en\/hungarian-foreign-minister-meets-trump-aides-including-sebastian-gorka-washington-d-c\/#article","isPartOf":{"@id":"https:\/\/www.bocskairadio.org\/en\/hungarian-foreign-minister-meets-trump-aides-including-sebastian-gorka-washington-d-c\/"},"author":{"name":"Csibi Lor\u00e1nd","@id":"https:\/\/www.bocskairadio.org\/en\/#\/schema\/person\/10edfc7ddc0e006131357c2bcb81b96b"},"headline":"HUNGARIAN FOREIGN MINISTER MEETS TRUMP AIDES, INCLUDING SEBASTIAN GORKA, IN WASHINGTON D.C.","datePublished":"2017-03-26T03:33:00+00:00","dateModified":"2017-03-26T03:33:31+00:00","mainEntityOfPage":{"@id":"https:\/\/www.bocskairadio.org\/en\/hungarian-foreign-minister-meets-trump-aides-including-sebastian-gorka-washington-d-c\/"},"wordCount":715,"commentCount":0,"publisher":{"@id":"https:\/\/www.bocskairadio.org\/en\/#organization"},"image":{"@id":"https:\/\/www.bocskairadio.org\/en\/hungarian-foreign-minister-meets-trump-aides-including-sebastian-gorka-washington-d-c\/#primaryimage"},"thumbnailUrl":"https:\/\/www.bocskairadio.org\/wp-content\/uploads\/2017\/03\/szijjarto-greenblat.jpg","articleSection":["News"],"inLanguage":"en-US","potentialAction":[{"@type":"CommentAction","name":"Comment","target":["https:\/\/www.bocskairadio.org\/en\/hungarian-foreign-minister-meets-trump-aides-including-sebastian-gorka-washington-d-c\/#respond"]}]},{"@type":"WebPage","@id":"https:\/\/www.bocskairadio.org\/en\/hungarian-foreign-minister-meets-trump-aides-including-sebastian-gorka-washington-d-c\/","url":"https:\/\/www.bocskairadio.org\/en\/hungarian-foreign-minister-meets-trump-aides-including-sebastian-gorka-washington-d-c\/","name":"HUNGARIAN FOREIGN MINISTER MEETS TRUMP AIDES, INCLUDING SEBASTIAN GORKA, IN WASHINGTON D.C. &#8211; Bocskai R\u00e1di\u00f3","isPartOf":{"@id":"https:\/\/www.bocskairadio.org\/en\/#website"},"primaryImageOfPage":{"@id":"https:\/\/www.bocskairadio.org\/en\/hungarian-foreign-minister-meets-trump-aides-including-sebastian-gorka-washington-d-c\/#primaryimage"},"image":{"@id":"https:\/\/www.bocskairadio.org\/en\/hungarian-foreign-minister-meets-trump-aides-including-sebastian-gorka-washington-d-c\/#primaryimage"},"thumbnailUrl":"https:\/\/www.bocskairadio.org\/wp-content\/uploads\/2017\/03\/szijjarto-greenblat.jpg","datePublished":"2017-03-26T03:33:00+00:00","dateModified":"2017-03-26T03:33:31+00:00","inLanguage":"en-US","potentialAction":[{"@type":"ReadAction","target":["https:\/\/www.bocskairadio.org\/en\/hungarian-foreign-minister-meets-trump-aides-including-sebastian-gorka-washington-d-c\/"]}]},{"@type":"ImageObject","inLanguage":"en-US","@id":"https:\/\/www.bocskairadio.org\/en\/hungarian-foreign-minister-meets-trump-aides-including-sebastian-gorka-washington-d-c\/#primaryimage","url":"https:\/\/www.bocskairadio.org\/wp-content\/uploads\/2017\/03\/szijjarto-greenblat.jpg","contentUrl":"https:\/\/www.bocskairadio.org\/wp-content\/uploads\/2017\/03\/szijjarto-greenblat.jpg","width":750,"height":516,"caption":"Hungarian Foreign Minister P\u00e9ter Szijj\u00e1rt\u00f3 (right), with United States Special Representative for International Negotiations Jason Greenblatt (PHOTO: MTI- KKM)"},{"@type":"WebSite","@id":"https:\/\/www.bocskairadio.org\/en\/#website","url":"https:\/\/www.bocskairadio.org\/en\/","name":"Bocskai R\u00e1di\u00f3","description":"The Voice of Cleveland Hungarians","publisher":{"@id":"https:\/\/www.bocskairadio.org\/en\/#organization"},"potentialAction":[{"@type":"SearchAction","target":{"@type":"EntryPoint","urlTemplate":"https:\/\/www.bocskairadio.org\/en\/?s={search_term_string}"},"query-input":{"@type":"PropertyValueSpecification","valueRequired":true,"valueName":"search_term_string"}}],"inLanguage":"en-US"},{"@type":"Organization","@id":"https:\/\/www.bocskairadio.org\/en\/#organization","name":"Bocskai R\u00e1di\u00f3","url":"https:\/\/www.bocskairadio.org\/en\/","logo":{"@type":"ImageObject","inLanguage":"en-US","@id":"https:\/\/www.bocskairadio.org\/en\/#\/schema\/logo\/image\/","url":"https:\/\/www.bocskairadio.org\/wp-content\/uploads\/2016\/11\/var3_basic.jpg","contentUrl":"https:\/\/www.bocskairadio.org\/wp-content\/uploads\/2016\/11\/var3_basic.jpg","width":500,"height":500,"caption":"Bocskai R\u00e1di\u00f3"},"image":{"@id":"https:\/\/www.bocskairadio.org\/en\/#\/schema\/logo\/image\/"},"sameAs":["https:\/\/www.facebook.com\/BocskaiRadio","https:\/\/x.com\/BocskaiRadio","https:\/\/www.instagram.com\/bocskairadio\/","https:\/\/www.youtube.com\/user\/bocskairadio","https:\/\/hu.wikipedia.org\/wiki\/Bocskai_R\u00e1di\u00f3"]},{"@type":"Person","@id":"https:\/\/www.bocskairadio.org\/en\/#\/schema\/person\/10edfc7ddc0e006131357c2bcb81b96b","name":"Csibi Lor\u00e1nd","image":{"@type":"ImageObject","inLanguage":"en-US","@id":"https:\/\/secure.gravatar.com\/avatar\/0d49f9198d2018a84ee306138a7a0466777b8f100435a4212859f16ba458f47a?s=96&d=mm&r=g","url":"https:\/\/secure.gravatar.com\/avatar\/0d49f9198d2018a84ee306138a7a0466777b8f100435a4212859f16ba458f47a?s=96&d=mm&r=g","contentUrl":"https:\/\/secure.gravatar.com\/avatar\/0d49f9198d2018a84ee306138a7a0466777b8f100435a4212859f16ba458f47a?s=96&d=mm&r=g","caption":"Csibi Lor\u00e1nd"},"url":"https:\/\/www.bocskairadio.org\/en\/author\/csibilori\/"}]}},"_links":{"self":[{"href":"https:\/\/www.bocskairadio.org\/en\/wp-json\/wp\/v2\/posts\/29342","targetHints":{"allow":["GET"]}}],"collection":[{"href":"https:\/\/www.bocskairadio.org\/en\/wp-json\/wp\/v2\/posts"}],"about":[{"href":"https:\/\/www.bocskairadio.org\/en\/wp-json\/wp\/v2\/types\/post"}],"author":[{"embeddable":true,"href":"https:\/\/www.bocskairadio.org\/en\/wp-json\/wp\/v2\/users\/7"}],"replies":[{"embeddable":true,"href":"https:\/\/www.bocskairadio.org\/en\/wp-json\/wp\/v2\/comments?post=29342"}],"version-history":[{"count":0,"href":"https:\/\/www.bocskairadio.org\/en\/wp-json\/wp\/v2\/posts\/29342\/revisions"}],"wp:featuredmedia":[{"embeddable":true,"href":"https:\/\/www.bocskairadio.org\/en\/wp-json\/wp\/v2\/media\/29345"}],"wp:attachment":[{"href":"https:\/\/www.bocskairadio.org\/en\/wp-json\/wp\/v2\/media?parent=29342"}],"wp:term":[{"taxonomy":"category","embeddable":true,"href":"https:\/\/www.bocskairadio.org\/en\/wp-json\/wp\/v2\/categories?post=29342"},{"taxonomy":"post_tag","embeddable":true,"href":"https:\/\/www.bocskairadio.org\/en\/wp-json\/wp\/v2\/tags?post=29342"}],"curies":[{"name":"wp","href":"https:\/\/api.w.org\/{rel}","templated":true}]}}