{"id":29349,"date":"2017-03-25T23:36:11","date_gmt":"2017-03-26T03:36:11","guid":{"rendered":"https:\/\/www.bocskairadio.org\/?p=29349\/"},"modified":"2017-03-25T23:36:11","modified_gmt":"2017-03-26T03:36:11","slug":"hungarian-defense-minister-nato-guarantees-hungarys-security","status":"publish","type":"post","link":"https:\/\/www.bocskairadio.org\/en\/hungarian-defense-minister-nato-guarantees-hungarys-security\/","title":{"rendered":"HUNGARIAN DEFENSE MINISTER: NATO GUARANTEES HUNGARY\u2019S SECURITY"},"content":{"rendered":"<figure id=\"attachment_29350\" aria-describedby=\"caption-attachment-29350\" style=\"width: 600px\" class=\"wp-caption aligncenter\"><a href=\"https:\/\/www.bocskairadio.org\/wp-content\/uploads\/2017\/03\/simicsko-NATO-749x415.jpg\"><img loading=\"lazy\" decoding=\"async\" class=\"wp-image-29350 size-large\" src=\"https:\/\/www.bocskairadio.org\/wp-content\/uploads\/2017\/03\/simicsko-NATO-749x415-600x332.jpg\" alt=\"\" width=\"600\" height=\"332\" srcset=\"https:\/\/www.bocskairadio.org\/wp-content\/uploads\/2017\/03\/simicsko-NATO-749x415-600x332.jpg 600w, https:\/\/www.bocskairadio.org\/wp-content\/uploads\/2017\/03\/simicsko-NATO-749x415-696x385.jpg 696w, https:\/\/www.bocskairadio.org\/wp-content\/uploads\/2017\/03\/simicsko-NATO-749x415-300x166.jpg 300w, https:\/\/www.bocskairadio.org\/wp-content\/uploads\/2017\/03\/simicsko-NATO-749x415-200x111.jpg 200w, https:\/\/www.bocskairadio.org\/wp-content\/uploads\/2017\/03\/simicsko-NATO-749x415-400x222.jpg 400w, https:\/\/www.bocskairadio.org\/wp-content\/uploads\/2017\/03\/simicsko-NATO-749x415-500x277.jpg 500w, https:\/\/www.bocskairadio.org\/wp-content\/uploads\/2017\/03\/simicsko-NATO-749x415.jpg 749w\" sizes=\"auto, (max-width: 600px) 100vw, 600px\" \/><\/a><figcaption id=\"caption-attachment-29350\" class=\"wp-caption-text\">Istv\u00e1n Simicsk\u00f3, the defence minister<\/figcaption><\/figure>\n<p><strong>NATO is Hungary\u2019s security guarantee, Istv\u00e1n Simicsk\u00f3, the defence minister, said at a NATO Transformation Seminar in Budapest.<\/strong><\/p>\n<p>Speaking at the opening of the two-day conference, he said that a strong and effective NATO is the cornerstone of security in Europe. Security crises can snowball, so its stability is essential. Europe\u2019s security environment has deteriorated severely in the past few years due to an increased number of destabilised countries in the region, mass migration, terrorist attacks in Europe, the general increase in terrorist activity worldwide and the crisis in Ukraine, he said.<\/p>\n<p>The EU faces difficulties on its southern and eastern borders simultaneously, the minister said, adding that \u201cevery problem is an opportunity for joint action\u201d and this can strengthen cooperation and solidarity between the alliance\u2019s member states. Hungary supports a call by US President Donald Trump and Secretary of Defence James Mattis to expand the alliance\u2019s role in fighting terrorism, Simicsk\u00f3 said. Also, it agrees that Europe should do more towards securing its defence. Hungary has a ten-year development plan under its belt to prepare the Hungarian military for new challenges. It is also setting up a new research centre for defence this year, he said.<\/p>\n<figure id=\"attachment_21203\" class=\"wp-caption aligncenter\">\n<p><figure id=\"attachment_21203\" aria-describedby=\"caption-attachment-21203\" style=\"width: 750px\" class=\"wp-caption aligncenter\"><a href=\"https:\/\/hungarytoday.hu\/wp-content\/uploads\/2017\/03\/20170322BGA_3325.jpg\"><img loading=\"lazy\" decoding=\"async\" class=\"wp-image-21203 size-full\" src=\"https:\/\/hungarytoday.hu\/wp-content\/uploads\/2017\/03\/20170322BGA_3325.jpg\" sizes=\"auto, (max-width: 750px) 100vw, 750px\" srcset=\"https:\/\/hungarytoday.hu\/wp-content\/uploads\/2017\/03\/20170322BGA_3325.jpg 750w, https:\/\/hungarytoday.hu\/wp-content\/uploads\/2017\/03\/20170322BGA_3325-300x200.jpg 300w, https:\/\/hungarytoday.hu\/wp-content\/uploads\/2017\/03\/20170322BGA_3325-100x67.jpg 100w\" alt=\"20170322BGA_3325\" width=\"750\" height=\"499\" \/><\/a><figcaption id=\"caption-attachment-21203\" class=\"wp-caption-text\">NATO Deputy Secretary General Rose Gottemoeller speaking at the NATO Transformation Seminar in Budapest (photo: Gergely Bot\u00e1r \u2013 kormany.hu)<\/figcaption><\/figure><\/figure>\n<p>NATO Deputy Secretary General Rose Gottemoeller said the alliance would only remain strong if it succeeded in adapting to change. NATO has faced challenges before, she said, but efficient cooperation, innovation and the member states\u2019 commitment to common objectives always guaranteed success. Apart from investing more in security, clever financing is also essential, she added. P\u00e9ter Sikl\u00f3si, the deputy state secretary for defence policy and defence planning, told public television earlier that the conference \u2013 this year attended by around 350 participants \u2013 tackles current challenges facing the organisation every year. In 2017, the main topics are Russia, the Islamic State terrorist organisation and the fight against terrorism, as well as challenges posed by digital development, he said.\u00a0Jens Stoltenberg, the Secretary General of NATO is attending the seminar today.<\/p>\n<p>Meanwhile Defence Minister Istv\u00e1n Simicsk\u00f3 met Chairman of the NATO Military Committee Pert Pavel on Wednesday. The talks were attended by chief of staff Tibor Benk\u0151 and deputy state secretary for defence planning P\u00e9ter Sikl\u00f3si. Pert Pavel appreciated Hungary\u2019s endeavour for launching a large-scale scheme to develop its armed forces, and its commitment to raising its defence spending to 2 percent of GDP by 2026 as expected by the alliance. Simicsko said Hungary did not share the concerns about NATO\u2019s future. \u201cHungary considers NATO a cornerstone of its security and that of Europe as a whole,\u201d he added.<\/p>\n<p>On 10th of March, the <a href=\"https:\/\/hungarytoday.hu\/news\/hungarian-atlantic-councils-25th-anniversary-defense-minister-simicsko-emphasizes-importance-transatlantic-relations-92919\" target=\"_blank\">Hungarian Atlantic Council<\/a> celebrated its 25th birthday. The memorial event of the non-governmental organisation, whose original mission was to promote Hungary\u2019s NATO accession and to contribute to the broadest possible acceptance of Euro-Atlantic principles and values in Hungarian society, was among others attended by Tacan Ildem,\u00a0NATO\u2019s Assistant Secretary General for Public Diplomacy, who gave an exclusive interview to\u00a0Hungary Today\u2019s sister-site, the German-language <a href=\"https:\/\/ungarnheute.hu\/news\/interview-mit-tacan-ildem-stellvertretender-nato-generalsekretaer-82534\" target=\"_blank\">Ungarn Heute<\/a>. The interview\u2019s English translation can be found <a href=\"https:\/\/hungarytoday.hu\/news\/hungary-made-nato-stronger-interview-tacam-ildem-natos-assistant-secretary-general-public-diplomacy-71165\" target=\"_blank\">here<\/a>.<\/p>\n<p><em>via hungarymatters.hu and MTI<\/em><\/p>\n<p>Source:\u00a0<a href=\"https:\/\/hungarytoday.hu\/news\/hungarian-defense-minister-nato-guarantees-hungarys-security-21162\">hungarytoday.hu<\/a><\/p>\n","protected":false},"excerpt":{"rendered":"[caption id=\"attachment_29350\" align=\"aligncenter\" width=\"600\"]<a href=\"https:\/\/www.bocskairadio.org\/wp-content\/uploads\/2017\/03\/simicsko-NATO-749x415.jpg\"><img loading=\"lazy\" decoding=\"async\" class=\"wp-image-29350 size-large\" src=\"https:\/\/www.bocskairadio.org\/wp-content\/uploads\/2017\/03\/simicsko-NATO-749x415-600x332.jpg\" alt=\"\" width=\"600\" height=\"332\" srcset=\"https:\/\/www.bocskairadio.org\/wp-content\/uploads\/2017\/03\/simicsko-NATO-749x415-600x332.jpg 600w, https:\/\/www.bocskairadio.org\/wp-content\/uploads\/2017\/03\/simicsko-NATO-749x415-696x385.jpg 696w, https:\/\/www.bocskairadio.org\/wp-content\/uploads\/2017\/03\/simicsko-NATO-749x415-300x166.jpg 300w, https:\/\/www.bocskairadio.org\/wp-content\/uploads\/2017\/03\/simicsko-NATO-749x415-200x111.jpg 200w, https:\/\/www.bocskairadio.org\/wp-content\/uploads\/2017\/03\/simicsko-NATO-749x415-400x222.jpg 400w, https:\/\/www.bocskairadio.org\/wp-content\/uploads\/2017\/03\/simicsko-NATO-749x415-500x277.jpg 500w, https:\/\/www.bocskairadio.org\/wp-content\/uploads\/2017\/03\/simicsko-NATO-749x415.jpg 749w\" sizes=\"auto, (max-width: 600px) 100vw, 600px\" \/><\/a> Istv\u00e1n Simicsk\u00f3, the defence minister[\/caption]\n<p><strong>NATO is Hungary\u2019s security guarantee, Istv\u00e1n Simicsk\u00f3, the defence minister, said at a NATO Transformation Seminar in Budapest.<\/strong><\/p>\n<p>Speaking at the opening of the two-day conference, he said that a strong and effective NATO is the cornerstone of security in Europe. Security crises can snowball, so its stability is essential. Europe\u2019s security environment has deteriorated severely in the past few years due to an increased number of destabilised countries in the region, mass migration, terrorist attacks in Europe, the general increase in terrorist activity worldwide and the crisis in Ukraine, he said.<\/p>\n<p>The EU faces difficulties on its southern and eastern borders simultaneously, the minister said, adding that \u201cevery problem is an opportunity for joint action\u201d and this can strengthen cooperation and solidarity between the alliance\u2019s member states. Hungary supports a call by US President Donald Trump and Secretary of Defence James Mattis to expand the alliance\u2019s role in fighting terrorism, Simicsk\u00f3 said. Also, it agrees that Europe should do more towards securing its defence. Hungary has a ten-year development plan under its belt to prepare the Hungarian military for new challenges. It is also setting up a new research centre for defence this year, he said.<\/p>\n<figure id=\"attachment_21203\" class=\"wp-caption aligncenter\">\n<p>[caption id=\"attachment_21203\" align=\"aligncenter\" width=\"750\"]<a href=\"https:\/\/hungarytoday.hu\/wp-content\/uploads\/2017\/03\/20170322BGA_3325.jpg\"><img loading=\"lazy\" decoding=\"async\" class=\"wp-image-21203 size-full\" src=\"https:\/\/hungarytoday.hu\/wp-content\/uploads\/2017\/03\/20170322BGA_3325.jpg\" sizes=\"auto, (max-width: 750px) 100vw, 750px\" srcset=\"https:\/\/hungarytoday.hu\/wp-content\/uploads\/2017\/03\/20170322BGA_3325.jpg 750w, https:\/\/hungarytoday.hu\/wp-content\/uploads\/2017\/03\/20170322BGA_3325-300x200.jpg 300w, https:\/\/hungarytoday.hu\/wp-content\/uploads\/2017\/03\/20170322BGA_3325-100x67.jpg 100w\" alt=\"20170322BGA_3325\" width=\"750\" height=\"499\" \/><\/a> NATO Deputy Secretary General Rose Gottemoeller speaking at the NATO Transformation Seminar in Budapest (photo: Gergely Bot\u00e1r \u2013 kormany.hu)[\/caption]<\/figure>\n<p>NATO Deputy Secretary General Rose Gottemoeller said the alliance would only remain strong if it succeeded in adapting to change. NATO has faced challenges before, she said, but efficient cooperation, innovation and the member states\u2019 commitment to common objectives always guaranteed success. Apart from investing more in security, clever financing is also essential, she added. P\u00e9ter Sikl\u00f3si, the deputy state secretary for defence policy and defence planning, told public television earlier that the conference \u2013 this year attended by around 350 participants \u2013 tackles current challenges facing the organisation every year. In 2017, the main topics are Russia, the Islamic State terrorist organisation and the fight against terrorism, as well as challenges posed by digital development, he said.\u00a0Jens Stoltenberg, the Secretary General of NATO is attending the seminar today.<\/p>\n<p>Meanwhile Defence Minister Istv\u00e1n Simicsk\u00f3 met Chairman of the NATO Military Committee Pert Pavel on Wednesday. The talks were attended by chief of staff Tibor Benk\u0151 and deputy state secretary for defence planning P\u00e9ter Sikl\u00f3si. Pert Pavel appreciated Hungary\u2019s endeavour for launching a large-scale scheme to develop its armed forces, and its commitment to raising its defence spending to 2 percent of GDP by 2026 as expected by the alliance. Simicsko said Hungary did not share the concerns about NATO\u2019s future. \u201cHungary considers NATO a cornerstone of its security and that of Europe as a whole,\u201d he added.<\/p>\n<p>On 10th of March, the <a href=\"https:\/\/hungarytoday.hu\/news\/hungarian-atlantic-councils-25th-anniversary-defense-minister-simicsko-emphasizes-importance-transatlantic-relations-92919\" target=\"_blank\">Hungarian Atlantic Council<\/a> celebrated its 25th birthday. The memorial event of the non-governmental organisation, whose original mission was to promote Hungary\u2019s NATO accession and to contribute to the broadest possible acceptance of Euro-Atlantic principles and values in Hungarian society, was among others attended by Tacan Ildem,\u00a0NATO\u2019s Assistant Secretary General for Public Diplomacy, who gave an exclusive interview to\u00a0Hungary Today\u2019s sister-site, the German-language <a href=\"https:\/\/ungarnheute.hu\/news\/interview-mit-tacan-ildem-stellvertretender-nato-generalsekretaer-82534\" target=\"_blank\">Ungarn Heute<\/a>. The interview\u2019s English translation can be found <a href=\"https:\/\/hungarytoday.hu\/news\/hungary-made-nato-stronger-interview-tacam-ildem-natos-assistant-secretary-general-public-diplomacy-71165\" target=\"_blank\">here<\/a>.<\/p>\n<p><em>via hungarymatters.hu and MTI<\/em><\/p>\n<p>Source:\u00a0<a href=\"https:\/\/hungarytoday.hu\/news\/hungarian-defense-minister-nato-guarantees-hungarys-security-21162\">hungarytoday.hu<\/a><\/p>\n","protected":false},"author":7,"featured_media":29350,"comment_status":"open","ping_status":"open","sticky":false,"template":"","format":"standard","meta":{"footnotes":""},"categories":[166],"tags":[],"class_list":["post-29349","post","type-post","status-publish","format-standard","has-post-thumbnail","category-news"],"yoast_head":"<!-- This site is optimized with the Yoast SEO plugin v27.4 - https:\/\/yoast.com\/product\/yoast-seo-wordpress\/ -->\n<title>HUNGARIAN DEFENSE MINISTER: NATO GUARANTEES HUNGARY\u2019S SECURITY &#8211; Bocskai R\u00e1di\u00f3<\/title>\n<meta name=\"robots\" content=\"index, follow, max-snippet:-1, max-image-preview:large, max-video-preview:-1\" \/>\n<link rel=\"canonical\" href=\"https:\/\/www.bocskairadio.org\/en\/hungarian-defense-minister-nato-guarantees-hungarys-security\/\" \/>\n<meta property=\"og:locale\" content=\"en_US\" \/>\n<meta property=\"og:type\" content=\"article\" \/>\n<meta property=\"og:title\" content=\"HUNGARIAN DEFENSE MINISTER: NATO GUARANTEES HUNGARY\u2019S SECURITY &#8211; Bocskai R\u00e1di\u00f3\" \/>\n<meta property=\"og:description\" content=\"NATO is Hungary\u2019s security guarantee, Istv\u00e1n Simicsk\u00f3, the defence minister, said at a NATO Transformation Seminar in Budapest.  Speaking at the opening of the two-day conference, he said that a strong and effective NATO is the cornerstone of security in Europe. Security crises can snowball, so its stability is essential. Europe\u2019s security environment has deteriorated severely in the past few years due to an increased number of destabilised countries in the region, mass migration, terrorist attacks in Europe, the general increase in terrorist activity worldwide and the crisis in Ukraine, he said.  The EU faces difficulties on its southern and eastern borders simultaneously, the minister said, adding that \u201cevery problem is an opportunity for joint action\u201d and this can strengthen cooperation and solidarity between the alliance\u2019s member states. Hungary supports a call by US President Donald Trump and Secretary of Defence James Mattis to expand the alliance\u2019s role in fighting terrorism, Simicsk\u00f3 said. Also, it agrees that Europe should do more towards securing its defence. Hungary has a ten-year development plan under its belt to prepare the Hungarian military for new challenges. It is also setting up a new research centre for defence this year, he said.    NATO Deputy Secretary General Rose Gottemoeller said the alliance would only remain strong if it succeeded in adapting to change. NATO has faced challenges before, she said, but efficient cooperation, innovation and the member states\u2019 commitment to common objectives always guaranteed success. Apart from investing more in security, clever financing is also essential, she added. P\u00e9ter Sikl\u00f3si, the deputy state secretary for defence policy and defence planning, told public television earlier that the conference \u2013 this year attended by around 350 participants \u2013 tackles current challenges facing the organisation every year. In 2017, the main topics are Russia, the Islamic State terrorist organisation and the fight against terrorism, as well as challenges posed by digital development, he said.\u00a0Jens Stoltenberg, the Secretary General of NATO is attending the seminar today.  Meanwhile Defence Minister Istv\u00e1n Simicsk\u00f3 met Chairman of the NATO Military Committee Pert Pavel on Wednesday. The talks were attended by chief of staff Tibor Benk\u0151 and deputy state secretary for defence planning P\u00e9ter Sikl\u00f3si. Pert Pavel appreciated Hungary\u2019s endeavour for launching a large-scale scheme to develop its armed forces, and its commitment to raising its defence spending to 2 percent of GDP by 2026 as expected by the alliance. Simicsko said Hungary did not share the concerns about NATO\u2019s future. \u201cHungary considers NATO a cornerstone of its security and that of Europe as a whole,\u201d he added.  On 10th of March, the Hungarian Atlantic Council celebrated its 25th birthday. The memorial event of the non-governmental organisation, whose original mission was to promote Hungary\u2019s NATO accession and to contribute to the broadest possible acceptance of Euro-Atlantic principles and values in Hungarian society, was among others attended by Tacan Ildem,\u00a0NATO\u2019s Assistant Secretary General for Public Diplomacy, who gave an exclusive interview to\u00a0Hungary Today\u2019s sister-site, the German-language Ungarn Heute. The interview\u2019s English translation can be found here.  via hungarymatters.hu and MTI  Source:\u00a0hungarytoday.hu\" \/>\n<meta property=\"og:url\" content=\"https:\/\/www.bocskairadio.org\/en\/hungarian-defense-minister-nato-guarantees-hungarys-security\/\" \/>\n<meta property=\"og:site_name\" content=\"Bocskai R\u00e1di\u00f3\" \/>\n<meta property=\"article:publisher\" content=\"https:\/\/www.facebook.com\/BocskaiRadio\" \/>\n<meta property=\"article:published_time\" content=\"2017-03-26T03:36:11+00:00\" \/>\n<meta name=\"author\" content=\"Csibi Lor\u00e1nd\" \/>\n<meta name=\"twitter:card\" content=\"summary_large_image\" \/>\n<meta name=\"twitter:image\" content=\"https:\/\/www.bocskairadio.org\/wp-content\/uploads\/2017\/03\/simicsko-NATO-749x415.jpg\" \/>\n<meta name=\"twitter:creator\" content=\"@BocskaiRadio\" \/>\n<meta name=\"twitter:site\" content=\"@BocskaiRadio\" \/>\n<script type=\"application\/ld+json\" class=\"yoast-schema-graph\">{\"@context\":\"https:\\\/\\\/schema.org\",\"@graph\":[{\"@type\":\"Article\",\"@id\":\"https:\\\/\\\/www.bocskairadio.org\\\/en\\\/hungarian-defense-minister-nato-guarantees-hungarys-security\\\/#article\",\"isPartOf\":{\"@id\":\"https:\\\/\\\/www.bocskairadio.org\\\/en\\\/hungarian-defense-minister-nato-guarantees-hungarys-security\\\/\"},\"author\":{\"name\":\"Csibi Lor\u00e1nd\",\"@id\":\"https:\\\/\\\/www.bocskairadio.org\\\/en\\\/#\\\/schema\\\/person\\\/10edfc7ddc0e006131357c2bcb81b96b\"},\"headline\":\"HUNGARIAN DEFENSE MINISTER: NATO GUARANTEES HUNGARY\u2019S SECURITY\",\"datePublished\":\"2017-03-26T03:36:11+00:00\",\"mainEntityOfPage\":{\"@id\":\"https:\\\/\\\/www.bocskairadio.org\\\/en\\\/hungarian-defense-minister-nato-guarantees-hungarys-security\\\/\"},\"wordCount\":570,\"commentCount\":0,\"publisher\":{\"@id\":\"https:\\\/\\\/www.bocskairadio.org\\\/en\\\/#organization\"},\"image\":{\"@id\":\"https:\\\/\\\/www.bocskairadio.org\\\/en\\\/hungarian-defense-minister-nato-guarantees-hungarys-security\\\/#primaryimage\"},\"thumbnailUrl\":\"https:\\\/\\\/www.bocskairadio.org\\\/wp-content\\\/uploads\\\/2017\\\/03\\\/simicsko-NATO-749x415.jpg\",\"articleSection\":[\"News\"],\"inLanguage\":\"en-US\",\"potentialAction\":[{\"@type\":\"CommentAction\",\"name\":\"Comment\",\"target\":[\"https:\\\/\\\/www.bocskairadio.org\\\/en\\\/hungarian-defense-minister-nato-guarantees-hungarys-security\\\/#respond\"]}]},{\"@type\":\"WebPage\",\"@id\":\"https:\\\/\\\/www.bocskairadio.org\\\/en\\\/hungarian-defense-minister-nato-guarantees-hungarys-security\\\/\",\"url\":\"https:\\\/\\\/www.bocskairadio.org\\\/en\\\/hungarian-defense-minister-nato-guarantees-hungarys-security\\\/\",\"name\":\"HUNGARIAN DEFENSE MINISTER: NATO GUARANTEES HUNGARY\u2019S SECURITY &#8211; Bocskai R\u00e1di\u00f3\",\"isPartOf\":{\"@id\":\"https:\\\/\\\/www.bocskairadio.org\\\/en\\\/#website\"},\"primaryImageOfPage\":{\"@id\":\"https:\\\/\\\/www.bocskairadio.org\\\/en\\\/hungarian-defense-minister-nato-guarantees-hungarys-security\\\/#primaryimage\"},\"image\":{\"@id\":\"https:\\\/\\\/www.bocskairadio.org\\\/en\\\/hungarian-defense-minister-nato-guarantees-hungarys-security\\\/#primaryimage\"},\"thumbnailUrl\":\"https:\\\/\\\/www.bocskairadio.org\\\/wp-content\\\/uploads\\\/2017\\\/03\\\/simicsko-NATO-749x415.jpg\",\"datePublished\":\"2017-03-26T03:36:11+00:00\",\"inLanguage\":\"en-US\",\"potentialAction\":[{\"@type\":\"ReadAction\",\"target\":[\"https:\\\/\\\/www.bocskairadio.org\\\/en\\\/hungarian-defense-minister-nato-guarantees-hungarys-security\\\/\"]}]},{\"@type\":\"ImageObject\",\"inLanguage\":\"en-US\",\"@id\":\"https:\\\/\\\/www.bocskairadio.org\\\/en\\\/hungarian-defense-minister-nato-guarantees-hungarys-security\\\/#primaryimage\",\"url\":\"https:\\\/\\\/www.bocskairadio.org\\\/wp-content\\\/uploads\\\/2017\\\/03\\\/simicsko-NATO-749x415.jpg\",\"contentUrl\":\"https:\\\/\\\/www.bocskairadio.org\\\/wp-content\\\/uploads\\\/2017\\\/03\\\/simicsko-NATO-749x415.jpg\",\"width\":749,\"height\":415},{\"@type\":\"WebSite\",\"@id\":\"https:\\\/\\\/www.bocskairadio.org\\\/en\\\/#website\",\"url\":\"https:\\\/\\\/www.bocskairadio.org\\\/en\\\/\",\"name\":\"Bocskai R\u00e1di\u00f3\",\"description\":\"The Voice of Cleveland Hungarians\",\"publisher\":{\"@id\":\"https:\\\/\\\/www.bocskairadio.org\\\/en\\\/#organization\"},\"potentialAction\":[{\"@type\":\"SearchAction\",\"target\":{\"@type\":\"EntryPoint\",\"urlTemplate\":\"https:\\\/\\\/www.bocskairadio.org\\\/en\\\/?s={search_term_string}\"},\"query-input\":{\"@type\":\"PropertyValueSpecification\",\"valueRequired\":true,\"valueName\":\"search_term_string\"}}],\"inLanguage\":\"en-US\"},{\"@type\":\"Organization\",\"@id\":\"https:\\\/\\\/www.bocskairadio.org\\\/en\\\/#organization\",\"name\":\"Bocskai R\u00e1di\u00f3\",\"url\":\"https:\\\/\\\/www.bocskairadio.org\\\/en\\\/\",\"logo\":{\"@type\":\"ImageObject\",\"inLanguage\":\"en-US\",\"@id\":\"https:\\\/\\\/www.bocskairadio.org\\\/en\\\/#\\\/schema\\\/logo\\\/image\\\/\",\"url\":\"https:\\\/\\\/www.bocskairadio.org\\\/wp-content\\\/uploads\\\/2016\\\/11\\\/var3_basic.jpg\",\"contentUrl\":\"https:\\\/\\\/www.bocskairadio.org\\\/wp-content\\\/uploads\\\/2016\\\/11\\\/var3_basic.jpg\",\"width\":500,\"height\":500,\"caption\":\"Bocskai R\u00e1di\u00f3\"},\"image\":{\"@id\":\"https:\\\/\\\/www.bocskairadio.org\\\/en\\\/#\\\/schema\\\/logo\\\/image\\\/\"},\"sameAs\":[\"https:\\\/\\\/www.facebook.com\\\/BocskaiRadio\",\"https:\\\/\\\/x.com\\\/BocskaiRadio\",\"https:\\\/\\\/www.instagram.com\\\/bocskairadio\\\/\",\"https:\\\/\\\/www.youtube.com\\\/user\\\/bocskairadio\",\"https:\\\/\\\/hu.wikipedia.org\\\/wiki\\\/Bocskai_R\u00e1di\u00f3\"]},{\"@type\":\"Person\",\"@id\":\"https:\\\/\\\/www.bocskairadio.org\\\/en\\\/#\\\/schema\\\/person\\\/10edfc7ddc0e006131357c2bcb81b96b\",\"name\":\"Csibi Lor\u00e1nd\",\"image\":{\"@type\":\"ImageObject\",\"inLanguage\":\"en-US\",\"@id\":\"https:\\\/\\\/secure.gravatar.com\\\/avatar\\\/0d49f9198d2018a84ee306138a7a0466777b8f100435a4212859f16ba458f47a?s=96&d=mm&r=g\",\"url\":\"https:\\\/\\\/secure.gravatar.com\\\/avatar\\\/0d49f9198d2018a84ee306138a7a0466777b8f100435a4212859f16ba458f47a?s=96&d=mm&r=g\",\"contentUrl\":\"https:\\\/\\\/secure.gravatar.com\\\/avatar\\\/0d49f9198d2018a84ee306138a7a0466777b8f100435a4212859f16ba458f47a?s=96&d=mm&r=g\",\"caption\":\"Csibi Lor\u00e1nd\"},\"url\":\"https:\\\/\\\/www.bocskairadio.org\\\/en\\\/author\\\/csibilori\\\/\"}]}<\/script>\n<!-- \/ Yoast SEO plugin. -->","yoast_head_json":{"title":"HUNGARIAN DEFENSE MINISTER: NATO GUARANTEES HUNGARY\u2019S SECURITY &#8211; Bocskai R\u00e1di\u00f3","robots":{"index":"index","follow":"follow","max-snippet":"max-snippet:-1","max-image-preview":"max-image-preview:large","max-video-preview":"max-video-preview:-1"},"canonical":"https:\/\/www.bocskairadio.org\/en\/hungarian-defense-minister-nato-guarantees-hungarys-security\/","og_locale":"en_US","og_type":"article","og_title":"HUNGARIAN DEFENSE MINISTER: NATO GUARANTEES HUNGARY\u2019S SECURITY &#8211; Bocskai R\u00e1di\u00f3","og_description":"NATO is Hungary\u2019s security guarantee, Istv\u00e1n Simicsk\u00f3, the defence minister, said at a NATO Transformation Seminar in Budapest.  Speaking at the opening of the two-day conference, he said that a strong and effective NATO is the cornerstone of security in Europe. Security crises can snowball, so its stability is essential. Europe\u2019s security environment has deteriorated severely in the past few years due to an increased number of destabilised countries in the region, mass migration, terrorist attacks in Europe, the general increase in terrorist activity worldwide and the crisis in Ukraine, he said.  The EU faces difficulties on its southern and eastern borders simultaneously, the minister said, adding that \u201cevery problem is an opportunity for joint action\u201d and this can strengthen cooperation and solidarity between the alliance\u2019s member states. Hungary supports a call by US President Donald Trump and Secretary of Defence James Mattis to expand the alliance\u2019s role in fighting terrorism, Simicsk\u00f3 said. Also, it agrees that Europe should do more towards securing its defence. Hungary has a ten-year development plan under its belt to prepare the Hungarian military for new challenges. It is also setting up a new research centre for defence this year, he said.    NATO Deputy Secretary General Rose Gottemoeller said the alliance would only remain strong if it succeeded in adapting to change. NATO has faced challenges before, she said, but efficient cooperation, innovation and the member states\u2019 commitment to common objectives always guaranteed success. Apart from investing more in security, clever financing is also essential, she added. P\u00e9ter Sikl\u00f3si, the deputy state secretary for defence policy and defence planning, told public television earlier that the conference \u2013 this year attended by around 350 participants \u2013 tackles current challenges facing the organisation every year. In 2017, the main topics are Russia, the Islamic State terrorist organisation and the fight against terrorism, as well as challenges posed by digital development, he said.\u00a0Jens Stoltenberg, the Secretary General of NATO is attending the seminar today.  Meanwhile Defence Minister Istv\u00e1n Simicsk\u00f3 met Chairman of the NATO Military Committee Pert Pavel on Wednesday. The talks were attended by chief of staff Tibor Benk\u0151 and deputy state secretary for defence planning P\u00e9ter Sikl\u00f3si. Pert Pavel appreciated Hungary\u2019s endeavour for launching a large-scale scheme to develop its armed forces, and its commitment to raising its defence spending to 2 percent of GDP by 2026 as expected by the alliance. Simicsko said Hungary did not share the concerns about NATO\u2019s future. \u201cHungary considers NATO a cornerstone of its security and that of Europe as a whole,\u201d he added.  On 10th of March, the Hungarian Atlantic Council celebrated its 25th birthday. The memorial event of the non-governmental organisation, whose original mission was to promote Hungary\u2019s NATO accession and to contribute to the broadest possible acceptance of Euro-Atlantic principles and values in Hungarian society, was among others attended by Tacan Ildem,\u00a0NATO\u2019s Assistant Secretary General for Public Diplomacy, who gave an exclusive interview to\u00a0Hungary Today\u2019s sister-site, the German-language Ungarn Heute. The interview\u2019s English translation can be found here.  via hungarymatters.hu and MTI  Source:\u00a0hungarytoday.hu","og_url":"https:\/\/www.bocskairadio.org\/en\/hungarian-defense-minister-nato-guarantees-hungarys-security\/","og_site_name":"Bocskai R\u00e1di\u00f3","article_publisher":"https:\/\/www.facebook.com\/BocskaiRadio","article_published_time":"2017-03-26T03:36:11+00:00","author":"Csibi Lor\u00e1nd","twitter_card":"summary_large_image","twitter_image":"https:\/\/www.bocskairadio.org\/wp-content\/uploads\/2017\/03\/simicsko-NATO-749x415.jpg","twitter_creator":"@BocskaiRadio","twitter_site":"@BocskaiRadio","schema":{"@context":"https:\/\/schema.org","@graph":[{"@type":"Article","@id":"https:\/\/www.bocskairadio.org\/en\/hungarian-defense-minister-nato-guarantees-hungarys-security\/#article","isPartOf":{"@id":"https:\/\/www.bocskairadio.org\/en\/hungarian-defense-minister-nato-guarantees-hungarys-security\/"},"author":{"name":"Csibi Lor\u00e1nd","@id":"https:\/\/www.bocskairadio.org\/en\/#\/schema\/person\/10edfc7ddc0e006131357c2bcb81b96b"},"headline":"HUNGARIAN DEFENSE MINISTER: NATO GUARANTEES HUNGARY\u2019S SECURITY","datePublished":"2017-03-26T03:36:11+00:00","mainEntityOfPage":{"@id":"https:\/\/www.bocskairadio.org\/en\/hungarian-defense-minister-nato-guarantees-hungarys-security\/"},"wordCount":570,"commentCount":0,"publisher":{"@id":"https:\/\/www.bocskairadio.org\/en\/#organization"},"image":{"@id":"https:\/\/www.bocskairadio.org\/en\/hungarian-defense-minister-nato-guarantees-hungarys-security\/#primaryimage"},"thumbnailUrl":"https:\/\/www.bocskairadio.org\/wp-content\/uploads\/2017\/03\/simicsko-NATO-749x415.jpg","articleSection":["News"],"inLanguage":"en-US","potentialAction":[{"@type":"CommentAction","name":"Comment","target":["https:\/\/www.bocskairadio.org\/en\/hungarian-defense-minister-nato-guarantees-hungarys-security\/#respond"]}]},{"@type":"WebPage","@id":"https:\/\/www.bocskairadio.org\/en\/hungarian-defense-minister-nato-guarantees-hungarys-security\/","url":"https:\/\/www.bocskairadio.org\/en\/hungarian-defense-minister-nato-guarantees-hungarys-security\/","name":"HUNGARIAN DEFENSE MINISTER: NATO GUARANTEES HUNGARY\u2019S SECURITY &#8211; Bocskai R\u00e1di\u00f3","isPartOf":{"@id":"https:\/\/www.bocskairadio.org\/en\/#website"},"primaryImageOfPage":{"@id":"https:\/\/www.bocskairadio.org\/en\/hungarian-defense-minister-nato-guarantees-hungarys-security\/#primaryimage"},"image":{"@id":"https:\/\/www.bocskairadio.org\/en\/hungarian-defense-minister-nato-guarantees-hungarys-security\/#primaryimage"},"thumbnailUrl":"https:\/\/www.bocskairadio.org\/wp-content\/uploads\/2017\/03\/simicsko-NATO-749x415.jpg","datePublished":"2017-03-26T03:36:11+00:00","inLanguage":"en-US","potentialAction":[{"@type":"ReadAction","target":["https:\/\/www.bocskairadio.org\/en\/hungarian-defense-minister-nato-guarantees-hungarys-security\/"]}]},{"@type":"ImageObject","inLanguage":"en-US","@id":"https:\/\/www.bocskairadio.org\/en\/hungarian-defense-minister-nato-guarantees-hungarys-security\/#primaryimage","url":"https:\/\/www.bocskairadio.org\/wp-content\/uploads\/2017\/03\/simicsko-NATO-749x415.jpg","contentUrl":"https:\/\/www.bocskairadio.org\/wp-content\/uploads\/2017\/03\/simicsko-NATO-749x415.jpg","width":749,"height":415},{"@type":"WebSite","@id":"https:\/\/www.bocskairadio.org\/en\/#website","url":"https:\/\/www.bocskairadio.org\/en\/","name":"Bocskai R\u00e1di\u00f3","description":"The Voice of Cleveland Hungarians","publisher":{"@id":"https:\/\/www.bocskairadio.org\/en\/#organization"},"potentialAction":[{"@type":"SearchAction","target":{"@type":"EntryPoint","urlTemplate":"https:\/\/www.bocskairadio.org\/en\/?s={search_term_string}"},"query-input":{"@type":"PropertyValueSpecification","valueRequired":true,"valueName":"search_term_string"}}],"inLanguage":"en-US"},{"@type":"Organization","@id":"https:\/\/www.bocskairadio.org\/en\/#organization","name":"Bocskai R\u00e1di\u00f3","url":"https:\/\/www.bocskairadio.org\/en\/","logo":{"@type":"ImageObject","inLanguage":"en-US","@id":"https:\/\/www.bocskairadio.org\/en\/#\/schema\/logo\/image\/","url":"https:\/\/www.bocskairadio.org\/wp-content\/uploads\/2016\/11\/var3_basic.jpg","contentUrl":"https:\/\/www.bocskairadio.org\/wp-content\/uploads\/2016\/11\/var3_basic.jpg","width":500,"height":500,"caption":"Bocskai R\u00e1di\u00f3"},"image":{"@id":"https:\/\/www.bocskairadio.org\/en\/#\/schema\/logo\/image\/"},"sameAs":["https:\/\/www.facebook.com\/BocskaiRadio","https:\/\/x.com\/BocskaiRadio","https:\/\/www.instagram.com\/bocskairadio\/","https:\/\/www.youtube.com\/user\/bocskairadio","https:\/\/hu.wikipedia.org\/wiki\/Bocskai_R\u00e1di\u00f3"]},{"@type":"Person","@id":"https:\/\/www.bocskairadio.org\/en\/#\/schema\/person\/10edfc7ddc0e006131357c2bcb81b96b","name":"Csibi Lor\u00e1nd","image":{"@type":"ImageObject","inLanguage":"en-US","@id":"https:\/\/secure.gravatar.com\/avatar\/0d49f9198d2018a84ee306138a7a0466777b8f100435a4212859f16ba458f47a?s=96&d=mm&r=g","url":"https:\/\/secure.gravatar.com\/avatar\/0d49f9198d2018a84ee306138a7a0466777b8f100435a4212859f16ba458f47a?s=96&d=mm&r=g","contentUrl":"https:\/\/secure.gravatar.com\/avatar\/0d49f9198d2018a84ee306138a7a0466777b8f100435a4212859f16ba458f47a?s=96&d=mm&r=g","caption":"Csibi Lor\u00e1nd"},"url":"https:\/\/www.bocskairadio.org\/en\/author\/csibilori\/"}]}},"_links":{"self":[{"href":"https:\/\/www.bocskairadio.org\/en\/wp-json\/wp\/v2\/posts\/29349","targetHints":{"allow":["GET"]}}],"collection":[{"href":"https:\/\/www.bocskairadio.org\/en\/wp-json\/wp\/v2\/posts"}],"about":[{"href":"https:\/\/www.bocskairadio.org\/en\/wp-json\/wp\/v2\/types\/post"}],"author":[{"embeddable":true,"href":"https:\/\/www.bocskairadio.org\/en\/wp-json\/wp\/v2\/users\/7"}],"replies":[{"embeddable":true,"href":"https:\/\/www.bocskairadio.org\/en\/wp-json\/wp\/v2\/comments?post=29349"}],"version-history":[{"count":0,"href":"https:\/\/www.bocskairadio.org\/en\/wp-json\/wp\/v2\/posts\/29349\/revisions"}],"wp:featuredmedia":[{"embeddable":true,"href":"https:\/\/www.bocskairadio.org\/en\/wp-json\/wp\/v2\/media\/29350"}],"wp:attachment":[{"href":"https:\/\/www.bocskairadio.org\/en\/wp-json\/wp\/v2\/media?parent=29349"}],"wp:term":[{"taxonomy":"category","embeddable":true,"href":"https:\/\/www.bocskairadio.org\/en\/wp-json\/wp\/v2\/categories?post=29349"},{"taxonomy":"post_tag","embeddable":true,"href":"https:\/\/www.bocskairadio.org\/en\/wp-json\/wp\/v2\/tags?post=29349"}],"curies":[{"name":"wp","href":"https:\/\/api.w.org\/{rel}","templated":true}]}}