{"id":8178,"date":"2014-01-03T01:09:47","date_gmt":"2014-01-03T06:09:47","guid":{"rendered":"https:\/\/bocskairadio.staging.wpengine.com\/?p=8178"},"modified":"2014-01-07T17:09:43","modified_gmt":"2014-01-07T22:09:43","slug":"buda-vs-pest-one-city-two-personalities","status":"publish","type":"post","link":"https:\/\/www.bocskairadio.org\/en\/buda-vs-pest-one-city-two-personalities\/","title":{"rendered":"Buda vs. Pest: One city, two personalities"},"content":{"rendered":"<p><strong><a href=\"https:\/\/www.bocskairadio.org\/wp-content\/uploads\/2014\/01\/buda-v-pest-danube-panorama-w-parliament-building-horizontal-gallery.jpg\"><img loading=\"lazy\" decoding=\"async\" class=\"aligncenter size-large wp-image-8179\" alt=\"buda-v-pest-danube-panorama-w-parliament-building-horizontal-gallery\" src=\"https:\/\/spcdn.shortpixel.ai\/spio\/ret_img,q_cdnize,to_webp,s_webp\/www.bocskairadio.org\/wp-content\/uploads\/2014\/01\/buda-v-pest-danube-panorama-w-parliament-building-horizontal-gallery-600x337.jpg\" width=\"600\" height=\"337\" \/><\/a>(CNN)<\/strong>\u00a0&#8212; &#8220;Budapest&#8221; rolls off the tongue pretty easily, and the Hungarian capital itself feels as if it&#8217;s been around for a long time.<\/p>\n<p>But Budapest is a relatively recent construct &#8212; the result of an 1873 merger between two distinct cities: Buda on the western bank of the Danube and Pest on the bank opposite.<\/p>\n<p>The result, Budapest, sounds so much more natural than other twin cities &#8212; Minneapolis\/St. Paul or Dallas\/Fort Worth &#8212; it&#8217;s difficult to imagine that the alternative &#8220;Pestbuda&#8221; was floated seriously at the time.<\/p>\n<p>Although they&#8217;ve been populated for centuries, Pest and Buda have developed so separately that the first bridge spanning the Danube, the imposing Chain Bridge, wasn&#8217;t built until 1849.<\/p>\n<p>Their distinctiveness continues to this day.<\/p>\n<p>Read all:\u00a0<a title=\"CNN\" href=\"https:\/\/edition.cnn.com\/2013\/12\/03\/travel\/buda-v-pest\/\" target=\"_blank\">Buda vs. Pest: One city, two personalities<\/a><\/p>\n","protected":false},"excerpt":{"rendered":"<p><strong><a href=\"https:\/\/www.bocskairadio.org\/wp-content\/uploads\/2014\/01\/buda-v-pest-danube-panorama-w-parliament-building-horizontal-gallery.jpg\"><img loading=\"lazy\" decoding=\"async\" class=\"aligncenter size-large wp-image-8179\" alt=\"buda-v-pest-danube-panorama-w-parliament-building-horizontal-gallery\" src=\"https:\/\/spcdn.shortpixel.ai\/spio\/ret_img,q_cdnize,to_webp,s_webp\/www.bocskairadio.org\/wp-content\/uploads\/2014\/01\/buda-v-pest-danube-panorama-w-parliament-building-horizontal-gallery-600x337.jpg\" width=\"600\" height=\"337\" \/><\/a>(CNN)<\/strong>\u00a0&#8212; &#8220;Budapest&#8221; rolls off the tongue pretty easily, and the Hungarian capital itself feels as if it&#8217;s been around for a long time.<\/p>\n<p>But Budapest is a relatively recent construct &#8212; the result of an 1873 merger between two distinct cities: Buda on the western bank of the Danube and Pest on the bank opposite.<\/p>\n<p>The result, Budapest, sounds so much more natural than other twin cities &#8212; Minneapolis\/St. Paul or Dallas\/Fort Worth &#8212; it&#8217;s difficult to imagine that the alternative &#8220;Pestbuda&#8221; was floated seriously at the time.<\/p>\n<p>Although they&#8217;ve been populated for centuries, Pest and Buda have developed so separately that the first bridge spanning the Danube, the imposing Chain Bridge, wasn&#8217;t built until 1849.<\/p>\n<p>Their distinctiveness continues to this day.<\/p>\n<p>Read all:\u00a0<a title=\"CNN\" href=\"https:\/\/edition.cnn.com\/2013\/12\/03\/travel\/buda-v-pest\/\" target=\"_blank\">Buda vs. Pest: One city, two personalities<\/a><\/p>\n","protected":false},"author":1,"featured_media":0,"comment_status":"open","ping_status":"open","sticky":false,"template":"","format":"standard","meta":{"footnotes":""},"categories":[166],"tags":[],"class_list":["post-8178","post","type-post","status-publish","format-standard","category-news"],"yoast_head":"<!-- This site is optimized with the Yoast SEO plugin v27.5 - https:\/\/yoast.com\/product\/yoast-seo-wordpress\/ -->\n<title>Buda vs. Pest: One city, two personalities &#8211; Bocskai R\u00e1di\u00f3<\/title>\n<meta name=\"robots\" content=\"index, follow, max-snippet:-1, max-image-preview:large, max-video-preview:-1\" \/>\n<link rel=\"canonical\" href=\"https:\/\/www.bocskairadio.org\/en\/buda-vs-pest-one-city-two-personalities\/\" \/>\n<meta property=\"og:locale\" content=\"en_US\" \/>\n<meta property=\"og:type\" content=\"article\" \/>\n<meta property=\"og:title\" content=\"Buda vs. Pest: One city, two personalities &#8211; Bocskai R\u00e1di\u00f3\" \/>\n<meta property=\"og:description\" content=\"(CNN)\u00a0-- &quot;Budapest&quot; rolls off the tongue pretty easily, and the Hungarian capital itself feels as if it&#039;s been around for a long time.  But Budapest is a relatively recent construct -- the result of an 1873 merger between two distinct cities: Buda on the western bank of the Danube and Pest on the bank opposite.  The result, Budapest, sounds so much more natural than other twin cities -- Minneapolis\/St. Paul or Dallas\/Fort Worth -- it&#039;s difficult to imagine that the alternative &quot;Pestbuda&quot; was floated seriously at the time.  Although they&#039;ve been populated for centuries, Pest and Buda have developed so separately that the first bridge spanning the Danube, the imposing Chain Bridge, wasn&#039;t built until 1849.  Their distinctiveness continues to this day.  Read all:\u00a0Buda vs. Pest: One city, two personalities\" \/>\n<meta property=\"og:url\" content=\"https:\/\/www.bocskairadio.org\/en\/buda-vs-pest-one-city-two-personalities\/\" \/>\n<meta property=\"og:site_name\" content=\"Bocskai R\u00e1di\u00f3\" \/>\n<meta property=\"article:publisher\" content=\"https:\/\/www.facebook.com\/BocskaiRadio\" \/>\n<meta property=\"article:author\" content=\"https:\/\/www.facebook.com\/molnarzsolt74\" \/>\n<meta property=\"article:published_time\" content=\"2014-01-03T06:09:47+00:00\" \/>\n<meta property=\"article:modified_time\" content=\"2014-01-07T22:09:43+00:00\" \/>\n<meta property=\"og:image\" content=\"https:\/\/www.bocskairadio.org\/wp-content\/uploads\/2014\/01\/buda-v-pest-danube-panorama-w-parliament-building-horizontal-gallery-600x337.jpg\" \/>\n<meta name=\"author\" content=\"Moln\u00e1r Zsolt\" \/>\n<meta name=\"twitter:card\" content=\"summary_large_image\" \/>\n<meta name=\"twitter:creator\" content=\"@molnarzsolt74\" \/>\n<meta name=\"twitter:site\" content=\"@BocskaiRadio\" \/>\n<script type=\"application\/ld+json\" class=\"yoast-schema-graph\">{\"@context\":\"https:\\\/\\\/schema.org\",\"@graph\":[{\"@type\":\"Article\",\"@id\":\"https:\\\/\\\/www.bocskairadio.org\\\/en\\\/buda-vs-pest-one-city-two-personalities\\\/#article\",\"isPartOf\":{\"@id\":\"https:\\\/\\\/www.bocskairadio.org\\\/en\\\/buda-vs-pest-one-city-two-personalities\\\/\"},\"author\":{\"name\":\"Moln\u00e1r Zsolt\",\"@id\":\"https:\\\/\\\/www.bocskairadio.org\\\/en\\\/#\\\/schema\\\/person\\\/87e31754469cf7717bee741efa6897cc\"},\"headline\":\"Buda vs. Pest: One city, two personalities\",\"datePublished\":\"2014-01-03T06:09:47+00:00\",\"dateModified\":\"2014-01-07T22:09:43+00:00\",\"mainEntityOfPage\":{\"@id\":\"https:\\\/\\\/www.bocskairadio.org\\\/en\\\/buda-vs-pest-one-city-two-personalities\\\/\"},\"wordCount\":143,\"commentCount\":0,\"publisher\":{\"@id\":\"https:\\\/\\\/www.bocskairadio.org\\\/en\\\/#organization\"},\"image\":{\"@id\":\"https:\\\/\\\/www.bocskairadio.org\\\/en\\\/buda-vs-pest-one-city-two-personalities\\\/#primaryimage\"},\"thumbnailUrl\":\"https:\\\/\\\/www.bocskairadio.org\\\/wp-content\\\/uploads\\\/2014\\\/01\\\/buda-v-pest-danube-panorama-w-parliament-building-horizontal-gallery-600x337.jpg\",\"articleSection\":[\"News\"],\"inLanguage\":\"en-US\",\"potentialAction\":[{\"@type\":\"CommentAction\",\"name\":\"Comment\",\"target\":[\"https:\\\/\\\/www.bocskairadio.org\\\/en\\\/buda-vs-pest-one-city-two-personalities\\\/#respond\"]}]},{\"@type\":\"WebPage\",\"@id\":\"https:\\\/\\\/www.bocskairadio.org\\\/en\\\/buda-vs-pest-one-city-two-personalities\\\/\",\"url\":\"https:\\\/\\\/www.bocskairadio.org\\\/en\\\/buda-vs-pest-one-city-two-personalities\\\/\",\"name\":\"Buda vs. Pest: One city, two personalities &#8211; Bocskai R\u00e1di\u00f3\",\"isPartOf\":{\"@id\":\"https:\\\/\\\/www.bocskairadio.org\\\/en\\\/#website\"},\"primaryImageOfPage\":{\"@id\":\"https:\\\/\\\/www.bocskairadio.org\\\/en\\\/buda-vs-pest-one-city-two-personalities\\\/#primaryimage\"},\"image\":{\"@id\":\"https:\\\/\\\/www.bocskairadio.org\\\/en\\\/buda-vs-pest-one-city-two-personalities\\\/#primaryimage\"},\"thumbnailUrl\":\"https:\\\/\\\/www.bocskairadio.org\\\/wp-content\\\/uploads\\\/2014\\\/01\\\/buda-v-pest-danube-panorama-w-parliament-building-horizontal-gallery-600x337.jpg\",\"datePublished\":\"2014-01-03T06:09:47+00:00\",\"dateModified\":\"2014-01-07T22:09:43+00:00\",\"inLanguage\":\"en-US\",\"potentialAction\":[{\"@type\":\"ReadAction\",\"target\":[\"https:\\\/\\\/www.bocskairadio.org\\\/en\\\/buda-vs-pest-one-city-two-personalities\\\/\"]}]},{\"@type\":\"ImageObject\",\"inLanguage\":\"en-US\",\"@id\":\"https:\\\/\\\/www.bocskairadio.org\\\/en\\\/buda-vs-pest-one-city-two-personalities\\\/#primaryimage\",\"url\":\"https:\\\/\\\/www.bocskairadio.org\\\/wp-content\\\/uploads\\\/2014\\\/01\\\/buda-v-pest-danube-panorama-w-parliament-building-horizontal-gallery-600x337.jpg\",\"contentUrl\":\"https:\\\/\\\/www.bocskairadio.org\\\/wp-content\\\/uploads\\\/2014\\\/01\\\/buda-v-pest-danube-panorama-w-parliament-building-horizontal-gallery-600x337.jpg\"},{\"@type\":\"WebSite\",\"@id\":\"https:\\\/\\\/www.bocskairadio.org\\\/en\\\/#website\",\"url\":\"https:\\\/\\\/www.bocskairadio.org\\\/en\\\/\",\"name\":\"Bocskai R\u00e1di\u00f3\",\"description\":\"The Voice of Cleveland Hungarians\",\"publisher\":{\"@id\":\"https:\\\/\\\/www.bocskairadio.org\\\/en\\\/#organization\"},\"potentialAction\":[{\"@type\":\"SearchAction\",\"target\":{\"@type\":\"EntryPoint\",\"urlTemplate\":\"https:\\\/\\\/www.bocskairadio.org\\\/en\\\/?s={search_term_string}\"},\"query-input\":{\"@type\":\"PropertyValueSpecification\",\"valueRequired\":true,\"valueName\":\"search_term_string\"}}],\"inLanguage\":\"en-US\"},{\"@type\":\"Organization\",\"@id\":\"https:\\\/\\\/www.bocskairadio.org\\\/en\\\/#organization\",\"name\":\"Bocskai R\u00e1di\u00f3\",\"url\":\"https:\\\/\\\/www.bocskairadio.org\\\/en\\\/\",\"logo\":{\"@type\":\"ImageObject\",\"inLanguage\":\"en-US\",\"@id\":\"https:\\\/\\\/www.bocskairadio.org\\\/en\\\/#\\\/schema\\\/logo\\\/image\\\/\",\"url\":\"https:\\\/\\\/www.bocskairadio.org\\\/wp-content\\\/uploads\\\/2016\\\/11\\\/var3_basic.jpg\",\"contentUrl\":\"https:\\\/\\\/www.bocskairadio.org\\\/wp-content\\\/uploads\\\/2016\\\/11\\\/var3_basic.jpg\",\"width\":500,\"height\":500,\"caption\":\"Bocskai R\u00e1di\u00f3\"},\"image\":{\"@id\":\"https:\\\/\\\/www.bocskairadio.org\\\/en\\\/#\\\/schema\\\/logo\\\/image\\\/\"},\"sameAs\":[\"https:\\\/\\\/www.facebook.com\\\/BocskaiRadio\",\"https:\\\/\\\/x.com\\\/BocskaiRadio\",\"https:\\\/\\\/www.instagram.com\\\/bocskairadio\\\/\",\"https:\\\/\\\/www.youtube.com\\\/user\\\/bocskairadio\",\"https:\\\/\\\/hu.wikipedia.org\\\/wiki\\\/Bocskai_R\u00e1di\u00f3\"]},{\"@type\":\"Person\",\"@id\":\"https:\\\/\\\/www.bocskairadio.org\\\/en\\\/#\\\/schema\\\/person\\\/87e31754469cf7717bee741efa6897cc\",\"name\":\"Moln\u00e1r Zsolt\",\"image\":{\"@type\":\"ImageObject\",\"inLanguage\":\"en-US\",\"@id\":\"https:\\\/\\\/secure.gravatar.com\\\/avatar\\\/83a59b11c342f6b991be83bbceb12cf01e7717d1a76894e47cd4b36d625c9986?s=96&d=mm&r=g\",\"url\":\"https:\\\/\\\/secure.gravatar.com\\\/avatar\\\/83a59b11c342f6b991be83bbceb12cf01e7717d1a76894e47cd4b36d625c9986?s=96&d=mm&r=g\",\"contentUrl\":\"https:\\\/\\\/secure.gravatar.com\\\/avatar\\\/83a59b11c342f6b991be83bbceb12cf01e7717d1a76894e47cd4b36d625c9986?s=96&d=mm&r=g\",\"caption\":\"Moln\u00e1r Zsolt\"},\"description\":\"2012 nyar\u00e1t\u00f3l technikai seg\u00edt\u0151je a Bocskai R\u00e1di\u00f3nak, ahol 2013 m\u00e1rcius\u00e1t\u00f3l adminisztrat\u00edv \u00e9s technikai vezet\u0151je is. Fel\u00e1ll\u00edtotta \u00e9s \u00fczemelteti a Bocskai R\u00e1di\u00f3 honlapj\u00e1t, ami jelenleg a legl\u00e1togatottabb a clevelandi magyar honlapok k\u00f6z\u00fcl. A r\u00e1di\u00f3 hallgat\u00f3inak hetente internetes h\u00edrlevelet k\u00fcld ki aktu\u00e1lis h\u00edrekkel \u00e9s inform\u00e1ci\u00f3kkal.\",\"sameAs\":[\"https:\\\/\\\/www.zsoltmolnar.com\",\"https:\\\/\\\/www.facebook.com\\\/molnarzsolt74\",\"https:\\\/\\\/x.com\\\/molnarzsolt74\"],\"url\":\"https:\\\/\\\/www.bocskairadio.org\\\/en\\\/author\\\/zsoltmolnar\\\/\"}]}<\/script>\n<!-- \/ Yoast SEO plugin. -->","yoast_head_json":{"title":"Buda vs. Pest: One city, two personalities &#8211; Bocskai R\u00e1di\u00f3","robots":{"index":"index","follow":"follow","max-snippet":"max-snippet:-1","max-image-preview":"max-image-preview:large","max-video-preview":"max-video-preview:-1"},"canonical":"https:\/\/www.bocskairadio.org\/en\/buda-vs-pest-one-city-two-personalities\/","og_locale":"en_US","og_type":"article","og_title":"Buda vs. Pest: One city, two personalities &#8211; Bocskai R\u00e1di\u00f3","og_description":"(CNN)\u00a0-- \"Budapest\" rolls off the tongue pretty easily, and the Hungarian capital itself feels as if it's been around for a long time.  But Budapest is a relatively recent construct -- the result of an 1873 merger between two distinct cities: Buda on the western bank of the Danube and Pest on the bank opposite.  The result, Budapest, sounds so much more natural than other twin cities -- Minneapolis\/St. Paul or Dallas\/Fort Worth -- it's difficult to imagine that the alternative \"Pestbuda\" was floated seriously at the time.  Although they've been populated for centuries, Pest and Buda have developed so separately that the first bridge spanning the Danube, the imposing Chain Bridge, wasn't built until 1849.  Their distinctiveness continues to this day.  Read all:\u00a0Buda vs. Pest: One city, two personalities","og_url":"https:\/\/www.bocskairadio.org\/en\/buda-vs-pest-one-city-two-personalities\/","og_site_name":"Bocskai R\u00e1di\u00f3","article_publisher":"https:\/\/www.facebook.com\/BocskaiRadio","article_author":"https:\/\/www.facebook.com\/molnarzsolt74","article_published_time":"2014-01-03T06:09:47+00:00","article_modified_time":"2014-01-07T22:09:43+00:00","og_image":[{"url":"https:\/\/www.bocskairadio.org\/wp-content\/uploads\/2014\/01\/buda-v-pest-danube-panorama-w-parliament-building-horizontal-gallery-600x337.jpg","type":"","width":"","height":""}],"author":"Moln\u00e1r Zsolt","twitter_card":"summary_large_image","twitter_creator":"@molnarzsolt74","twitter_site":"@BocskaiRadio","schema":{"@context":"https:\/\/schema.org","@graph":[{"@type":"Article","@id":"https:\/\/www.bocskairadio.org\/en\/buda-vs-pest-one-city-two-personalities\/#article","isPartOf":{"@id":"https:\/\/www.bocskairadio.org\/en\/buda-vs-pest-one-city-two-personalities\/"},"author":{"name":"Moln\u00e1r Zsolt","@id":"https:\/\/www.bocskairadio.org\/en\/#\/schema\/person\/87e31754469cf7717bee741efa6897cc"},"headline":"Buda vs. Pest: One city, two personalities","datePublished":"2014-01-03T06:09:47+00:00","dateModified":"2014-01-07T22:09:43+00:00","mainEntityOfPage":{"@id":"https:\/\/www.bocskairadio.org\/en\/buda-vs-pest-one-city-two-personalities\/"},"wordCount":143,"commentCount":0,"publisher":{"@id":"https:\/\/www.bocskairadio.org\/en\/#organization"},"image":{"@id":"https:\/\/www.bocskairadio.org\/en\/buda-vs-pest-one-city-two-personalities\/#primaryimage"},"thumbnailUrl":"https:\/\/www.bocskairadio.org\/wp-content\/uploads\/2014\/01\/buda-v-pest-danube-panorama-w-parliament-building-horizontal-gallery-600x337.jpg","articleSection":["News"],"inLanguage":"en-US","potentialAction":[{"@type":"CommentAction","name":"Comment","target":["https:\/\/www.bocskairadio.org\/en\/buda-vs-pest-one-city-two-personalities\/#respond"]}]},{"@type":"WebPage","@id":"https:\/\/www.bocskairadio.org\/en\/buda-vs-pest-one-city-two-personalities\/","url":"https:\/\/www.bocskairadio.org\/en\/buda-vs-pest-one-city-two-personalities\/","name":"Buda vs. Pest: One city, two personalities &#8211; Bocskai R\u00e1di\u00f3","isPartOf":{"@id":"https:\/\/www.bocskairadio.org\/en\/#website"},"primaryImageOfPage":{"@id":"https:\/\/www.bocskairadio.org\/en\/buda-vs-pest-one-city-two-personalities\/#primaryimage"},"image":{"@id":"https:\/\/www.bocskairadio.org\/en\/buda-vs-pest-one-city-two-personalities\/#primaryimage"},"thumbnailUrl":"https:\/\/www.bocskairadio.org\/wp-content\/uploads\/2014\/01\/buda-v-pest-danube-panorama-w-parliament-building-horizontal-gallery-600x337.jpg","datePublished":"2014-01-03T06:09:47+00:00","dateModified":"2014-01-07T22:09:43+00:00","inLanguage":"en-US","potentialAction":[{"@type":"ReadAction","target":["https:\/\/www.bocskairadio.org\/en\/buda-vs-pest-one-city-two-personalities\/"]}]},{"@type":"ImageObject","inLanguage":"en-US","@id":"https:\/\/www.bocskairadio.org\/en\/buda-vs-pest-one-city-two-personalities\/#primaryimage","url":"https:\/\/www.bocskairadio.org\/wp-content\/uploads\/2014\/01\/buda-v-pest-danube-panorama-w-parliament-building-horizontal-gallery-600x337.jpg","contentUrl":"https:\/\/www.bocskairadio.org\/wp-content\/uploads\/2014\/01\/buda-v-pest-danube-panorama-w-parliament-building-horizontal-gallery-600x337.jpg"},{"@type":"WebSite","@id":"https:\/\/www.bocskairadio.org\/en\/#website","url":"https:\/\/www.bocskairadio.org\/en\/","name":"Bocskai R\u00e1di\u00f3","description":"The Voice of Cleveland Hungarians","publisher":{"@id":"https:\/\/www.bocskairadio.org\/en\/#organization"},"potentialAction":[{"@type":"SearchAction","target":{"@type":"EntryPoint","urlTemplate":"https:\/\/www.bocskairadio.org\/en\/?s={search_term_string}"},"query-input":{"@type":"PropertyValueSpecification","valueRequired":true,"valueName":"search_term_string"}}],"inLanguage":"en-US"},{"@type":"Organization","@id":"https:\/\/www.bocskairadio.org\/en\/#organization","name":"Bocskai R\u00e1di\u00f3","url":"https:\/\/www.bocskairadio.org\/en\/","logo":{"@type":"ImageObject","inLanguage":"en-US","@id":"https:\/\/www.bocskairadio.org\/en\/#\/schema\/logo\/image\/","url":"https:\/\/www.bocskairadio.org\/wp-content\/uploads\/2016\/11\/var3_basic.jpg","contentUrl":"https:\/\/www.bocskairadio.org\/wp-content\/uploads\/2016\/11\/var3_basic.jpg","width":500,"height":500,"caption":"Bocskai R\u00e1di\u00f3"},"image":{"@id":"https:\/\/www.bocskairadio.org\/en\/#\/schema\/logo\/image\/"},"sameAs":["https:\/\/www.facebook.com\/BocskaiRadio","https:\/\/x.com\/BocskaiRadio","https:\/\/www.instagram.com\/bocskairadio\/","https:\/\/www.youtube.com\/user\/bocskairadio","https:\/\/hu.wikipedia.org\/wiki\/Bocskai_R\u00e1di\u00f3"]},{"@type":"Person","@id":"https:\/\/www.bocskairadio.org\/en\/#\/schema\/person\/87e31754469cf7717bee741efa6897cc","name":"Moln\u00e1r Zsolt","image":{"@type":"ImageObject","inLanguage":"en-US","@id":"https:\/\/secure.gravatar.com\/avatar\/83a59b11c342f6b991be83bbceb12cf01e7717d1a76894e47cd4b36d625c9986?s=96&d=mm&r=g","url":"https:\/\/secure.gravatar.com\/avatar\/83a59b11c342f6b991be83bbceb12cf01e7717d1a76894e47cd4b36d625c9986?s=96&d=mm&r=g","contentUrl":"https:\/\/secure.gravatar.com\/avatar\/83a59b11c342f6b991be83bbceb12cf01e7717d1a76894e47cd4b36d625c9986?s=96&d=mm&r=g","caption":"Moln\u00e1r Zsolt"},"description":"2012 nyar\u00e1t\u00f3l technikai seg\u00edt\u0151je a Bocskai R\u00e1di\u00f3nak, ahol 2013 m\u00e1rcius\u00e1t\u00f3l adminisztrat\u00edv \u00e9s technikai vezet\u0151je is. Fel\u00e1ll\u00edtotta \u00e9s \u00fczemelteti a Bocskai R\u00e1di\u00f3 honlapj\u00e1t, ami jelenleg a legl\u00e1togatottabb a clevelandi magyar honlapok k\u00f6z\u00fcl. A r\u00e1di\u00f3 hallgat\u00f3inak hetente internetes h\u00edrlevelet k\u00fcld ki aktu\u00e1lis h\u00edrekkel \u00e9s inform\u00e1ci\u00f3kkal.","sameAs":["https:\/\/www.zsoltmolnar.com","https:\/\/www.facebook.com\/molnarzsolt74","https:\/\/x.com\/molnarzsolt74"],"url":"https:\/\/www.bocskairadio.org\/en\/author\/zsoltmolnar\/"}]}},"_links":{"self":[{"href":"https:\/\/www.bocskairadio.org\/en\/wp-json\/wp\/v2\/posts\/8178","targetHints":{"allow":["GET"]}}],"collection":[{"href":"https:\/\/www.bocskairadio.org\/en\/wp-json\/wp\/v2\/posts"}],"about":[{"href":"https:\/\/www.bocskairadio.org\/en\/wp-json\/wp\/v2\/types\/post"}],"author":[{"embeddable":true,"href":"https:\/\/www.bocskairadio.org\/en\/wp-json\/wp\/v2\/users\/1"}],"replies":[{"embeddable":true,"href":"https:\/\/www.bocskairadio.org\/en\/wp-json\/wp\/v2\/comments?post=8178"}],"version-history":[{"count":0,"href":"https:\/\/www.bocskairadio.org\/en\/wp-json\/wp\/v2\/posts\/8178\/revisions"}],"wp:attachment":[{"href":"https:\/\/www.bocskairadio.org\/en\/wp-json\/wp\/v2\/media?parent=8178"}],"wp:term":[{"taxonomy":"category","embeddable":true,"href":"https:\/\/www.bocskairadio.org\/en\/wp-json\/wp\/v2\/categories?post=8178"},{"taxonomy":"post_tag","embeddable":true,"href":"https:\/\/www.bocskairadio.org\/en\/wp-json\/wp\/v2\/tags?post=8178"}],"curies":[{"name":"wp","href":"https:\/\/api.w.org\/{rel}","templated":true}]}}